{"id":11417,"date":"2025-09-08T10:45:41","date_gmt":"2025-09-08T10:45:41","guid":{"rendered":"https:\/\/www.galleriamarcacorona.com\/con-festival-filosofia-2025-inizia-la-nuova-mostra-di-andrea-mastrovito-al-palazzo-ducale-di-sassuolo\/"},"modified":"2025-10-08T12:17:11","modified_gmt":"2025-10-08T12:17:11","slug":"mit-dem-philosophie-festival-festival-filosofia-2025-beginnt-die-neue-ausstellung-von-andrea-mastrovito-im-palazzo-ducale-von-sassuolo","status":"publish","type":"post","link":"https:\/\/www.galleriamarcacorona.com\/de\/mit-dem-philosophie-festival-festival-filosofia-2025-beginnt-die-neue-ausstellung-von-andrea-mastrovito-im-palazzo-ducale-von-sassuolo\/","title":{"rendered":"Mit dem Philosophie-Festival \u201aFestival Filosofia 2025\u2018 beginnt die neue Ausstellung von Andrea Mastrovito im Palazzo Ducale von Sassuolo"},"content":{"rendered":"\t\t<div data-elementor-type=\"wp-post\" data-elementor-id=\"11417\" class=\"elementor elementor-11417 elementor-10890\" data-elementor-post-type=\"post\">\n\t\t\t\t\t\t\t<div class=\"elementor-element elementor-element-1da08c9 e-flex e-con-boxed e-con\" data-id=\"1da08c9\" data-element_type=\"container\" data-settings=\"{&quot;content_width&quot;:&quot;boxed&quot;}\">\n\t\t\t\t\t<div class=\"e-con-inner\">\n\t\t\t\t<div class=\"elementor-element elementor-element-d4af86b elementor-widget elementor-widget-text-editor\" data-id=\"d4af86b\" data-element_type=\"widget\" data-widget_type=\"text-editor.default\">\n\t\t\t\t<div class=\"elementor-widget-container\">\n\t\t\t<style>\/*! elementor - v3.14.0 - 26-06-2023 *\/\n.elementor-widget-text-editor.elementor-drop-cap-view-stacked .elementor-drop-cap{background-color:#69727d;color:#fff}.elementor-widget-text-editor.elementor-drop-cap-view-framed .elementor-drop-cap{color:#69727d;border:3px solid;background-color:transparent}.elementor-widget-text-editor:not(.elementor-drop-cap-view-default) .elementor-drop-cap{margin-top:8px}.elementor-widget-text-editor:not(.elementor-drop-cap-view-default) .elementor-drop-cap-letter{width:1em;height:1em}.elementor-widget-text-editor .elementor-drop-cap{float:left;text-align:center;line-height:1;font-size:50px}.elementor-widget-text-editor .elementor-drop-cap-letter{display:inline-block}<\/style>\t\t\t\t<div class=\"composer-plugin text-block composer-cols-gap25 space-down-x2 cms-plugin cms-plugin-148097\"><p>Zeitgleich mit dem 1. Tag des Festival Filosofia 2025 wird im Palazzo Ducale in Sassuolo die den\u00a0<b>Werken von Andrea Mastrovito gewidmete Ausstellung\u00a0<i>Sette Stanze<\/i><\/b>\u00a0er\u00f6ffnet.<\/p><p>Diese &#8211; von Francesca Disconzi kuratierte und von Marca Corona zusammen mit Gallerie Estensi gef\u00f6rderte &#8211; pers\u00f6nliche Ausstellung<b>\u00a0zeigt verschiedene Werke, die den Werdegang des K\u00fcnstlers im Lauf der Jahre gepr\u00e4gt haben:<\/b><\/p><ul><li>von der\u00a0<b><i>Enciclopedia dei fiori da giardino<\/i><\/b><i>\u00a0<\/i>mit neuen Arrangements<\/li><li>\u00fcber das\u00a0<b>gro\u00dfe Mosaik\u00a0<\/b><b><i>Mcm &#8211; Minimo Comune multiplo (KGV &#8211; Kleinstes Gemeinsames Vielfaches)<\/i><\/b>,<b><i>\u00a0<\/i><\/b>ein noch nicht gesehenes Werk aus dem Projekt\u00a0<u><a href=\"https:\/\/www.galleriamarcacorona.com\/de\/marca-corona-fur-kunst\/\" rel=\"noopener\"><b>Marca Corona per l\u2019Arte (Marca Corona f\u00fcr Kunst)<\/b><\/a><\/u>\u00a0<\/li><li>bis hin zu den\u00a0<b>neuen Werken, die eigens f\u00fcr die im Palazzo Ducale stattfindende Ausstellung<\/b>\u00a0realisiert und an den Elementen Himmel und Wasser inspiriert wurden.<\/li><\/ul><p><b>Die Ausstellung kann ab dem 19. September kostenlos besucht werden, genauso wie am Wochenende vom 20. bis 21. September<\/b>. Sie ist Teil des Rahmenprogramms beim Festival Filosofia 2025, einer Veranstaltung, die sich der Verbreitung von Wissen und philosophischer Erkenntnisse widmet und auch in diesem Jahr wieder auf\u00a0<b>kulturelle Partner\u00a0<\/b>wie Museen, Galerien und andere Orte von k\u00fcnstlerisch-historischem Charakter z\u00e4hlen kann.<\/p><p>Aber\u00a0<b>sehen wir uns die im Palazzo Ducale stattfindende Initiative, die Werke und die Kunst von\u00a0<\/b><a href=\"https:\/\/www.galleriamarcacorona.com\/de\/andrea-mastrovito-verbindung-von-kunst-wirtschaft-beim-projekt-mit-marca-corona-fur-kunst\/\" rel=\"noopener\"><b>Andrea Mastrovito<\/b><\/a>\u00a0<b>genauer an<\/b>, der k\u00fcrzlich den Wettbewerb f\u00fcr die Gestaltung des\u00a0<i>Agnus Dei d.h. des Lamm Gottes\u00a0<\/i>gewonnen hat, das das Kreuz des Jesus-Christus-Turms der Sagrada Familia in Barcelona zieren wird.<\/p><\/div>\t\t\t\t\t\t<\/div>\n\t\t\t\t<\/div>\n\t\t\t\t\t<\/div>\n\t\t\t\t<\/div>\n\t\t<div class=\"elementor-element elementor-element-12e4f94 e-flex e-con-boxed e-con\" data-id=\"12e4f94\" data-element_type=\"container\" data-settings=\"{&quot;content_width&quot;:&quot;boxed&quot;}\">\n\t\t\t\t\t<div class=\"e-con-inner\">\n\t\t\t\t<div class=\"elementor-element elementor-element-fcb5b8c elementor-widget elementor-widget-heading\" data-id=\"fcb5b8c\" data-element_type=\"widget\" data-widget_type=\"heading.default\">\n\t\t\t\t<div class=\"elementor-widget-container\">\n\t\t\t<style>\/*! elementor - v3.14.0 - 26-06-2023 *\/\n.elementor-heading-title{padding:0;margin:0;line-height:1}.elementor-widget-heading .elementor-heading-title[class*=elementor-size-]>a{color:inherit;font-size:inherit;line-height:inherit}.elementor-widget-heading .elementor-heading-title.elementor-size-small{font-size:15px}.elementor-widget-heading .elementor-heading-title.elementor-size-medium{font-size:19px}.elementor-widget-heading .elementor-heading-title.elementor-size-large{font-size:29px}.elementor-widget-heading .elementor-heading-title.elementor-size-xl{font-size:39px}.elementor-widget-heading .elementor-heading-title.elementor-size-xxl{font-size:59px}<\/style><h2 class=\"elementor-heading-title elementor-size-default\">Die Person und die ungesehenen Werke des K\u00fcnstlers Andrea Mastrovito in der exklusiven Ausstellung im Palazzo Ducale von Sassuolo<\/h2>\t\t<\/div>\n\t\t\t\t<\/div>\n\t\t\t\t<div class=\"elementor-element elementor-element-3bb49ba elementor-widget elementor-widget-text-editor\" data-id=\"3bb49ba\" data-element_type=\"widget\" data-widget_type=\"text-editor.default\">\n\t\t\t\t<div class=\"elementor-widget-container\">\n\t\t\t\t\t\t\t<p>Mit der\u00a0<b>Er\u00f6ffnung am Freitag, dem 19. September,<\/b>\u00a0beginnt die Veranstaltung\u00a0<i>Sette Stanze<\/i>, die Ausstellung des K\u00fcnstlers Andrea Mastrovito im Palazzo Ducale von Sassuolo (MO).<\/p><p>Neben der\u00a0<b>Einzelausstellung<\/b>\u00a0und den\u00a0<b>unver\u00f6ffentlichten Werken des K\u00fcnstlers (von denen einige anl\u00e4sslich der Ausstellung geschaffen wurden und daher nur hier vorab zu sehen sind<\/b>) wird die\u00a0<b>einzigartige Gestaltung\u00a0<\/b>dieser exklusiven Ausstellung die Besucher ebenfalls beeindrucken.<\/p><p>Beginnen wir im\u00a0<b>Erdgeschoss<\/b>, hier kann man das Werk\u00a0<a href=\"https:\/\/www.galleriamarcacorona.com\/de\/andrea-mastrovito-minimo-comune-multiplo\/\" rel=\"noopener\"><i>Mcm &#8211; Minimo Comune multiplo (KGV &#8211; Kleinstes Gemeinsames Vielfaches)<\/i><\/a>\u00a0bewundern, das gro\u00dfe mit Wachsmalkreide realisierte Brett, das der gleichnamigen Ausstellung ihren Namen gab und nun\u00a0<b>den Auftakt zum Erlebnis im Palazzo Ducale bildet.<\/b><\/p><p>Das Werk befindet sich in dem Saal, der der Ausstellung \u201eTra Corte e Fabbrica\u201d (Zwischen Hof und Fabrik) gewidmet ist, und in dem verschiedene einzigartige Keramikst\u00fccke ausgestellt sind, die in einem Rundgang zwischen dem Palazzo Ducale und dem historischen Werksmuseum\u00a0<a href=\"https:\/\/www.galleriamarcacorona.com\/de\/\" rel=\"noopener\">Galleria Marca Corona<\/a>\u00a0einen vollst\u00e4ndigen \u00dcberblick \u00fcber die\u00a0<a href=\"https:\/\/www.marcacorona.it\/de\/uber-uns\/\" target=\"_blank\" rel=\"noopener\">Geschichte der Keramikregion rund um Sassuolo<\/a>\u00a0bieten.<\/p><p>Das Werk<i>\u00a0Mcm &#8211; Minimo Comune multiplo (KGV &#8211; Kleinstes Gemeinsames Vielfaches<\/i>) ist praktisch ein\u00a0<b>Mosaik aus Papierfliesen<\/b>, das ein historisches Foto reproduziert, das die Mitarbeiter von Marca Corona und die Unternehmensstruktur der Nachkriegszeit zeigt.\u00a0<\/p><p>Das Bild zeichnet sich durch die\u00a0<b>Verwendung eines einzigen Farbtons aus, und zwar Blau<\/b>, der aufgrund seiner starken evokativen Kraft gew\u00e4hlt wurde. Eine\u00a0<b>Farbe, die an Majolika erinnert<\/b>\u00a0\u2013 und auch in den Kaminen des Palazzo Ducale zu finden ist \u2013 sowie an die\u00a0<b>historische und kulturelle Tradition<\/b>\u00a0des Herzogtums Este, der Wiege der Keramikregion rund um Sassuolo ab 1741.<\/p><p>In dieses Bild hat der K\u00fcnstler eine Reihe von Alltagsgegenst\u00e4nden per Frottage-Technik eingef\u00fcgt, die von den derzeitigen Mitarbeitern des Unternehmens im Rahmen des\u00a0<b>kollektiven und partizipativen Kunstprojekts<\/b>\u00a0von\u00a0<a href=\"https:\/\/www.marcacorona.it\/de\/news-trends\/art\/andrea-mastrovito-verbindung-von-kunst-wirtschaft-beim-projekt-mit-marca-corona-fur-kunst\/\" target=\"_blank\" rel=\"noopener\">Marca Corona per l\u2018arte (Marca Corona f\u00fcr Kunst)<\/a>\u00a0entworfen wurden.<\/p><p>Das Ausstellungsprojekt geht im\u00a0<b>1. Stock<\/b>\u00a0in den R\u00e4umen der Stuckwohnung weiter, wo\u00a0<b>die Werke von Mastrovito einen direkten Dialog mit den monochromatischen Arbeiten der Kunstsammlung Collezione Panza eingehen.<\/b><\/p><p>Die\u00a0<b>Arbeiten von Sims, Spalletti, Simpson, Roeth, Litzmann und Appleby<\/b>\u00a0werden so zu einem Durchgang, durch den der K\u00fcnstler blickt, um Farben und Strukturen, Spuren \u201e<i>der sich materialisierenden Unendlichkeit, einen Winkel des Himmels, der auf die Erde f\u00e4llt<\/i>\u201d zu erfassen, um Panza selbst zu zitieren.<\/p><p>Durch eine\u00a0<b>neuartige und ortsspezifische Inszenierung<\/b>\u00a0bedient sich Mastrovito illustrierter Gegenst\u00e4nde verschiedener Art und gestaltet &#8211; indem er sie ihrer Zweidimensionalit\u00e4t entzieht &#8211;\u00a0<b>Blumenbeete, Himmel und Meere aus Papier in Harmonie mit den Geometrien der Fu\u00dfb\u00f6den und den Farben der gro\u00dfen, an den W\u00e4nden h\u00e4ngenden Leinw\u00e4nde<\/b>\u00a0&#8211; indem er einfach hunderte Male die Geste des Schneidens und Faltens von Seiten wiederholt.<\/p><p>Im Mittelpunkt steht hier das\u00a0<b>Makro-Werk\u00a0<\/b><b><i>Enciclopedia dei fiori da giardino<\/i><\/b><i>,<\/i><b><i>\u00a0<\/i>zusammen mit neuen, unver\u00f6ffentlichten Arbeiten, die w\u00e4hrend der Ausstellung vorgestellt werden<\/b>.<\/p>\t\t\t\t\t\t<\/div>\n\t\t\t\t<\/div>\n\t\t\t\t\t<\/div>\n\t\t\t\t<\/div>\n\t\t<div class=\"elementor-element elementor-element-27f788c e-flex e-con-boxed e-con\" data-id=\"27f788c\" data-element_type=\"container\" data-settings=\"{&quot;content_width&quot;:&quot;boxed&quot;}\">\n\t\t\t\t\t<div class=\"e-con-inner\">\n\t\t\t\t<div class=\"elementor-element elementor-element-39f420e elementor-widget elementor-widget-heading\" data-id=\"39f420e\" data-element_type=\"widget\" data-widget_type=\"heading.default\">\n\t\t\t\t<div class=\"elementor-widget-container\">\n\t\t\t<h2 class=\"elementor-heading-title elementor-size-default\">Wie Sie das Werk von Andrea Mastrovito w\u00e4hrend des Festival Filosofia 2025 besuchen k\u00f6nnen<\/h2>\t\t<\/div>\n\t\t\t\t<\/div>\n\t\t\t\t<div class=\"elementor-element elementor-element-2a82666 elementor-widget elementor-widget-text-editor\" data-id=\"2a82666\" data-element_type=\"widget\" data-widget_type=\"text-editor.default\">\n\t\t\t\t<div class=\"elementor-widget-container\">\n\t\t\t\t\t\t\t<p><b>Die Ausstellung\u00a0<i>Sette Stanze<\/i>\u00a0von Andrea Mastrovito wird am Freitag, dem 19. September<\/b>, zeitgleich mit dem Beginn des Festival Filosofia 2025 er\u00f6ffnet. Der\u00a0<b>Eintritt zur Veranstaltung ist kostenlos<\/b>\u00a0und beinhaltet auch den Zutritt zum Palazzo Ducale in Sassuolo.<\/p><p><b>Die Ausstellung kann auch am Samstag, dem 20. September, und Sonntag, dem 21. September, kostenlos besucht werden.<\/b><\/p><p><b>Am Samstag, dem 20. September, wird Andrea Mastrovito zu Gast in der Ausstellung sein und um 16.00 Uhr ein besonderes Treffen mit den Besuchern abhalten, bei dem er \u00fcber seine Werke und seinen Werdegang sprechen wird,<\/b>\u00a0zusammen mit der Kuratorin Francesca Disconzi.<\/p><p>Eine einzigartige Gelegenheit, das\u00a0<b>Talent und die innovative Vision dieses K\u00fcnstlers<\/b>\u00a0zu entdecken, der f\u00fcr seine \u00e4u\u00dferst visuellen Werke bekannt ist, die von der Malerei bis zum Kino reichen und in denen traditionelle\u00a0<b>kreative Techniken<\/b>\u00a0\u2013 Zeichnung, Collage, Einlegearbeiten, Videoanimation \u2013\u00a0<b>neu gestaltet werden<\/b>, um komplexe Konzepte im Zusammenhang mit der menschlichen Natur auszudr\u00fccken und\u00a0<b>Geschichten zu erz\u00e4hlen, die den Betrachter zur Auseinandersetzung einladen und ein mitrei\u00dfendes und dynamisches Erlebnis schaffen.<\/b><\/p><p>Die Veranstaltung findet also im Palazzo Ducale mit den folgenden \u00d6ffnungszeiten f\u00fcr die \u00d6ffentlichkeit statt:<\/p><ul><li><b>Freitag, 19. September<\/b><br \/><b>10.00 &#8211; 22.00 Uhr (letzter Einlass 21.00 Uhr)<\/b><br \/>\u00a0<\/li><li><b>Samstag, 20. September\u00a0<\/b><br \/><b>10.00 &#8211; 22.00 Uhr (letzter Einlass 21.00 Uhr) und Treffen mit dem K\u00fcnstler Andrea Mastrovito ab 16.00 Uhr<\/b><br \/>\u00a0<\/li><li><b>Sonntag, 21. September<\/b><br \/><b>10.00 &#8211; 18.00 Uhr (letzter Einlass 17.00 Uhr)<\/b><\/li><\/ul><p>Ort:<br \/><b>Palazzo Ducale, Sassuolo<\/b><br \/>Piazzale della Rosa 10<br \/>Sassuolo (Modena)<\/p><p><b>Nach dem Festival Filosofia wird die Ausstellung bis zum 31. Dezember 2025 fortgesetzt, wobei der Eintritt im Eintrittspreis f\u00fcr den Palazzo Ducale enthalten ist.<\/b><\/p><p>Haben Sie Fragen oder m\u00f6chten Sie weitere Informationen dar\u00fcber, wie die Vorschau der Ausstellung funktioniert oder wie Sie an einer F\u00fchrung teilnehmen k\u00f6nnen?<\/p>\t\t\t\t\t\t<\/div>\n\t\t\t\t<\/div>\n\t\t\t\t\t<\/div>\n\t\t\t\t<\/div>\n\t\t<div class=\"elementor-element elementor-element-53fa3bb e-con-full e-flex e-con\" data-id=\"53fa3bb\" data-element_type=\"container\" data-settings=\"{&quot;content_width&quot;:&quot;full&quot;}\">\n\t\t\t\t<div class=\"elementor-element elementor-element-665a806 elementor-widget elementor-widget-spacer\" data-id=\"665a806\" data-element_type=\"widget\" data-widget_type=\"spacer.default\">\n\t\t\t\t<div class=\"elementor-widget-container\">\n\t\t\t<style>\/*! elementor - v3.14.0 - 26-06-2023 *\/\n.elementor-column .elementor-spacer-inner{height:var(--spacer-size)}.e-con{--container-widget-width:100%}.e-con-inner>.elementor-widget-spacer,.e-con>.elementor-widget-spacer{width:var(--container-widget-width,var(--spacer-size));--align-self:var(--container-widget-align-self,initial);--flex-shrink:0}.e-con-inner>.elementor-widget-spacer>.elementor-widget-container,.e-con-inner>.elementor-widget-spacer>.elementor-widget-container>.elementor-spacer,.e-con>.elementor-widget-spacer>.elementor-widget-container,.e-con>.elementor-widget-spacer>.elementor-widget-container>.elementor-spacer{height:100%}.e-con-inner>.elementor-widget-spacer>.elementor-widget-container>.elementor-spacer>.elementor-spacer-inner,.e-con>.elementor-widget-spacer>.elementor-widget-container>.elementor-spacer>.elementor-spacer-inner{height:var(--container-widget-height,var(--spacer-size))}<\/style>\t\t<div class=\"elementor-spacer\">\n\t\t\t<div class=\"elementor-spacer-inner\"><\/div>\n\t\t<\/div>\n\t\t\t\t<\/div>\n\t\t\t\t<\/div>\n\t\t\t\t<div class=\"elementor-element elementor-element-df223fd elementor-widget__width-inherit elementor-widget elementor-widget-image\" data-id=\"df223fd\" data-element_type=\"widget\" data-widget_type=\"image.default\">\n\t\t\t\t<div class=\"elementor-widget-container\">\n\t\t\t<style>\/*! elementor - v3.14.0 - 26-06-2023 *\/\n.elementor-widget-image{text-align:center}.elementor-widget-image a{display:inline-block}.elementor-widget-image a img[src$=\".svg\"]{width:48px}.elementor-widget-image img{vertical-align:middle;display:inline-block}<\/style>\t\t\t\t\t\t\t\t\t\t\t\t<img decoding=\"async\" width=\"1300\" height=\"231\" src=\"https:\/\/www.galleriamarcacorona.com\/wp-content\/uploads\/2025\/09\/loghi.jpg\" class=\"attachment-full size-full wp-image-10898\" alt=\"\" loading=\"lazy\" srcset=\"https:\/\/www.galleriamarcacorona.com\/wp-content\/uploads\/2025\/09\/loghi.jpg 1300w, https:\/\/www.galleriamarcacorona.com\/wp-content\/uploads\/2025\/09\/loghi-300x53.jpg 300w, https:\/\/www.galleriamarcacorona.com\/wp-content\/uploads\/2025\/09\/loghi-1024x182.jpg 1024w, https:\/\/www.galleriamarcacorona.com\/wp-content\/uploads\/2025\/09\/loghi-768x136.jpg 768w\" sizes=\"(max-width: 1300px) 100vw, 1300px\" \/>\t\t\t\t\t\t\t\t\t\t\t\t\t\t\t<\/div>\n\t\t\t\t<\/div>\n\t\t\t\t<\/div>\n\t\t<div class=\"elementor-element elementor-element-9cf43f8 e-flex e-con-boxed e-con\" data-id=\"9cf43f8\" data-element_type=\"container\" data-settings=\"{&quot;content_width&quot;:&quot;boxed&quot;}\">\n\t\t\t\t\t<div class=\"e-con-inner\">\n\t\t\t\t<div class=\"elementor-element elementor-element-b38e6a1 elementor-align-center elementor-widget elementor-widget-button\" data-id=\"b38e6a1\" data-element_type=\"widget\" data-widget_type=\"button.default\">\n\t\t\t\t<div class=\"elementor-widget-container\">\n\t\t\t\t\t<div class=\"elementor-button-wrapper\">\n\t\t\t<a class=\"elementor-button elementor-button-link elementor-size-sm\" href=\"\/de\/reservieren-galleria\/\">\n\t\t\t\t\t\t<span class=\"elementor-button-content-wrapper\">\n\t\t\t\t\t\t<span class=\"elementor-button-text\">NEHMEN SIE F\u00dcR WEITERE INFORMATIONEN KONTAKT MIT UNS AUF<\/span>\n\t\t<\/span>\n\t\t\t\t\t<\/a>\n\t\t<\/div>\n\t\t\t\t<\/div>\n\t\t\t\t<\/div>\n\t\t\t\t\t<\/div>\n\t\t\t\t<\/div>\n\t\t<div class=\"elementor-element elementor-element-72da3ad e-flex e-con-boxed e-con\" data-id=\"72da3ad\" data-element_type=\"container\" data-settings=\"{&quot;content_width&quot;:&quot;boxed&quot;}\">\n\t\t\t\t\t<div class=\"e-con-inner\">\n\t\t<div class=\"elementor-element elementor-element-87467f2 e-flex e-con-boxed e-con\" data-id=\"87467f2\" data-element_type=\"container\" data-settings=\"{&quot;background_background&quot;:&quot;classic&quot;,&quot;content_width&quot;:&quot;boxed&quot;}\">\n\t\t\t\t\t<div class=\"e-con-inner\">\n\t\t<div class=\"elementor-element elementor-element-c1a4806 e-flex e-con-boxed e-con\" data-id=\"c1a4806\" data-element_type=\"container\" data-settings=\"{&quot;content_width&quot;:&quot;boxed&quot;}\">\n\t\t\t\t\t<div class=\"e-con-inner\">\n\t\t<div class=\"elementor-element elementor-element-940e75a e-flex e-con-boxed e-con\" data-id=\"940e75a\" data-element_type=\"container\" data-settings=\"{&quot;content_width&quot;:&quot;boxed&quot;}\">\n\t\t\t\t\t<div class=\"e-con-inner\">\n\t\t\t\t<div class=\"elementor-element elementor-element-4786482 elementor-widget elementor-widget-gallery\" data-id=\"4786482\" data-element_type=\"widget\" data-settings=\"{&quot;columns&quot;:9,&quot;lazyload&quot;:&quot;yes&quot;,&quot;gallery_layout&quot;:&quot;grid&quot;,&quot;columns_tablet&quot;:2,&quot;columns_mobile&quot;:1,&quot;gap&quot;:{&quot;unit&quot;:&quot;px&quot;,&quot;size&quot;:10,&quot;sizes&quot;:[]},&quot;gap_tablet&quot;:{&quot;unit&quot;:&quot;px&quot;,&quot;size&quot;:10,&quot;sizes&quot;:[]},&quot;gap_mobile&quot;:{&quot;unit&quot;:&quot;px&quot;,&quot;size&quot;:10,&quot;sizes&quot;:[]},&quot;link_to&quot;:&quot;file&quot;,&quot;aspect_ratio&quot;:&quot;3:2&quot;,&quot;overlay_background&quot;:&quot;yes&quot;,&quot;content_hover_animation&quot;:&quot;fade-in&quot;}\" data-widget_type=\"gallery.default\">\n\t\t\t\t<div class=\"elementor-widget-container\">\n\t\t\t<style>\/*! elementor-pro - v3.14.0 - 26-06-2023 *\/\n.elementor-gallery__container{min-height:1px}.elementor-gallery-item{position:relative;overflow:hidden;display:block;text-decoration:none;border:solid var(--image-border-width) var(--image-border-color);border-radius:var(--image-border-radius)}.elementor-gallery-item__content,.elementor-gallery-item__overlay{height:100%;width:100%;position:absolute;top:0;left:0}.elementor-gallery-item__overlay{mix-blend-mode:var(--overlay-mix-blend-mode);transition-duration:var(--overlay-transition-duration);transition-property:mix-blend-mode,transform,opacity,background-color}.elementor-gallery-item__image.e-gallery-image{transition-duration:var(--image-transition-duration);transition-property:filter,transform}.elementor-gallery-item__content{display:flex;flex-direction:column;justify-content:var(--content-justify-content,center);align-items:center;text-align:var(--content-text-align);padding:var(--content-padding)}.elementor-gallery-item__content>div{transition-duration:var(--content-transition-duration)}.elementor-gallery-item__content.elementor-gallery--sequenced-animation>div:nth-child(2){transition-delay:calc(var(--content-transition-delay) \/ 3)}.elementor-gallery-item__content.elementor-gallery--sequenced-animation>div:nth-child(3){transition-delay:calc(var(--content-transition-delay) \/ 3 * 2)}.elementor-gallery-item__content.elementor-gallery--sequenced-animation>div:nth-child(4){transition-delay:calc(var(--content-transition-delay) \/ 3 * 3)}.elementor-gallery-item__description{color:var(--description-text-color,#fff);width:100%}.elementor-gallery-item__title{color:var(--title-text-color,#fff);font-weight:700;width:100%}.elementor-gallery__titles-container{display:flex;flex-wrap:wrap;justify-content:var(--titles-container-justify-content,center);margin-bottom:20px}.elementor-gallery__titles-container:not(.e--pointer-framed) .elementor-item:after,.elementor-gallery__titles-container:not(.e--pointer-framed) .elementor-item:before{background-color:var(--galleries-pointer-bg-color-hover)}.elementor-gallery__titles-container:not(.e--pointer-framed) .elementor-item.elementor-item-active:after,.elementor-gallery__titles-container:not(.e--pointer-framed) .elementor-item.elementor-item-active:before{background-color:var(--galleries-pointer-bg-color-active)}.elementor-gallery__titles-container.e--pointer-framed .elementor-item:before{border-color:var(--galleries-pointer-bg-color-hover);border-width:var(--galleries-pointer-border-width)}.elementor-gallery__titles-container.e--pointer-framed .elementor-item:after{border-color:var(--galleries-pointer-bg-color-hover)}.elementor-gallery__titles-container.e--pointer-framed .elementor-item.elementor-item-active:after,.elementor-gallery__titles-container.e--pointer-framed .elementor-item.elementor-item-active:before{border-color:var(--galleries-pointer-bg-color-active)}.elementor-gallery__titles-container.e--pointer-framed.e--animation-draw .elementor-item:before{border-left-width:var(--galleries-pointer-border-width);border-bottom-width:var(--galleries-pointer-border-width);border-right-width:0;border-top-width:0}.elementor-gallery__titles-container.e--pointer-framed.e--animation-draw .elementor-item:after{border-left-width:0;border-bottom-width:0;border-right-width:var(--galleries-pointer-border-width);border-top-width:var(--galleries-pointer-border-width)}.elementor-gallery__titles-container.e--pointer-framed.e--animation-corners .elementor-item:before{border-left-width:var(--galleries-pointer-border-width);border-bottom-width:0;border-right-width:0;border-top-width:var(--galleries-pointer-border-width)}.elementor-gallery__titles-container.e--pointer-framed.e--animation-corners .elementor-item:after{border-left-width:0;border-bottom-width:var(--galleries-pointer-border-width);border-right-width:var(--galleries-pointer-border-width);border-top-width:0}.elementor-gallery__titles-container .e--pointer-double-line .elementor-item:after,.elementor-gallery__titles-container .e--pointer-double-line .elementor-item:before,.elementor-gallery__titles-container .e--pointer-overline .elementor-item:before,.elementor-gallery__titles-container .e--pointer-underline .elementor-item:after{height:var(--galleries-pointer-border-width)}.elementor-gallery-title{--space-between:10px;cursor:pointer;color:#6d7882;font-weight:500;position:relative;padding:7px 14px;transition:all .3s}.elementor-gallery-title--active{color:#495157}.elementor-gallery-title:not(:last-child){margin-right:var(--space-between)}.elementor-gallery-item__title+.elementor-gallery-item__description{margin-top:var(--description-margin-top)}.e-gallery-item.elementor-gallery-item{transition-property:all}.e-gallery-item.elementor-animated-content .elementor-animated-item--enter-from-bottom,.e-gallery-item.elementor-animated-content .elementor-animated-item--enter-from-left,.e-gallery-item.elementor-animated-content .elementor-animated-item--enter-from-right,.e-gallery-item.elementor-animated-content .elementor-animated-item--enter-from-top,.e-gallery-item:focus .elementor-gallery__item-overlay-bg,.e-gallery-item:focus .elementor-gallery__item-overlay-content,.e-gallery-item:focus .elementor-gallery__item-overlay-content__description,.e-gallery-item:focus .elementor-gallery__item-overlay-content__title,.e-gallery-item:hover .elementor-gallery__item-overlay-bg,.e-gallery-item:hover .elementor-gallery__item-overlay-content,.e-gallery-item:hover .elementor-gallery__item-overlay-content__description,.e-gallery-item:hover .elementor-gallery__item-overlay-content__title{opacity:1}a.elementor-item.elementor-gallery-title{color:var(--galleries-title-color-normal)}a.elementor-item.elementor-gallery-title.elementor-item-active,a.elementor-item.elementor-gallery-title.highlighted,a.elementor-item.elementor-gallery-title:focus,a.elementor-item.elementor-gallery-title:hover{color:var(--galleries-title-color-hover)}a.elementor-item.elementor-gallery-title.elementor-item-active{color:var(--gallery-title-color-active)}.e-con-inner>.elementor-widget-gallery,.e-con>.elementor-widget-gallery{width:var(--container-widget-width);--flex-grow:var(--container-widget-flex-grow)}<\/style>\t\t<div class=\"elementor-gallery__container\">\n\t\t\t\t\t\t\t<a class=\"e-gallery-item elementor-gallery-item elementor-animated-content\" href=\"https:\/\/www.galleriamarcacorona.com\/wp-content\/uploads\/2025\/10\/F.Fioramonti080-1.jpg\" data-elementor-open-lightbox=\"yes\" data-elementor-lightbox-slideshow=\"4786482\" data-elementor-lightbox-title=\"F.Fioramonti080.jpg\" data-e-action-hash=\"#elementor-action%3Aaction%3Dlightbox%26settings%3DeyJpZCI6MTIyMjEsInVybCI6Imh0dHBzOlwvXC93d3cuZ2FsbGVyaWFtYXJjYWNvcm9uYS5jb21cL3dwLWNvbnRlbnRcL3VwbG9hZHNcLzIwMjVcLzEwXC9GLkZpb3JhbW9udGkwODAtMS5qcGciLCJzbGlkZXNob3ciOiI0Nzg2NDgyIn0%3D\">\n\t\t\t\t\t<div class=\"e-gallery-image elementor-gallery-item__image\" data-thumbnail=\"https:\/\/www.galleriamarcacorona.com\/wp-content\/uploads\/2025\/10\/F.Fioramonti080-1-300x200.jpg\" data-width=\"300\" data-height=\"200\" aria-label=\"\" role=\"img\" ><\/div>\n\t\t\t\t\t\t\t\t\t\t\t<div class=\"elementor-gallery-item__overlay\"><\/div>\n\t\t\t\t\t\t\t\t\t\t\t\t\t\t<\/a>\n\t\t\t\t\t\t\t<a class=\"e-gallery-item elementor-gallery-item elementor-animated-content\" href=\"https:\/\/www.galleriamarcacorona.com\/wp-content\/uploads\/2025\/10\/F.Fioramonti111-1.jpg\" data-elementor-open-lightbox=\"yes\" data-elementor-lightbox-slideshow=\"4786482\" data-elementor-lightbox-title=\"F.Fioramonti111.jpg\" data-e-action-hash=\"#elementor-action%3Aaction%3Dlightbox%26settings%3DeyJpZCI6MTIyMjcsInVybCI6Imh0dHBzOlwvXC93d3cuZ2FsbGVyaWFtYXJjYWNvcm9uYS5jb21cL3dwLWNvbnRlbnRcL3VwbG9hZHNcLzIwMjVcLzEwXC9GLkZpb3JhbW9udGkxMTEtMS5qcGciLCJzbGlkZXNob3ciOiI0Nzg2NDgyIn0%3D\">\n\t\t\t\t\t<div class=\"e-gallery-image elementor-gallery-item__image\" data-thumbnail=\"https:\/\/www.galleriamarcacorona.com\/wp-content\/uploads\/2025\/10\/F.Fioramonti111-1-300x200.jpg\" data-width=\"300\" data-height=\"200\" aria-label=\"\" role=\"img\" ><\/div>\n\t\t\t\t\t\t\t\t\t\t\t<div class=\"elementor-gallery-item__overlay\"><\/div>\n\t\t\t\t\t\t\t\t\t\t\t\t\t\t<\/a>\n\t\t\t\t\t\t\t<a class=\"e-gallery-item elementor-gallery-item elementor-animated-content\" href=\"https:\/\/www.galleriamarcacorona.com\/wp-content\/uploads\/2025\/10\/F.Fioramonti123-1.jpg\" data-elementor-open-lightbox=\"yes\" data-elementor-lightbox-slideshow=\"4786482\" data-elementor-lightbox-title=\"F.Fioramonti123.jpg\" data-e-action-hash=\"#elementor-action%3Aaction%3Dlightbox%26settings%3DeyJpZCI6MTIyMzMsInVybCI6Imh0dHBzOlwvXC93d3cuZ2FsbGVyaWFtYXJjYWNvcm9uYS5jb21cL3dwLWNvbnRlbnRcL3VwbG9hZHNcLzIwMjVcLzEwXC9GLkZpb3JhbW9udGkxMjMtMS5qcGciLCJzbGlkZXNob3ciOiI0Nzg2NDgyIn0%3D\">\n\t\t\t\t\t<div class=\"e-gallery-image elementor-gallery-item__image\" data-thumbnail=\"https:\/\/www.galleriamarcacorona.com\/wp-content\/uploads\/2025\/10\/F.Fioramonti123-1-300x200.jpg\" data-width=\"300\" data-height=\"200\" aria-label=\"\" role=\"img\" ><\/div>\n\t\t\t\t\t\t\t\t\t\t\t<div class=\"elementor-gallery-item__overlay\"><\/div>\n\t\t\t\t\t\t\t\t\t\t\t\t\t\t<\/a>\n\t\t\t\t\t\t\t<a class=\"e-gallery-item elementor-gallery-item elementor-animated-content\" href=\"https:\/\/www.galleriamarcacorona.com\/wp-content\/uploads\/2025\/10\/F.Fioramonti135-1.jpg\" data-elementor-open-lightbox=\"yes\" data-elementor-lightbox-slideshow=\"4786482\" data-elementor-lightbox-title=\"F.Fioramonti135.jpg\" data-e-action-hash=\"#elementor-action%3Aaction%3Dlightbox%26settings%3DeyJpZCI6MTIyMzksInVybCI6Imh0dHBzOlwvXC93d3cuZ2FsbGVyaWFtYXJjYWNvcm9uYS5jb21cL3dwLWNvbnRlbnRcL3VwbG9hZHNcLzIwMjVcLzEwXC9GLkZpb3JhbW9udGkxMzUtMS5qcGciLCJzbGlkZXNob3ciOiI0Nzg2NDgyIn0%3D\">\n\t\t\t\t\t<div class=\"e-gallery-image elementor-gallery-item__image\" data-thumbnail=\"https:\/\/www.galleriamarcacorona.com\/wp-content\/uploads\/2025\/10\/F.Fioramonti135-1-300x200.jpg\" data-width=\"300\" data-height=\"200\" aria-label=\"\" role=\"img\" ><\/div>\n\t\t\t\t\t\t\t\t\t\t\t<div class=\"elementor-gallery-item__overlay\"><\/div>\n\t\t\t\t\t\t\t\t\t\t\t\t\t\t<\/a>\n\t\t\t\t\t\t\t<a class=\"e-gallery-item elementor-gallery-item elementor-animated-content\" href=\"https:\/\/www.galleriamarcacorona.com\/wp-content\/uploads\/2025\/10\/F.Fioramonti153-1.jpg\" data-elementor-open-lightbox=\"yes\" data-elementor-lightbox-slideshow=\"4786482\" data-elementor-lightbox-title=\"F.Fioramonti153.jpg\" data-e-action-hash=\"#elementor-action%3Aaction%3Dlightbox%26settings%3DeyJpZCI6MTIyNDUsInVybCI6Imh0dHBzOlwvXC93d3cuZ2FsbGVyaWFtYXJjYWNvcm9uYS5jb21cL3dwLWNvbnRlbnRcL3VwbG9hZHNcLzIwMjVcLzEwXC9GLkZpb3JhbW9udGkxNTMtMS5qcGciLCJzbGlkZXNob3ciOiI0Nzg2NDgyIn0%3D\">\n\t\t\t\t\t<div class=\"e-gallery-image elementor-gallery-item__image\" data-thumbnail=\"https:\/\/www.galleriamarcacorona.com\/wp-content\/uploads\/2025\/10\/F.Fioramonti153-1-200x300.jpg\" data-width=\"200\" data-height=\"300\" aria-label=\"\" role=\"img\" ><\/div>\n\t\t\t\t\t\t\t\t\t\t\t<div class=\"elementor-gallery-item__overlay\"><\/div>\n\t\t\t\t\t\t\t\t\t\t\t\t\t\t<\/a>\n\t\t\t\t\t\t\t<a class=\"e-gallery-item elementor-gallery-item elementor-animated-content\" href=\"https:\/\/www.galleriamarcacorona.com\/wp-content\/uploads\/2025\/10\/F.Fioramonti154-1.jpg\" data-elementor-open-lightbox=\"yes\" data-elementor-lightbox-slideshow=\"4786482\" data-elementor-lightbox-title=\"F.Fioramonti154.jpg\" data-e-action-hash=\"#elementor-action%3Aaction%3Dlightbox%26settings%3DeyJpZCI6MTIyNTEsInVybCI6Imh0dHBzOlwvXC93d3cuZ2FsbGVyaWFtYXJjYWNvcm9uYS5jb21cL3dwLWNvbnRlbnRcL3VwbG9hZHNcLzIwMjVcLzEwXC9GLkZpb3JhbW9udGkxNTQtMS5qcGciLCJzbGlkZXNob3ciOiI0Nzg2NDgyIn0%3D\">\n\t\t\t\t\t<div class=\"e-gallery-image elementor-gallery-item__image\" data-thumbnail=\"https:\/\/www.galleriamarcacorona.com\/wp-content\/uploads\/2025\/10\/F.Fioramonti154-1-300x200.jpg\" data-width=\"300\" data-height=\"200\" aria-label=\"\" role=\"img\" ><\/div>\n\t\t\t\t\t\t\t\t\t\t\t<div class=\"elementor-gallery-item__overlay\"><\/div>\n\t\t\t\t\t\t\t\t\t\t\t\t\t\t<\/a>\n\t\t\t\t\t\t\t<a class=\"e-gallery-item elementor-gallery-item elementor-animated-content\" href=\"https:\/\/www.galleriamarcacorona.com\/wp-content\/uploads\/2025\/10\/F.Fioramonti168-1.jpg\" data-elementor-open-lightbox=\"yes\" data-elementor-lightbox-slideshow=\"4786482\" data-elementor-lightbox-title=\"F.Fioramonti168.jpg\" data-e-action-hash=\"#elementor-action%3Aaction%3Dlightbox%26settings%3DeyJpZCI6MTIyNTksInVybCI6Imh0dHBzOlwvXC93d3cuZ2FsbGVyaWFtYXJjYWNvcm9uYS5jb21cL3dwLWNvbnRlbnRcL3VwbG9hZHNcLzIwMjVcLzEwXC9GLkZpb3JhbW9udGkxNjgtMS5qcGciLCJzbGlkZXNob3ciOiI0Nzg2NDgyIn0%3D\">\n\t\t\t\t\t<div class=\"e-gallery-image elementor-gallery-item__image\" data-thumbnail=\"https:\/\/www.galleriamarcacorona.com\/wp-content\/uploads\/2025\/10\/F.Fioramonti168-1-300x200.jpg\" data-width=\"300\" data-height=\"200\" aria-label=\"\" role=\"img\" ><\/div>\n\t\t\t\t\t\t\t\t\t\t\t<div class=\"elementor-gallery-item__overlay\"><\/div>\n\t\t\t\t\t\t\t\t\t\t\t\t\t\t<\/a>\n\t\t\t\t\t\t\t<a class=\"e-gallery-item elementor-gallery-item elementor-animated-content\" href=\"https:\/\/www.galleriamarcacorona.com\/wp-content\/uploads\/2025\/10\/F.Fioramonti172-1.jpg\" data-elementor-open-lightbox=\"yes\" data-elementor-lightbox-slideshow=\"4786482\" data-elementor-lightbox-title=\"F.Fioramonti172.jpg\" data-e-action-hash=\"#elementor-action%3Aaction%3Dlightbox%26settings%3DeyJpZCI6MTIyNzMsInVybCI6Imh0dHBzOlwvXC93d3cuZ2FsbGVyaWFtYXJjYWNvcm9uYS5jb21cL3dwLWNvbnRlbnRcL3VwbG9hZHNcLzIwMjVcLzEwXC9GLkZpb3JhbW9udGkxNzItMS5qcGciLCJzbGlkZXNob3ciOiI0Nzg2NDgyIn0%3D\">\n\t\t\t\t\t<div class=\"e-gallery-image elementor-gallery-item__image\" data-thumbnail=\"https:\/\/www.galleriamarcacorona.com\/wp-content\/uploads\/2025\/10\/F.Fioramonti172-1-300x200.jpg\" data-width=\"300\" data-height=\"200\" aria-label=\"\" role=\"img\" ><\/div>\n\t\t\t\t\t\t\t\t\t\t\t<div class=\"elementor-gallery-item__overlay\"><\/div>\n\t\t\t\t\t\t\t\t\t\t\t\t\t\t<\/a>\n\t\t\t\t\t\t\t<a class=\"e-gallery-item elementor-gallery-item elementor-animated-content\" href=\"https:\/\/www.galleriamarcacorona.com\/wp-content\/uploads\/2025\/10\/MCArte_Andrea-Mastrovito_Sette-Stanze_01-1.jpg\" data-elementor-open-lightbox=\"yes\" data-elementor-lightbox-slideshow=\"4786482\" data-elementor-lightbox-title=\"MCArte_Andrea-Mastrovito_Sette-Stanze_01.jpg\" data-e-action-hash=\"#elementor-action%3Aaction%3Dlightbox%26settings%3DeyJpZCI6MTIyODUsInVybCI6Imh0dHBzOlwvXC93d3cuZ2FsbGVyaWFtYXJjYWNvcm9uYS5jb21cL3dwLWNvbnRlbnRcL3VwbG9hZHNcLzIwMjVcLzEwXC9NQ0FydGVfQW5kcmVhLU1hc3Ryb3ZpdG9fU2V0dGUtU3RhbnplXzAxLTEuanBnIiwic2xpZGVzaG93IjoiNDc4NjQ4MiJ9\">\n\t\t\t\t\t<div class=\"e-gallery-image elementor-gallery-item__image\" data-thumbnail=\"https:\/\/www.galleriamarcacorona.com\/wp-content\/uploads\/2025\/10\/MCArte_Andrea-Mastrovito_Sette-Stanze_01-1-300x200.jpg\" data-width=\"300\" data-height=\"200\" aria-label=\"\" role=\"img\" ><\/div>\n\t\t\t\t\t\t\t\t\t\t\t<div class=\"elementor-gallery-item__overlay\"><\/div>\n\t\t\t\t\t\t\t\t\t\t\t\t\t\t<\/a>\n\t\t\t\t\t\t\t<a class=\"e-gallery-item elementor-gallery-item elementor-animated-content\" href=\"https:\/\/www.galleriamarcacorona.com\/wp-content\/uploads\/2025\/10\/MCArte_Andrea-Mastrovito_Sette-Stanze_02-1.jpg\" data-elementor-open-lightbox=\"yes\" data-elementor-lightbox-slideshow=\"4786482\" data-elementor-lightbox-title=\"MCArte_Andrea-Mastrovito_Sette-Stanze_02.jpg\" data-e-action-hash=\"#elementor-action%3Aaction%3Dlightbox%26settings%3DeyJpZCI6MTIyOTMsInVybCI6Imh0dHBzOlwvXC93d3cuZ2FsbGVyaWFtYXJjYWNvcm9uYS5jb21cL3dwLWNvbnRlbnRcL3VwbG9hZHNcLzIwMjVcLzEwXC9NQ0FydGVfQW5kcmVhLU1hc3Ryb3ZpdG9fU2V0dGUtU3RhbnplXzAyLTEuanBnIiwic2xpZGVzaG93IjoiNDc4NjQ4MiJ9\">\n\t\t\t\t\t<div class=\"e-gallery-image elementor-gallery-item__image\" data-thumbnail=\"https:\/\/www.galleriamarcacorona.com\/wp-content\/uploads\/2025\/10\/MCArte_Andrea-Mastrovito_Sette-Stanze_02-1-300x200.jpg\" data-width=\"300\" data-height=\"200\" aria-label=\"\" role=\"img\" ><\/div>\n\t\t\t\t\t\t\t\t\t\t\t<div class=\"elementor-gallery-item__overlay\"><\/div>\n\t\t\t\t\t\t\t\t\t\t\t\t\t\t<\/a>\n\t\t\t\t\t\t\t<a class=\"e-gallery-item elementor-gallery-item elementor-animated-content\" href=\"https:\/\/www.galleriamarcacorona.com\/wp-content\/uploads\/2025\/10\/MCArte_Andrea-Mastrovito_Sette-Stanze_03-1.jpg\" data-elementor-open-lightbox=\"yes\" data-elementor-lightbox-slideshow=\"4786482\" data-elementor-lightbox-title=\"MCArte_Andrea-Mastrovito_Sette-Stanze_03.jpg\" data-e-action-hash=\"#elementor-action%3Aaction%3Dlightbox%26settings%3DeyJpZCI6MTIzMDUsInVybCI6Imh0dHBzOlwvXC93d3cuZ2FsbGVyaWFtYXJjYWNvcm9uYS5jb21cL3dwLWNvbnRlbnRcL3VwbG9hZHNcLzIwMjVcLzEwXC9NQ0FydGVfQW5kcmVhLU1hc3Ryb3ZpdG9fU2V0dGUtU3RhbnplXzAzLTEuanBnIiwic2xpZGVzaG93IjoiNDc4NjQ4MiJ9\">\n\t\t\t\t\t<div class=\"e-gallery-image elementor-gallery-item__image\" data-thumbnail=\"https:\/\/www.galleriamarcacorona.com\/wp-content\/uploads\/2025\/10\/MCArte_Andrea-Mastrovito_Sette-Stanze_03-1-300x200.jpg\" data-width=\"300\" data-height=\"200\" aria-label=\"\" role=\"img\" ><\/div>\n\t\t\t\t\t\t\t\t\t\t\t<div class=\"elementor-gallery-item__overlay\"><\/div>\n\t\t\t\t\t\t\t\t\t\t\t\t\t\t<\/a>\n\t\t\t\t\t\t\t<a class=\"e-gallery-item elementor-gallery-item elementor-animated-content\" href=\"https:\/\/www.galleriamarcacorona.com\/wp-content\/uploads\/2025\/10\/MCArte_Andrea-Mastrovito_Sette-Stanze_04-2.jpg\" data-elementor-open-lightbox=\"yes\" data-elementor-lightbox-slideshow=\"4786482\" data-elementor-lightbox-title=\"MCArte_Andrea-Mastrovito_Sette-Stanze_04.jpg\" data-e-action-hash=\"#elementor-action%3Aaction%3Dlightbox%26settings%3DeyJpZCI6MTIzMjUsInVybCI6Imh0dHBzOlwvXC93d3cuZ2FsbGVyaWFtYXJjYWNvcm9uYS5jb21cL3dwLWNvbnRlbnRcL3VwbG9hZHNcLzIwMjVcLzEwXC9NQ0FydGVfQW5kcmVhLU1hc3Ryb3ZpdG9fU2V0dGUtU3RhbnplXzA0LTIuanBnIiwic2xpZGVzaG93IjoiNDc4NjQ4MiJ9\">\n\t\t\t\t\t<div class=\"e-gallery-image elementor-gallery-item__image\" data-thumbnail=\"https:\/\/www.galleriamarcacorona.com\/wp-content\/uploads\/2025\/10\/MCArte_Andrea-Mastrovito_Sette-Stanze_04-2-300x200.jpg\" data-width=\"300\" data-height=\"200\" aria-label=\"\" role=\"img\" ><\/div>\n\t\t\t\t\t\t\t\t\t\t\t<div class=\"elementor-gallery-item__overlay\"><\/div>\n\t\t\t\t\t\t\t\t\t\t\t\t\t\t<\/a>\n\t\t\t\t\t\t\t<a class=\"e-gallery-item elementor-gallery-item elementor-animated-content\" href=\"https:\/\/www.galleriamarcacorona.com\/wp-content\/uploads\/2025\/10\/MCArte_Andrea-Mastrovito_Sette-Stanze_05-2.jpg\" data-elementor-open-lightbox=\"yes\" data-elementor-lightbox-slideshow=\"4786482\" data-elementor-lightbox-title=\"MCArte_Andrea-Mastrovito_Sette-Stanze_05.jpg\" data-e-action-hash=\"#elementor-action%3Aaction%3Dlightbox%26settings%3DeyJpZCI6MTIzNDQsInVybCI6Imh0dHBzOlwvXC93d3cuZ2FsbGVyaWFtYXJjYWNvcm9uYS5jb21cL3dwLWNvbnRlbnRcL3VwbG9hZHNcLzIwMjVcLzEwXC9NQ0FydGVfQW5kcmVhLU1hc3Ryb3ZpdG9fU2V0dGUtU3RhbnplXzA1LTIuanBnIiwic2xpZGVzaG93IjoiNDc4NjQ4MiJ9\">\n\t\t\t\t\t<div class=\"e-gallery-image elementor-gallery-item__image\" data-thumbnail=\"https:\/\/www.galleriamarcacorona.com\/wp-content\/uploads\/2025\/10\/MCArte_Andrea-Mastrovito_Sette-Stanze_05-2-300x200.jpg\" data-width=\"300\" data-height=\"200\" aria-label=\"\" role=\"img\" ><\/div>\n\t\t\t\t\t\t\t\t\t\t\t<div class=\"elementor-gallery-item__overlay\"><\/div>\n\t\t\t\t\t\t\t\t\t\t\t\t\t\t<\/a>\n\t\t\t\t\t\t\t<a class=\"e-gallery-item elementor-gallery-item elementor-animated-content\" href=\"https:\/\/www.galleriamarcacorona.com\/wp-content\/uploads\/2025\/10\/MCArte_Andrea-Mastrovito_Sette-Stanze_06-1.jpg\" data-elementor-open-lightbox=\"yes\" data-elementor-lightbox-slideshow=\"4786482\" data-elementor-lightbox-title=\"MCArte_Andrea-Mastrovito_Sette-Stanze_06.jpg\" data-e-action-hash=\"#elementor-action%3Aaction%3Dlightbox%26settings%3DeyJpZCI6MTIzNTksInVybCI6Imh0dHBzOlwvXC93d3cuZ2FsbGVyaWFtYXJjYWNvcm9uYS5jb21cL3dwLWNvbnRlbnRcL3VwbG9hZHNcLzIwMjVcLzEwXC9NQ0FydGVfQW5kcmVhLU1hc3Ryb3ZpdG9fU2V0dGUtU3RhbnplXzA2LTEuanBnIiwic2xpZGVzaG93IjoiNDc4NjQ4MiJ9\">\n\t\t\t\t\t<div class=\"e-gallery-image elementor-gallery-item__image\" data-thumbnail=\"https:\/\/www.galleriamarcacorona.com\/wp-content\/uploads\/2025\/10\/MCArte_Andrea-Mastrovito_Sette-Stanze_06-1-300x200.jpg\" data-width=\"300\" data-height=\"200\" aria-label=\"\" role=\"img\" ><\/div>\n\t\t\t\t\t\t\t\t\t\t\t<div class=\"elementor-gallery-item__overlay\"><\/div>\n\t\t\t\t\t\t\t\t\t\t\t\t\t\t<\/a>\n\t\t\t\t\t\t\t<a class=\"e-gallery-item elementor-gallery-item elementor-animated-content\" href=\"https:\/\/www.galleriamarcacorona.com\/wp-content\/uploads\/2025\/10\/MCArte_Andrea-Mastrovito_Sette-Stanze_07-1.jpg\" data-elementor-open-lightbox=\"yes\" data-elementor-lightbox-slideshow=\"4786482\" data-elementor-lightbox-title=\"MCArte_Andrea-Mastrovito_Sette-Stanze_07.jpg\" data-e-action-hash=\"#elementor-action%3Aaction%3Dlightbox%26settings%3DeyJpZCI6MTIzNzcsInVybCI6Imh0dHBzOlwvXC93d3cuZ2FsbGVyaWFtYXJjYWNvcm9uYS5jb21cL3dwLWNvbnRlbnRcL3VwbG9hZHNcLzIwMjVcLzEwXC9NQ0FydGVfQW5kcmVhLU1hc3Ryb3ZpdG9fU2V0dGUtU3RhbnplXzA3LTEuanBnIiwic2xpZGVzaG93IjoiNDc4NjQ4MiJ9\">\n\t\t\t\t\t<div class=\"e-gallery-image elementor-gallery-item__image\" data-thumbnail=\"https:\/\/www.galleriamarcacorona.com\/wp-content\/uploads\/2025\/10\/MCArte_Andrea-Mastrovito_Sette-Stanze_07-1-300x200.jpg\" data-width=\"300\" data-height=\"200\" aria-label=\"\" role=\"img\" ><\/div>\n\t\t\t\t\t\t\t\t\t\t\t<div class=\"elementor-gallery-item__overlay\"><\/div>\n\t\t\t\t\t\t\t\t\t\t\t\t\t\t<\/a>\n\t\t\t\t\t\t\t<a class=\"e-gallery-item elementor-gallery-item elementor-animated-content\" href=\"https:\/\/www.galleriamarcacorona.com\/wp-content\/uploads\/2025\/10\/MCArte_Andrea-Mastrovito_Sette-Stanze_08-1.jpg\" data-elementor-open-lightbox=\"yes\" data-elementor-lightbox-slideshow=\"4786482\" data-elementor-lightbox-title=\"MCArte_Andrea-Mastrovito_Sette-Stanze_08.jpg\" data-e-action-hash=\"#elementor-action%3Aaction%3Dlightbox%26settings%3DeyJpZCI6MTIzOTUsInVybCI6Imh0dHBzOlwvXC93d3cuZ2FsbGVyaWFtYXJjYWNvcm9uYS5jb21cL3dwLWNvbnRlbnRcL3VwbG9hZHNcLzIwMjVcLzEwXC9NQ0FydGVfQW5kcmVhLU1hc3Ryb3ZpdG9fU2V0dGUtU3RhbnplXzA4LTEuanBnIiwic2xpZGVzaG93IjoiNDc4NjQ4MiJ9\">\n\t\t\t\t\t<div class=\"e-gallery-image elementor-gallery-item__image\" data-thumbnail=\"https:\/\/www.galleriamarcacorona.com\/wp-content\/uploads\/2025\/10\/MCArte_Andrea-Mastrovito_Sette-Stanze_08-1-300x200.jpg\" data-width=\"300\" data-height=\"200\" aria-label=\"\" role=\"img\" ><\/div>\n\t\t\t\t\t\t\t\t\t\t\t<div class=\"elementor-gallery-item__overlay\"><\/div>\n\t\t\t\t\t\t\t\t\t\t\t\t\t\t<\/a>\n\t\t\t\t\t\t\t<a class=\"e-gallery-item elementor-gallery-item elementor-animated-content\" href=\"https:\/\/www.galleriamarcacorona.com\/wp-content\/uploads\/2025\/10\/MCArte_Andrea-Mastrovito_Sette-Stanze_09-1.jpg\" data-elementor-open-lightbox=\"yes\" data-elementor-lightbox-slideshow=\"4786482\" data-elementor-lightbox-title=\"MCArte_Andrea-Mastrovito_Sette-Stanze_09.jpg\" data-e-action-hash=\"#elementor-action%3Aaction%3Dlightbox%26settings%3DeyJpZCI6MTI0MTMsInVybCI6Imh0dHBzOlwvXC93d3cuZ2FsbGVyaWFtYXJjYWNvcm9uYS5jb21cL3dwLWNvbnRlbnRcL3VwbG9hZHNcLzIwMjVcLzEwXC9NQ0FydGVfQW5kcmVhLU1hc3Ryb3ZpdG9fU2V0dGUtU3RhbnplXzA5LTEuanBnIiwic2xpZGVzaG93IjoiNDc4NjQ4MiJ9\">\n\t\t\t\t\t<div class=\"e-gallery-image elementor-gallery-item__image\" data-thumbnail=\"https:\/\/www.galleriamarcacorona.com\/wp-content\/uploads\/2025\/10\/MCArte_Andrea-Mastrovito_Sette-Stanze_09-1-300x200.jpg\" data-width=\"300\" data-height=\"200\" aria-label=\"\" role=\"img\" ><\/div>\n\t\t\t\t\t\t\t\t\t\t\t<div class=\"elementor-gallery-item__overlay\"><\/div>\n\t\t\t\t\t\t\t\t\t\t\t\t\t\t<\/a>\n\t\t\t\t\t\t\t<a class=\"e-gallery-item elementor-gallery-item elementor-animated-content\" href=\"https:\/\/www.galleriamarcacorona.com\/wp-content\/uploads\/2025\/10\/MCArte_Andrea-Mastrovito_Sette-Stanze_10-1.jpg\" data-elementor-open-lightbox=\"yes\" data-elementor-lightbox-slideshow=\"4786482\" data-elementor-lightbox-title=\"MCArte_Andrea-Mastrovito_Sette-Stanze_10.jpg\" data-e-action-hash=\"#elementor-action%3Aaction%3Dlightbox%26settings%3DeyJpZCI6MTI0MzcsInVybCI6Imh0dHBzOlwvXC93d3cuZ2FsbGVyaWFtYXJjYWNvcm9uYS5jb21cL3dwLWNvbnRlbnRcL3VwbG9hZHNcLzIwMjVcLzEwXC9NQ0FydGVfQW5kcmVhLU1hc3Ryb3ZpdG9fU2V0dGUtU3RhbnplXzEwLTEuanBnIiwic2xpZGVzaG93IjoiNDc4NjQ4MiJ9\">\n\t\t\t\t\t<div class=\"e-gallery-image elementor-gallery-item__image\" data-thumbnail=\"https:\/\/www.galleriamarcacorona.com\/wp-content\/uploads\/2025\/10\/MCArte_Andrea-Mastrovito_Sette-Stanze_10-1-300x200.jpg\" data-width=\"300\" data-height=\"200\" aria-label=\"\" role=\"img\" ><\/div>\n\t\t\t\t\t\t\t\t\t\t\t<div class=\"elementor-gallery-item__overlay\"><\/div>\n\t\t\t\t\t\t\t\t\t\t\t\t\t\t<\/a>\n\t\t\t\t\t\t\t<a class=\"e-gallery-item elementor-gallery-item elementor-animated-content\" href=\"https:\/\/www.galleriamarcacorona.com\/wp-content\/uploads\/2025\/10\/MCArte_Andrea-Mastrovito_Sette-Stanze_11-1.jpg\" data-elementor-open-lightbox=\"yes\" data-elementor-lightbox-slideshow=\"4786482\" data-elementor-lightbox-title=\"MCArte_Andrea-Mastrovito_Sette-Stanze_11.jpg\" data-e-action-hash=\"#elementor-action%3Aaction%3Dlightbox%26settings%3DeyJpZCI6MTI0NTUsInVybCI6Imh0dHBzOlwvXC93d3cuZ2FsbGVyaWFtYXJjYWNvcm9uYS5jb21cL3dwLWNvbnRlbnRcL3VwbG9hZHNcLzIwMjVcLzEwXC9NQ0FydGVfQW5kcmVhLU1hc3Ryb3ZpdG9fU2V0dGUtU3RhbnplXzExLTEuanBnIiwic2xpZGVzaG93IjoiNDc4NjQ4MiJ9\">\n\t\t\t\t\t<div class=\"e-gallery-image elementor-gallery-item__image\" data-thumbnail=\"https:\/\/www.galleriamarcacorona.com\/wp-content\/uploads\/2025\/10\/MCArte_Andrea-Mastrovito_Sette-Stanze_11-1-200x300.jpg\" data-width=\"200\" data-height=\"300\" aria-label=\"\" role=\"img\" ><\/div>\n\t\t\t\t\t\t\t\t\t\t\t<div class=\"elementor-gallery-item__overlay\"><\/div>\n\t\t\t\t\t\t\t\t\t\t\t\t\t\t<\/a>\n\t\t\t\t\t\t\t<a class=\"e-gallery-item elementor-gallery-item elementor-animated-content\" href=\"https:\/\/www.galleriamarcacorona.com\/wp-content\/uploads\/2025\/10\/MCArte_Andrea-Mastrovito_Sette-Stanze_12-1.jpg\" data-elementor-open-lightbox=\"yes\" data-elementor-lightbox-slideshow=\"4786482\" data-elementor-lightbox-title=\"MCArte_Andrea-Mastrovito_Sette-Stanze_12.jpg\" data-e-action-hash=\"#elementor-action%3Aaction%3Dlightbox%26settings%3DeyJpZCI6MTI0NzksInVybCI6Imh0dHBzOlwvXC93d3cuZ2FsbGVyaWFtYXJjYWNvcm9uYS5jb21cL3dwLWNvbnRlbnRcL3VwbG9hZHNcLzIwMjVcLzEwXC9NQ0FydGVfQW5kcmVhLU1hc3Ryb3ZpdG9fU2V0dGUtU3RhbnplXzEyLTEuanBnIiwic2xpZGVzaG93IjoiNDc4NjQ4MiJ9\">\n\t\t\t\t\t<div class=\"e-gallery-image elementor-gallery-item__image\" data-thumbnail=\"https:\/\/www.galleriamarcacorona.com\/wp-content\/uploads\/2025\/10\/MCArte_Andrea-Mastrovito_Sette-Stanze_12-1-200x300.jpg\" data-width=\"200\" data-height=\"300\" aria-label=\"\" role=\"img\" ><\/div>\n\t\t\t\t\t\t\t\t\t\t\t<div class=\"elementor-gallery-item__overlay\"><\/div>\n\t\t\t\t\t\t\t\t\t\t\t\t\t\t<\/a>\n\t\t\t\t\t<\/div>\n\t\t\t<\/div>\n\t\t\t\t<\/div>\n\t\t\t\t\t<\/div>\n\t\t\t\t<\/div>\n\t\t\t\t\t<\/div>\n\t\t\t\t<\/div>\n\t\t\t\t\t<\/div>\n\t\t\t\t<\/div>\n\t\t\t\t\t<\/div>\n\t\t\t\t<\/div>\n\t\t\t\t\t\t\t<\/div>\n\t\t","protected":false},"excerpt":{"rendered":"<p>Bei der Entscheidung, wer das Agnus Dei der Sagrada Familia in Barcelona gestalten solle, fiel die Wahl auf den weltbekannten K\u00fcnstler und Maler Andrea Mastrovito. Am 19. September kommen die Werke dieses K\u00fcnstlers nach Sassuolo und werden exklusiv im Palazzo Ducale ausgestellt.<\/p>\n","protected":false},"author":1,"featured_media":10895,"comment_status":"open","ping_status":"open","sticky":false,"template":"","format":"standard","meta":{"site-sidebar-layout":"default","site-content-layout":"default","ast-global-header-display":"","ast-main-header-display":"","ast-hfb-above-header-display":"","ast-hfb-below-header-display":"","ast-hfb-mobile-header-display":"","site-post-title":"","ast-breadcrumbs-content":"","ast-featured-img":"","footer-sml-layout":"","theme-transparent-header-meta":"","adv-header-id-meta":"","stick-header-meta":"","header-above-stick-meta":"","header-main-stick-meta":"","header-below-stick-meta":""},"categories":[14],"tags":[],"acf":[],"yoast_head":"<!-- This site is optimized with the Yoast SEO plugin v20.12 - https:\/\/yoast.com\/wordpress\/plugins\/seo\/ -->\n<title>Mit dem Philosophie-Festival \u201aFestival Filosofia 2025\u2018 beginnt die neue Ausstellung von Andrea Mastrovito im Palazzo Ducale von Sassuolo - Galleria Marca Corona<\/title>\n<meta name=\"description\" content=\"19.-21.09.2025: Sie k\u00f6nnen zeitgleich zum Festival Filosofia die Ausstellung von Andrea Mastrovito im Palazzo Ducale in Sassuolo besuchen. Mehr erfahren\" \/>\n<meta name=\"robots\" content=\"index, follow, max-snippet:-1, max-image-preview:large, max-video-preview:-1\" \/>\n<link rel=\"canonical\" href=\"https:\/\/www.galleriamarcacorona.com\/de\/mit-dem-philosophie-festival-festival-filosofia-2025-beginnt-die-neue-ausstellung-von-andrea-mastrovito-im-palazzo-ducale-von-sassuolo\/\" \/>\n<meta property=\"og:locale\" content=\"de_DE\" \/>\n<meta property=\"og:type\" content=\"article\" \/>\n<meta property=\"og:title\" content=\"Mit dem Philosophie-Festival \u201aFestival Filosofia 2025\u2018 beginnt die neue Ausstellung von Andrea Mastrovito im Palazzo Ducale von Sassuolo - Galleria Marca Corona\" \/>\n<meta property=\"og:description\" content=\"19.-21.09.2025: Sie k\u00f6nnen zeitgleich zum Festival Filosofia die Ausstellung von Andrea Mastrovito im Palazzo Ducale in Sassuolo besuchen. Mehr erfahren\" \/>\n<meta property=\"og:url\" content=\"https:\/\/www.galleriamarcacorona.com\/de\/mit-dem-philosophie-festival-festival-filosofia-2025-beginnt-die-neue-ausstellung-von-andrea-mastrovito-im-palazzo-ducale-von-sassuolo\/\" \/>\n<meta property=\"og:site_name\" content=\"Galleria Marca Corona\" \/>\n<meta property=\"article:published_time\" content=\"2025-09-08T10:45:41+00:00\" \/>\n<meta property=\"article:modified_time\" content=\"2025-10-08T12:17:11+00:00\" \/>\n<meta property=\"og:image\" content=\"https:\/\/www.galleriamarcacorona.com\/wp-content\/uploads\/2025\/09\/MCARTE_MASTROVITO_MOSTRA_BANNER_1300X800.jpg\" \/>\n\t<meta property=\"og:image:width\" content=\"1300\" \/>\n\t<meta property=\"og:image:height\" content=\"800\" \/>\n\t<meta property=\"og:image:type\" content=\"image\/jpeg\" \/>\n<meta name=\"author\" content=\"admin\" \/>\n<meta name=\"twitter:card\" content=\"summary_large_image\" \/>\n<meta name=\"twitter:label1\" content=\"Verfasst von\" \/>\n\t<meta name=\"twitter:data1\" content=\"admin\" \/>\n\t<meta name=\"twitter:label2\" content=\"Gesch\u00e4tzte Lesezeit\" \/>\n\t<meta name=\"twitter:data2\" content=\"6\u00a0Minuten\" \/>\n<script type=\"application\/ld+json\" class=\"yoast-schema-graph\">{\"@context\":\"https:\/\/schema.org\",\"@graph\":[{\"@type\":\"Article\",\"@id\":\"https:\/\/www.galleriamarcacorona.com\/de\/mit-dem-philosophie-festival-festival-filosofia-2025-beginnt-die-neue-ausstellung-von-andrea-mastrovito-im-palazzo-ducale-von-sassuolo\/#article\",\"isPartOf\":{\"@id\":\"https:\/\/www.galleriamarcacorona.com\/de\/mit-dem-philosophie-festival-festival-filosofia-2025-beginnt-die-neue-ausstellung-von-andrea-mastrovito-im-palazzo-ducale-von-sassuolo\/\"},\"author\":{\"name\":\"admin\",\"@id\":\"https:\/\/www.galleriamarcacorona.com\/de\/#\/schema\/person\/9854f3650eab7e4334e66d22de09296a\"},\"headline\":\"Mit dem Philosophie-Festival \u201aFestival Filosofia 2025\u2018 beginnt die neue Ausstellung von Andrea Mastrovito im Palazzo Ducale von Sassuolo\",\"datePublished\":\"2025-09-08T10:45:41+00:00\",\"dateModified\":\"2025-10-08T12:17:11+00:00\",\"mainEntityOfPage\":{\"@id\":\"https:\/\/www.galleriamarcacorona.com\/de\/mit-dem-philosophie-festival-festival-filosofia-2025-beginnt-die-neue-ausstellung-von-andrea-mastrovito-im-palazzo-ducale-von-sassuolo\/\"},\"wordCount\":1045,\"commentCount\":0,\"publisher\":{\"@id\":\"https:\/\/www.galleriamarcacorona.com\/de\/#organization\"},\"articleSection\":[\"Unkategorisiert\"],\"inLanguage\":\"de\",\"potentialAction\":[{\"@type\":\"CommentAction\",\"name\":\"Comment\",\"target\":[\"https:\/\/www.galleriamarcacorona.com\/de\/mit-dem-philosophie-festival-festival-filosofia-2025-beginnt-die-neue-ausstellung-von-andrea-mastrovito-im-palazzo-ducale-von-sassuolo\/#respond\"]}]},{\"@type\":\"WebPage\",\"@id\":\"https:\/\/www.galleriamarcacorona.com\/de\/mit-dem-philosophie-festival-festival-filosofia-2025-beginnt-die-neue-ausstellung-von-andrea-mastrovito-im-palazzo-ducale-von-sassuolo\/\",\"url\":\"https:\/\/www.galleriamarcacorona.com\/de\/mit-dem-philosophie-festival-festival-filosofia-2025-beginnt-die-neue-ausstellung-von-andrea-mastrovito-im-palazzo-ducale-von-sassuolo\/\",\"name\":\"Mit dem Philosophie-Festival \u201aFestival Filosofia 2025\u2018 beginnt die neue Ausstellung von Andrea Mastrovito im Palazzo Ducale von Sassuolo - Galleria Marca Corona\",\"isPartOf\":{\"@id\":\"https:\/\/www.galleriamarcacorona.com\/de\/#website\"},\"datePublished\":\"2025-09-08T10:45:41+00:00\",\"dateModified\":\"2025-10-08T12:17:11+00:00\",\"description\":\"19.-21.09.2025: Sie k\u00f6nnen zeitgleich zum Festival Filosofia die Ausstellung von Andrea Mastrovito im Palazzo Ducale in Sassuolo besuchen. Mehr erfahren\",\"breadcrumb\":{\"@id\":\"https:\/\/www.galleriamarcacorona.com\/de\/mit-dem-philosophie-festival-festival-filosofia-2025-beginnt-die-neue-ausstellung-von-andrea-mastrovito-im-palazzo-ducale-von-sassuolo\/#breadcrumb\"},\"inLanguage\":\"de\",\"potentialAction\":[{\"@type\":\"ReadAction\",\"target\":[\"https:\/\/www.galleriamarcacorona.com\/de\/mit-dem-philosophie-festival-festival-filosofia-2025-beginnt-die-neue-ausstellung-von-andrea-mastrovito-im-palazzo-ducale-von-sassuolo\/\"]}]},{\"@type\":\"BreadcrumbList\",\"@id\":\"https:\/\/www.galleriamarcacorona.com\/de\/mit-dem-philosophie-festival-festival-filosofia-2025-beginnt-die-neue-ausstellung-von-andrea-mastrovito-im-palazzo-ducale-von-sassuolo\/#breadcrumb\",\"itemListElement\":[{\"@type\":\"ListItem\",\"position\":1,\"name\":\"Home\",\"item\":\"https:\/\/www.galleriamarcacorona.com\/de\/\"},{\"@type\":\"ListItem\",\"position\":2,\"name\":\"Mit dem Philosophie-Festival \u201aFestival Filosofia 2025\u2018 beginnt die neue Ausstellung von Andrea Mastrovito im Palazzo Ducale von Sassuolo\"}]},{\"@type\":\"WebSite\",\"@id\":\"https:\/\/www.galleriamarcacorona.com\/de\/#website\",\"url\":\"https:\/\/www.galleriamarcacorona.com\/de\/\",\"name\":\"Galleria Marca Corona\",\"description\":\"\",\"publisher\":{\"@id\":\"https:\/\/www.galleriamarcacorona.com\/de\/#organization\"},\"potentialAction\":[{\"@type\":\"SearchAction\",\"target\":{\"@type\":\"EntryPoint\",\"urlTemplate\":\"https:\/\/www.galleriamarcacorona.com\/de\/?s={search_term_string}\"},\"query-input\":\"required name=search_term_string\"}],\"inLanguage\":\"de\"},{\"@type\":\"Organization\",\"@id\":\"https:\/\/www.galleriamarcacorona.com\/de\/#organization\",\"name\":\"Galleria Marca Corona\",\"url\":\"https:\/\/www.galleriamarcacorona.com\/de\/\",\"logo\":{\"@type\":\"ImageObject\",\"inLanguage\":\"de\",\"@id\":\"https:\/\/www.galleriamarcacorona.com\/de\/#\/schema\/logo\/image\/\",\"url\":\"https:\/\/www.galleriamarcacorona.com\/wp-content\/uploads\/2023\/05\/mc-galleria-logo-rgb-3200px.png\",\"contentUrl\":\"https:\/\/www.galleriamarcacorona.com\/wp-content\/uploads\/2023\/05\/mc-galleria-logo-rgb-3200px.png\",\"width\":3200,\"height\":1112,\"caption\":\"Galleria Marca Corona\"},\"image\":{\"@id\":\"https:\/\/www.galleriamarcacorona.com\/de\/#\/schema\/logo\/image\/\"}},{\"@type\":\"Person\",\"@id\":\"https:\/\/www.galleriamarcacorona.com\/de\/#\/schema\/person\/9854f3650eab7e4334e66d22de09296a\",\"name\":\"admin\",\"image\":{\"@type\":\"ImageObject\",\"inLanguage\":\"de\",\"@id\":\"https:\/\/www.galleriamarcacorona.com\/de\/#\/schema\/person\/image\/\",\"url\":\"https:\/\/secure.gravatar.com\/avatar\/45e04a838bba17ec5b51186bc6740fa4?s=96&d=mm&r=g\",\"contentUrl\":\"https:\/\/secure.gravatar.com\/avatar\/45e04a838bba17ec5b51186bc6740fa4?s=96&d=mm&r=g\",\"caption\":\"admin\"},\"sameAs\":[\"http:\/\/www.galleriamarcacorona.com\"],\"url\":\"https:\/\/www.galleriamarcacorona.com\/de\/author\/admin\/\"}]}<\/script>\n<!-- \/ Yoast SEO plugin. -->","yoast_head_json":{"title":"Mit dem Philosophie-Festival \u201aFestival Filosofia 2025\u2018 beginnt die neue Ausstellung von Andrea Mastrovito im Palazzo Ducale von Sassuolo - Galleria Marca Corona","description":"19.-21.09.2025: Sie k\u00f6nnen zeitgleich zum Festival Filosofia die Ausstellung von Andrea Mastrovito im Palazzo Ducale in Sassuolo besuchen. Mehr erfahren","robots":{"index":"index","follow":"follow","max-snippet":"max-snippet:-1","max-image-preview":"max-image-preview:large","max-video-preview":"max-video-preview:-1"},"canonical":"https:\/\/www.galleriamarcacorona.com\/de\/mit-dem-philosophie-festival-festival-filosofia-2025-beginnt-die-neue-ausstellung-von-andrea-mastrovito-im-palazzo-ducale-von-sassuolo\/","og_locale":"de_DE","og_type":"article","og_title":"Mit dem Philosophie-Festival \u201aFestival Filosofia 2025\u2018 beginnt die neue Ausstellung von Andrea Mastrovito im Palazzo Ducale von Sassuolo - Galleria Marca Corona","og_description":"19.-21.09.2025: Sie k\u00f6nnen zeitgleich zum Festival Filosofia die Ausstellung von Andrea Mastrovito im Palazzo Ducale in Sassuolo besuchen. Mehr erfahren","og_url":"https:\/\/www.galleriamarcacorona.com\/de\/mit-dem-philosophie-festival-festival-filosofia-2025-beginnt-die-neue-ausstellung-von-andrea-mastrovito-im-palazzo-ducale-von-sassuolo\/","og_site_name":"Galleria Marca Corona","article_published_time":"2025-09-08T10:45:41+00:00","article_modified_time":"2025-10-08T12:17:11+00:00","og_image":[{"width":1300,"height":800,"url":"https:\/\/www.galleriamarcacorona.com\/wp-content\/uploads\/2025\/09\/MCARTE_MASTROVITO_MOSTRA_BANNER_1300X800.jpg","type":"image\/jpeg"}],"author":"admin","twitter_card":"summary_large_image","twitter_misc":{"Verfasst von":"admin","Gesch\u00e4tzte Lesezeit":"6\u00a0Minuten"},"schema":{"@context":"https:\/\/schema.org","@graph":[{"@type":"Article","@id":"https:\/\/www.galleriamarcacorona.com\/de\/mit-dem-philosophie-festival-festival-filosofia-2025-beginnt-die-neue-ausstellung-von-andrea-mastrovito-im-palazzo-ducale-von-sassuolo\/#article","isPartOf":{"@id":"https:\/\/www.galleriamarcacorona.com\/de\/mit-dem-philosophie-festival-festival-filosofia-2025-beginnt-die-neue-ausstellung-von-andrea-mastrovito-im-palazzo-ducale-von-sassuolo\/"},"author":{"name":"admin","@id":"https:\/\/www.galleriamarcacorona.com\/de\/#\/schema\/person\/9854f3650eab7e4334e66d22de09296a"},"headline":"Mit dem Philosophie-Festival \u201aFestival Filosofia 2025\u2018 beginnt die neue Ausstellung von Andrea Mastrovito im Palazzo Ducale von Sassuolo","datePublished":"2025-09-08T10:45:41+00:00","dateModified":"2025-10-08T12:17:11+00:00","mainEntityOfPage":{"@id":"https:\/\/www.galleriamarcacorona.com\/de\/mit-dem-philosophie-festival-festival-filosofia-2025-beginnt-die-neue-ausstellung-von-andrea-mastrovito-im-palazzo-ducale-von-sassuolo\/"},"wordCount":1045,"commentCount":0,"publisher":{"@id":"https:\/\/www.galleriamarcacorona.com\/de\/#organization"},"articleSection":["Unkategorisiert"],"inLanguage":"de","potentialAction":[{"@type":"CommentAction","name":"Comment","target":["https:\/\/www.galleriamarcacorona.com\/de\/mit-dem-philosophie-festival-festival-filosofia-2025-beginnt-die-neue-ausstellung-von-andrea-mastrovito-im-palazzo-ducale-von-sassuolo\/#respond"]}]},{"@type":"WebPage","@id":"https:\/\/www.galleriamarcacorona.com\/de\/mit-dem-philosophie-festival-festival-filosofia-2025-beginnt-die-neue-ausstellung-von-andrea-mastrovito-im-palazzo-ducale-von-sassuolo\/","url":"https:\/\/www.galleriamarcacorona.com\/de\/mit-dem-philosophie-festival-festival-filosofia-2025-beginnt-die-neue-ausstellung-von-andrea-mastrovito-im-palazzo-ducale-von-sassuolo\/","name":"Mit dem Philosophie-Festival \u201aFestival Filosofia 2025\u2018 beginnt die neue Ausstellung von Andrea Mastrovito im Palazzo Ducale von Sassuolo - Galleria Marca Corona","isPartOf":{"@id":"https:\/\/www.galleriamarcacorona.com\/de\/#website"},"datePublished":"2025-09-08T10:45:41+00:00","dateModified":"2025-10-08T12:17:11+00:00","description":"19.-21.09.2025: Sie k\u00f6nnen zeitgleich zum Festival Filosofia die Ausstellung von Andrea Mastrovito im Palazzo Ducale in Sassuolo besuchen. Mehr erfahren","breadcrumb":{"@id":"https:\/\/www.galleriamarcacorona.com\/de\/mit-dem-philosophie-festival-festival-filosofia-2025-beginnt-die-neue-ausstellung-von-andrea-mastrovito-im-palazzo-ducale-von-sassuolo\/#breadcrumb"},"inLanguage":"de","potentialAction":[{"@type":"ReadAction","target":["https:\/\/www.galleriamarcacorona.com\/de\/mit-dem-philosophie-festival-festival-filosofia-2025-beginnt-die-neue-ausstellung-von-andrea-mastrovito-im-palazzo-ducale-von-sassuolo\/"]}]},{"@type":"BreadcrumbList","@id":"https:\/\/www.galleriamarcacorona.com\/de\/mit-dem-philosophie-festival-festival-filosofia-2025-beginnt-die-neue-ausstellung-von-andrea-mastrovito-im-palazzo-ducale-von-sassuolo\/#breadcrumb","itemListElement":[{"@type":"ListItem","position":1,"name":"Home","item":"https:\/\/www.galleriamarcacorona.com\/de\/"},{"@type":"ListItem","position":2,"name":"Mit dem Philosophie-Festival \u201aFestival Filosofia 2025\u2018 beginnt die neue Ausstellung von Andrea Mastrovito im Palazzo Ducale von Sassuolo"}]},{"@type":"WebSite","@id":"https:\/\/www.galleriamarcacorona.com\/de\/#website","url":"https:\/\/www.galleriamarcacorona.com\/de\/","name":"Galleria Marca Corona","description":"","publisher":{"@id":"https:\/\/www.galleriamarcacorona.com\/de\/#organization"},"potentialAction":[{"@type":"SearchAction","target":{"@type":"EntryPoint","urlTemplate":"https:\/\/www.galleriamarcacorona.com\/de\/?s={search_term_string}"},"query-input":"required name=search_term_string"}],"inLanguage":"de"},{"@type":"Organization","@id":"https:\/\/www.galleriamarcacorona.com\/de\/#organization","name":"Galleria Marca Corona","url":"https:\/\/www.galleriamarcacorona.com\/de\/","logo":{"@type":"ImageObject","inLanguage":"de","@id":"https:\/\/www.galleriamarcacorona.com\/de\/#\/schema\/logo\/image\/","url":"https:\/\/www.galleriamarcacorona.com\/wp-content\/uploads\/2023\/05\/mc-galleria-logo-rgb-3200px.png","contentUrl":"https:\/\/www.galleriamarcacorona.com\/wp-content\/uploads\/2023\/05\/mc-galleria-logo-rgb-3200px.png","width":3200,"height":1112,"caption":"Galleria Marca Corona"},"image":{"@id":"https:\/\/www.galleriamarcacorona.com\/de\/#\/schema\/logo\/image\/"}},{"@type":"Person","@id":"https:\/\/www.galleriamarcacorona.com\/de\/#\/schema\/person\/9854f3650eab7e4334e66d22de09296a","name":"admin","image":{"@type":"ImageObject","inLanguage":"de","@id":"https:\/\/www.galleriamarcacorona.com\/de\/#\/schema\/person\/image\/","url":"https:\/\/secure.gravatar.com\/avatar\/45e04a838bba17ec5b51186bc6740fa4?s=96&d=mm&r=g","contentUrl":"https:\/\/secure.gravatar.com\/avatar\/45e04a838bba17ec5b51186bc6740fa4?s=96&d=mm&r=g","caption":"admin"},"sameAs":["http:\/\/www.galleriamarcacorona.com"],"url":"https:\/\/www.galleriamarcacorona.com\/de\/author\/admin\/"}]}},"_links":{"self":[{"href":"https:\/\/www.galleriamarcacorona.com\/de\/wp-json\/wp\/v2\/posts\/11417"}],"collection":[{"href":"https:\/\/www.galleriamarcacorona.com\/de\/wp-json\/wp\/v2\/posts"}],"about":[{"href":"https:\/\/www.galleriamarcacorona.com\/de\/wp-json\/wp\/v2\/types\/post"}],"author":[{"embeddable":true,"href":"https:\/\/www.galleriamarcacorona.com\/de\/wp-json\/wp\/v2\/users\/1"}],"replies":[{"embeddable":true,"href":"https:\/\/www.galleriamarcacorona.com\/de\/wp-json\/wp\/v2\/comments?post=11417"}],"version-history":[{"count":8,"href":"https:\/\/www.galleriamarcacorona.com\/de\/wp-json\/wp\/v2\/posts\/11417\/revisions"}],"predecessor-version":[{"id":12520,"href":"https:\/\/www.galleriamarcacorona.com\/de\/wp-json\/wp\/v2\/posts\/11417\/revisions\/12520"}],"wp:featuredmedia":[{"embeddable":true,"href":"https:\/\/www.galleriamarcacorona.com\/de\/wp-json\/wp\/v2\/media\/10895"}],"wp:attachment":[{"href":"https:\/\/www.galleriamarcacorona.com\/de\/wp-json\/wp\/v2\/media?parent=11417"}],"wp:term":[{"taxonomy":"category","embeddable":true,"href":"https:\/\/www.galleriamarcacorona.com\/de\/wp-json\/wp\/v2\/categories?post=11417"},{"taxonomy":"post_tag","embeddable":true,"href":"https:\/\/www.galleriamarcacorona.com\/de\/wp-json\/wp\/v2\/tags?post=11417"}],"curies":[{"name":"wp","href":"https:\/\/api.w.org\/{rel}","templated":true}]}}