{"id":2562,"date":"2023-06-13T19:24:41","date_gmt":"2023-06-13T19:24:41","guid":{"rendered":"https:\/\/galleria-mc.k8s.live.devhoop.com\/marca-corona-und-die-kunst-mit-jungen-menschen-ueber-unternehmenskultur-zu-sprechen\/"},"modified":"2023-07-18T12:16:15","modified_gmt":"2023-07-18T12:16:15","slug":"marca-corona-und-die-kunst-mit-jungen-menschen-ueber-unternehmenskultur-zu-sprechen","status":"publish","type":"post","link":"https:\/\/www.galleriamarcacorona.com\/de\/marca-corona-und-die-kunst-mit-jungen-menschen-ueber-unternehmenskultur-zu-sprechen\/","title":{"rendered":"Marca Corona und die Kunst, mit jungen Menschen \u00fcber Unternehmenskultur zu sprechen"},"content":{"rendered":"\t\t<div data-elementor-type=\"wp-post\" data-elementor-id=\"2562\" class=\"elementor elementor-2562 elementor-812\" data-elementor-post-type=\"post\">\n\t\t\t\t\t\t\t\t\t<section class=\"elementor-section elementor-top-section elementor-element elementor-element-715e6136 elementor-section-boxed elementor-section-height-default elementor-section-height-default\" data-id=\"715e6136\" data-element_type=\"section\">\n\t\t\t\t\t\t<div class=\"elementor-container elementor-column-gap-default\">\n\t\t\t\t\t<div class=\"elementor-column elementor-col-100 elementor-top-column elementor-element elementor-element-7ebb653a\" data-id=\"7ebb653a\" data-element_type=\"column\">\n\t\t\t<div class=\"elementor-widget-wrap elementor-element-populated\">\n\t\t\t\t\t\t\t\t<div class=\"elementor-element elementor-element-47ffdeb6 elementor-widget elementor-widget-text-editor\" data-id=\"47ffdeb6\" data-element_type=\"widget\" data-widget_type=\"text-editor.default\">\n\t\t\t\t<div class=\"elementor-widget-container\">\n\t\t\t<style>\/*! elementor - v3.14.0 - 26-06-2023 *\/\n.elementor-widget-text-editor.elementor-drop-cap-view-stacked .elementor-drop-cap{background-color:#69727d;color:#fff}.elementor-widget-text-editor.elementor-drop-cap-view-framed .elementor-drop-cap{color:#69727d;border:3px solid;background-color:transparent}.elementor-widget-text-editor:not(.elementor-drop-cap-view-default) .elementor-drop-cap{margin-top:8px}.elementor-widget-text-editor:not(.elementor-drop-cap-view-default) .elementor-drop-cap-letter{width:1em;height:1em}.elementor-widget-text-editor .elementor-drop-cap{float:left;text-align:center;line-height:1;font-size:50px}.elementor-widget-text-editor .elementor-drop-cap-letter{display:inline-block}<\/style>\t\t\t\t<p>Marca Corona nimmt an der 21. Ausgabe der\u00a0<strong>Settimana della Cultura d&#8217;Impresa [Woche der Unternehmenskultur]<\/strong>\u00a0teil, die von der Confindustria gef\u00f6rdert wird und sich besonders an junge Menschen richtet.\u00a0Das Thema der Ausgabe 2022 lautet:\u00a0\u201eA scuola d\u2019impresa\u201c [Wirtschaftsunterricht].\u00a0<\/p>\t\t\t\t\t\t<\/div>\n\t\t\t\t<\/div>\n\t\t\t\t\t<\/div>\n\t\t<\/div>\n\t\t\t\t\t\t\t<\/div>\n\t\t<\/section>\n\t\t\t\t<section class=\"elementor-section elementor-top-section elementor-element elementor-element-49f9395 elementor-section-boxed elementor-section-height-default elementor-section-height-default\" data-id=\"49f9395\" data-element_type=\"section\">\n\t\t\t\t\t\t<div class=\"elementor-container elementor-column-gap-default\">\n\t\t\t\t\t<div class=\"elementor-column elementor-col-100 elementor-top-column elementor-element elementor-element-395494a\" data-id=\"395494a\" data-element_type=\"column\">\n\t\t\t<div class=\"elementor-widget-wrap elementor-element-populated\">\n\t\t\t\t\t\t\t\t<div class=\"elementor-element elementor-element-9f8be5d elementor-widget elementor-widget-text-editor\" data-id=\"9f8be5d\" data-element_type=\"widget\" data-widget_type=\"text-editor.default\">\n\t\t\t\t<div class=\"elementor-widget-container\">\n\t\t\t\t\t\t\t<p>Zur Auslegung des Vorschlags von\u00a0<strong><a href=\"https:\/\/www.confindustria.it\/\" target=\"_blank\" rel=\"noopener\"><u>Confindustria<\/u><\/a><\/strong>\u00a0hat das Unternehmen aus Sassuolo zwei Schulklassen des Gymnasiums Liceo artistico Adolfo Venturi in Modena empfangen und ihnen die M\u00f6glichkeit gegeben, eine einzigartige p\u00e4dagogische und k\u00fcnstlerische Erfahrung mit dem K\u00fcnstler\u00a0<strong>Giuseppe Stampone<\/strong>\u00a0zu genie\u00dfen.\u00a0<\/p>\t\t\t\t\t\t<\/div>\n\t\t\t\t<\/div>\n\t\t\t\t\t<\/div>\n\t\t<\/div>\n\t\t\t\t\t\t\t<\/div>\n\t\t<\/section>\n\t\t<div class=\"elementor-element elementor-element-ddb6808 e-flex e-con-boxed e-con\" data-id=\"ddb6808\" data-element_type=\"container\" data-settings=\"{&quot;background_background&quot;:&quot;classic&quot;,&quot;content_width&quot;:&quot;boxed&quot;}\">\n\t\t\t\t\t<div class=\"e-con-inner\">\n\t\t<div class=\"elementor-element elementor-element-cf805a3 elementor-hidden-mobile e-flex e-con-boxed e-con\" data-id=\"cf805a3\" data-element_type=\"container\" data-settings=\"{&quot;content_width&quot;:&quot;boxed&quot;}\">\n\t\t\t\t\t<div class=\"e-con-inner\">\n\t\t\t\t<div class=\"elementor-element elementor-element-f94970a elementor-hidden-mobile elementor-widget elementor-widget-image\" data-id=\"f94970a\" data-element_type=\"widget\" data-widget_type=\"image.default\">\n\t\t\t\t<div class=\"elementor-widget-container\">\n\t\t\t<style>\/*! elementor - v3.14.0 - 26-06-2023 *\/\n.elementor-widget-image{text-align:center}.elementor-widget-image a{display:inline-block}.elementor-widget-image a img[src$=\".svg\"]{width:48px}.elementor-widget-image img{vertical-align:middle;display:inline-block}<\/style>\t\t\t\t\t\t\t\t\t\t\t\t<img decoding=\"async\" width=\"1300\" height=\"800\" src=\"https:\/\/www.galleriamarcacorona.com\/wp-content\/uploads\/2023\/06\/laboratori_global_education_lab.jpg\" class=\"attachment-full size-full wp-image-815\" alt=\"\" loading=\"lazy\" srcset=\"https:\/\/www.galleriamarcacorona.com\/wp-content\/uploads\/2023\/06\/laboratori_global_education_lab.jpg 1300w, https:\/\/www.galleriamarcacorona.com\/wp-content\/uploads\/2023\/06\/laboratori_global_education_lab-300x185.jpg 300w, https:\/\/www.galleriamarcacorona.com\/wp-content\/uploads\/2023\/06\/laboratori_global_education_lab-1024x630.jpg 1024w, https:\/\/www.galleriamarcacorona.com\/wp-content\/uploads\/2023\/06\/laboratori_global_education_lab-768x473.jpg 768w\" sizes=\"(max-width: 1300px) 100vw, 1300px\" \/>\t\t\t\t\t\t\t\t\t\t\t\t\t\t\t<\/div>\n\t\t\t\t<\/div>\n\t\t\t\t<div class=\"elementor-element elementor-element-569dbd3 elementor-hidden-mobile elementor-widget elementor-widget-image\" data-id=\"569dbd3\" data-element_type=\"widget\" data-widget_type=\"image.default\">\n\t\t\t\t<div class=\"elementor-widget-container\">\n\t\t\t\t\t\t\t\t\t\t\t\t\t\t\t<img decoding=\"async\" width=\"1400\" height=\"1050\" src=\"https:\/\/www.galleriamarcacorona.com\/wp-content\/uploads\/2023\/06\/labobratori_g8.jpg\" class=\"attachment-full size-full wp-image-857\" alt=\"\" loading=\"lazy\" srcset=\"https:\/\/www.galleriamarcacorona.com\/wp-content\/uploads\/2023\/06\/labobratori_g8.jpg 1400w, https:\/\/www.galleriamarcacorona.com\/wp-content\/uploads\/2023\/06\/labobratori_g8-300x225.jpg 300w, https:\/\/www.galleriamarcacorona.com\/wp-content\/uploads\/2023\/06\/labobratori_g8-1024x768.jpg 1024w, https:\/\/www.galleriamarcacorona.com\/wp-content\/uploads\/2023\/06\/labobratori_g8-768x576.jpg 768w\" sizes=\"(max-width: 1400px) 100vw, 1400px\" \/>\t\t\t\t\t\t\t\t\t\t\t\t\t\t\t<\/div>\n\t\t\t\t<\/div>\n\t\t\t\t\t<\/div>\n\t\t\t\t<\/div>\n\t\t<div class=\"elementor-element elementor-element-5ea2c7c e-flex e-con-boxed e-con\" data-id=\"5ea2c7c\" data-element_type=\"container\" data-settings=\"{&quot;content_width&quot;:&quot;boxed&quot;}\">\n\t\t\t\t\t<div class=\"e-con-inner\">\n\t\t<div class=\"elementor-element elementor-element-e4e3e0c e-flex e-con-boxed e-con\" data-id=\"e4e3e0c\" data-element_type=\"container\" data-settings=\"{&quot;content_width&quot;:&quot;boxed&quot;}\">\n\t\t\t\t\t<div class=\"e-con-inner\">\n\t\t\t\t<div class=\"elementor-element elementor-element-7a5c2d8 elementor-widget elementor-widget-heading\" data-id=\"7a5c2d8\" data-element_type=\"widget\" data-widget_type=\"heading.default\">\n\t\t\t\t<div class=\"elementor-widget-container\">\n\t\t\t<style>\/*! elementor - v3.14.0 - 26-06-2023 *\/\n.elementor-heading-title{padding:0;margin:0;line-height:1}.elementor-widget-heading .elementor-heading-title[class*=elementor-size-]>a{color:inherit;font-size:inherit;line-height:inherit}.elementor-widget-heading .elementor-heading-title.elementor-size-small{font-size:15px}.elementor-widget-heading .elementor-heading-title.elementor-size-medium{font-size:19px}.elementor-widget-heading .elementor-heading-title.elementor-size-large{font-size:29px}.elementor-widget-heading .elementor-heading-title.elementor-size-xl{font-size:39px}.elementor-widget-heading .elementor-heading-title.elementor-size-xxl{font-size:59px}<\/style><h3 class=\"elementor-heading-title elementor-size-default\">Die Global Education Labs, die die Jugendlichen am 10. und 11. November 2022 begonnen haben, wurden am 17. November mit der Pr\u00e4sentation ihres eigenen Buchstabierbuchs abgeschlossen.<\/h3>\t\t<\/div>\n\t\t\t\t<\/div>\n\t\t\t\t<div class=\"elementor-element elementor-element-5317759 elementor-widget elementor-widget-text-editor\" data-id=\"5317759\" data-element_type=\"widget\" data-widget_type=\"text-editor.default\">\n\t\t\t\t<div class=\"elementor-widget-container\">\n\t\t\t\t\t\t\t<p>Die Sch\u00fclerinnen und Sch\u00fcler wurden gebeten, die f\u00fcr sie repr\u00e4sentativsten W\u00f6rter aus der Welt und dem aktuellen Zeitgeschehen auszuw\u00e4hlen und sie einem von ihnen gezeichneten Bild zuzuordnen.\u00a0Das Ergebnis sind 21 Werke aus jeder Klasse, die den Ausstellungskatalog bereichern werden\u00a0<em><strong>Nel Blu Dipinto [Im blauen Gem\u00e4lde],\u00a0<\/strong><\/em>die dann in der\u00a0<strong><a href=\"https:\/\/www.marcacorona.it\/de\/firmenbereich\/galerie\/\" target=\"_blank\" rel=\"noopener\"><u>Galleria Marca Corona<\/u><\/a><\/strong>\u00a0ausgestellt werden.<\/p>\t\t\t\t\t\t<\/div>\n\t\t\t\t<\/div>\n\t\t\t\t<div class=\"elementor-element elementor-element-c6a144e elementor-widget elementor-widget-text-editor\" data-id=\"c6a144e\" data-element_type=\"widget\" data-widget_type=\"text-editor.default\">\n\t\t\t\t<div class=\"elementor-widget-container\">\n\t\t\t\t\t\t\t<p>W\u00f6rter wie Neugier, Eleganz, Inspiration, Qualit\u00e4t, Hoffnung, Tradition, Leben wurden neben sehr aktuellen Begriffen wie Zerbrechlichkeit, Hilfe, Illusion, Karma, Nationalit\u00e4t, Besessenheit, Angst, Bedauern, Spiegelung, Fremdenfeindlichkeit platziert, was zeigt, dass die J\u00fcngsten bereits eine Sensibilit\u00e4t und ein Bewusstsein f\u00fcr die Schwierigkeiten der Gesellschaft entwickelt haben.\u00a0<\/p><p>Die Workshops gehen auf den Weg zur\u00fcck, der mit der Ausstellung von Giuseppe Stampone\u00a0<strong><a href=\"https:\/\/www.marcacorona.it\/de\/news-trends\/design-trends\/nel-blu-dipinto-die-galerie-marca-corona-prasentoert-die-werke-von-giuseppe-stampone\/\" target=\"_blank\" rel=\"noopener\"><u><em>Nel Blu Dipinto [Im blauen Gem\u00e4lde]<\/em><\/u><\/a><\/strong>\u00a0derzeit in der Galerie Marca Corona zu sehen, wo neben einigen historischen Werken des K\u00fcnstlers auch das Abbecedario d&#8217;artista [Buchstabierbuch des K\u00fcnstlers] ausgestellt wird, das er zusammen mit Mitarbeitern von Marca Corona geschaffen hat.\u00a0<\/p>\t\t\t\t\t\t<\/div>\n\t\t\t\t<\/div>\n\t\t\t\t<div class=\"elementor-element elementor-element-6aa010c elementor-widget elementor-widget-text-editor\" data-id=\"6aa010c\" data-element_type=\"widget\" data-widget_type=\"text-editor.default\">\n\t\t\t\t<div class=\"elementor-widget-container\">\n\t\t\t\t\t\t\t<p>Giuseppe Stampone ist nicht nur ein au\u00dfergew\u00f6hnlicher Zeichner, sondern auch einer der bekanntesten italienischen K\u00fcnstler f\u00fcr seine kontinuierliche Forschung und Konzeption von Projekten, die f\u00fcr und mit der Gemeinschaft entwickelt werden.<\/p><p>Anl\u00e4sslich seiner Workshps bei Marca Corona wurden 21 W\u00f6rter hervorgehoben, die\u00a0<strong>eine visuelle Momentaufnahme der Werte des geschichtstr\u00e4chtigsten Unternehmens des Bezirks<\/strong>darstellen, repr\u00e4sentiert durch die meisterhaft konzipierten Bilder, die mit dem ikonischen &#8211; und manchmal ironischen &#8211; Bic Kugelschreiber \u201eStampone Blau\u201c realisiert wurden.<\/p><p>Die Gegen\u00fcberstellung der Werke von Stampone, die die kollektive Identit\u00e4t von Marca Corona widerspiegeln, mit dem Vokabular und den Perspektiven der jungen Menschen festigt und st\u00e4rkt das Engagement des Unternehmens, eine Br\u00fccke zwischen gestern &#8211; der Galerie &#8211; heute &#8211; den Sprechern des K\u00fcnstlers &#8211; und morgen &#8211; den neuen Generationen, die das Gebiet in naher Zukunft bewohnen werden &#8211; zu schlagen.<\/p>\t\t\t\t\t\t<\/div>\n\t\t\t\t<\/div>\n\t\t\t\t\t<\/div>\n\t\t\t\t<\/div>\n\t\t\t\t\t<\/div>\n\t\t\t\t<\/div>\n\t\t\t\t\t<\/div>\n\t\t\t\t<\/div>\n\t\t<div class=\"elementor-element elementor-element-48e4ce9 e-flex e-con-boxed e-con\" data-id=\"48e4ce9\" data-element_type=\"container\" data-settings=\"{&quot;content_width&quot;:&quot;boxed&quot;}\">\n\t\t\t\t\t<div class=\"e-con-inner\">\n\t\t<div class=\"elementor-element elementor-element-ffaea51 e-con-full e-flex e-con\" data-id=\"ffaea51\" data-element_type=\"container\" data-settings=\"{&quot;content_width&quot;:&quot;full&quot;}\">\n\t\t\t\t<div class=\"elementor-element elementor-element-f69459d elementor-widget elementor-widget-image\" data-id=\"f69459d\" data-element_type=\"widget\" data-widget_type=\"image.default\">\n\t\t\t\t<div class=\"elementor-widget-container\">\n\t\t\t\t\t\t\t\t\t\t\t\t\t\t\t<img decoding=\"async\" width=\"768\" height=\"1364\" src=\"https:\/\/www.galleriamarcacorona.com\/wp-content\/uploads\/2023\/06\/global21-768x1364.jpg\" class=\"attachment-medium_large size-medium_large wp-image-841\" alt=\"\" loading=\"lazy\" srcset=\"https:\/\/www.galleriamarcacorona.com\/wp-content\/uploads\/2023\/06\/global21-768x1364.jpg 768w, https:\/\/www.galleriamarcacorona.com\/wp-content\/uploads\/2023\/06\/global21-169x300.jpg 169w, https:\/\/www.galleriamarcacorona.com\/wp-content\/uploads\/2023\/06\/global21-576x1024.jpg 576w, https:\/\/www.galleriamarcacorona.com\/wp-content\/uploads\/2023\/06\/global21.jpg 788w\" sizes=\"(max-width: 768px) 100vw, 768px\" \/>\t\t\t\t\t\t\t\t\t\t\t\t\t\t\t<\/div>\n\t\t\t\t<\/div>\n\t\t\t\t<\/div>\n\t\t<div class=\"elementor-element elementor-element-9929325 e-con-full e-flex e-con\" data-id=\"9929325\" data-element_type=\"container\" data-settings=\"{&quot;content_width&quot;:&quot;full&quot;}\">\n\t\t\t\t<div class=\"elementor-element elementor-element-0336aff elementor-widget elementor-widget-text-editor\" data-id=\"0336aff\" data-element_type=\"widget\" data-widget_type=\"text-editor.default\">\n\t\t\t\t<div class=\"elementor-widget-container\">\n\t\t\t\t\t\t\t<p>Die von den Venturi-Schulklassen erstellten Buchstabierb\u00fccher werden auch in den offiziellen Katalog der Ausstellung aufgenommen und bieten den Kindern eine wichtige B\u00fchne und eine erste k\u00fcnstlerische Publikation, die f\u00fcr die Zukunft der jungen K\u00fcnstler von gro\u00dfem Wert ist.<\/p><p>Diese\u00a0<strong>p\u00e4dagogische<\/strong>\u00a0Absicht ,<strong>\u00a0die Kultur der Bildung zu f\u00f6rdern<\/strong>\u00a0und den jungen Menschen universelle und identit\u00e4tsstiftende Werte zu vermitteln, ist f\u00fcr Marca Corona nichts Neues.\u00a0Seit 2021 ist die Galerie des Unternehmens Teil des Museimpresa-Netzwerks und tr\u00e4gt mit Initiativen, die der Gemeinschaft und den neuen Generationen nahe stehen, zur Verbreitung der Unternehmensgeschichte unseres Landes bei.<\/p><p>Bereits im vergangenen Jahr nahm das Unternehmen an dem Projekt\u00a0<em>\u201eNel tempo di una storia\u201c [In der Zeit einer Geschichte]\u00a0<\/em>teil, das von\u00a0<strong><a href=\"https:\/\/www.assolombarda.it\/\" target=\"_blank\" rel=\"noopener\"><u>Assolombarda<\/u><\/a><\/strong>\u00a0und\u00a0<strong><a href=\"https:\/\/museimpresa.com\/\" target=\"_blank\" rel=\"noopener\"><u>Museimpresa<\/u><\/a><\/strong>\u00a0mit dem Fotografen Simone Bramante, auch bekannt als Brahmino, durchgef\u00fchrt wurde, und die bei den BEA &#8211; Best Event Awards 2021 den ersten Platz in der Kategorie Bildungs-\/Schulungsveranstaltungen gewann.<\/p>\t\t\t\t\t\t<\/div>\n\t\t\t\t<\/div>\n\t\t\t\t<div class=\"elementor-element elementor-element-e8142a4 elementor-widget elementor-widget-text-editor\" data-id=\"e8142a4\" data-element_type=\"widget\" data-widget_type=\"text-editor.default\">\n\t\t\t\t<div class=\"elementor-widget-container\">\n\t\t\t\t\t\t\t<p>Der Ansatz des Global Education von Stampone findet daher seinen fruchtbarsten Boden in Marca Corona, und dieser Vorschlag f\u00fcr Schulen zeigt seine Berufung, neue Instrumente zum Verst\u00e4ndnis und zur Bew\u00e4ltigung der kommenden wirtschaftlichen und sozialen Ver\u00e4nderungen zu liefern, ausgehend von den Werten der Vergangenheit und den Herausforderungen der Gegenwart, indem<strong>\u00a0ein\u00a0<\/strong><em><strong>trait d&#8217;union<\/strong><\/em><strong>\u00a0zwischen Kultur und Innovation<\/strong>\u00a0geschaffen wird.<\/p>\t\t\t\t\t\t<\/div>\n\t\t\t\t<\/div>\n\t\t\t\t<\/div>\n\t\t\t\t\t<\/div>\n\t\t\t\t<\/div>\n\t\t<div class=\"elementor-element elementor-element-9f5f617 e-flex e-con-boxed e-con\" data-id=\"9f5f617\" data-element_type=\"container\" data-settings=\"{&quot;background_background&quot;:&quot;classic&quot;,&quot;content_width&quot;:&quot;boxed&quot;}\">\n\t\t\t\t\t<div class=\"e-con-inner\">\n\t\t<div class=\"elementor-element elementor-element-9355d8b e-flex e-con-boxed e-con\" data-id=\"9355d8b\" data-element_type=\"container\" data-settings=\"{&quot;content_width&quot;:&quot;boxed&quot;}\">\n\t\t\t\t\t<div class=\"e-con-inner\">\n\t\t<div class=\"elementor-element elementor-element-9353953 e-flex e-con-boxed e-con\" data-id=\"9353953\" data-element_type=\"container\" data-settings=\"{&quot;content_width&quot;:&quot;boxed&quot;}\">\n\t\t\t\t\t<div class=\"e-con-inner\">\n\t\t\t\t<div class=\"elementor-element elementor-element-d554bbc elementor-widget elementor-widget-text-editor\" data-id=\"d554bbc\" data-element_type=\"widget\" data-widget_type=\"text-editor.default\">\n\t\t\t\t<div class=\"elementor-widget-container\">\n\t\t\t\t\t\t\t<strong>Nel Blu Dipinto ist ein Projekt von R&#038;P Contemporary Art f\u00fcr Marca Corona unter der Schirmherrschaft der Stadtverwaltung von Sassuolo<\/strong>.\n\nDie Ausstellung kann bis zum 31. Januar 2023 von Montag bis Freitag (8:30-12:30 und 14:30-18:30) in der Galleria Marca Corona, Via Emilia-Romagna 7, Sassuolo, Modena, besucht werden.\t\t\t\t\t\t<\/div>\n\t\t\t\t<\/div>\n\t\t\t\t\t<\/div>\n\t\t\t\t<\/div>\n\t\t\t\t\t<\/div>\n\t\t\t\t<\/div>\n\t\t\t\t\t<\/div>\n\t\t\t\t<\/div>\n\t\t<div class=\"elementor-element elementor-element-f92a282 e-flex e-con-boxed e-con\" data-id=\"f92a282\" data-element_type=\"container\" data-settings=\"{&quot;background_background&quot;:&quot;classic&quot;,&quot;content_width&quot;:&quot;boxed&quot;}\">\n\t\t\t\t\t<div class=\"e-con-inner\">\n\t\t<div class=\"elementor-element elementor-element-6f0d256 e-flex e-con-boxed e-con\" data-id=\"6f0d256\" data-element_type=\"container\" data-settings=\"{&quot;content_width&quot;:&quot;boxed&quot;}\">\n\t\t\t\t\t<div class=\"e-con-inner\">\n\t\t<div class=\"elementor-element elementor-element-b418e09 e-flex e-con-boxed e-con\" data-id=\"b418e09\" data-element_type=\"container\" data-settings=\"{&quot;content_width&quot;:&quot;boxed&quot;}\">\n\t\t\t\t\t<div class=\"e-con-inner\">\n\t\t\t\t<div class=\"elementor-element elementor-element-b5557f4 elementor-widget elementor-widget-gallery\" data-id=\"b5557f4\" data-element_type=\"widget\" data-settings=\"{&quot;columns&quot;:8,&quot;lazyload&quot;:&quot;yes&quot;,&quot;gallery_layout&quot;:&quot;grid&quot;,&quot;columns_tablet&quot;:2,&quot;columns_mobile&quot;:1,&quot;gap&quot;:{&quot;unit&quot;:&quot;px&quot;,&quot;size&quot;:10,&quot;sizes&quot;:[]},&quot;gap_tablet&quot;:{&quot;unit&quot;:&quot;px&quot;,&quot;size&quot;:10,&quot;sizes&quot;:[]},&quot;gap_mobile&quot;:{&quot;unit&quot;:&quot;px&quot;,&quot;size&quot;:10,&quot;sizes&quot;:[]},&quot;link_to&quot;:&quot;file&quot;,&quot;aspect_ratio&quot;:&quot;3:2&quot;,&quot;overlay_background&quot;:&quot;yes&quot;,&quot;content_hover_animation&quot;:&quot;fade-in&quot;}\" data-widget_type=\"gallery.default\">\n\t\t\t\t<div class=\"elementor-widget-container\">\n\t\t\t<style>\/*! elementor-pro - v3.14.0 - 26-06-2023 *\/\n.elementor-gallery__container{min-height:1px}.elementor-gallery-item{position:relative;overflow:hidden;display:block;text-decoration:none;border:solid var(--image-border-width) var(--image-border-color);border-radius:var(--image-border-radius)}.elementor-gallery-item__content,.elementor-gallery-item__overlay{height:100%;width:100%;position:absolute;top:0;left:0}.elementor-gallery-item__overlay{mix-blend-mode:var(--overlay-mix-blend-mode);transition-duration:var(--overlay-transition-duration);transition-property:mix-blend-mode,transform,opacity,background-color}.elementor-gallery-item__image.e-gallery-image{transition-duration:var(--image-transition-duration);transition-property:filter,transform}.elementor-gallery-item__content{display:flex;flex-direction:column;justify-content:var(--content-justify-content,center);align-items:center;text-align:var(--content-text-align);padding:var(--content-padding)}.elementor-gallery-item__content>div{transition-duration:var(--content-transition-duration)}.elementor-gallery-item__content.elementor-gallery--sequenced-animation>div:nth-child(2){transition-delay:calc(var(--content-transition-delay) \/ 3)}.elementor-gallery-item__content.elementor-gallery--sequenced-animation>div:nth-child(3){transition-delay:calc(var(--content-transition-delay) \/ 3 * 2)}.elementor-gallery-item__content.elementor-gallery--sequenced-animation>div:nth-child(4){transition-delay:calc(var(--content-transition-delay) \/ 3 * 3)}.elementor-gallery-item__description{color:var(--description-text-color,#fff);width:100%}.elementor-gallery-item__title{color:var(--title-text-color,#fff);font-weight:700;width:100%}.elementor-gallery__titles-container{display:flex;flex-wrap:wrap;justify-content:var(--titles-container-justify-content,center);margin-bottom:20px}.elementor-gallery__titles-container:not(.e--pointer-framed) .elementor-item:after,.elementor-gallery__titles-container:not(.e--pointer-framed) .elementor-item:before{background-color:var(--galleries-pointer-bg-color-hover)}.elementor-gallery__titles-container:not(.e--pointer-framed) .elementor-item.elementor-item-active:after,.elementor-gallery__titles-container:not(.e--pointer-framed) .elementor-item.elementor-item-active:before{background-color:var(--galleries-pointer-bg-color-active)}.elementor-gallery__titles-container.e--pointer-framed .elementor-item:before{border-color:var(--galleries-pointer-bg-color-hover);border-width:var(--galleries-pointer-border-width)}.elementor-gallery__titles-container.e--pointer-framed .elementor-item:after{border-color:var(--galleries-pointer-bg-color-hover)}.elementor-gallery__titles-container.e--pointer-framed .elementor-item.elementor-item-active:after,.elementor-gallery__titles-container.e--pointer-framed .elementor-item.elementor-item-active:before{border-color:var(--galleries-pointer-bg-color-active)}.elementor-gallery__titles-container.e--pointer-framed.e--animation-draw .elementor-item:before{border-left-width:var(--galleries-pointer-border-width);border-bottom-width:var(--galleries-pointer-border-width);border-right-width:0;border-top-width:0}.elementor-gallery__titles-container.e--pointer-framed.e--animation-draw .elementor-item:after{border-left-width:0;border-bottom-width:0;border-right-width:var(--galleries-pointer-border-width);border-top-width:var(--galleries-pointer-border-width)}.elementor-gallery__titles-container.e--pointer-framed.e--animation-corners .elementor-item:before{border-left-width:var(--galleries-pointer-border-width);border-bottom-width:0;border-right-width:0;border-top-width:var(--galleries-pointer-border-width)}.elementor-gallery__titles-container.e--pointer-framed.e--animation-corners .elementor-item:after{border-left-width:0;border-bottom-width:var(--galleries-pointer-border-width);border-right-width:var(--galleries-pointer-border-width);border-top-width:0}.elementor-gallery__titles-container .e--pointer-double-line .elementor-item:after,.elementor-gallery__titles-container .e--pointer-double-line .elementor-item:before,.elementor-gallery__titles-container .e--pointer-overline .elementor-item:before,.elementor-gallery__titles-container .e--pointer-underline .elementor-item:after{height:var(--galleries-pointer-border-width)}.elementor-gallery-title{--space-between:10px;cursor:pointer;color:#6d7882;font-weight:500;position:relative;padding:7px 14px;transition:all .3s}.elementor-gallery-title--active{color:#495157}.elementor-gallery-title:not(:last-child){margin-right:var(--space-between)}.elementor-gallery-item__title+.elementor-gallery-item__description{margin-top:var(--description-margin-top)}.e-gallery-item.elementor-gallery-item{transition-property:all}.e-gallery-item.elementor-animated-content .elementor-animated-item--enter-from-bottom,.e-gallery-item.elementor-animated-content .elementor-animated-item--enter-from-left,.e-gallery-item.elementor-animated-content .elementor-animated-item--enter-from-right,.e-gallery-item.elementor-animated-content .elementor-animated-item--enter-from-top,.e-gallery-item:focus .elementor-gallery__item-overlay-bg,.e-gallery-item:focus .elementor-gallery__item-overlay-content,.e-gallery-item:focus .elementor-gallery__item-overlay-content__description,.e-gallery-item:focus .elementor-gallery__item-overlay-content__title,.e-gallery-item:hover .elementor-gallery__item-overlay-bg,.e-gallery-item:hover .elementor-gallery__item-overlay-content,.e-gallery-item:hover .elementor-gallery__item-overlay-content__description,.e-gallery-item:hover .elementor-gallery__item-overlay-content__title{opacity:1}a.elementor-item.elementor-gallery-title{color:var(--galleries-title-color-normal)}a.elementor-item.elementor-gallery-title.elementor-item-active,a.elementor-item.elementor-gallery-title.highlighted,a.elementor-item.elementor-gallery-title:focus,a.elementor-item.elementor-gallery-title:hover{color:var(--galleries-title-color-hover)}a.elementor-item.elementor-gallery-title.elementor-item-active{color:var(--gallery-title-color-active)}.e-con-inner>.elementor-widget-gallery,.e-con>.elementor-widget-gallery{width:var(--container-widget-width);--flex-grow:var(--container-widget-flex-grow)}<\/style>\t\t<div class=\"elementor-gallery__container\">\n\t\t\t\t\t\t\t<a class=\"e-gallery-item elementor-gallery-item elementor-animated-content\" href=\"https:\/\/www.galleriamarcacorona.com\/wp-content\/uploads\/2023\/06\/global1.jpg\" data-elementor-open-lightbox=\"yes\" data-elementor-lightbox-slideshow=\"b5557f4\" data-elementor-lightbox-title=\"global1\" data-e-action-hash=\"#elementor-action%3Aaction%3Dlightbox%26settings%3DeyJpZCI6ODQyLCJ1cmwiOiJodHRwczpcL1wvd3d3LmdhbGxlcmlhbWFyY2Fjb3JvbmEuY29tXC93cC1jb250ZW50XC91cGxvYWRzXC8yMDIzXC8wNlwvZ2xvYmFsMS5qcGciLCJzbGlkZXNob3ciOiJiNTU1N2Y0In0%3D\">\n\t\t\t\t\t<div class=\"e-gallery-image elementor-gallery-item__image\" data-thumbnail=\"https:\/\/www.galleriamarcacorona.com\/wp-content\/uploads\/2023\/06\/global1-300x195.jpg\" data-width=\"300\" data-height=\"195\" aria-label=\"\" role=\"img\" ><\/div>\n\t\t\t\t\t\t\t\t\t\t\t<div class=\"elementor-gallery-item__overlay\"><\/div>\n\t\t\t\t\t\t\t\t\t\t\t\t\t\t<\/a>\n\t\t\t\t\t\t\t<a class=\"e-gallery-item elementor-gallery-item elementor-animated-content\" href=\"https:\/\/www.galleriamarcacorona.com\/wp-content\/uploads\/2023\/06\/global17.jpg\" data-elementor-open-lightbox=\"yes\" data-elementor-lightbox-slideshow=\"b5557f4\" data-elementor-lightbox-title=\"global17\" data-e-action-hash=\"#elementor-action%3Aaction%3Dlightbox%26settings%3DeyJpZCI6ODM3LCJ1cmwiOiJodHRwczpcL1wvd3d3LmdhbGxlcmlhbWFyY2Fjb3JvbmEuY29tXC93cC1jb250ZW50XC91cGxvYWRzXC8yMDIzXC8wNlwvZ2xvYmFsMTcuanBnIiwic2xpZGVzaG93IjoiYjU1NTdmNCJ9\">\n\t\t\t\t\t<div class=\"e-gallery-image elementor-gallery-item__image\" data-thumbnail=\"https:\/\/www.galleriamarcacorona.com\/wp-content\/uploads\/2023\/06\/global17-220x300.jpg\" data-width=\"220\" data-height=\"300\" aria-label=\"\" role=\"img\" ><\/div>\n\t\t\t\t\t\t\t\t\t\t\t<div class=\"elementor-gallery-item__overlay\"><\/div>\n\t\t\t\t\t\t\t\t\t\t\t\t\t\t<\/a>\n\t\t\t\t\t\t\t<a class=\"e-gallery-item elementor-gallery-item elementor-animated-content\" href=\"https:\/\/www.galleriamarcacorona.com\/wp-content\/uploads\/2023\/06\/global6.jpg\" data-elementor-open-lightbox=\"yes\" data-elementor-lightbox-slideshow=\"b5557f4\" data-elementor-lightbox-title=\"global6\" data-e-action-hash=\"#elementor-action%3Aaction%3Dlightbox%26settings%3DeyJpZCI6ODQ3LCJ1cmwiOiJodHRwczpcL1wvd3d3LmdhbGxlcmlhbWFyY2Fjb3JvbmEuY29tXC93cC1jb250ZW50XC91cGxvYWRzXC8yMDIzXC8wNlwvZ2xvYmFsNi5qcGciLCJzbGlkZXNob3ciOiJiNTU1N2Y0In0%3D\">\n\t\t\t\t\t<div class=\"e-gallery-image elementor-gallery-item__image\" data-thumbnail=\"https:\/\/www.galleriamarcacorona.com\/wp-content\/uploads\/2023\/06\/global6-225x300.jpg\" data-width=\"225\" data-height=\"300\" aria-label=\"\" role=\"img\" ><\/div>\n\t\t\t\t\t\t\t\t\t\t\t<div class=\"elementor-gallery-item__overlay\"><\/div>\n\t\t\t\t\t\t\t\t\t\t\t\t\t\t<\/a>\n\t\t\t\t\t\t\t<a class=\"e-gallery-item elementor-gallery-item elementor-animated-content\" href=\"https:\/\/www.galleriamarcacorona.com\/wp-content\/uploads\/2023\/06\/global14.jpg\" data-elementor-open-lightbox=\"yes\" data-elementor-lightbox-slideshow=\"b5557f4\" data-elementor-lightbox-title=\"global14\" data-e-action-hash=\"#elementor-action%3Aaction%3Dlightbox%26settings%3DeyJpZCI6ODM0LCJ1cmwiOiJodHRwczpcL1wvd3d3LmdhbGxlcmlhbWFyY2Fjb3JvbmEuY29tXC93cC1jb250ZW50XC91cGxvYWRzXC8yMDIzXC8wNlwvZ2xvYmFsMTQuanBnIiwic2xpZGVzaG93IjoiYjU1NTdmNCJ9\">\n\t\t\t\t\t<div class=\"e-gallery-image elementor-gallery-item__image\" data-thumbnail=\"https:\/\/www.galleriamarcacorona.com\/wp-content\/uploads\/2023\/06\/global14-194x300.jpg\" data-width=\"194\" data-height=\"300\" aria-label=\"\" role=\"img\" ><\/div>\n\t\t\t\t\t\t\t\t\t\t\t<div class=\"elementor-gallery-item__overlay\"><\/div>\n\t\t\t\t\t\t\t\t\t\t\t\t\t\t<\/a>\n\t\t\t\t\t\t\t<a class=\"e-gallery-item elementor-gallery-item elementor-animated-content\" href=\"https:\/\/www.galleriamarcacorona.com\/wp-content\/uploads\/2023\/06\/global15.jpg\" data-elementor-open-lightbox=\"yes\" data-elementor-lightbox-slideshow=\"b5557f4\" data-elementor-lightbox-title=\"global15\" data-e-action-hash=\"#elementor-action%3Aaction%3Dlightbox%26settings%3DeyJpZCI6ODM1LCJ1cmwiOiJodHRwczpcL1wvd3d3LmdhbGxlcmlhbWFyY2Fjb3JvbmEuY29tXC93cC1jb250ZW50XC91cGxvYWRzXC8yMDIzXC8wNlwvZ2xvYmFsMTUuanBnIiwic2xpZGVzaG93IjoiYjU1NTdmNCJ9\">\n\t\t\t\t\t<div class=\"e-gallery-image elementor-gallery-item__image\" data-thumbnail=\"https:\/\/www.galleriamarcacorona.com\/wp-content\/uploads\/2023\/06\/global15-216x300.jpg\" data-width=\"216\" data-height=\"300\" aria-label=\"\" role=\"img\" ><\/div>\n\t\t\t\t\t\t\t\t\t\t\t<div class=\"elementor-gallery-item__overlay\"><\/div>\n\t\t\t\t\t\t\t\t\t\t\t\t\t\t<\/a>\n\t\t\t\t\t\t\t<a class=\"e-gallery-item elementor-gallery-item elementor-animated-content\" href=\"https:\/\/www.galleriamarcacorona.com\/wp-content\/uploads\/2023\/06\/global16.jpg\" data-elementor-open-lightbox=\"yes\" data-elementor-lightbox-slideshow=\"b5557f4\" data-elementor-lightbox-title=\"global16\" data-e-action-hash=\"#elementor-action%3Aaction%3Dlightbox%26settings%3DeyJpZCI6ODM2LCJ1cmwiOiJodHRwczpcL1wvd3d3LmdhbGxlcmlhbWFyY2Fjb3JvbmEuY29tXC93cC1jb250ZW50XC91cGxvYWRzXC8yMDIzXC8wNlwvZ2xvYmFsMTYuanBnIiwic2xpZGVzaG93IjoiYjU1NTdmNCJ9\">\n\t\t\t\t\t<div class=\"e-gallery-image elementor-gallery-item__image\" data-thumbnail=\"https:\/\/www.galleriamarcacorona.com\/wp-content\/uploads\/2023\/06\/global16-227x300.jpg\" data-width=\"227\" data-height=\"300\" aria-label=\"\" role=\"img\" ><\/div>\n\t\t\t\t\t\t\t\t\t\t\t<div class=\"elementor-gallery-item__overlay\"><\/div>\n\t\t\t\t\t\t\t\t\t\t\t\t\t\t<\/a>\n\t\t\t\t\t\t\t<a class=\"e-gallery-item elementor-gallery-item elementor-animated-content\" href=\"https:\/\/www.galleriamarcacorona.com\/wp-content\/uploads\/2023\/06\/global3.jpg\" data-elementor-open-lightbox=\"yes\" data-elementor-lightbox-slideshow=\"b5557f4\" data-elementor-lightbox-title=\"global3\" data-e-action-hash=\"#elementor-action%3Aaction%3Dlightbox%26settings%3DeyJpZCI6ODQ0LCJ1cmwiOiJodHRwczpcL1wvd3d3LmdhbGxlcmlhbWFyY2Fjb3JvbmEuY29tXC93cC1jb250ZW50XC91cGxvYWRzXC8yMDIzXC8wNlwvZ2xvYmFsMy5qcGciLCJzbGlkZXNob3ciOiJiNTU1N2Y0In0%3D\">\n\t\t\t\t\t<div class=\"e-gallery-image elementor-gallery-item__image\" data-thumbnail=\"https:\/\/www.galleriamarcacorona.com\/wp-content\/uploads\/2023\/06\/global3-300x225.jpg\" data-width=\"300\" data-height=\"225\" aria-label=\"\" role=\"img\" ><\/div>\n\t\t\t\t\t\t\t\t\t\t\t<div class=\"elementor-gallery-item__overlay\"><\/div>\n\t\t\t\t\t\t\t\t\t\t\t\t\t\t<\/a>\n\t\t\t\t\t\t\t<a class=\"e-gallery-item elementor-gallery-item elementor-animated-content\" href=\"https:\/\/www.galleriamarcacorona.com\/wp-content\/uploads\/2023\/06\/global4.jpg\" data-elementor-open-lightbox=\"yes\" data-elementor-lightbox-slideshow=\"b5557f4\" data-elementor-lightbox-title=\"global4\" data-e-action-hash=\"#elementor-action%3Aaction%3Dlightbox%26settings%3DeyJpZCI6ODQ1LCJ1cmwiOiJodHRwczpcL1wvd3d3LmdhbGxlcmlhbWFyY2Fjb3JvbmEuY29tXC93cC1jb250ZW50XC91cGxvYWRzXC8yMDIzXC8wNlwvZ2xvYmFsNC5qcGciLCJzbGlkZXNob3ciOiJiNTU1N2Y0In0%3D\">\n\t\t\t\t\t<div class=\"e-gallery-image elementor-gallery-item__image\" data-thumbnail=\"https:\/\/www.galleriamarcacorona.com\/wp-content\/uploads\/2023\/06\/global4-300x183.jpg\" data-width=\"300\" data-height=\"183\" aria-label=\"\" role=\"img\" ><\/div>\n\t\t\t\t\t\t\t\t\t\t\t<div class=\"elementor-gallery-item__overlay\"><\/div>\n\t\t\t\t\t\t\t\t\t\t\t\t\t\t<\/a>\n\t\t\t\t\t\t\t<a class=\"e-gallery-item elementor-gallery-item elementor-animated-content\" href=\"https:\/\/www.galleriamarcacorona.com\/wp-content\/uploads\/2023\/06\/global7.jpg\" data-elementor-open-lightbox=\"yes\" data-elementor-lightbox-slideshow=\"b5557f4\" data-elementor-lightbox-title=\"global7\" data-e-action-hash=\"#elementor-action%3Aaction%3Dlightbox%26settings%3DeyJpZCI6ODQ4LCJ1cmwiOiJodHRwczpcL1wvd3d3LmdhbGxlcmlhbWFyY2Fjb3JvbmEuY29tXC93cC1jb250ZW50XC91cGxvYWRzXC8yMDIzXC8wNlwvZ2xvYmFsNy5qcGciLCJzbGlkZXNob3ciOiJiNTU1N2Y0In0%3D\">\n\t\t\t\t\t<div class=\"e-gallery-image elementor-gallery-item__image\" data-thumbnail=\"https:\/\/www.galleriamarcacorona.com\/wp-content\/uploads\/2023\/06\/global7-300x225.jpg\" data-width=\"300\" data-height=\"225\" aria-label=\"\" role=\"img\" ><\/div>\n\t\t\t\t\t\t\t\t\t\t\t<div class=\"elementor-gallery-item__overlay\"><\/div>\n\t\t\t\t\t\t\t\t\t\t\t\t\t\t<\/a>\n\t\t\t\t\t\t\t<a class=\"e-gallery-item elementor-gallery-item elementor-animated-content\" href=\"https:\/\/www.galleriamarcacorona.com\/wp-content\/uploads\/2023\/06\/global2.jpg\" data-elementor-open-lightbox=\"yes\" data-elementor-lightbox-slideshow=\"b5557f4\" data-elementor-lightbox-title=\"global2\" data-e-action-hash=\"#elementor-action%3Aaction%3Dlightbox%26settings%3DeyJpZCI6ODQzLCJ1cmwiOiJodHRwczpcL1wvd3d3LmdhbGxlcmlhbWFyY2Fjb3JvbmEuY29tXC93cC1jb250ZW50XC91cGxvYWRzXC8yMDIzXC8wNlwvZ2xvYmFsMi5qcGciLCJzbGlkZXNob3ciOiJiNTU1N2Y0In0%3D\">\n\t\t\t\t\t<div class=\"e-gallery-image elementor-gallery-item__image\" data-thumbnail=\"https:\/\/www.galleriamarcacorona.com\/wp-content\/uploads\/2023\/06\/global2-225x300.jpg\" data-width=\"225\" data-height=\"300\" aria-label=\"\" role=\"img\" ><\/div>\n\t\t\t\t\t\t\t\t\t\t\t<div class=\"elementor-gallery-item__overlay\"><\/div>\n\t\t\t\t\t\t\t\t\t\t\t\t\t\t<\/a>\n\t\t\t\t\t\t\t<a class=\"e-gallery-item elementor-gallery-item elementor-animated-content\" href=\"https:\/\/www.galleriamarcacorona.com\/wp-content\/uploads\/2023\/06\/global18.jpg\" data-elementor-open-lightbox=\"yes\" data-elementor-lightbox-slideshow=\"b5557f4\" data-elementor-lightbox-title=\"global18\" data-e-action-hash=\"#elementor-action%3Aaction%3Dlightbox%26settings%3DeyJpZCI6ODM4LCJ1cmwiOiJodHRwczpcL1wvd3d3LmdhbGxlcmlhbWFyY2Fjb3JvbmEuY29tXC93cC1jb250ZW50XC91cGxvYWRzXC8yMDIzXC8wNlwvZ2xvYmFsMTguanBnIiwic2xpZGVzaG93IjoiYjU1NTdmNCJ9\">\n\t\t\t\t\t<div class=\"e-gallery-image elementor-gallery-item__image\" data-thumbnail=\"https:\/\/www.galleriamarcacorona.com\/wp-content\/uploads\/2023\/06\/global18-198x300.jpg\" data-width=\"198\" data-height=\"300\" aria-label=\"\" role=\"img\" ><\/div>\n\t\t\t\t\t\t\t\t\t\t\t<div class=\"elementor-gallery-item__overlay\"><\/div>\n\t\t\t\t\t\t\t\t\t\t\t\t\t\t<\/a>\n\t\t\t\t\t\t\t<a class=\"e-gallery-item elementor-gallery-item elementor-animated-content\" href=\"https:\/\/www.galleriamarcacorona.com\/wp-content\/uploads\/2023\/06\/global10.jpg\" data-elementor-open-lightbox=\"yes\" data-elementor-lightbox-slideshow=\"b5557f4\" data-elementor-lightbox-title=\"global10\" data-e-action-hash=\"#elementor-action%3Aaction%3Dlightbox%26settings%3DeyJpZCI6ODUwLCJ1cmwiOiJodHRwczpcL1wvd3d3LmdhbGxlcmlhbWFyY2Fjb3JvbmEuY29tXC93cC1jb250ZW50XC91cGxvYWRzXC8yMDIzXC8wNlwvZ2xvYmFsMTAuanBnIiwic2xpZGVzaG93IjoiYjU1NTdmNCJ9\">\n\t\t\t\t\t<div class=\"e-gallery-image elementor-gallery-item__image\" data-thumbnail=\"https:\/\/www.galleriamarcacorona.com\/wp-content\/uploads\/2023\/06\/global10-225x300.jpg\" data-width=\"225\" data-height=\"300\" aria-label=\"\" role=\"img\" ><\/div>\n\t\t\t\t\t\t\t\t\t\t\t<div class=\"elementor-gallery-item__overlay\"><\/div>\n\t\t\t\t\t\t\t\t\t\t\t\t\t\t<\/a>\n\t\t\t\t\t\t\t<a class=\"e-gallery-item elementor-gallery-item elementor-animated-content\" href=\"https:\/\/www.galleriamarcacorona.com\/wp-content\/uploads\/2023\/06\/global9.jpg\" data-elementor-open-lightbox=\"yes\" data-elementor-lightbox-slideshow=\"b5557f4\" data-elementor-lightbox-title=\"global9\" data-e-action-hash=\"#elementor-action%3Aaction%3Dlightbox%26settings%3DeyJpZCI6ODQ5LCJ1cmwiOiJodHRwczpcL1wvd3d3LmdhbGxlcmlhbWFyY2Fjb3JvbmEuY29tXC93cC1jb250ZW50XC91cGxvYWRzXC8yMDIzXC8wNlwvZ2xvYmFsOS5qcGciLCJzbGlkZXNob3ciOiJiNTU1N2Y0In0%3D\">\n\t\t\t\t\t<div class=\"e-gallery-image elementor-gallery-item__image\" data-thumbnail=\"https:\/\/www.galleriamarcacorona.com\/wp-content\/uploads\/2023\/06\/global9-225x300.jpg\" data-width=\"225\" data-height=\"300\" aria-label=\"\" role=\"img\" ><\/div>\n\t\t\t\t\t\t\t\t\t\t\t<div class=\"elementor-gallery-item__overlay\"><\/div>\n\t\t\t\t\t\t\t\t\t\t\t\t\t\t<\/a>\n\t\t\t\t\t\t\t<a class=\"e-gallery-item elementor-gallery-item elementor-animated-content\" href=\"https:\/\/www.galleriamarcacorona.com\/wp-content\/uploads\/2023\/06\/global21.jpg\" data-elementor-open-lightbox=\"yes\" data-elementor-lightbox-slideshow=\"b5557f4\" data-elementor-lightbox-title=\"global21\" data-e-action-hash=\"#elementor-action%3Aaction%3Dlightbox%26settings%3DeyJpZCI6ODQxLCJ1cmwiOiJodHRwczpcL1wvd3d3LmdhbGxlcmlhbWFyY2Fjb3JvbmEuY29tXC93cC1jb250ZW50XC91cGxvYWRzXC8yMDIzXC8wNlwvZ2xvYmFsMjEuanBnIiwic2xpZGVzaG93IjoiYjU1NTdmNCJ9\">\n\t\t\t\t\t<div class=\"e-gallery-image elementor-gallery-item__image\" data-thumbnail=\"https:\/\/www.galleriamarcacorona.com\/wp-content\/uploads\/2023\/06\/global21-169x300.jpg\" data-width=\"169\" data-height=\"300\" aria-label=\"\" role=\"img\" ><\/div>\n\t\t\t\t\t\t\t\t\t\t\t<div class=\"elementor-gallery-item__overlay\"><\/div>\n\t\t\t\t\t\t\t\t\t\t\t\t\t\t<\/a>\n\t\t\t\t\t\t\t<a class=\"e-gallery-item elementor-gallery-item elementor-animated-content\" href=\"https:\/\/www.galleriamarcacorona.com\/wp-content\/uploads\/2023\/06\/global20.jpg\" data-elementor-open-lightbox=\"yes\" data-elementor-lightbox-slideshow=\"b5557f4\" data-elementor-lightbox-title=\"global20\" data-e-action-hash=\"#elementor-action%3Aaction%3Dlightbox%26settings%3DeyJpZCI6ODQwLCJ1cmwiOiJodHRwczpcL1wvd3d3LmdhbGxlcmlhbWFyY2Fjb3JvbmEuY29tXC93cC1jb250ZW50XC91cGxvYWRzXC8yMDIzXC8wNlwvZ2xvYmFsMjAuanBnIiwic2xpZGVzaG93IjoiYjU1NTdmNCJ9\">\n\t\t\t\t\t<div class=\"e-gallery-image elementor-gallery-item__image\" data-thumbnail=\"https:\/\/www.galleriamarcacorona.com\/wp-content\/uploads\/2023\/06\/global20-169x300.jpg\" data-width=\"169\" data-height=\"300\" aria-label=\"\" role=\"img\" ><\/div>\n\t\t\t\t\t\t\t\t\t\t\t<div class=\"elementor-gallery-item__overlay\"><\/div>\n\t\t\t\t\t\t\t\t\t\t\t\t\t\t<\/a>\n\t\t\t\t\t\t\t<a class=\"e-gallery-item elementor-gallery-item elementor-animated-content\" href=\"https:\/\/www.galleriamarcacorona.com\/wp-content\/uploads\/2023\/06\/global5.jpg\" data-elementor-open-lightbox=\"yes\" data-elementor-lightbox-slideshow=\"b5557f4\" data-elementor-lightbox-title=\"global5\" data-e-action-hash=\"#elementor-action%3Aaction%3Dlightbox%26settings%3DeyJpZCI6ODQ2LCJ1cmwiOiJodHRwczpcL1wvd3d3LmdhbGxlcmlhbWFyY2Fjb3JvbmEuY29tXC93cC1jb250ZW50XC91cGxvYWRzXC8yMDIzXC8wNlwvZ2xvYmFsNS5qcGciLCJzbGlkZXNob3ciOiJiNTU1N2Y0In0%3D\">\n\t\t\t\t\t<div class=\"e-gallery-image elementor-gallery-item__image\" data-thumbnail=\"https:\/\/www.galleriamarcacorona.com\/wp-content\/uploads\/2023\/06\/global5-300x225.jpg\" data-width=\"300\" data-height=\"225\" aria-label=\"\" role=\"img\" ><\/div>\n\t\t\t\t\t\t\t\t\t\t\t<div class=\"elementor-gallery-item__overlay\"><\/div>\n\t\t\t\t\t\t\t\t\t\t\t\t\t\t<\/a>\n\t\t\t\t\t\t\t<a class=\"e-gallery-item elementor-gallery-item elementor-animated-content\" href=\"https:\/\/www.galleriamarcacorona.com\/wp-content\/uploads\/2023\/06\/global13.jpg\" data-elementor-open-lightbox=\"yes\" data-elementor-lightbox-slideshow=\"b5557f4\" data-elementor-lightbox-title=\"global13\" data-e-action-hash=\"#elementor-action%3Aaction%3Dlightbox%26settings%3DeyJpZCI6ODMzLCJ1cmwiOiJodHRwczpcL1wvd3d3LmdhbGxlcmlhbWFyY2Fjb3JvbmEuY29tXC93cC1jb250ZW50XC91cGxvYWRzXC8yMDIzXC8wNlwvZ2xvYmFsMTMuanBnIiwic2xpZGVzaG93IjoiYjU1NTdmNCJ9\">\n\t\t\t\t\t<div class=\"e-gallery-image elementor-gallery-item__image\" data-thumbnail=\"https:\/\/www.galleriamarcacorona.com\/wp-content\/uploads\/2023\/06\/global13-214x300.jpg\" data-width=\"214\" data-height=\"300\" aria-label=\"\" role=\"img\" ><\/div>\n\t\t\t\t\t\t\t\t\t\t\t<div class=\"elementor-gallery-item__overlay\"><\/div>\n\t\t\t\t\t\t\t\t\t\t\t\t\t\t<\/a>\n\t\t\t\t\t\t\t<a class=\"e-gallery-item elementor-gallery-item elementor-animated-content\" href=\"https:\/\/www.galleriamarcacorona.com\/wp-content\/uploads\/2023\/06\/global12.jpg\" data-elementor-open-lightbox=\"yes\" data-elementor-lightbox-slideshow=\"b5557f4\" data-elementor-lightbox-title=\"global12\" data-e-action-hash=\"#elementor-action%3Aaction%3Dlightbox%26settings%3DeyJpZCI6ODMyLCJ1cmwiOiJodHRwczpcL1wvd3d3LmdhbGxlcmlhbWFyY2Fjb3JvbmEuY29tXC93cC1jb250ZW50XC91cGxvYWRzXC8yMDIzXC8wNlwvZ2xvYmFsMTIuanBnIiwic2xpZGVzaG93IjoiYjU1NTdmNCJ9\">\n\t\t\t\t\t<div class=\"e-gallery-image elementor-gallery-item__image\" data-thumbnail=\"https:\/\/www.galleriamarcacorona.com\/wp-content\/uploads\/2023\/06\/global12-181x300.jpg\" data-width=\"181\" data-height=\"300\" aria-label=\"\" role=\"img\" ><\/div>\n\t\t\t\t\t\t\t\t\t\t\t<div class=\"elementor-gallery-item__overlay\"><\/div>\n\t\t\t\t\t\t\t\t\t\t\t\t\t\t<\/a>\n\t\t\t\t\t\t\t<a class=\"e-gallery-item elementor-gallery-item elementor-animated-content\" href=\"https:\/\/www.galleriamarcacorona.com\/wp-content\/uploads\/2023\/06\/global11.jpg\" data-elementor-open-lightbox=\"yes\" data-elementor-lightbox-slideshow=\"b5557f4\" data-elementor-lightbox-title=\"global11\" data-e-action-hash=\"#elementor-action%3Aaction%3Dlightbox%26settings%3DeyJpZCI6ODMxLCJ1cmwiOiJodHRwczpcL1wvd3d3LmdhbGxlcmlhbWFyY2Fjb3JvbmEuY29tXC93cC1jb250ZW50XC91cGxvYWRzXC8yMDIzXC8wNlwvZ2xvYmFsMTEuanBnIiwic2xpZGVzaG93IjoiYjU1NTdmNCJ9\">\n\t\t\t\t\t<div class=\"e-gallery-image elementor-gallery-item__image\" data-thumbnail=\"https:\/\/www.galleriamarcacorona.com\/wp-content\/uploads\/2023\/06\/global11-236x300.jpg\" data-width=\"236\" data-height=\"300\" aria-label=\"\" role=\"img\" ><\/div>\n\t\t\t\t\t\t\t\t\t\t\t<div class=\"elementor-gallery-item__overlay\"><\/div>\n\t\t\t\t\t\t\t\t\t\t\t\t\t\t<\/a>\n\t\t\t\t\t\t\t<a class=\"e-gallery-item elementor-gallery-item elementor-animated-content\" href=\"https:\/\/www.galleriamarcacorona.com\/wp-content\/uploads\/2023\/06\/global19.jpg\" data-elementor-open-lightbox=\"yes\" data-elementor-lightbox-slideshow=\"b5557f4\" data-elementor-lightbox-title=\"global19\" data-e-action-hash=\"#elementor-action%3Aaction%3Dlightbox%26settings%3DeyJpZCI6ODM5LCJ1cmwiOiJodHRwczpcL1wvd3d3LmdhbGxlcmlhbWFyY2Fjb3JvbmEuY29tXC93cC1jb250ZW50XC91cGxvYWRzXC8yMDIzXC8wNlwvZ2xvYmFsMTkuanBnIiwic2xpZGVzaG93IjoiYjU1NTdmNCJ9\">\n\t\t\t\t\t<div class=\"e-gallery-image elementor-gallery-item__image\" data-thumbnail=\"https:\/\/www.galleriamarcacorona.com\/wp-content\/uploads\/2023\/06\/global19-197x300.jpg\" data-width=\"197\" data-height=\"300\" aria-label=\"\" role=\"img\" ><\/div>\n\t\t\t\t\t\t\t\t\t\t\t<div class=\"elementor-gallery-item__overlay\"><\/div>\n\t\t\t\t\t\t\t\t\t\t\t\t\t\t<\/a>\n\t\t\t\t\t\t\t<a class=\"e-gallery-item elementor-gallery-item elementor-animated-content\" href=\"https:\/\/www.galleriamarcacorona.com\/wp-content\/uploads\/2023\/06\/labobratori_g8.jpg\" data-elementor-open-lightbox=\"yes\" data-elementor-lightbox-slideshow=\"b5557f4\" data-elementor-lightbox-title=\"labobratori_g8\" data-e-action-hash=\"#elementor-action%3Aaction%3Dlightbox%26settings%3DeyJpZCI6ODU3LCJ1cmwiOiJodHRwczpcL1wvd3d3LmdhbGxlcmlhbWFyY2Fjb3JvbmEuY29tXC93cC1jb250ZW50XC91cGxvYWRzXC8yMDIzXC8wNlwvbGFib2JyYXRvcmlfZzguanBnIiwic2xpZGVzaG93IjoiYjU1NTdmNCJ9\">\n\t\t\t\t\t<div class=\"e-gallery-image elementor-gallery-item__image\" data-thumbnail=\"https:\/\/www.galleriamarcacorona.com\/wp-content\/uploads\/2023\/06\/labobratori_g8-300x225.jpg\" data-width=\"300\" data-height=\"225\" aria-label=\"\" role=\"img\" ><\/div>\n\t\t\t\t\t\t\t\t\t\t\t<div class=\"elementor-gallery-item__overlay\"><\/div>\n\t\t\t\t\t\t\t\t\t\t\t\t\t\t<\/a>\n\t\t\t\t\t\t\t<a class=\"e-gallery-item elementor-gallery-item elementor-animated-content\" href=\"https:\/\/www.galleriamarcacorona.com\/wp-content\/uploads\/2023\/06\/gallery24.jpg\" data-elementor-open-lightbox=\"yes\" data-elementor-lightbox-slideshow=\"b5557f4\" data-elementor-lightbox-title=\"gallery24\" data-e-action-hash=\"#elementor-action%3Aaction%3Dlightbox%26settings%3DeyJpZCI6ODYxLCJ1cmwiOiJodHRwczpcL1wvd3d3LmdhbGxlcmlhbWFyY2Fjb3JvbmEuY29tXC93cC1jb250ZW50XC91cGxvYWRzXC8yMDIzXC8wNlwvZ2FsbGVyeTI0LmpwZyIsInNsaWRlc2hvdyI6ImI1NTU3ZjQifQ%3D%3D\">\n\t\t\t\t\t<div class=\"e-gallery-image elementor-gallery-item__image\" data-thumbnail=\"https:\/\/www.galleriamarcacorona.com\/wp-content\/uploads\/2023\/06\/gallery24-169x300.jpg\" data-width=\"169\" data-height=\"300\" aria-label=\"\" role=\"img\" ><\/div>\n\t\t\t\t\t\t\t\t\t\t\t<div class=\"elementor-gallery-item__overlay\"><\/div>\n\t\t\t\t\t\t\t\t\t\t\t\t\t\t<\/a>\n\t\t\t\t\t<\/div>\n\t\t\t<\/div>\n\t\t\t\t<\/div>\n\t\t\t\t\t<\/div>\n\t\t\t\t<\/div>\n\t\t\t\t\t<\/div>\n\t\t\t\t<\/div>\n\t\t\t\t\t<\/div>\n\t\t\t\t<\/div>\n\t\t\t\t\t\t\t<\/div>\n\t\t","protected":false},"excerpt":{"rendered":"<p>Das Gemeinschaftsprojekt Projekt des K\u00fcnstlers Stampone, Global Education, wird zu einem Workshop mit Schulen auf dem Firmengel\u00e4nde.<\/p>\n","protected":false},"author":1,"featured_media":1779,"comment_status":"closed","ping_status":"closed","sticky":false,"template":"","format":"standard","meta":{"site-sidebar-layout":"default","site-content-layout":"default","ast-global-header-display":"","ast-main-header-display":"","ast-hfb-above-header-display":"","ast-hfb-below-header-display":"","ast-hfb-mobile-header-display":"","site-post-title":"","ast-breadcrumbs-content":"","ast-featured-img":"","footer-sml-layout":"","theme-transparent-header-meta":"","adv-header-id-meta":"","stick-header-meta":"","header-above-stick-meta":"","header-main-stick-meta":"","header-below-stick-meta":""},"categories":[14],"tags":[],"acf":[],"yoast_head":"<!-- This site is optimized with the Yoast SEO plugin v20.12 - https:\/\/yoast.com\/wordpress\/plugins\/seo\/ -->\n<title>Marca Corona und die Kunst, mit jungen Menschen \u00fcber Unternehmenskultur zu sprechen - Galleria Marca Corona<\/title>\n<meta name=\"description\" content=\"Das Gemeinschaftsprojekt Projekt des K\u00fcnstlers Stampone, Global Education, wird zu einem Workshop mit Schulen auf dem Firmengel\u00e4nde.\" \/>\n<meta name=\"robots\" content=\"noindex, nofollow\" \/>\n<meta property=\"og:locale\" content=\"de_DE\" \/>\n<meta property=\"og:type\" content=\"article\" \/>\n<meta property=\"og:title\" content=\"Marca Corona und die Kunst, mit jungen Menschen \u00fcber Unternehmenskultur zu sprechen - Galleria Marca Corona\" \/>\n<meta property=\"og:description\" content=\"Das Gemeinschaftsprojekt Projekt des K\u00fcnstlers Stampone, Global Education, wird zu einem Workshop mit Schulen auf dem Firmengel\u00e4nde.\" \/>\n<meta property=\"og:url\" content=\"https:\/\/www.galleriamarcacorona.com\/de\/marca-corona-und-die-kunst-mit-jungen-menschen-ueber-unternehmenskultur-zu-sprechen\/\" \/>\n<meta property=\"og:site_name\" content=\"Galleria Marca Corona\" \/>\n<meta property=\"article:published_time\" content=\"2023-06-13T19:24:41+00:00\" \/>\n<meta property=\"article:modified_time\" content=\"2023-07-18T12:16:15+00:00\" \/>\n<meta property=\"og:image\" content=\"https:\/\/www.galleriamarcacorona.com\/wp-content\/uploads\/2023\/06\/banner_global_education_-lab.jpg\" \/>\n\t<meta property=\"og:image:width\" content=\"1950\" \/>\n\t<meta property=\"og:image:height\" content=\"1200\" \/>\n\t<meta property=\"og:image:type\" content=\"image\/jpeg\" \/>\n<meta name=\"author\" content=\"admin\" \/>\n<meta name=\"twitter:card\" content=\"summary_large_image\" \/>\n<meta name=\"twitter:label1\" content=\"Verfasst von\" \/>\n\t<meta name=\"twitter:data1\" content=\"admin\" \/>\n\t<meta name=\"twitter:label2\" content=\"Gesch\u00e4tzte Lesezeit\" \/>\n\t<meta name=\"twitter:data2\" content=\"5\u00a0Minuten\" \/>\n<script type=\"application\/ld+json\" class=\"yoast-schema-graph\">{\"@context\":\"https:\/\/schema.org\",\"@graph\":[{\"@type\":\"Article\",\"@id\":\"https:\/\/www.galleriamarcacorona.com\/de\/marca-corona-und-die-kunst-mit-jungen-menschen-ueber-unternehmenskultur-zu-sprechen\/#article\",\"isPartOf\":{\"@id\":\"https:\/\/www.galleriamarcacorona.com\/de\/marca-corona-und-die-kunst-mit-jungen-menschen-ueber-unternehmenskultur-zu-sprechen\/\"},\"author\":{\"name\":\"admin\",\"@id\":\"https:\/\/www.galleriamarcacorona.com\/de\/#\/schema\/person\/9854f3650eab7e4334e66d22de09296a\"},\"headline\":\"Marca Corona und die Kunst, mit jungen Menschen \u00fcber Unternehmenskultur zu sprechen\",\"datePublished\":\"2023-06-13T19:24:41+00:00\",\"dateModified\":\"2023-07-18T12:16:15+00:00\",\"mainEntityOfPage\":{\"@id\":\"https:\/\/www.galleriamarcacorona.com\/de\/marca-corona-und-die-kunst-mit-jungen-menschen-ueber-unternehmenskultur-zu-sprechen\/\"},\"wordCount\":707,\"publisher\":{\"@id\":\"https:\/\/www.galleriamarcacorona.com\/de\/#organization\"},\"articleSection\":[\"Unkategorisiert\"],\"inLanguage\":\"de\"},{\"@type\":\"WebPage\",\"@id\":\"https:\/\/www.galleriamarcacorona.com\/de\/marca-corona-und-die-kunst-mit-jungen-menschen-ueber-unternehmenskultur-zu-sprechen\/\",\"url\":\"https:\/\/www.galleriamarcacorona.com\/de\/marca-corona-und-die-kunst-mit-jungen-menschen-ueber-unternehmenskultur-zu-sprechen\/\",\"name\":\"Marca Corona und die Kunst, mit jungen Menschen \u00fcber Unternehmenskultur zu sprechen - Galleria Marca Corona\",\"isPartOf\":{\"@id\":\"https:\/\/www.galleriamarcacorona.com\/de\/#website\"},\"datePublished\":\"2023-06-13T19:24:41+00:00\",\"dateModified\":\"2023-07-18T12:16:15+00:00\",\"description\":\"Das Gemeinschaftsprojekt Projekt des K\u00fcnstlers Stampone, Global Education, wird zu einem Workshop mit Schulen auf dem Firmengel\u00e4nde.\",\"breadcrumb\":{\"@id\":\"https:\/\/www.galleriamarcacorona.com\/de\/marca-corona-und-die-kunst-mit-jungen-menschen-ueber-unternehmenskultur-zu-sprechen\/#breadcrumb\"},\"inLanguage\":\"de\",\"potentialAction\":[{\"@type\":\"ReadAction\",\"target\":[\"https:\/\/www.galleriamarcacorona.com\/de\/marca-corona-und-die-kunst-mit-jungen-menschen-ueber-unternehmenskultur-zu-sprechen\/\"]}]},{\"@type\":\"BreadcrumbList\",\"@id\":\"https:\/\/www.galleriamarcacorona.com\/de\/marca-corona-und-die-kunst-mit-jungen-menschen-ueber-unternehmenskultur-zu-sprechen\/#breadcrumb\",\"itemListElement\":[{\"@type\":\"ListItem\",\"position\":1,\"name\":\"Home\",\"item\":\"https:\/\/www.galleriamarcacorona.com\/de\/\"},{\"@type\":\"ListItem\",\"position\":2,\"name\":\"Marca Corona und die Kunst, mit jungen Menschen \u00fcber Unternehmenskultur zu sprechen\"}]},{\"@type\":\"WebSite\",\"@id\":\"https:\/\/www.galleriamarcacorona.com\/de\/#website\",\"url\":\"https:\/\/www.galleriamarcacorona.com\/de\/\",\"name\":\"Galleria Marca Corona\",\"description\":\"\",\"publisher\":{\"@id\":\"https:\/\/www.galleriamarcacorona.com\/de\/#organization\"},\"potentialAction\":[{\"@type\":\"SearchAction\",\"target\":{\"@type\":\"EntryPoint\",\"urlTemplate\":\"https:\/\/www.galleriamarcacorona.com\/de\/?s={search_term_string}\"},\"query-input\":\"required name=search_term_string\"}],\"inLanguage\":\"de\"},{\"@type\":\"Organization\",\"@id\":\"https:\/\/www.galleriamarcacorona.com\/de\/#organization\",\"name\":\"Galleria Marca Corona\",\"url\":\"https:\/\/www.galleriamarcacorona.com\/de\/\",\"logo\":{\"@type\":\"ImageObject\",\"inLanguage\":\"de\",\"@id\":\"https:\/\/www.galleriamarcacorona.com\/de\/#\/schema\/logo\/image\/\",\"url\":\"https:\/\/www.galleriamarcacorona.com\/wp-content\/uploads\/2023\/05\/mc-galleria-logo-rgb-3200px.png\",\"contentUrl\":\"https:\/\/www.galleriamarcacorona.com\/wp-content\/uploads\/2023\/05\/mc-galleria-logo-rgb-3200px.png\",\"width\":3200,\"height\":1112,\"caption\":\"Galleria Marca Corona\"},\"image\":{\"@id\":\"https:\/\/www.galleriamarcacorona.com\/de\/#\/schema\/logo\/image\/\"}},{\"@type\":\"Person\",\"@id\":\"https:\/\/www.galleriamarcacorona.com\/de\/#\/schema\/person\/9854f3650eab7e4334e66d22de09296a\",\"name\":\"admin\",\"image\":{\"@type\":\"ImageObject\",\"inLanguage\":\"de\",\"@id\":\"https:\/\/www.galleriamarcacorona.com\/de\/#\/schema\/person\/image\/\",\"url\":\"https:\/\/secure.gravatar.com\/avatar\/45e04a838bba17ec5b51186bc6740fa4?s=96&d=mm&r=g\",\"contentUrl\":\"https:\/\/secure.gravatar.com\/avatar\/45e04a838bba17ec5b51186bc6740fa4?s=96&d=mm&r=g\",\"caption\":\"admin\"},\"sameAs\":[\"http:\/\/www.galleriamarcacorona.com\"],\"url\":\"https:\/\/www.galleriamarcacorona.com\/de\/author\/admin\/\"}]}<\/script>\n<!-- \/ Yoast SEO plugin. -->","yoast_head_json":{"title":"Marca Corona und die Kunst, mit jungen Menschen \u00fcber Unternehmenskultur zu sprechen - Galleria Marca Corona","description":"Das Gemeinschaftsprojekt Projekt des K\u00fcnstlers Stampone, Global Education, wird zu einem Workshop mit Schulen auf dem Firmengel\u00e4nde.","robots":{"index":"noindex","follow":"nofollow"},"og_locale":"de_DE","og_type":"article","og_title":"Marca Corona und die Kunst, mit jungen Menschen \u00fcber Unternehmenskultur zu sprechen - Galleria Marca Corona","og_description":"Das Gemeinschaftsprojekt Projekt des K\u00fcnstlers Stampone, Global Education, wird zu einem Workshop mit Schulen auf dem Firmengel\u00e4nde.","og_url":"https:\/\/www.galleriamarcacorona.com\/de\/marca-corona-und-die-kunst-mit-jungen-menschen-ueber-unternehmenskultur-zu-sprechen\/","og_site_name":"Galleria Marca Corona","article_published_time":"2023-06-13T19:24:41+00:00","article_modified_time":"2023-07-18T12:16:15+00:00","og_image":[{"width":1950,"height":1200,"url":"https:\/\/www.galleriamarcacorona.com\/wp-content\/uploads\/2023\/06\/banner_global_education_-lab.jpg","type":"image\/jpeg"}],"author":"admin","twitter_card":"summary_large_image","twitter_misc":{"Verfasst von":"admin","Gesch\u00e4tzte Lesezeit":"5\u00a0Minuten"},"schema":{"@context":"https:\/\/schema.org","@graph":[{"@type":"Article","@id":"https:\/\/www.galleriamarcacorona.com\/de\/marca-corona-und-die-kunst-mit-jungen-menschen-ueber-unternehmenskultur-zu-sprechen\/#article","isPartOf":{"@id":"https:\/\/www.galleriamarcacorona.com\/de\/marca-corona-und-die-kunst-mit-jungen-menschen-ueber-unternehmenskultur-zu-sprechen\/"},"author":{"name":"admin","@id":"https:\/\/www.galleriamarcacorona.com\/de\/#\/schema\/person\/9854f3650eab7e4334e66d22de09296a"},"headline":"Marca Corona und die Kunst, mit jungen Menschen \u00fcber Unternehmenskultur zu sprechen","datePublished":"2023-06-13T19:24:41+00:00","dateModified":"2023-07-18T12:16:15+00:00","mainEntityOfPage":{"@id":"https:\/\/www.galleriamarcacorona.com\/de\/marca-corona-und-die-kunst-mit-jungen-menschen-ueber-unternehmenskultur-zu-sprechen\/"},"wordCount":707,"publisher":{"@id":"https:\/\/www.galleriamarcacorona.com\/de\/#organization"},"articleSection":["Unkategorisiert"],"inLanguage":"de"},{"@type":"WebPage","@id":"https:\/\/www.galleriamarcacorona.com\/de\/marca-corona-und-die-kunst-mit-jungen-menschen-ueber-unternehmenskultur-zu-sprechen\/","url":"https:\/\/www.galleriamarcacorona.com\/de\/marca-corona-und-die-kunst-mit-jungen-menschen-ueber-unternehmenskultur-zu-sprechen\/","name":"Marca Corona und die Kunst, mit jungen Menschen \u00fcber Unternehmenskultur zu sprechen - Galleria Marca Corona","isPartOf":{"@id":"https:\/\/www.galleriamarcacorona.com\/de\/#website"},"datePublished":"2023-06-13T19:24:41+00:00","dateModified":"2023-07-18T12:16:15+00:00","description":"Das Gemeinschaftsprojekt Projekt des K\u00fcnstlers Stampone, Global Education, wird zu einem Workshop mit Schulen auf dem Firmengel\u00e4nde.","breadcrumb":{"@id":"https:\/\/www.galleriamarcacorona.com\/de\/marca-corona-und-die-kunst-mit-jungen-menschen-ueber-unternehmenskultur-zu-sprechen\/#breadcrumb"},"inLanguage":"de","potentialAction":[{"@type":"ReadAction","target":["https:\/\/www.galleriamarcacorona.com\/de\/marca-corona-und-die-kunst-mit-jungen-menschen-ueber-unternehmenskultur-zu-sprechen\/"]}]},{"@type":"BreadcrumbList","@id":"https:\/\/www.galleriamarcacorona.com\/de\/marca-corona-und-die-kunst-mit-jungen-menschen-ueber-unternehmenskultur-zu-sprechen\/#breadcrumb","itemListElement":[{"@type":"ListItem","position":1,"name":"Home","item":"https:\/\/www.galleriamarcacorona.com\/de\/"},{"@type":"ListItem","position":2,"name":"Marca Corona und die Kunst, mit jungen Menschen \u00fcber Unternehmenskultur zu sprechen"}]},{"@type":"WebSite","@id":"https:\/\/www.galleriamarcacorona.com\/de\/#website","url":"https:\/\/www.galleriamarcacorona.com\/de\/","name":"Galleria Marca Corona","description":"","publisher":{"@id":"https:\/\/www.galleriamarcacorona.com\/de\/#organization"},"potentialAction":[{"@type":"SearchAction","target":{"@type":"EntryPoint","urlTemplate":"https:\/\/www.galleriamarcacorona.com\/de\/?s={search_term_string}"},"query-input":"required name=search_term_string"}],"inLanguage":"de"},{"@type":"Organization","@id":"https:\/\/www.galleriamarcacorona.com\/de\/#organization","name":"Galleria Marca Corona","url":"https:\/\/www.galleriamarcacorona.com\/de\/","logo":{"@type":"ImageObject","inLanguage":"de","@id":"https:\/\/www.galleriamarcacorona.com\/de\/#\/schema\/logo\/image\/","url":"https:\/\/www.galleriamarcacorona.com\/wp-content\/uploads\/2023\/05\/mc-galleria-logo-rgb-3200px.png","contentUrl":"https:\/\/www.galleriamarcacorona.com\/wp-content\/uploads\/2023\/05\/mc-galleria-logo-rgb-3200px.png","width":3200,"height":1112,"caption":"Galleria Marca Corona"},"image":{"@id":"https:\/\/www.galleriamarcacorona.com\/de\/#\/schema\/logo\/image\/"}},{"@type":"Person","@id":"https:\/\/www.galleriamarcacorona.com\/de\/#\/schema\/person\/9854f3650eab7e4334e66d22de09296a","name":"admin","image":{"@type":"ImageObject","inLanguage":"de","@id":"https:\/\/www.galleriamarcacorona.com\/de\/#\/schema\/person\/image\/","url":"https:\/\/secure.gravatar.com\/avatar\/45e04a838bba17ec5b51186bc6740fa4?s=96&d=mm&r=g","contentUrl":"https:\/\/secure.gravatar.com\/avatar\/45e04a838bba17ec5b51186bc6740fa4?s=96&d=mm&r=g","caption":"admin"},"sameAs":["http:\/\/www.galleriamarcacorona.com"],"url":"https:\/\/www.galleriamarcacorona.com\/de\/author\/admin\/"}]}},"_links":{"self":[{"href":"https:\/\/www.galleriamarcacorona.com\/de\/wp-json\/wp\/v2\/posts\/2562"}],"collection":[{"href":"https:\/\/www.galleriamarcacorona.com\/de\/wp-json\/wp\/v2\/posts"}],"about":[{"href":"https:\/\/www.galleriamarcacorona.com\/de\/wp-json\/wp\/v2\/types\/post"}],"author":[{"embeddable":true,"href":"https:\/\/www.galleriamarcacorona.com\/de\/wp-json\/wp\/v2\/users\/1"}],"replies":[{"embeddable":true,"href":"https:\/\/www.galleriamarcacorona.com\/de\/wp-json\/wp\/v2\/comments?post=2562"}],"version-history":[{"count":4,"href":"https:\/\/www.galleriamarcacorona.com\/de\/wp-json\/wp\/v2\/posts\/2562\/revisions"}],"predecessor-version":[{"id":2661,"href":"https:\/\/www.galleriamarcacorona.com\/de\/wp-json\/wp\/v2\/posts\/2562\/revisions\/2661"}],"wp:featuredmedia":[{"embeddable":true,"href":"https:\/\/www.galleriamarcacorona.com\/de\/wp-json\/wp\/v2\/media\/1779"}],"wp:attachment":[{"href":"https:\/\/www.galleriamarcacorona.com\/de\/wp-json\/wp\/v2\/media?parent=2562"}],"wp:term":[{"taxonomy":"category","embeddable":true,"href":"https:\/\/www.galleriamarcacorona.com\/de\/wp-json\/wp\/v2\/categories?post=2562"},{"taxonomy":"post_tag","embeddable":true,"href":"https:\/\/www.galleriamarcacorona.com\/de\/wp-json\/wp\/v2\/tags?post=2562"}],"curies":[{"name":"wp","href":"https:\/\/api.w.org\/{rel}","templated":true}]}}