{"id":2572,"date":"2023-06-13T20:59:58","date_gmt":"2023-06-13T20:59:58","guid":{"rendered":"https:\/\/galleria-mc.k8s.live.devhoop.com\/nel-blu-dipinto-die-galerie-marca-corona-praesentiert-die-werke-von-giuseppe-stampone\/"},"modified":"2023-07-19T07:16:19","modified_gmt":"2023-07-19T07:16:19","slug":"nel-blu-dipinto-die-galerie-marca-corona-praesentiert-die-werke-von-giuseppe-stampone","status":"publish","type":"post","link":"https:\/\/www.galleriamarcacorona.com\/de\/nel-blu-dipinto-die-galerie-marca-corona-praesentiert-die-werke-von-giuseppe-stampone\/","title":{"rendered":"NEL BLU DIPINTO Die Galerie Marca Corona pr\u00e4sentiert die Werke von Giuseppe Stampone"},"content":{"rendered":"\t\t<div data-elementor-type=\"wp-post\" data-elementor-id=\"2572\" class=\"elementor elementor-2572 elementor-884\" data-elementor-post-type=\"post\">\n\t\t\t\t\t\t\t\t\t<section class=\"elementor-section elementor-top-section elementor-element elementor-element-715e6136 elementor-section-boxed elementor-section-height-default elementor-section-height-default\" data-id=\"715e6136\" data-element_type=\"section\">\n\t\t\t\t\t\t<div class=\"elementor-container elementor-column-gap-default\">\n\t\t\t\t\t<div class=\"elementor-column elementor-col-100 elementor-top-column elementor-element elementor-element-7ebb653a\" data-id=\"7ebb653a\" data-element_type=\"column\">\n\t\t\t<div class=\"elementor-widget-wrap elementor-element-populated\">\n\t\t\t\t\t\t\t\t<div class=\"elementor-element elementor-element-47ffdeb6 elementor-widget elementor-widget-text-editor\" data-id=\"47ffdeb6\" data-element_type=\"widget\" data-widget_type=\"text-editor.default\">\n\t\t\t\t<div class=\"elementor-widget-container\">\n\t\t\t<style>\/*! elementor - v3.14.0 - 26-06-2023 *\/\n.elementor-widget-text-editor.elementor-drop-cap-view-stacked .elementor-drop-cap{background-color:#69727d;color:#fff}.elementor-widget-text-editor.elementor-drop-cap-view-framed .elementor-drop-cap{color:#69727d;border:3px solid;background-color:transparent}.elementor-widget-text-editor:not(.elementor-drop-cap-view-default) .elementor-drop-cap{margin-top:8px}.elementor-widget-text-editor:not(.elementor-drop-cap-view-default) .elementor-drop-cap-letter{width:1em;height:1em}.elementor-widget-text-editor .elementor-drop-cap{float:left;text-align:center;line-height:1;font-size:50px}.elementor-widget-text-editor .elementor-drop-cap-letter{display:inline-block}<\/style>\t\t\t\t<p>Die 1741 gegr\u00fcndete Firma Marca Corona ist das\u00a0<strong><a href=\"https:\/\/it.wikipedia.org\/wiki\/Marca_Corona\" target=\"_blank\" rel=\"noopener\">\u00e4lteste Keramikunternehmen im Bezirk Sassuolo<\/a><\/strong>, ein Meilenstein in der Geschichte der Keramik. Mit seiner als Firmenmuseum er\u00f6ffneten\u00a0<strong><a href=\"https:\/\/www.marcacorona.it\/de\/firmenbereich\/galerie\/\" target=\"_blank\" rel=\"noopener\">Galleria Marca Corona\u00a0<\/a><\/strong>sollte der Geist des Territoriums gesammelt und bewahrt werden, der ein wesentlicher Bestandteil des Erfolgs der Sassuolo-Keramik ist, was es zum Erbe und zur Fortsetzung einer einzigartigen Geschichte nicht nur in der Region, sondern auch in Italien und der Welt macht.<\/p>\t\t\t\t\t\t<\/div>\n\t\t\t\t<\/div>\n\t\t\t\t\t<\/div>\n\t\t<\/div>\n\t\t\t\t\t\t\t<\/div>\n\t\t<\/section>\n\t\t<div class=\"elementor-element elementor-element-9a61fc1 e-flex e-con-boxed e-con\" data-id=\"9a61fc1\" data-element_type=\"container\" data-settings=\"{&quot;content_width&quot;:&quot;boxed&quot;}\">\n\t\t\t\t\t<div class=\"e-con-inner\">\n\t\t<div class=\"elementor-element elementor-element-0709286 e-con-full e-flex e-con\" data-id=\"0709286\" data-element_type=\"container\" data-settings=\"{&quot;content_width&quot;:&quot;full&quot;}\">\n\t\t\t\t<div class=\"elementor-element elementor-element-7282611 elementor-widget elementor-widget-text-editor\" data-id=\"7282611\" data-element_type=\"widget\" data-widget_type=\"text-editor.default\">\n\t\t\t\t<div class=\"elementor-widget-container\">\n\t\t\t\t\t\t\t<p>Ziel dieses ehrgeizigen Projekts ist es, der Gemeinde, den Wissenschaftlern und den Liebhabern ein wertvolles Zeugnis des historischen Erbes der Keramikherstellung in Sassuolo zu bieten, das seit jeher eine Inspirationsquelle f\u00fcr unsere Keramikproduktion ist.<\/p><p>Im Zuge dieser besonderen Ausrichtung auf die italienische Tradition und Kultur w\u00e4hlt Marca Corona die\u00a0<strong>zeitgen\u00f6ssische Kunst als Interpretin der Zukunft<\/strong>, einer Zukunft, die f\u00fcr ein Unternehmen mit einer \u00fcber zweihundertj\u00e4hrigen Geschichte durch die Aufwertung von Talenten und Menschen entsteht.<\/p><p>Die erste Station auf dieser spannenden Reise ist\u00a0<strong>Nel Blu Dipinto<\/strong>, die Ausstellung von\u00a0<strong><a href=\"https:\/\/giuseppestampone.com\/\" target=\"_blank\" rel=\"noopener\">Giuseppe Stampone<\/a><\/strong> kuratiert von Rosa Cascone im Rahmen eines Projekts von R&amp;P Contemporary Art f\u00fcr Marca Corona, unter der Schirmherrschaft.<\/p>\t\t\t\t\t\t<\/div>\n\t\t\t\t<\/div>\n\t\t\t\t<\/div>\n\t\t<div class=\"elementor-element elementor-element-6dc4cde e-con-full e-flex e-con\" data-id=\"6dc4cde\" data-element_type=\"container\" data-settings=\"{&quot;content_width&quot;:&quot;full&quot;}\">\n\t\t<div class=\"elementor-element elementor-element-afaa2b8 e-flex e-con-boxed e-con\" data-id=\"afaa2b8\" data-element_type=\"container\" data-settings=\"{&quot;content_width&quot;:&quot;boxed&quot;}\">\n\t\t\t\t\t<div class=\"e-con-inner\">\n\t\t\t\t<div class=\"elementor-element elementor-element-6e22d58 elementor-widget elementor-widget-image\" data-id=\"6e22d58\" data-element_type=\"widget\" data-widget_type=\"image.default\">\n\t\t\t\t<div class=\"elementor-widget-container\">\n\t\t\t<style>\/*! elementor - v3.14.0 - 26-06-2023 *\/\n.elementor-widget-image{text-align:center}.elementor-widget-image a{display:inline-block}.elementor-widget-image a img[src$=\".svg\"]{width:48px}.elementor-widget-image img{vertical-align:middle;display:inline-block}<\/style>\t\t\t\t\t\t\t\t\t\t\t\t<img decoding=\"async\" width=\"1300\" height=\"800\" src=\"https:\/\/www.galleriamarcacorona.com\/wp-content\/uploads\/2023\/06\/stampone_obiettivo.jpg\" class=\"attachment-full size-full wp-image-892\" alt=\"\" loading=\"lazy\" srcset=\"https:\/\/www.galleriamarcacorona.com\/wp-content\/uploads\/2023\/06\/stampone_obiettivo.jpg 1300w, https:\/\/www.galleriamarcacorona.com\/wp-content\/uploads\/2023\/06\/stampone_obiettivo-300x185.jpg 300w, https:\/\/www.galleriamarcacorona.com\/wp-content\/uploads\/2023\/06\/stampone_obiettivo-1024x630.jpg 1024w, https:\/\/www.galleriamarcacorona.com\/wp-content\/uploads\/2023\/06\/stampone_obiettivo-768x473.jpg 768w\" sizes=\"(max-width: 1300px) 100vw, 1300px\" \/>\t\t\t\t\t\t\t\t\t\t\t\t\t\t\t<\/div>\n\t\t\t\t<\/div>\n\t\t\t\t\t<\/div>\n\t\t\t\t<\/div>\n\t\t<div class=\"elementor-element elementor-element-0b29b39 e-flex e-con-boxed e-con\" data-id=\"0b29b39\" data-element_type=\"container\" data-settings=\"{&quot;content_width&quot;:&quot;boxed&quot;}\">\n\t\t\t\t\t<div class=\"e-con-inner\">\n\t\t\t\t<div class=\"elementor-element elementor-element-30f3694 elementor-widget elementor-widget-text-editor\" data-id=\"30f3694\" data-element_type=\"widget\" data-widget_type=\"text-editor.default\">\n\t\t\t\t<div class=\"elementor-widget-container\">\n\t\t\t\t\t\t\t<strong><em>Die Ausstellung von Giuseppe Stampone \u201cNel Blu Dipinto\u201d<\/em><\/strong>\t\t\t\t\t\t<\/div>\n\t\t\t\t<\/div>\n\t\t\t\t\t<\/div>\n\t\t\t\t<\/div>\n\t\t\t\t<\/div>\n\t\t\t\t\t<\/div>\n\t\t\t\t<\/div>\n\t\t<div class=\"elementor-element elementor-element-71bda2e e-flex e-con-boxed e-con\" data-id=\"71bda2e\" data-element_type=\"container\" data-settings=\"{&quot;content_width&quot;:&quot;boxed&quot;}\">\n\t\t\t\t\t<div class=\"e-con-inner\">\n\t\t\t\t<div class=\"elementor-element elementor-element-f8351f0 elementor-widget elementor-widget-heading\" data-id=\"f8351f0\" data-element_type=\"widget\" data-widget_type=\"heading.default\">\n\t\t\t\t<div class=\"elementor-widget-container\">\n\t\t\t<style>\/*! elementor - v3.14.0 - 26-06-2023 *\/\n.elementor-heading-title{padding:0;margin:0;line-height:1}.elementor-widget-heading .elementor-heading-title[class*=elementor-size-]>a{color:inherit;font-size:inherit;line-height:inherit}.elementor-widget-heading .elementor-heading-title.elementor-size-small{font-size:15px}.elementor-widget-heading .elementor-heading-title.elementor-size-medium{font-size:19px}.elementor-widget-heading .elementor-heading-title.elementor-size-large{font-size:29px}.elementor-widget-heading .elementor-heading-title.elementor-size-xl{font-size:39px}.elementor-widget-heading .elementor-heading-title.elementor-size-xxl{font-size:59px}<\/style><h3 class=\"elementor-heading-title elementor-size-default\">Stampones k\u00fcnstlerisches Schaffen reicht von Multimedia-Installationen bis hin zu Gem\u00e4lden, die von Schwarz-Wei\u00df-Fotografien inspiriert sind.<\/h3>\t\t<\/div>\n\t\t\t\t<\/div>\n\t\t\t\t\t<\/div>\n\t\t\t\t<\/div>\n\t\t<div class=\"elementor-element elementor-element-bba10f0 e-flex e-con-boxed e-con\" data-id=\"bba10f0\" data-element_type=\"container\" data-settings=\"{&quot;content_width&quot;:&quot;boxed&quot;}\">\n\t\t\t\t\t<div class=\"e-con-inner\">\n\t\t<div class=\"elementor-element elementor-element-5c1fd27 e-con-full e-flex e-con\" data-id=\"5c1fd27\" data-element_type=\"container\" data-settings=\"{&quot;content_width&quot;:&quot;full&quot;}\">\n\t\t\t\t<div class=\"elementor-element elementor-element-33834dc elementor-widget elementor-widget-text-editor\" data-id=\"33834dc\" data-element_type=\"widget\" data-widget_type=\"text-editor.default\">\n\t\t\t\t<div class=\"elementor-widget-container\">\n\t\t\t\t\t\t\t<p>Die politischen und sozialen Themen, die der K\u00fcnstler anspricht, sprechen die Welt von heute an und bedienen sich dabei der Mythen unserer Zeit: Ikonen, die wir kennen, oft flankiert von anderen, die eher zu unserem pers\u00f6nlichen k\u00fcnstlerischen und kulturellen Hintergrund geh\u00f6ren.<\/p>\t\t\t\t\t\t<\/div>\n\t\t\t\t<\/div>\n\t\t\t\t<div class=\"elementor-element elementor-element-c2cc993 elementor-widget elementor-widget-text-editor\" data-id=\"c2cc993\" data-element_type=\"widget\" data-widget_type=\"text-editor.default\">\n\t\t\t\t<div class=\"elementor-widget-container\">\n\t\t\t\t\t\t\t<p><strong>F\u00fcr Marca Corona hat Stampone einige seiner ber\u00fchmtesten Werke ausgestellt und eine noch nie dagewesene Installation geschaffen, die Teil seines Projekts<em>\u00a0Global Education<\/em><\/strong>\u00a0ist: ein gro\u00dfer Abecedario, das aus 21 Tafeln und 21 Bildern besteht und in dem sich die Geschichte des Unternehmens Marca Corona entfaltet.<\/p><p>Der ausgestellte Abecedario ist das Ergebnis eines Moments der Realit\u00e4t, des Austauschs und der Verbindung. In Anwendung der vom Maestro selbst entwickelten Praxis versammelten sich die Mitarbeiter von Marca Corona in einem Klassenzimmer und w\u00e4hlten unter der Leitung von Giuseppe Stampone ihr eigenes Abecedario aus, das sie in einer gemeinsamen Diskussion erarbeiteten.<\/p>\t\t\t\t\t\t<\/div>\n\t\t\t\t<\/div>\n\t\t\t\t<\/div>\n\t\t<div class=\"elementor-element elementor-element-8fd66ed e-con-full e-flex e-con\" data-id=\"8fd66ed\" data-element_type=\"container\" data-settings=\"{&quot;content_width&quot;:&quot;full&quot;}\">\n\t\t\t\t<div class=\"elementor-element elementor-element-8f6faf9 elementor-widget elementor-widget-video\" data-id=\"8f6faf9\" data-element_type=\"widget\" data-settings=\"{&quot;youtube_url&quot;:&quot;https:\\\/\\\/youtu.be\\\/R9vRFJbYpcQ&quot;,&quot;video_type&quot;:&quot;youtube&quot;,&quot;controls&quot;:&quot;yes&quot;}\" data-widget_type=\"video.default\">\n\t\t\t\t<div class=\"elementor-widget-container\">\n\t\t\t<style>\/*! elementor - v3.14.0 - 26-06-2023 *\/\n.elementor-widget-video .elementor-widget-container{overflow:hidden;transform:translateZ(0)}.elementor-widget-video .elementor-wrapper{aspect-ratio:var(--video-aspect-ratio)}.elementor-widget-video .elementor-wrapper iframe,.elementor-widget-video .elementor-wrapper video{height:100%;width:100%;display:flex;border:none;background-color:#000}@supports not (aspect-ratio:1\/1){.elementor-widget-video .elementor-wrapper{position:relative;overflow:hidden;height:0;padding-bottom:calc(100% \/ var(--video-aspect-ratio))}.elementor-widget-video .elementor-wrapper iframe,.elementor-widget-video .elementor-wrapper video{position:absolute;top:0;right:0;bottom:0;left:0}}.elementor-widget-video .elementor-open-inline .elementor-custom-embed-image-overlay{position:absolute;top:0;left:0;width:100%;height:100%;background-size:cover;background-position:50%}.elementor-widget-video .elementor-custom-embed-image-overlay{cursor:pointer;text-align:center}.elementor-widget-video .elementor-custom-embed-image-overlay:hover .elementor-custom-embed-play i{opacity:1}.elementor-widget-video .elementor-custom-embed-image-overlay img{display:block;width:100%}.elementor-widget-video .e-hosted-video .elementor-video{-o-object-fit:cover;object-fit:cover}.e-con-inner>.elementor-widget-video,.e-con>.elementor-widget-video{width:var(--container-widget-width);--flex-grow:var(--container-widget-flex-grow)}<\/style>\t\t<div class=\"elementor-wrapper elementor-open-inline\">\n\t\t\t<div class=\"elementor-video\"><\/div>\t\t<\/div>\n\t\t\t\t<\/div>\n\t\t\t\t<\/div>\n\t\t\t\t<\/div>\n\t\t\t\t\t<\/div>\n\t\t\t\t<\/div>\n\t\t<div class=\"elementor-element elementor-element-d16af33 e-flex e-con-boxed e-con\" data-id=\"d16af33\" data-element_type=\"container\" data-settings=\"{&quot;content_width&quot;:&quot;boxed&quot;}\">\n\t\t\t\t\t<div class=\"e-con-inner\">\n\t\t\t\t<div class=\"elementor-element elementor-element-6b5cb9b elementor-widget elementor-widget-heading\" data-id=\"6b5cb9b\" data-element_type=\"widget\" data-widget_type=\"heading.default\">\n\t\t\t\t<div class=\"elementor-widget-container\">\n\t\t\t<h3 class=\"elementor-heading-title elementor-size-default\">Erg\u00e4nzt wird die Ausstellung durch eine Reihe von Werken, die Giuseppe Stampone in den letzten Jahren geschaffen hat und die die ihn umgebende Realit\u00e4t beobachten und darstellen.<\/h3>\t\t<\/div>\n\t\t\t\t<\/div>\n\t\t\t\t<div class=\"elementor-element elementor-element-c27af6f elementor-widget elementor-widget-text-editor\" data-id=\"c27af6f\" data-element_type=\"widget\" data-widget_type=\"text-editor.default\">\n\t\t\t\t<div class=\"elementor-widget-container\">\n\t\t\t\t\t\t\t<p>Bilder von Landschaften wechseln sich ab mit komplexen, geschichteten Arbeiten in geschlossenen R\u00e4umen, die beide ihre Erf\u00fcllung in der Zeit finden. Themen wie Einwanderung, Politik, Machtspiele und Unterwerfung werden in Stampones Zeichnungen erforscht.<\/p>\t\t\t\t\t\t<\/div>\n\t\t\t\t<\/div>\n\t\t\t\t\t<\/div>\n\t\t\t\t<\/div>\n\t\t<div class=\"elementor-element elementor-element-c80f3fa e-flex e-con-boxed e-con\" data-id=\"c80f3fa\" data-element_type=\"container\" data-settings=\"{&quot;content_width&quot;:&quot;boxed&quot;}\">\n\t\t\t\t\t<div class=\"e-con-inner\">\n\t\t<div class=\"elementor-element elementor-element-f3bbebc e-con-full e-flex e-con\" data-id=\"f3bbebc\" data-element_type=\"container\" data-settings=\"{&quot;content_width&quot;:&quot;full&quot;}\">\n\t\t\t\t<div class=\"elementor-element elementor-element-e02f616 elementor-widget elementor-widget-image\" data-id=\"e02f616\" data-element_type=\"widget\" data-widget_type=\"image.default\">\n\t\t\t\t<div class=\"elementor-widget-container\">\n\t\t\t\t\t\t\t\t\t\t\t\t\t\t\t\t<a href=\"https:\/\/www.galleriamarcacorona.com\/wp-content\/uploads\/2023\/06\/stampone_immagini_paesaggi.jpg\" data-elementor-open-lightbox=\"yes\" data-elementor-lightbox-title=\"stampone_immagini_paesaggi\" data-e-action-hash=\"#elementor-action%3Aaction%3Dlightbox%26settings%3DeyJpZCI6OTM2LCJ1cmwiOiJodHRwczpcL1wvd3d3LmdhbGxlcmlhbWFyY2Fjb3JvbmEuY29tXC93cC1jb250ZW50XC91cGxvYWRzXC8yMDIzXC8wNlwvc3RhbXBvbmVfaW1tYWdpbmlfcGFlc2FnZ2kuanBnIn0%3D\">\n\t\t\t\t\t\t\t<img decoding=\"async\" width=\"1300\" height=\"800\" src=\"https:\/\/www.galleriamarcacorona.com\/wp-content\/uploads\/2023\/06\/stampone_immagini_paesaggi.jpg\" class=\"attachment-full size-full wp-image-936\" alt=\"\" loading=\"lazy\" srcset=\"https:\/\/www.galleriamarcacorona.com\/wp-content\/uploads\/2023\/06\/stampone_immagini_paesaggi.jpg 1300w, https:\/\/www.galleriamarcacorona.com\/wp-content\/uploads\/2023\/06\/stampone_immagini_paesaggi-300x185.jpg 300w, https:\/\/www.galleriamarcacorona.com\/wp-content\/uploads\/2023\/06\/stampone_immagini_paesaggi-1024x630.jpg 1024w, https:\/\/www.galleriamarcacorona.com\/wp-content\/uploads\/2023\/06\/stampone_immagini_paesaggi-768x473.jpg 768w\" sizes=\"(max-width: 1300px) 100vw, 1300px\" \/>\t\t\t\t\t\t\t\t<\/a>\n\t\t\t\t\t\t\t\t\t\t\t\t\t\t\t<\/div>\n\t\t\t\t<\/div>\n\t\t\t\t<\/div>\n\t\t<div class=\"elementor-element elementor-element-d63a61d e-con-full e-flex e-con\" data-id=\"d63a61d\" data-element_type=\"container\" data-settings=\"{&quot;content_width&quot;:&quot;full&quot;}\">\n\t\t\t\t<div class=\"elementor-element elementor-element-e09a0b6 elementor-widget elementor-widget-text-editor\" data-id=\"e09a0b6\" data-element_type=\"widget\" data-widget_type=\"text-editor.default\">\n\t\t\t\t<div class=\"elementor-widget-container\">\n\t\t\t\t\t\t\t<p><em>Nach links:<\/em><\/p><p><em>Giuseppe Stampone, A mio padre Stampone Vincenzo, 2020<br \/>Disegno, Penna bic su legno preparato 35,9&#215;29,6 cm<br \/>Courtesy MLF | Marie-Laure Fleisch Gallery<br \/><br \/><\/em><em>Auf der rechten Seite:<br \/>Giuseppe Stampone, E. F. 1, 2021<br \/>Disegno, Grafite su tavola<br \/>30&#215;34 cm<br \/>Courtesy MLF | Marie-Laure Fleisch Gallery<\/em><\/p>\t\t\t\t\t\t<\/div>\n\t\t\t\t<\/div>\n\t\t\t\t<\/div>\n\t\t\t\t\t<\/div>\n\t\t\t\t<\/div>\n\t\t\t\t<section class=\"elementor-section elementor-top-section elementor-element elementor-element-10a18e6 elementor-section-boxed elementor-section-height-default elementor-section-height-default\" data-id=\"10a18e6\" data-element_type=\"section\">\n\t\t\t\t\t\t<div class=\"elementor-container elementor-column-gap-default\">\n\t\t\t\t\t<div class=\"elementor-column elementor-col-100 elementor-top-column elementor-element elementor-element-79be216\" data-id=\"79be216\" data-element_type=\"column\">\n\t\t\t<div class=\"elementor-widget-wrap elementor-element-populated\">\n\t\t\t\t\t\t\t\t<div class=\"elementor-element elementor-element-0fd3a6c elementor-widget elementor-widget-text-editor\" data-id=\"0fd3a6c\" data-element_type=\"widget\" data-widget_type=\"text-editor.default\">\n\t\t\t\t<div class=\"elementor-widget-container\">\n\t\t\t\t\t\t\t<h3>Die Ausstellung wird vom 21. Oktober 2022 bis zum 31. Januar 2023\nin der Galerie Marca Corona in Via Emilia Romagna, 7 &#8211; Sassuolo (MO) zu sehen sein.<\/h3>\t\t\t\t\t\t<\/div>\n\t\t\t\t<\/div>\n\t\t\t\t\t<\/div>\n\t\t<\/div>\n\t\t\t\t\t\t\t<\/div>\n\t\t<\/section>\n\t\t<div class=\"elementor-element elementor-element-57d0d15 e-flex e-con-boxed e-con\" data-id=\"57d0d15\" data-element_type=\"container\" data-settings=\"{&quot;content_width&quot;:&quot;boxed&quot;}\">\n\t\t\t\t\t<div class=\"e-con-inner\">\n\t\t\t\t<div class=\"elementor-element elementor-element-2b5e496 elementor-widget elementor-widget-gallery\" data-id=\"2b5e496\" data-element_type=\"widget\" data-settings=\"{&quot;columns&quot;:3,&quot;gap&quot;:{&quot;unit&quot;:&quot;px&quot;,&quot;size&quot;:5,&quot;sizes&quot;:[]},&quot;lazyload&quot;:&quot;yes&quot;,&quot;gallery_layout&quot;:&quot;grid&quot;,&quot;columns_tablet&quot;:2,&quot;columns_mobile&quot;:1,&quot;gap_tablet&quot;:{&quot;unit&quot;:&quot;px&quot;,&quot;size&quot;:10,&quot;sizes&quot;:[]},&quot;gap_mobile&quot;:{&quot;unit&quot;:&quot;px&quot;,&quot;size&quot;:10,&quot;sizes&quot;:[]},&quot;link_to&quot;:&quot;file&quot;,&quot;aspect_ratio&quot;:&quot;3:2&quot;,&quot;overlay_background&quot;:&quot;yes&quot;,&quot;content_hover_animation&quot;:&quot;fade-in&quot;}\" data-widget_type=\"gallery.default\">\n\t\t\t\t<div class=\"elementor-widget-container\">\n\t\t\t<style>\/*! elementor-pro - v3.14.0 - 26-06-2023 *\/\n.elementor-gallery__container{min-height:1px}.elementor-gallery-item{position:relative;overflow:hidden;display:block;text-decoration:none;border:solid var(--image-border-width) var(--image-border-color);border-radius:var(--image-border-radius)}.elementor-gallery-item__content,.elementor-gallery-item__overlay{height:100%;width:100%;position:absolute;top:0;left:0}.elementor-gallery-item__overlay{mix-blend-mode:var(--overlay-mix-blend-mode);transition-duration:var(--overlay-transition-duration);transition-property:mix-blend-mode,transform,opacity,background-color}.elementor-gallery-item__image.e-gallery-image{transition-duration:var(--image-transition-duration);transition-property:filter,transform}.elementor-gallery-item__content{display:flex;flex-direction:column;justify-content:var(--content-justify-content,center);align-items:center;text-align:var(--content-text-align);padding:var(--content-padding)}.elementor-gallery-item__content>div{transition-duration:var(--content-transition-duration)}.elementor-gallery-item__content.elementor-gallery--sequenced-animation>div:nth-child(2){transition-delay:calc(var(--content-transition-delay) \/ 3)}.elementor-gallery-item__content.elementor-gallery--sequenced-animation>div:nth-child(3){transition-delay:calc(var(--content-transition-delay) \/ 3 * 2)}.elementor-gallery-item__content.elementor-gallery--sequenced-animation>div:nth-child(4){transition-delay:calc(var(--content-transition-delay) \/ 3 * 3)}.elementor-gallery-item__description{color:var(--description-text-color,#fff);width:100%}.elementor-gallery-item__title{color:var(--title-text-color,#fff);font-weight:700;width:100%}.elementor-gallery__titles-container{display:flex;flex-wrap:wrap;justify-content:var(--titles-container-justify-content,center);margin-bottom:20px}.elementor-gallery__titles-container:not(.e--pointer-framed) .elementor-item:after,.elementor-gallery__titles-container:not(.e--pointer-framed) .elementor-item:before{background-color:var(--galleries-pointer-bg-color-hover)}.elementor-gallery__titles-container:not(.e--pointer-framed) .elementor-item.elementor-item-active:after,.elementor-gallery__titles-container:not(.e--pointer-framed) .elementor-item.elementor-item-active:before{background-color:var(--galleries-pointer-bg-color-active)}.elementor-gallery__titles-container.e--pointer-framed .elementor-item:before{border-color:var(--galleries-pointer-bg-color-hover);border-width:var(--galleries-pointer-border-width)}.elementor-gallery__titles-container.e--pointer-framed .elementor-item:after{border-color:var(--galleries-pointer-bg-color-hover)}.elementor-gallery__titles-container.e--pointer-framed .elementor-item.elementor-item-active:after,.elementor-gallery__titles-container.e--pointer-framed .elementor-item.elementor-item-active:before{border-color:var(--galleries-pointer-bg-color-active)}.elementor-gallery__titles-container.e--pointer-framed.e--animation-draw .elementor-item:before{border-left-width:var(--galleries-pointer-border-width);border-bottom-width:var(--galleries-pointer-border-width);border-right-width:0;border-top-width:0}.elementor-gallery__titles-container.e--pointer-framed.e--animation-draw .elementor-item:after{border-left-width:0;border-bottom-width:0;border-right-width:var(--galleries-pointer-border-width);border-top-width:var(--galleries-pointer-border-width)}.elementor-gallery__titles-container.e--pointer-framed.e--animation-corners .elementor-item:before{border-left-width:var(--galleries-pointer-border-width);border-bottom-width:0;border-right-width:0;border-top-width:var(--galleries-pointer-border-width)}.elementor-gallery__titles-container.e--pointer-framed.e--animation-corners .elementor-item:after{border-left-width:0;border-bottom-width:var(--galleries-pointer-border-width);border-right-width:var(--galleries-pointer-border-width);border-top-width:0}.elementor-gallery__titles-container .e--pointer-double-line .elementor-item:after,.elementor-gallery__titles-container .e--pointer-double-line .elementor-item:before,.elementor-gallery__titles-container .e--pointer-overline .elementor-item:before,.elementor-gallery__titles-container .e--pointer-underline .elementor-item:after{height:var(--galleries-pointer-border-width)}.elementor-gallery-title{--space-between:10px;cursor:pointer;color:#6d7882;font-weight:500;position:relative;padding:7px 14px;transition:all .3s}.elementor-gallery-title--active{color:#495157}.elementor-gallery-title:not(:last-child){margin-right:var(--space-between)}.elementor-gallery-item__title+.elementor-gallery-item__description{margin-top:var(--description-margin-top)}.e-gallery-item.elementor-gallery-item{transition-property:all}.e-gallery-item.elementor-animated-content .elementor-animated-item--enter-from-bottom,.e-gallery-item.elementor-animated-content .elementor-animated-item--enter-from-left,.e-gallery-item.elementor-animated-content .elementor-animated-item--enter-from-right,.e-gallery-item.elementor-animated-content .elementor-animated-item--enter-from-top,.e-gallery-item:focus .elementor-gallery__item-overlay-bg,.e-gallery-item:focus .elementor-gallery__item-overlay-content,.e-gallery-item:focus .elementor-gallery__item-overlay-content__description,.e-gallery-item:focus .elementor-gallery__item-overlay-content__title,.e-gallery-item:hover .elementor-gallery__item-overlay-bg,.e-gallery-item:hover .elementor-gallery__item-overlay-content,.e-gallery-item:hover .elementor-gallery__item-overlay-content__description,.e-gallery-item:hover .elementor-gallery__item-overlay-content__title{opacity:1}a.elementor-item.elementor-gallery-title{color:var(--galleries-title-color-normal)}a.elementor-item.elementor-gallery-title.elementor-item-active,a.elementor-item.elementor-gallery-title.highlighted,a.elementor-item.elementor-gallery-title:focus,a.elementor-item.elementor-gallery-title:hover{color:var(--galleries-title-color-hover)}a.elementor-item.elementor-gallery-title.elementor-item-active{color:var(--gallery-title-color-active)}.e-con-inner>.elementor-widget-gallery,.e-con>.elementor-widget-gallery{width:var(--container-widget-width);--flex-grow:var(--container-widget-flex-grow)}<\/style>\t\t<div class=\"elementor-gallery__container\">\n\t\t\t\t\t\t\t<a class=\"e-gallery-item elementor-gallery-item elementor-animated-content\" href=\"https:\/\/www.galleriamarcacorona.com\/wp-content\/uploads\/2023\/06\/Gallery_stampone_nel_blu_dipinto1.jpg\" data-elementor-open-lightbox=\"yes\" data-elementor-lightbox-slideshow=\"2b5e496\" data-elementor-lightbox-title=\"Gallery_stampone_nel_blu_dipinto1\" data-e-action-hash=\"#elementor-action%3Aaction%3Dlightbox%26settings%3DeyJpZCI6MTEyNCwidXJsIjoiaHR0cHM6XC9cL3d3dy5nYWxsZXJpYW1hcmNhY29yb25hLmNvbVwvd3AtY29udGVudFwvdXBsb2Fkc1wvMjAyM1wvMDZcL0dhbGxlcnlfc3RhbXBvbmVfbmVsX2JsdV9kaXBpbnRvMS5qcGciLCJzbGlkZXNob3ciOiIyYjVlNDk2In0%3D\">\n\t\t\t\t\t<div class=\"e-gallery-image elementor-gallery-item__image\" data-thumbnail=\"https:\/\/www.galleriamarcacorona.com\/wp-content\/uploads\/2023\/06\/Gallery_stampone_nel_blu_dipinto1-297x300.jpg\" data-width=\"297\" data-height=\"300\" aria-label=\"\" role=\"img\" ><\/div>\n\t\t\t\t\t\t\t\t\t\t\t<div class=\"elementor-gallery-item__overlay\"><\/div>\n\t\t\t\t\t\t\t\t\t\t\t\t\t\t<\/a>\n\t\t\t\t\t\t\t<a class=\"e-gallery-item elementor-gallery-item elementor-animated-content\" href=\"https:\/\/www.galleriamarcacorona.com\/wp-content\/uploads\/2023\/06\/Gallery_stampone_nel_blu_dipinto2.jpg\" data-elementor-open-lightbox=\"yes\" data-elementor-lightbox-slideshow=\"2b5e496\" data-elementor-lightbox-title=\"Gallery_stampone_nel_blu_dipinto2\" data-e-action-hash=\"#elementor-action%3Aaction%3Dlightbox%26settings%3DeyJpZCI6MTEyNSwidXJsIjoiaHR0cHM6XC9cL3d3dy5nYWxsZXJpYW1hcmNhY29yb25hLmNvbVwvd3AtY29udGVudFwvdXBsb2Fkc1wvMjAyM1wvMDZcL0dhbGxlcnlfc3RhbXBvbmVfbmVsX2JsdV9kaXBpbnRvMi5qcGciLCJzbGlkZXNob3ciOiIyYjVlNDk2In0%3D\">\n\t\t\t\t\t<div class=\"e-gallery-image elementor-gallery-item__image\" data-thumbnail=\"https:\/\/www.galleriamarcacorona.com\/wp-content\/uploads\/2023\/06\/Gallery_stampone_nel_blu_dipinto2-236x300.jpg\" data-width=\"236\" data-height=\"300\" aria-label=\"\" role=\"img\" ><\/div>\n\t\t\t\t\t\t\t\t\t\t\t<div class=\"elementor-gallery-item__overlay\"><\/div>\n\t\t\t\t\t\t\t\t\t\t\t\t\t\t<\/a>\n\t\t\t\t\t\t\t<a class=\"e-gallery-item elementor-gallery-item elementor-animated-content\" href=\"https:\/\/www.galleriamarcacorona.com\/wp-content\/uploads\/2023\/06\/Gallery_stampone_nel_blu_dipinto3.jpg\" data-elementor-open-lightbox=\"yes\" data-elementor-lightbox-slideshow=\"2b5e496\" data-elementor-lightbox-title=\"Gallery_stampone_nel_blu_dipinto3\" data-e-action-hash=\"#elementor-action%3Aaction%3Dlightbox%26settings%3DeyJpZCI6MTEyNiwidXJsIjoiaHR0cHM6XC9cL3d3dy5nYWxsZXJpYW1hcmNhY29yb25hLmNvbVwvd3AtY29udGVudFwvdXBsb2Fkc1wvMjAyM1wvMDZcL0dhbGxlcnlfc3RhbXBvbmVfbmVsX2JsdV9kaXBpbnRvMy5qcGciLCJzbGlkZXNob3ciOiIyYjVlNDk2In0%3D\">\n\t\t\t\t\t<div class=\"e-gallery-image elementor-gallery-item__image\" data-thumbnail=\"https:\/\/www.galleriamarcacorona.com\/wp-content\/uploads\/2023\/06\/Gallery_stampone_nel_blu_dipinto3-226x300.jpg\" data-width=\"226\" data-height=\"300\" aria-label=\"\" role=\"img\" ><\/div>\n\t\t\t\t\t\t\t\t\t\t\t<div class=\"elementor-gallery-item__overlay\"><\/div>\n\t\t\t\t\t\t\t\t\t\t\t\t\t\t<\/a>\n\t\t\t\t\t\t\t<a class=\"e-gallery-item elementor-gallery-item elementor-animated-content\" href=\"https:\/\/www.galleriamarcacorona.com\/wp-content\/uploads\/2023\/06\/Gallery_stampone_nel_blu_dipinto4.jpg\" data-elementor-open-lightbox=\"yes\" data-elementor-lightbox-slideshow=\"2b5e496\" data-elementor-lightbox-title=\"Gallery_stampone_nel_blu_dipinto4\" data-e-action-hash=\"#elementor-action%3Aaction%3Dlightbox%26settings%3DeyJpZCI6MTEyNywidXJsIjoiaHR0cHM6XC9cL3d3dy5nYWxsZXJpYW1hcmNhY29yb25hLmNvbVwvd3AtY29udGVudFwvdXBsb2Fkc1wvMjAyM1wvMDZcL0dhbGxlcnlfc3RhbXBvbmVfbmVsX2JsdV9kaXBpbnRvNC5qcGciLCJzbGlkZXNob3ciOiIyYjVlNDk2In0%3D\">\n\t\t\t\t\t<div class=\"e-gallery-image elementor-gallery-item__image\" data-thumbnail=\"https:\/\/www.galleriamarcacorona.com\/wp-content\/uploads\/2023\/06\/Gallery_stampone_nel_blu_dipinto4-251x300.jpg\" data-width=\"251\" data-height=\"300\" aria-label=\"\" role=\"img\" ><\/div>\n\t\t\t\t\t\t\t\t\t\t\t<div class=\"elementor-gallery-item__overlay\"><\/div>\n\t\t\t\t\t\t\t\t\t\t\t\t\t\t<\/a>\n\t\t\t\t\t\t\t<a class=\"e-gallery-item elementor-gallery-item elementor-animated-content\" href=\"https:\/\/www.galleriamarcacorona.com\/wp-content\/uploads\/2023\/06\/Gallery_stampone_nel_blu_dipinto5.jpg\" data-elementor-open-lightbox=\"yes\" data-elementor-lightbox-slideshow=\"2b5e496\" data-elementor-lightbox-title=\"Gallery_stampone_nel_blu_dipinto5\" data-e-action-hash=\"#elementor-action%3Aaction%3Dlightbox%26settings%3DeyJpZCI6MTEyOCwidXJsIjoiaHR0cHM6XC9cL3d3dy5nYWxsZXJpYW1hcmNhY29yb25hLmNvbVwvd3AtY29udGVudFwvdXBsb2Fkc1wvMjAyM1wvMDZcL0dhbGxlcnlfc3RhbXBvbmVfbmVsX2JsdV9kaXBpbnRvNS5qcGciLCJzbGlkZXNob3ciOiIyYjVlNDk2In0%3D\">\n\t\t\t\t\t<div class=\"e-gallery-image elementor-gallery-item__image\" data-thumbnail=\"https:\/\/www.galleriamarcacorona.com\/wp-content\/uploads\/2023\/06\/Gallery_stampone_nel_blu_dipinto5-227x300.jpg\" data-width=\"227\" data-height=\"300\" aria-label=\"\" role=\"img\" ><\/div>\n\t\t\t\t\t\t\t\t\t\t\t<div class=\"elementor-gallery-item__overlay\"><\/div>\n\t\t\t\t\t\t\t\t\t\t\t\t\t\t<\/a>\n\t\t\t\t\t\t\t<a class=\"e-gallery-item elementor-gallery-item elementor-animated-content\" href=\"https:\/\/www.galleriamarcacorona.com\/wp-content\/uploads\/2023\/06\/Gallery_stampone_nel_blu_dipinto6.jpg\" data-elementor-open-lightbox=\"yes\" data-elementor-lightbox-slideshow=\"2b5e496\" data-elementor-lightbox-title=\"Gallery_stampone_nel_blu_dipinto6\" data-e-action-hash=\"#elementor-action%3Aaction%3Dlightbox%26settings%3DeyJpZCI6MTEyOSwidXJsIjoiaHR0cHM6XC9cL3d3dy5nYWxsZXJpYW1hcmNhY29yb25hLmNvbVwvd3AtY29udGVudFwvdXBsb2Fkc1wvMjAyM1wvMDZcL0dhbGxlcnlfc3RhbXBvbmVfbmVsX2JsdV9kaXBpbnRvNi5qcGciLCJzbGlkZXNob3ciOiIyYjVlNDk2In0%3D\">\n\t\t\t\t\t<div class=\"e-gallery-image elementor-gallery-item__image\" data-thumbnail=\"https:\/\/www.galleriamarcacorona.com\/wp-content\/uploads\/2023\/06\/Gallery_stampone_nel_blu_dipinto6-254x300.jpg\" data-width=\"254\" data-height=\"300\" aria-label=\"\" role=\"img\" ><\/div>\n\t\t\t\t\t\t\t\t\t\t\t<div class=\"elementor-gallery-item__overlay\"><\/div>\n\t\t\t\t\t\t\t\t\t\t\t\t\t\t<\/a>\n\t\t\t\t\t<\/div>\n\t\t\t<\/div>\n\t\t\t\t<\/div>\n\t\t\t\t\t<\/div>\n\t\t\t\t<\/div>\n\t\t\t\t\t\t\t<\/div>\n\t\t","protected":false},"excerpt":{"rendered":"<p>Marca Corona freut sich, vom 21 . Oktober 2022 bis zum 31. Januar 2023 im eigenen Werksmuseum 21 neue Werke von Giuseppe Stampone auszustellen.<\/p>\n","protected":false},"author":1,"featured_media":1904,"comment_status":"closed","ping_status":"closed","sticky":false,"template":"","format":"standard","meta":{"site-sidebar-layout":"default","site-content-layout":"default","ast-global-header-display":"","ast-main-header-display":"","ast-hfb-above-header-display":"","ast-hfb-below-header-display":"","ast-hfb-mobile-header-display":"","site-post-title":"","ast-breadcrumbs-content":"","ast-featured-img":"","footer-sml-layout":"","theme-transparent-header-meta":"","adv-header-id-meta":"","stick-header-meta":"","header-above-stick-meta":"","header-main-stick-meta":"","header-below-stick-meta":""},"categories":[14],"tags":[],"acf":[],"yoast_head":"<!-- This site is optimized with the Yoast SEO plugin v20.12 - https:\/\/yoast.com\/wordpress\/plugins\/seo\/ -->\n<title>NEL BLU DIPINTO Die Galerie Marca Corona pr\u00e4sentiert die Werke von Giuseppe Stampone - Galleria Marca Corona<\/title>\n<meta name=\"description\" content=\"Marca Corona freut sich, vom 21 . Oktober 2022 bis zum 31. Januar 2023 im eigenen Werksmuseum 21 neue Werke von Giuseppe Stampone auszustellen\" \/>\n<meta name=\"robots\" content=\"noindex, nofollow\" \/>\n<meta property=\"og:locale\" content=\"de_DE\" \/>\n<meta property=\"og:type\" content=\"article\" \/>\n<meta property=\"og:title\" content=\"NEL BLU DIPINTO Die Galerie Marca Corona pr\u00e4sentiert die Werke von Giuseppe Stampone - Galleria Marca Corona\" \/>\n<meta property=\"og:description\" content=\"Marca Corona freut sich, vom 21 . Oktober 2022 bis zum 31. Januar 2023 im eigenen Werksmuseum 21 neue Werke von Giuseppe Stampone auszustellen\" \/>\n<meta property=\"og:url\" content=\"https:\/\/www.galleriamarcacorona.com\/de\/nel-blu-dipinto-die-galerie-marca-corona-praesentiert-die-werke-von-giuseppe-stampone\/\" \/>\n<meta property=\"og:site_name\" content=\"Galleria Marca Corona\" \/>\n<meta property=\"article:published_time\" content=\"2023-06-13T20:59:58+00:00\" \/>\n<meta property=\"article:modified_time\" content=\"2023-07-19T07:16:19+00:00\" \/>\n<meta property=\"og:image\" content=\"https:\/\/www.galleriamarcacorona.com\/wp-content\/uploads\/2023\/06\/Stampone_nel_blu_dipinto_banner.jpg\" \/>\n\t<meta property=\"og:image:width\" content=\"1950\" \/>\n\t<meta property=\"og:image:height\" content=\"1200\" \/>\n\t<meta property=\"og:image:type\" content=\"image\/jpeg\" \/>\n<meta name=\"author\" content=\"admin\" \/>\n<meta name=\"twitter:card\" content=\"summary_large_image\" \/>\n<meta name=\"twitter:label1\" content=\"Verfasst von\" \/>\n\t<meta name=\"twitter:data1\" content=\"admin\" \/>\n\t<meta name=\"twitter:label2\" content=\"Gesch\u00e4tzte Lesezeit\" \/>\n\t<meta name=\"twitter:data2\" content=\"4\u00a0Minuten\" \/>\n<script type=\"application\/ld+json\" class=\"yoast-schema-graph\">{\"@context\":\"https:\/\/schema.org\",\"@graph\":[{\"@type\":\"Article\",\"@id\":\"https:\/\/www.galleriamarcacorona.com\/de\/nel-blu-dipinto-die-galerie-marca-corona-praesentiert-die-werke-von-giuseppe-stampone\/#article\",\"isPartOf\":{\"@id\":\"https:\/\/www.galleriamarcacorona.com\/de\/nel-blu-dipinto-die-galerie-marca-corona-praesentiert-die-werke-von-giuseppe-stampone\/\"},\"author\":{\"name\":\"admin\",\"@id\":\"https:\/\/www.galleriamarcacorona.com\/de\/#\/schema\/person\/9854f3650eab7e4334e66d22de09296a\"},\"headline\":\"NEL BLU DIPINTO Die Galerie Marca Corona pr\u00e4sentiert die Werke von Giuseppe Stampone\",\"datePublished\":\"2023-06-13T20:59:58+00:00\",\"dateModified\":\"2023-07-19T07:16:19+00:00\",\"mainEntityOfPage\":{\"@id\":\"https:\/\/www.galleriamarcacorona.com\/de\/nel-blu-dipinto-die-galerie-marca-corona-praesentiert-die-werke-von-giuseppe-stampone\/\"},\"wordCount\":503,\"publisher\":{\"@id\":\"https:\/\/www.galleriamarcacorona.com\/de\/#organization\"},\"articleSection\":[\"Unkategorisiert\"],\"inLanguage\":\"de\"},{\"@type\":\"WebPage\",\"@id\":\"https:\/\/www.galleriamarcacorona.com\/de\/nel-blu-dipinto-die-galerie-marca-corona-praesentiert-die-werke-von-giuseppe-stampone\/\",\"url\":\"https:\/\/www.galleriamarcacorona.com\/de\/nel-blu-dipinto-die-galerie-marca-corona-praesentiert-die-werke-von-giuseppe-stampone\/\",\"name\":\"NEL BLU DIPINTO Die Galerie Marca Corona pr\u00e4sentiert die Werke von Giuseppe Stampone - Galleria Marca Corona\",\"isPartOf\":{\"@id\":\"https:\/\/www.galleriamarcacorona.com\/de\/#website\"},\"datePublished\":\"2023-06-13T20:59:58+00:00\",\"dateModified\":\"2023-07-19T07:16:19+00:00\",\"description\":\"Marca Corona freut sich, vom 21 . Oktober 2022 bis zum 31. Januar 2023 im eigenen Werksmuseum 21 neue Werke von Giuseppe Stampone auszustellen\",\"breadcrumb\":{\"@id\":\"https:\/\/www.galleriamarcacorona.com\/de\/nel-blu-dipinto-die-galerie-marca-corona-praesentiert-die-werke-von-giuseppe-stampone\/#breadcrumb\"},\"inLanguage\":\"de\",\"potentialAction\":[{\"@type\":\"ReadAction\",\"target\":[\"https:\/\/www.galleriamarcacorona.com\/de\/nel-blu-dipinto-die-galerie-marca-corona-praesentiert-die-werke-von-giuseppe-stampone\/\"]}]},{\"@type\":\"BreadcrumbList\",\"@id\":\"https:\/\/www.galleriamarcacorona.com\/de\/nel-blu-dipinto-die-galerie-marca-corona-praesentiert-die-werke-von-giuseppe-stampone\/#breadcrumb\",\"itemListElement\":[{\"@type\":\"ListItem\",\"position\":1,\"name\":\"Home\",\"item\":\"https:\/\/www.galleriamarcacorona.com\/de\/\"},{\"@type\":\"ListItem\",\"position\":2,\"name\":\"NEL BLU DIPINTO Die Galerie Marca Corona pr\u00e4sentiert die Werke von Giuseppe Stampone\"}]},{\"@type\":\"WebSite\",\"@id\":\"https:\/\/www.galleriamarcacorona.com\/de\/#website\",\"url\":\"https:\/\/www.galleriamarcacorona.com\/de\/\",\"name\":\"Galleria Marca Corona\",\"description\":\"\",\"publisher\":{\"@id\":\"https:\/\/www.galleriamarcacorona.com\/de\/#organization\"},\"potentialAction\":[{\"@type\":\"SearchAction\",\"target\":{\"@type\":\"EntryPoint\",\"urlTemplate\":\"https:\/\/www.galleriamarcacorona.com\/de\/?s={search_term_string}\"},\"query-input\":\"required name=search_term_string\"}],\"inLanguage\":\"de\"},{\"@type\":\"Organization\",\"@id\":\"https:\/\/www.galleriamarcacorona.com\/de\/#organization\",\"name\":\"Galleria Marca Corona\",\"url\":\"https:\/\/www.galleriamarcacorona.com\/de\/\",\"logo\":{\"@type\":\"ImageObject\",\"inLanguage\":\"de\",\"@id\":\"https:\/\/www.galleriamarcacorona.com\/de\/#\/schema\/logo\/image\/\",\"url\":\"https:\/\/www.galleriamarcacorona.com\/wp-content\/uploads\/2023\/05\/mc-galleria-logo-rgb-3200px.png\",\"contentUrl\":\"https:\/\/www.galleriamarcacorona.com\/wp-content\/uploads\/2023\/05\/mc-galleria-logo-rgb-3200px.png\",\"width\":3200,\"height\":1112,\"caption\":\"Galleria Marca Corona\"},\"image\":{\"@id\":\"https:\/\/www.galleriamarcacorona.com\/de\/#\/schema\/logo\/image\/\"}},{\"@type\":\"Person\",\"@id\":\"https:\/\/www.galleriamarcacorona.com\/de\/#\/schema\/person\/9854f3650eab7e4334e66d22de09296a\",\"name\":\"admin\",\"image\":{\"@type\":\"ImageObject\",\"inLanguage\":\"de\",\"@id\":\"https:\/\/www.galleriamarcacorona.com\/de\/#\/schema\/person\/image\/\",\"url\":\"https:\/\/secure.gravatar.com\/avatar\/45e04a838bba17ec5b51186bc6740fa4?s=96&d=mm&r=g\",\"contentUrl\":\"https:\/\/secure.gravatar.com\/avatar\/45e04a838bba17ec5b51186bc6740fa4?s=96&d=mm&r=g\",\"caption\":\"admin\"},\"sameAs\":[\"http:\/\/www.galleriamarcacorona.com\"],\"url\":\"https:\/\/www.galleriamarcacorona.com\/de\/author\/admin\/\"}]}<\/script>\n<!-- \/ Yoast SEO plugin. -->","yoast_head_json":{"title":"NEL BLU DIPINTO Die Galerie Marca Corona pr\u00e4sentiert die Werke von Giuseppe Stampone - Galleria Marca Corona","description":"Marca Corona freut sich, vom 21 . Oktober 2022 bis zum 31. Januar 2023 im eigenen Werksmuseum 21 neue Werke von Giuseppe Stampone auszustellen","robots":{"index":"noindex","follow":"nofollow"},"og_locale":"de_DE","og_type":"article","og_title":"NEL BLU DIPINTO Die Galerie Marca Corona pr\u00e4sentiert die Werke von Giuseppe Stampone - Galleria Marca Corona","og_description":"Marca Corona freut sich, vom 21 . Oktober 2022 bis zum 31. Januar 2023 im eigenen Werksmuseum 21 neue Werke von Giuseppe Stampone auszustellen","og_url":"https:\/\/www.galleriamarcacorona.com\/de\/nel-blu-dipinto-die-galerie-marca-corona-praesentiert-die-werke-von-giuseppe-stampone\/","og_site_name":"Galleria Marca Corona","article_published_time":"2023-06-13T20:59:58+00:00","article_modified_time":"2023-07-19T07:16:19+00:00","og_image":[{"width":1950,"height":1200,"url":"https:\/\/www.galleriamarcacorona.com\/wp-content\/uploads\/2023\/06\/Stampone_nel_blu_dipinto_banner.jpg","type":"image\/jpeg"}],"author":"admin","twitter_card":"summary_large_image","twitter_misc":{"Verfasst von":"admin","Gesch\u00e4tzte Lesezeit":"4\u00a0Minuten"},"schema":{"@context":"https:\/\/schema.org","@graph":[{"@type":"Article","@id":"https:\/\/www.galleriamarcacorona.com\/de\/nel-blu-dipinto-die-galerie-marca-corona-praesentiert-die-werke-von-giuseppe-stampone\/#article","isPartOf":{"@id":"https:\/\/www.galleriamarcacorona.com\/de\/nel-blu-dipinto-die-galerie-marca-corona-praesentiert-die-werke-von-giuseppe-stampone\/"},"author":{"name":"admin","@id":"https:\/\/www.galleriamarcacorona.com\/de\/#\/schema\/person\/9854f3650eab7e4334e66d22de09296a"},"headline":"NEL BLU DIPINTO Die Galerie Marca Corona pr\u00e4sentiert die Werke von Giuseppe Stampone","datePublished":"2023-06-13T20:59:58+00:00","dateModified":"2023-07-19T07:16:19+00:00","mainEntityOfPage":{"@id":"https:\/\/www.galleriamarcacorona.com\/de\/nel-blu-dipinto-die-galerie-marca-corona-praesentiert-die-werke-von-giuseppe-stampone\/"},"wordCount":503,"publisher":{"@id":"https:\/\/www.galleriamarcacorona.com\/de\/#organization"},"articleSection":["Unkategorisiert"],"inLanguage":"de"},{"@type":"WebPage","@id":"https:\/\/www.galleriamarcacorona.com\/de\/nel-blu-dipinto-die-galerie-marca-corona-praesentiert-die-werke-von-giuseppe-stampone\/","url":"https:\/\/www.galleriamarcacorona.com\/de\/nel-blu-dipinto-die-galerie-marca-corona-praesentiert-die-werke-von-giuseppe-stampone\/","name":"NEL BLU DIPINTO Die Galerie Marca Corona pr\u00e4sentiert die Werke von Giuseppe Stampone - Galleria Marca Corona","isPartOf":{"@id":"https:\/\/www.galleriamarcacorona.com\/de\/#website"},"datePublished":"2023-06-13T20:59:58+00:00","dateModified":"2023-07-19T07:16:19+00:00","description":"Marca Corona freut sich, vom 21 . Oktober 2022 bis zum 31. Januar 2023 im eigenen Werksmuseum 21 neue Werke von Giuseppe Stampone auszustellen","breadcrumb":{"@id":"https:\/\/www.galleriamarcacorona.com\/de\/nel-blu-dipinto-die-galerie-marca-corona-praesentiert-die-werke-von-giuseppe-stampone\/#breadcrumb"},"inLanguage":"de","potentialAction":[{"@type":"ReadAction","target":["https:\/\/www.galleriamarcacorona.com\/de\/nel-blu-dipinto-die-galerie-marca-corona-praesentiert-die-werke-von-giuseppe-stampone\/"]}]},{"@type":"BreadcrumbList","@id":"https:\/\/www.galleriamarcacorona.com\/de\/nel-blu-dipinto-die-galerie-marca-corona-praesentiert-die-werke-von-giuseppe-stampone\/#breadcrumb","itemListElement":[{"@type":"ListItem","position":1,"name":"Home","item":"https:\/\/www.galleriamarcacorona.com\/de\/"},{"@type":"ListItem","position":2,"name":"NEL BLU DIPINTO Die Galerie Marca Corona pr\u00e4sentiert die Werke von Giuseppe Stampone"}]},{"@type":"WebSite","@id":"https:\/\/www.galleriamarcacorona.com\/de\/#website","url":"https:\/\/www.galleriamarcacorona.com\/de\/","name":"Galleria Marca Corona","description":"","publisher":{"@id":"https:\/\/www.galleriamarcacorona.com\/de\/#organization"},"potentialAction":[{"@type":"SearchAction","target":{"@type":"EntryPoint","urlTemplate":"https:\/\/www.galleriamarcacorona.com\/de\/?s={search_term_string}"},"query-input":"required name=search_term_string"}],"inLanguage":"de"},{"@type":"Organization","@id":"https:\/\/www.galleriamarcacorona.com\/de\/#organization","name":"Galleria Marca Corona","url":"https:\/\/www.galleriamarcacorona.com\/de\/","logo":{"@type":"ImageObject","inLanguage":"de","@id":"https:\/\/www.galleriamarcacorona.com\/de\/#\/schema\/logo\/image\/","url":"https:\/\/www.galleriamarcacorona.com\/wp-content\/uploads\/2023\/05\/mc-galleria-logo-rgb-3200px.png","contentUrl":"https:\/\/www.galleriamarcacorona.com\/wp-content\/uploads\/2023\/05\/mc-galleria-logo-rgb-3200px.png","width":3200,"height":1112,"caption":"Galleria Marca Corona"},"image":{"@id":"https:\/\/www.galleriamarcacorona.com\/de\/#\/schema\/logo\/image\/"}},{"@type":"Person","@id":"https:\/\/www.galleriamarcacorona.com\/de\/#\/schema\/person\/9854f3650eab7e4334e66d22de09296a","name":"admin","image":{"@type":"ImageObject","inLanguage":"de","@id":"https:\/\/www.galleriamarcacorona.com\/de\/#\/schema\/person\/image\/","url":"https:\/\/secure.gravatar.com\/avatar\/45e04a838bba17ec5b51186bc6740fa4?s=96&d=mm&r=g","contentUrl":"https:\/\/secure.gravatar.com\/avatar\/45e04a838bba17ec5b51186bc6740fa4?s=96&d=mm&r=g","caption":"admin"},"sameAs":["http:\/\/www.galleriamarcacorona.com"],"url":"https:\/\/www.galleriamarcacorona.com\/de\/author\/admin\/"}]}},"_links":{"self":[{"href":"https:\/\/www.galleriamarcacorona.com\/de\/wp-json\/wp\/v2\/posts\/2572"}],"collection":[{"href":"https:\/\/www.galleriamarcacorona.com\/de\/wp-json\/wp\/v2\/posts"}],"about":[{"href":"https:\/\/www.galleriamarcacorona.com\/de\/wp-json\/wp\/v2\/types\/post"}],"author":[{"embeddable":true,"href":"https:\/\/www.galleriamarcacorona.com\/de\/wp-json\/wp\/v2\/users\/1"}],"replies":[{"embeddable":true,"href":"https:\/\/www.galleriamarcacorona.com\/de\/wp-json\/wp\/v2\/comments?post=2572"}],"version-history":[{"count":4,"href":"https:\/\/www.galleriamarcacorona.com\/de\/wp-json\/wp\/v2\/posts\/2572\/revisions"}],"predecessor-version":[{"id":2691,"href":"https:\/\/www.galleriamarcacorona.com\/de\/wp-json\/wp\/v2\/posts\/2572\/revisions\/2691"}],"wp:featuredmedia":[{"embeddable":true,"href":"https:\/\/www.galleriamarcacorona.com\/de\/wp-json\/wp\/v2\/media\/1904"}],"wp:attachment":[{"href":"https:\/\/www.galleriamarcacorona.com\/de\/wp-json\/wp\/v2\/media?parent=2572"}],"wp:term":[{"taxonomy":"category","embeddable":true,"href":"https:\/\/www.galleriamarcacorona.com\/de\/wp-json\/wp\/v2\/categories?post=2572"},{"taxonomy":"post_tag","embeddable":true,"href":"https:\/\/www.galleriamarcacorona.com\/de\/wp-json\/wp\/v2\/tags?post=2572"}],"curies":[{"name":"wp","href":"https:\/\/api.w.org\/{rel}","templated":true}]}}