{"id":4156,"date":"2023-08-30T08:38:15","date_gmt":"2023-08-30T08:38:15","guid":{"rendered":"https:\/\/www.galleriamarcacorona.com\/?p=4156"},"modified":"2023-10-23T11:47:37","modified_gmt":"2023-10-23T11:47:37","slug":"die-macht-des-wortes-auf-dem-festival-filosofia-mit-marca-corona-und-gallerie-estensi","status":"publish","type":"post","link":"https:\/\/www.galleriamarcacorona.com\/de\/die-macht-des-wortes-auf-dem-festival-filosofia-mit-marca-corona-und-gallerie-estensi\/","title":{"rendered":"Die Macht des Wortes auf dem Festival Filosofia mit Marca Corona und Gallerie Estensi"},"content":{"rendered":"\t\t<div data-elementor-type=\"wp-post\" data-elementor-id=\"4156\" class=\"elementor elementor-4156 elementor-4155\" data-elementor-post-type=\"post\">\n\t\t\t\t\t\t\t\t\t<section class=\"elementor-section elementor-top-section elementor-element elementor-element-715e6136 elementor-section-boxed elementor-section-height-default elementor-section-height-default\" data-id=\"715e6136\" data-element_type=\"section\">\n\t\t\t\t\t\t<div class=\"elementor-container elementor-column-gap-default\">\n\t\t\t\t\t<div class=\"elementor-column elementor-col-100 elementor-top-column elementor-element elementor-element-7ebb653a\" data-id=\"7ebb653a\" data-element_type=\"column\">\n\t\t\t<div class=\"elementor-widget-wrap elementor-element-populated\">\n\t\t\t\t\t\t\t\t<div class=\"elementor-element elementor-element-47ffdeb6 elementor-widget elementor-widget-text-editor\" data-id=\"47ffdeb6\" data-element_type=\"widget\" data-widget_type=\"text-editor.default\">\n\t\t\t\t<div class=\"elementor-widget-container\">\n\t\t\t<style>\/*! elementor - v3.14.0 - 26-06-2023 *\/\n.elementor-widget-text-editor.elementor-drop-cap-view-stacked .elementor-drop-cap{background-color:#69727d;color:#fff}.elementor-widget-text-editor.elementor-drop-cap-view-framed .elementor-drop-cap{color:#69727d;border:3px solid;background-color:transparent}.elementor-widget-text-editor:not(.elementor-drop-cap-view-default) .elementor-drop-cap{margin-top:8px}.elementor-widget-text-editor:not(.elementor-drop-cap-view-default) .elementor-drop-cap-letter{width:1em;height:1em}.elementor-widget-text-editor .elementor-drop-cap{float:left;text-align:center;line-height:1;font-size:50px}.elementor-widget-text-editor .elementor-drop-cap-letter{display:inline-block}<\/style>\t\t\t\t<p>Unter diesem Motto will das\u00a0<b>Festival Filosofia 2023<\/b>\u00a0die St\u00e4dte Modena,\u00a0<b>Sassuolo<\/b>\u00a0und Carpi in ein gro\u00dfes gemeinsames Kulturlabor verwandeln, mit\u00a0<b>weitl\u00e4ufigen R\u00e4umen f\u00fcr den Dialog und das Lernen \u00fcber Kunst, Literatur,\u00a0<\/b><b>Poesie, Musik und vieles mehr<\/b>.<\/p><p>In diesem Jahr\u00a0<b>nehmen Marca Corona und Gallerie Estensi<\/b>\u00a0mit einem Programm an der Veranstaltung\u00a0<b>teil<\/b>, das dank der Zusammenarbeit mit dem Maestro\u00a0<b>Giuseppe Stampone<\/b>das\u00a0<i>Wort<\/i>\u00a0in den Mittelpunkt stellt.<\/p><p>Im wundersch\u00f6nen Rahmen des\u00a0<b>Palazzo Ducale in Sassuolo kann man vom 15. bis 17. September<\/b>\u00a0die besondere Sichtweise dieses\u00a0<b>internationalen K\u00fcnstlers<\/b>\u00a0auf die Welt und die heutige Gesellschaft anhand der verschiedenen\u00a0<a href=\"https:\/\/www.marcacorona.it\/de\/news-trends\/art\/nel-blu-dipinto-die-galerie-marca-corona-prasentoert-die-werke-von-giuseppe-stampone\/\" target=\"_blank\" rel=\"noopener\">Werke<\/a>\u00a0wie zum Beispiel\u00a0<b>\u201eAbecedario &#8211; Global Education\u201c\u00a0<\/b>\u00a0und viele andere.\u00a0<\/p>\t\t\t\t\t\t<\/div>\n\t\t\t\t<\/div>\n\t\t\t\t\t<\/div>\n\t\t<\/div>\n\t\t\t\t\t\t\t<\/div>\n\t\t<\/section>\n\t\t<div class=\"elementor-element elementor-element-0e9badf e-con-full e-flex e-con\" data-id=\"0e9badf\" data-element_type=\"container\" data-settings=\"{&quot;content_width&quot;:&quot;full&quot;}\">\n\t\t\t\t<div class=\"elementor-element elementor-element-88ff164 elementor-widget elementor-widget-heading\" data-id=\"88ff164\" data-element_type=\"widget\" data-widget_type=\"heading.default\">\n\t\t\t\t<div class=\"elementor-widget-container\">\n\t\t\t<style>\/*! elementor - v3.14.0 - 26-06-2023 *\/\n.elementor-heading-title{padding:0;margin:0;line-height:1}.elementor-widget-heading .elementor-heading-title[class*=elementor-size-]>a{color:inherit;font-size:inherit;line-height:inherit}.elementor-widget-heading .elementor-heading-title.elementor-size-small{font-size:15px}.elementor-widget-heading .elementor-heading-title.elementor-size-medium{font-size:19px}.elementor-widget-heading .elementor-heading-title.elementor-size-large{font-size:29px}.elementor-widget-heading .elementor-heading-title.elementor-size-xl{font-size:39px}.elementor-widget-heading .elementor-heading-title.elementor-size-xxl{font-size:59px}<\/style><h2 class=\"elementor-heading-title elementor-size-default\">Festival Filosofia 2023: das komplette Programm des Palazzo Ducale in Sassuolo f\u00fcr die dreit\u00e4gige Veranstaltung mit Marca Corona per l'Arte<\/h2>\t\t<\/div>\n\t\t\t\t<\/div>\n\t\t\t\t<div class=\"elementor-element elementor-element-fb28aa6 elementor-widget elementor-widget-text-editor\" data-id=\"fb28aa6\" data-element_type=\"widget\" data-widget_type=\"text-editor.default\">\n\t\t\t\t<div class=\"elementor-widget-container\">\n\t\t\t\t\t\t\t<p>W\u00e4hrend des dreit\u00e4gigen Festival Filosofia 2023 in Sassuolo beherbergt der Palazzo Ducale die von Marca Corona per l&#8217;Arte und Gallerie Estensi gef\u00f6rderte Ausstellung zu Ehren von\u00a0<a href=\"https:\/\/www.marcacorona.it\/de\/gallery-marca-corona-stampone\/\" target=\"_blank\" rel=\"noopener\">Giuseppe Stampone<\/a>\u00a0kuratiert von Lara Gaeta R&amp;P Contemporary Art.<\/p><p>In den<b>\u00a0Ausstellungsr\u00e4umen des Appartamento dei Giganti\u00a0<\/b>wird die Beziehung zwischen Worten-Bildern erforscht, indem das Spektrum der<b>\u00a0\u00dcberlegungen zur verbalen und figurativen Sprache<\/b>\u00a0erweitert wird und sich auch mit dem Symbol befasst und versucht, Worte und Objekte in ihre urspr\u00fcngliche Form zur\u00fcckzubringen.<\/p><p><b>Der Blickwinkel der Ausstellung erstreckt sich somit auf verschiedene Gemeinschaften und geografische Orte<\/b>, die in der kollektiven Vorstellungswelt bereits auf eine bestimmte Weise pr\u00e4sent sind und die der K\u00fcnstler zu revidieren oder zu dekontextualisieren versucht.<\/p><p>Die ausgestellten\u00a0<b>Werke geh\u00f6ren\u00a0<\/b>daher\u00a0<b>zu\u00a0 verschiedenen Typologien<\/b>\u00a0und umfassen sowohl solche, die die pers\u00f6nliche Forschung des K\u00fcnstlers charakterisieren &#8211; wie die\u00a0<b>ber\u00fchmten Tafeln, die mit dem exklusiven blauen Kugelschreiber Stamp-One &#8211; erstellt wurden<\/b>, als auch\u00a0<b>Video- und Installationsbeitr\u00e4ge, die sich auf die zahlreichen Projekte und Erkundungen beziehen, die der Meister im Laufe der Zeit durchgef\u00fchrt hat<\/b>, wie zum Beispiel:<\/p><ul><li><b>Workshops der kollektiven Kunst\u00a0<\/b>f\u00fcr die Mitarbeiter von Marca Corona;<br \/>\u00a0<\/li><li><a href=\"https:\/\/www.marcacorona.it\/de\/news-trends\/art\/marca-corona-und-die-kunst-mit-jungen-menschen-uber-unternehmenskultur-zu-sprechen\/\" target=\"_blank\" rel=\"noopener\">Global Education Labs<\/a>\u00a0in Zusammenarbeit mit zwei Klassen der Oberschule A. Venturi Modena.<\/li><\/ul>\t\t\t\t\t\t<\/div>\n\t\t\t\t<\/div>\n\t\t\t\t<\/div>\n\t\t<div class=\"elementor-element elementor-element-ce564cf e-flex e-con-boxed e-con\" data-id=\"ce564cf\" data-element_type=\"container\" data-settings=\"{&quot;content_width&quot;:&quot;boxed&quot;}\">\n\t\t\t\t\t<div class=\"e-con-inner\">\n\t\t<div class=\"elementor-element elementor-element-87f6dee e-con-full e-flex e-con\" data-id=\"87f6dee\" data-element_type=\"container\" data-settings=\"{&quot;content_width&quot;:&quot;full&quot;}\">\n\t\t\t\t<div class=\"elementor-element elementor-element-5317759 elementor-widget elementor-widget-text-editor\" data-id=\"5317759\" data-element_type=\"widget\" data-widget_type=\"text-editor.default\">\n\t\t\t\t<div class=\"elementor-widget-container\">\n\t\t\t\t\t\t\t<p>Zu den j\u00fcngsten Werken des Maestro geh\u00f6rt\u00a0<b>\u201eAbecedario d&#8217;Artista\u201c<\/b>.<b>\u00a021 bisher unver\u00f6ffentlichte Tafeln,\u00a0<\/b>die sich jeweils auf einen\u00a0<b>Buchstaben des Alphabets\u00a0<\/b>beziehen\u00a0<b>und mit einem Bild und einem Wort verbunden sind<\/b>.<\/p><p>Das unver\u00f6ffentlichte Werk ist das Ergebnis einer<b>\u00a0kreativen Zusammenarbeit<\/b>, bei der der K\u00fcnstler mit den Mitarbeitern von Marca Corona,\u00a0<b>die Geschichte, die Werte und die Entwicklung einer Unternehmensgemeinschaft<\/b>\u00a0erz\u00e4hlt<b>, die vor mehr als drei Jahrhunderten begonnen hat<\/b>.<\/p><p>Dieses kollektive Experiment steht in der Tradition der\u00a0<b>fr\u00fcheren Abecedari von Stampone, wie dem Italien gewidmeten<\/b>\u00a0(mit B f\u00fcr Bellezza, E f\u00fcr Emigrazione, P f\u00fcr Piazza) oder dem revolution\u00e4ren (mit A f\u00fcr Anarchia und V f\u00fcr Vittoria).<\/p>\t\t\t\t\t\t<\/div>\n\t\t\t\t<\/div>\n\t\t\t\t<\/div>\n\t\t<div class=\"elementor-element elementor-element-fafb796 e-con-full e-flex e-con\" data-id=\"fafb796\" data-element_type=\"container\" data-settings=\"{&quot;content_width&quot;:&quot;full&quot;}\">\n\t\t\t\t<div class=\"elementor-element elementor-element-5091698 elementor-widget elementor-widget-image\" data-id=\"5091698\" data-element_type=\"widget\" data-widget_type=\"image.default\">\n\t\t\t\t<div class=\"elementor-widget-container\">\n\t\t\t<style>\/*! elementor - v3.14.0 - 26-06-2023 *\/\n.elementor-widget-image{text-align:center}.elementor-widget-image a{display:inline-block}.elementor-widget-image a img[src$=\".svg\"]{width:48px}.elementor-widget-image img{vertical-align:middle;display:inline-block}<\/style>\t\t\t\t\t\t\t\t\t\t\t\t<img decoding=\"async\" width=\"1024\" height=\"788\" src=\"https:\/\/www.galleriamarcacorona.com\/wp-content\/uploads\/2023\/08\/quadri-2-1024x788.jpg\" class=\"attachment-large size-large wp-image-4174\" alt=\"\" loading=\"lazy\" srcset=\"https:\/\/www.galleriamarcacorona.com\/wp-content\/uploads\/2023\/08\/quadri-2-1024x788.jpg 1024w, https:\/\/www.galleriamarcacorona.com\/wp-content\/uploads\/2023\/08\/quadri-2-300x231.jpg 300w, https:\/\/www.galleriamarcacorona.com\/wp-content\/uploads\/2023\/08\/quadri-2-768x591.jpg 768w, https:\/\/www.galleriamarcacorona.com\/wp-content\/uploads\/2023\/08\/quadri-2.jpg 1300w\" sizes=\"(max-width: 1024px) 100vw, 1024px\" \/>\t\t\t\t\t\t\t\t\t\t\t\t\t\t\t<\/div>\n\t\t\t\t<\/div>\n\t\t\t\t<\/div>\n\t\t\t\t\t<\/div>\n\t\t\t\t<\/div>\n\t\t<div class=\"elementor-element elementor-element-69ea1e2 e-con-full e-flex e-con\" data-id=\"69ea1e2\" data-element_type=\"container\" data-settings=\"{&quot;content_width&quot;:&quot;full&quot;}\">\n\t\t<div class=\"elementor-element elementor-element-beb96a4 e-con-full e-flex e-con\" data-id=\"beb96a4\" data-element_type=\"container\" data-settings=\"{&quot;content_width&quot;:&quot;full&quot;}\">\n\t\t\t\t<div class=\"elementor-element elementor-element-1626578 elementor-widget elementor-widget-image\" data-id=\"1626578\" data-element_type=\"widget\" data-widget_type=\"image.default\">\n\t\t\t\t<div class=\"elementor-widget-container\">\n\t\t\t\t\t\t\t\t\t\t\t\t\t\t\t<img decoding=\"async\" width=\"1300\" height=\"500\" src=\"https:\/\/www.galleriamarcacorona.com\/wp-content\/uploads\/2023\/10\/3-4.jpg\" class=\"attachment-full size-full wp-image-5824\" alt=\"\" loading=\"lazy\" srcset=\"https:\/\/www.galleriamarcacorona.com\/wp-content\/uploads\/2023\/10\/3-4.jpg 1300w, https:\/\/www.galleriamarcacorona.com\/wp-content\/uploads\/2023\/10\/3-4-300x115.jpg 300w, https:\/\/www.galleriamarcacorona.com\/wp-content\/uploads\/2023\/10\/3-4-1024x394.jpg 1024w, https:\/\/www.galleriamarcacorona.com\/wp-content\/uploads\/2023\/10\/3-4-768x295.jpg 768w\" sizes=\"(max-width: 1300px) 100vw, 1300px\" \/>\t\t\t\t\t\t\t\t\t\t\t\t\t\t\t<\/div>\n\t\t\t\t<\/div>\n\t\t\t\t<\/div>\n\t\t\t\t<\/div>\n\t\t<div class=\"elementor-element elementor-element-405c40b e-flex e-con-boxed e-con\" data-id=\"405c40b\" data-element_type=\"container\" data-settings=\"{&quot;content_width&quot;:&quot;boxed&quot;}\">\n\t\t\t\t\t<div class=\"e-con-inner\">\n\t\t\t\t<div class=\"elementor-element elementor-element-172f878 elementor-widget elementor-widget-heading\" data-id=\"172f878\" data-element_type=\"widget\" data-widget_type=\"heading.default\">\n\t\t\t\t<div class=\"elementor-widget-container\">\n\t\t\t<h2 class=\"elementor-heading-title elementor-size-default\">Besuch der Ausstellung von Giuseppe Stampone und Marca Corona per l\u2019Arte am Festival Filosofia Sassuolo<\/h2>\t\t<\/div>\n\t\t\t\t<\/div>\n\t\t\t\t<div class=\"elementor-element elementor-element-40c49c2 elementor-widget elementor-widget-text-editor\" data-id=\"40c49c2\" data-element_type=\"widget\" data-widget_type=\"text-editor.default\">\n\t\t\t\t<div class=\"elementor-widget-container\">\n\t\t\t\t\t\t\t<p>Die von Marca Corona und Gallerie Estensi gef\u00f6rderte Ausstellung von Giuseppe Stampone kann kostenlos im Palazzo Ducale anl\u00e4sslich des Festival Filosofia in Sassuolo, vom\u00a0<b>15. bis 17. September besucht werden<\/b>.\u00a0<\/p><p>\u00d6ffnungszeiten:<\/p><ul><li><b>Freitag, 15. September | 10 &#8211; 22 Uhr<\/b><\/li><li><b>Samstag, 16. September | 10 &#8211; 22 Uhr<\/b><\/li><li><b>Sonntag, 17. September | 10 &#8211; 22 Uhr<\/b><\/li><\/ul><p><br \/>Standort:<\/p><p><b>Palazzo Ducale Sassuolo<\/b><br \/>Appartamento dei Giganti<br \/>Piazzale della Rosa, 10<br \/>Sassuolo (Modena)<\/p><p><b>Nach dem Festival wird die Ausstellung bis zum 31. Dezember 2023 zu sehen sein. Der Eintritt ist in der Eintrittskarte f\u00fcr den Besuch des Palazzo Ducale enthalten.<\/b><\/p>\t\t\t\t\t\t<\/div>\n\t\t\t\t<\/div>\n\t\t\t\t<div class=\"elementor-element elementor-element-bd6acd6 elementor-widget elementor-widget-spacer\" data-id=\"bd6acd6\" data-element_type=\"widget\" data-widget_type=\"spacer.default\">\n\t\t\t\t<div class=\"elementor-widget-container\">\n\t\t\t<style>\/*! elementor - v3.14.0 - 26-06-2023 *\/\n.elementor-column .elementor-spacer-inner{height:var(--spacer-size)}.e-con{--container-widget-width:100%}.e-con-inner>.elementor-widget-spacer,.e-con>.elementor-widget-spacer{width:var(--container-widget-width,var(--spacer-size));--align-self:var(--container-widget-align-self,initial);--flex-shrink:0}.e-con-inner>.elementor-widget-spacer>.elementor-widget-container,.e-con-inner>.elementor-widget-spacer>.elementor-widget-container>.elementor-spacer,.e-con>.elementor-widget-spacer>.elementor-widget-container,.e-con>.elementor-widget-spacer>.elementor-widget-container>.elementor-spacer{height:100%}.e-con-inner>.elementor-widget-spacer>.elementor-widget-container>.elementor-spacer>.elementor-spacer-inner,.e-con>.elementor-widget-spacer>.elementor-widget-container>.elementor-spacer>.elementor-spacer-inner{height:var(--container-widget-height,var(--spacer-size))}<\/style>\t\t<div class=\"elementor-spacer\">\n\t\t\t<div class=\"elementor-spacer-inner\"><\/div>\n\t\t<\/div>\n\t\t\t\t<\/div>\n\t\t\t\t<\/div>\n\t\t\t\t\t<\/div>\n\t\t\t\t<\/div>\n\t\t<div class=\"elementor-element elementor-element-03b4e38 e-flex e-con-boxed e-con\" data-id=\"03b4e38\" data-element_type=\"container\" data-settings=\"{&quot;content_width&quot;:&quot;boxed&quot;}\">\n\t\t\t\t\t<div class=\"e-con-inner\">\n\t\t\t\t<div class=\"elementor-element elementor-element-9421b30 elementor-align-center elementor-widget elementor-widget-button\" data-id=\"9421b30\" data-element_type=\"widget\" data-widget_type=\"button.default\">\n\t\t\t\t<div class=\"elementor-widget-container\">\n\t\t\t\t\t<div class=\"elementor-button-wrapper\">\n\t\t\t<a class=\"elementor-button elementor-button-link elementor-size-sm\" href=\"https:\/\/www.galleriamarcacorona.com\/de\/besichtigung-buchen\/\">\n\t\t\t\t\t\t<span class=\"elementor-button-content-wrapper\">\n\t\t\t\t\t\t<span class=\"elementor-button-text\">SETZEN SIE SICH F\u00dcR WEITERE INFORMATIONEN MIT UNS IN VERBINDUNG<\/span>\n\t\t<\/span>\n\t\t\t\t\t<\/a>\n\t\t<\/div>\n\t\t\t\t<\/div>\n\t\t\t\t<\/div>\n\t\t\t\t\t<\/div>\n\t\t\t\t<\/div>\n\t\t<div class=\"elementor-element elementor-element-163427a e-con-full e-flex e-con\" data-id=\"163427a\" data-element_type=\"container\" data-settings=\"{&quot;content_width&quot;:&quot;full&quot;}\">\n\t\t\t\t<div class=\"elementor-element elementor-element-051038d elementor-widget elementor-widget-spacer\" data-id=\"051038d\" data-element_type=\"widget\" data-widget_type=\"spacer.default\">\n\t\t\t\t<div class=\"elementor-widget-container\">\n\t\t\t\t\t<div class=\"elementor-spacer\">\n\t\t\t<div class=\"elementor-spacer-inner\"><\/div>\n\t\t<\/div>\n\t\t\t\t<\/div>\n\t\t\t\t<\/div>\n\t\t\t\t<div class=\"elementor-element elementor-element-ba18754 elementor-widget elementor-widget-image\" data-id=\"ba18754\" data-element_type=\"widget\" data-widget_type=\"image.default\">\n\t\t\t\t<div class=\"elementor-widget-container\">\n\t\t\t\t\t\t\t\t\t\t\t\t\t\t\t<img decoding=\"async\" width=\"1024\" height=\"182\" src=\"https:\/\/www.galleriamarcacorona.com\/wp-content\/uploads\/2023\/08\/loghi-2-1024x182.jpg\" class=\"attachment-large size-large wp-image-4192\" alt=\"\" loading=\"lazy\" srcset=\"https:\/\/www.galleriamarcacorona.com\/wp-content\/uploads\/2023\/08\/loghi-2-1024x182.jpg 1024w, https:\/\/www.galleriamarcacorona.com\/wp-content\/uploads\/2023\/08\/loghi-2-300x53.jpg 300w, https:\/\/www.galleriamarcacorona.com\/wp-content\/uploads\/2023\/08\/loghi-2-768x136.jpg 768w, https:\/\/www.galleriamarcacorona.com\/wp-content\/uploads\/2023\/08\/loghi-2.jpg 1300w\" sizes=\"(max-width: 1024px) 100vw, 1024px\" \/>\t\t\t\t\t\t\t\t\t\t\t\t\t\t\t<\/div>\n\t\t\t\t<\/div>\n\t\t\t\t<\/div>\n\t\t<div class=\"elementor-element elementor-element-ee1ec15 e-flex e-con-boxed e-con\" data-id=\"ee1ec15\" data-element_type=\"container\" data-settings=\"{&quot;content_width&quot;:&quot;boxed&quot;}\">\n\t\t\t\t\t<div class=\"e-con-inner\">\n\t\t<div class=\"elementor-element elementor-element-e6648d5 e-flex e-con-boxed e-con\" data-id=\"e6648d5\" data-element_type=\"container\" data-settings=\"{&quot;content_width&quot;:&quot;boxed&quot;}\">\n\t\t\t\t\t<div class=\"e-con-inner\">\n\t\t<div class=\"elementor-element elementor-element-17d0eb0 e-flex e-con-boxed e-con\" data-id=\"17d0eb0\" data-element_type=\"container\" data-settings=\"{&quot;content_width&quot;:&quot;boxed&quot;}\">\n\t\t\t\t\t<div class=\"e-con-inner\">\n\t\t\t\t<div class=\"elementor-element elementor-element-27756fc elementor-widget elementor-widget-gallery\" data-id=\"27756fc\" data-element_type=\"widget\" data-settings=\"{&quot;columns&quot;:9,&quot;lazyload&quot;:&quot;yes&quot;,&quot;gallery_layout&quot;:&quot;grid&quot;,&quot;columns_tablet&quot;:2,&quot;columns_mobile&quot;:1,&quot;gap&quot;:{&quot;unit&quot;:&quot;px&quot;,&quot;size&quot;:10,&quot;sizes&quot;:[]},&quot;gap_tablet&quot;:{&quot;unit&quot;:&quot;px&quot;,&quot;size&quot;:10,&quot;sizes&quot;:[]},&quot;gap_mobile&quot;:{&quot;unit&quot;:&quot;px&quot;,&quot;size&quot;:10,&quot;sizes&quot;:[]},&quot;link_to&quot;:&quot;file&quot;,&quot;aspect_ratio&quot;:&quot;3:2&quot;,&quot;overlay_background&quot;:&quot;yes&quot;,&quot;content_hover_animation&quot;:&quot;fade-in&quot;}\" data-widget_type=\"gallery.default\">\n\t\t\t\t<div class=\"elementor-widget-container\">\n\t\t\t<style>\/*! elementor-pro - v3.14.0 - 26-06-2023 *\/\n.elementor-gallery__container{min-height:1px}.elementor-gallery-item{position:relative;overflow:hidden;display:block;text-decoration:none;border:solid var(--image-border-width) var(--image-border-color);border-radius:var(--image-border-radius)}.elementor-gallery-item__content,.elementor-gallery-item__overlay{height:100%;width:100%;position:absolute;top:0;left:0}.elementor-gallery-item__overlay{mix-blend-mode:var(--overlay-mix-blend-mode);transition-duration:var(--overlay-transition-duration);transition-property:mix-blend-mode,transform,opacity,background-color}.elementor-gallery-item__image.e-gallery-image{transition-duration:var(--image-transition-duration);transition-property:filter,transform}.elementor-gallery-item__content{display:flex;flex-direction:column;justify-content:var(--content-justify-content,center);align-items:center;text-align:var(--content-text-align);padding:var(--content-padding)}.elementor-gallery-item__content>div{transition-duration:var(--content-transition-duration)}.elementor-gallery-item__content.elementor-gallery--sequenced-animation>div:nth-child(2){transition-delay:calc(var(--content-transition-delay) \/ 3)}.elementor-gallery-item__content.elementor-gallery--sequenced-animation>div:nth-child(3){transition-delay:calc(var(--content-transition-delay) \/ 3 * 2)}.elementor-gallery-item__content.elementor-gallery--sequenced-animation>div:nth-child(4){transition-delay:calc(var(--content-transition-delay) \/ 3 * 3)}.elementor-gallery-item__description{color:var(--description-text-color,#fff);width:100%}.elementor-gallery-item__title{color:var(--title-text-color,#fff);font-weight:700;width:100%}.elementor-gallery__titles-container{display:flex;flex-wrap:wrap;justify-content:var(--titles-container-justify-content,center);margin-bottom:20px}.elementor-gallery__titles-container:not(.e--pointer-framed) .elementor-item:after,.elementor-gallery__titles-container:not(.e--pointer-framed) .elementor-item:before{background-color:var(--galleries-pointer-bg-color-hover)}.elementor-gallery__titles-container:not(.e--pointer-framed) .elementor-item.elementor-item-active:after,.elementor-gallery__titles-container:not(.e--pointer-framed) .elementor-item.elementor-item-active:before{background-color:var(--galleries-pointer-bg-color-active)}.elementor-gallery__titles-container.e--pointer-framed .elementor-item:before{border-color:var(--galleries-pointer-bg-color-hover);border-width:var(--galleries-pointer-border-width)}.elementor-gallery__titles-container.e--pointer-framed .elementor-item:after{border-color:var(--galleries-pointer-bg-color-hover)}.elementor-gallery__titles-container.e--pointer-framed .elementor-item.elementor-item-active:after,.elementor-gallery__titles-container.e--pointer-framed .elementor-item.elementor-item-active:before{border-color:var(--galleries-pointer-bg-color-active)}.elementor-gallery__titles-container.e--pointer-framed.e--animation-draw .elementor-item:before{border-left-width:var(--galleries-pointer-border-width);border-bottom-width:var(--galleries-pointer-border-width);border-right-width:0;border-top-width:0}.elementor-gallery__titles-container.e--pointer-framed.e--animation-draw .elementor-item:after{border-left-width:0;border-bottom-width:0;border-right-width:var(--galleries-pointer-border-width);border-top-width:var(--galleries-pointer-border-width)}.elementor-gallery__titles-container.e--pointer-framed.e--animation-corners .elementor-item:before{border-left-width:var(--galleries-pointer-border-width);border-bottom-width:0;border-right-width:0;border-top-width:var(--galleries-pointer-border-width)}.elementor-gallery__titles-container.e--pointer-framed.e--animation-corners .elementor-item:after{border-left-width:0;border-bottom-width:var(--galleries-pointer-border-width);border-right-width:var(--galleries-pointer-border-width);border-top-width:0}.elementor-gallery__titles-container .e--pointer-double-line .elementor-item:after,.elementor-gallery__titles-container .e--pointer-double-line .elementor-item:before,.elementor-gallery__titles-container .e--pointer-overline .elementor-item:before,.elementor-gallery__titles-container .e--pointer-underline .elementor-item:after{height:var(--galleries-pointer-border-width)}.elementor-gallery-title{--space-between:10px;cursor:pointer;color:#6d7882;font-weight:500;position:relative;padding:7px 14px;transition:all .3s}.elementor-gallery-title--active{color:#495157}.elementor-gallery-title:not(:last-child){margin-right:var(--space-between)}.elementor-gallery-item__title+.elementor-gallery-item__description{margin-top:var(--description-margin-top)}.e-gallery-item.elementor-gallery-item{transition-property:all}.e-gallery-item.elementor-animated-content .elementor-animated-item--enter-from-bottom,.e-gallery-item.elementor-animated-content .elementor-animated-item--enter-from-left,.e-gallery-item.elementor-animated-content .elementor-animated-item--enter-from-right,.e-gallery-item.elementor-animated-content .elementor-animated-item--enter-from-top,.e-gallery-item:focus .elementor-gallery__item-overlay-bg,.e-gallery-item:focus .elementor-gallery__item-overlay-content,.e-gallery-item:focus .elementor-gallery__item-overlay-content__description,.e-gallery-item:focus .elementor-gallery__item-overlay-content__title,.e-gallery-item:hover .elementor-gallery__item-overlay-bg,.e-gallery-item:hover .elementor-gallery__item-overlay-content,.e-gallery-item:hover .elementor-gallery__item-overlay-content__description,.e-gallery-item:hover .elementor-gallery__item-overlay-content__title{opacity:1}a.elementor-item.elementor-gallery-title{color:var(--galleries-title-color-normal)}a.elementor-item.elementor-gallery-title.elementor-item-active,a.elementor-item.elementor-gallery-title.highlighted,a.elementor-item.elementor-gallery-title:focus,a.elementor-item.elementor-gallery-title:hover{color:var(--galleries-title-color-hover)}a.elementor-item.elementor-gallery-title.elementor-item-active{color:var(--gallery-title-color-active)}.e-con-inner>.elementor-widget-gallery,.e-con>.elementor-widget-gallery{width:var(--container-widget-width);--flex-grow:var(--container-widget-flex-grow)}<\/style>\t\t<div class=\"elementor-gallery__container\">\n\t\t\t\t\t\t\t<a class=\"e-gallery-item elementor-gallery-item elementor-animated-content\" href=\"https:\/\/www.galleriamarcacorona.com\/wp-content\/uploads\/2023\/10\/Vernissage_Stampone_Palazzo-Ducale_16-09-23-10.jpg\" data-elementor-open-lightbox=\"yes\" data-elementor-lightbox-slideshow=\"27756fc\" data-elementor-lightbox-title=\"Vernissage_Stampone_Palazzo-Ducale_16-09-23-10.jpg\" data-e-action-hash=\"#elementor-action%3Aaction%3Dlightbox%26settings%3DeyJpZCI6NTgzNSwidXJsIjoiaHR0cHM6XC9cL3d3dy5nYWxsZXJpYW1hcmNhY29yb25hLmNvbVwvd3AtY29udGVudFwvdXBsb2Fkc1wvMjAyM1wvMTBcL1Zlcm5pc3NhZ2VfU3RhbXBvbmVfUGFsYXp6by1EdWNhbGVfMTYtMDktMjMtMTAuanBnIiwic2xpZGVzaG93IjoiMjc3NTZmYyJ9\">\n\t\t\t\t\t<div class=\"e-gallery-image elementor-gallery-item__image\" data-thumbnail=\"https:\/\/www.galleriamarcacorona.com\/wp-content\/uploads\/2023\/10\/Vernissage_Stampone_Palazzo-Ducale_16-09-23-10-300x200.jpg\" data-width=\"300\" data-height=\"200\" aria-label=\"\" role=\"img\" ><\/div>\n\t\t\t\t\t\t\t\t\t\t\t<div class=\"elementor-gallery-item__overlay\"><\/div>\n\t\t\t\t\t\t\t\t\t\t\t\t\t\t<\/a>\n\t\t\t\t\t\t\t<a class=\"e-gallery-item elementor-gallery-item elementor-animated-content\" href=\"https:\/\/www.galleriamarcacorona.com\/wp-content\/uploads\/2023\/10\/Vernissage_Stampone_Palazzo-Ducale_16-09-23-19.jpg\" data-elementor-open-lightbox=\"yes\" data-elementor-lightbox-slideshow=\"27756fc\" data-elementor-lightbox-title=\"Vernissage_Stampone_Palazzo-Ducale_16-09-23-19.jpg\" data-e-action-hash=\"#elementor-action%3Aaction%3Dlightbox%26settings%3DeyJpZCI6NTg0NywidXJsIjoiaHR0cHM6XC9cL3d3dy5nYWxsZXJpYW1hcmNhY29yb25hLmNvbVwvd3AtY29udGVudFwvdXBsb2Fkc1wvMjAyM1wvMTBcL1Zlcm5pc3NhZ2VfU3RhbXBvbmVfUGFsYXp6by1EdWNhbGVfMTYtMDktMjMtMTkuanBnIiwic2xpZGVzaG93IjoiMjc3NTZmYyJ9\">\n\t\t\t\t\t<div class=\"e-gallery-image elementor-gallery-item__image\" data-thumbnail=\"https:\/\/www.galleriamarcacorona.com\/wp-content\/uploads\/2023\/10\/Vernissage_Stampone_Palazzo-Ducale_16-09-23-19-300x200.jpg\" data-width=\"300\" data-height=\"200\" aria-label=\"\" role=\"img\" ><\/div>\n\t\t\t\t\t\t\t\t\t\t\t<div class=\"elementor-gallery-item__overlay\"><\/div>\n\t\t\t\t\t\t\t\t\t\t\t\t\t\t<\/a>\n\t\t\t\t\t\t\t<a class=\"e-gallery-item elementor-gallery-item elementor-animated-content\" href=\"https:\/\/www.galleriamarcacorona.com\/wp-content\/uploads\/2023\/10\/Vernissage_Stampone_Palazzo-Ducale_16-09-23-46.jpg\" data-elementor-open-lightbox=\"yes\" data-elementor-lightbox-slideshow=\"27756fc\" data-elementor-lightbox-title=\"Vernissage_Stampone_Palazzo-Ducale_16-09-23-46.jpg\" data-e-action-hash=\"#elementor-action%3Aaction%3Dlightbox%26settings%3DeyJpZCI6NTg1OSwidXJsIjoiaHR0cHM6XC9cL3d3dy5nYWxsZXJpYW1hcmNhY29yb25hLmNvbVwvd3AtY29udGVudFwvdXBsb2Fkc1wvMjAyM1wvMTBcL1Zlcm5pc3NhZ2VfU3RhbXBvbmVfUGFsYXp6by1EdWNhbGVfMTYtMDktMjMtNDYuanBnIiwic2xpZGVzaG93IjoiMjc3NTZmYyJ9\">\n\t\t\t\t\t<div class=\"e-gallery-image elementor-gallery-item__image\" data-thumbnail=\"https:\/\/www.galleriamarcacorona.com\/wp-content\/uploads\/2023\/10\/Vernissage_Stampone_Palazzo-Ducale_16-09-23-46-300x200.jpg\" data-width=\"300\" data-height=\"200\" aria-label=\"\" role=\"img\" ><\/div>\n\t\t\t\t\t\t\t\t\t\t\t<div class=\"elementor-gallery-item__overlay\"><\/div>\n\t\t\t\t\t\t\t\t\t\t\t\t\t\t<\/a>\n\t\t\t\t\t\t\t<a class=\"e-gallery-item elementor-gallery-item elementor-animated-content\" href=\"https:\/\/www.galleriamarcacorona.com\/wp-content\/uploads\/2023\/10\/Vernissage_Stampone_Palazzo-Ducale_16-09-23-63.jpg\" data-elementor-open-lightbox=\"yes\" data-elementor-lightbox-slideshow=\"27756fc\" data-elementor-lightbox-title=\"Vernissage_Stampone_Palazzo-Ducale_16-09-23-63.jpg\" data-e-action-hash=\"#elementor-action%3Aaction%3Dlightbox%26settings%3DeyJpZCI6NTg3MSwidXJsIjoiaHR0cHM6XC9cL3d3dy5nYWxsZXJpYW1hcmNhY29yb25hLmNvbVwvd3AtY29udGVudFwvdXBsb2Fkc1wvMjAyM1wvMTBcL1Zlcm5pc3NhZ2VfU3RhbXBvbmVfUGFsYXp6by1EdWNhbGVfMTYtMDktMjMtNjMuanBnIiwic2xpZGVzaG93IjoiMjc3NTZmYyJ9\">\n\t\t\t\t\t<div class=\"e-gallery-image elementor-gallery-item__image\" data-thumbnail=\"https:\/\/www.galleriamarcacorona.com\/wp-content\/uploads\/2023\/10\/Vernissage_Stampone_Palazzo-Ducale_16-09-23-63-300x200.jpg\" data-width=\"300\" data-height=\"200\" aria-label=\"\" role=\"img\" ><\/div>\n\t\t\t\t\t\t\t\t\t\t\t<div class=\"elementor-gallery-item__overlay\"><\/div>\n\t\t\t\t\t\t\t\t\t\t\t\t\t\t<\/a>\n\t\t\t\t\t\t\t<a class=\"e-gallery-item elementor-gallery-item elementor-animated-content\" href=\"https:\/\/www.galleriamarcacorona.com\/wp-content\/uploads\/2023\/10\/Vernissage_Stampone_Palazzo-Ducale_16-09-23-65.jpg\" data-elementor-open-lightbox=\"yes\" data-elementor-lightbox-slideshow=\"27756fc\" data-elementor-lightbox-title=\"Vernissage_Stampone_Palazzo-Ducale_16-09-23-65.jpg\" data-e-action-hash=\"#elementor-action%3Aaction%3Dlightbox%26settings%3DeyJpZCI6NTg4MywidXJsIjoiaHR0cHM6XC9cL3d3dy5nYWxsZXJpYW1hcmNhY29yb25hLmNvbVwvd3AtY29udGVudFwvdXBsb2Fkc1wvMjAyM1wvMTBcL1Zlcm5pc3NhZ2VfU3RhbXBvbmVfUGFsYXp6by1EdWNhbGVfMTYtMDktMjMtNjUuanBnIiwic2xpZGVzaG93IjoiMjc3NTZmYyJ9\">\n\t\t\t\t\t<div class=\"e-gallery-image elementor-gallery-item__image\" data-thumbnail=\"https:\/\/www.galleriamarcacorona.com\/wp-content\/uploads\/2023\/10\/Vernissage_Stampone_Palazzo-Ducale_16-09-23-65-300x200.jpg\" data-width=\"300\" data-height=\"200\" aria-label=\"\" role=\"img\" ><\/div>\n\t\t\t\t\t\t\t\t\t\t\t<div class=\"elementor-gallery-item__overlay\"><\/div>\n\t\t\t\t\t\t\t\t\t\t\t\t\t\t<\/a>\n\t\t\t\t\t\t\t<a class=\"e-gallery-item elementor-gallery-item elementor-animated-content\" href=\"https:\/\/www.galleriamarcacorona.com\/wp-content\/uploads\/2023\/10\/Vernissage_Stampone_Palazzo-Ducale_16-09-23-85.jpg\" data-elementor-open-lightbox=\"yes\" data-elementor-lightbox-slideshow=\"27756fc\" data-elementor-lightbox-title=\"Vernissage_Stampone_Palazzo-Ducale_16-09-23-85.jpg\" data-e-action-hash=\"#elementor-action%3Aaction%3Dlightbox%26settings%3DeyJpZCI6NTg5NSwidXJsIjoiaHR0cHM6XC9cL3d3dy5nYWxsZXJpYW1hcmNhY29yb25hLmNvbVwvd3AtY29udGVudFwvdXBsb2Fkc1wvMjAyM1wvMTBcL1Zlcm5pc3NhZ2VfU3RhbXBvbmVfUGFsYXp6by1EdWNhbGVfMTYtMDktMjMtODUuanBnIiwic2xpZGVzaG93IjoiMjc3NTZmYyJ9\">\n\t\t\t\t\t<div class=\"e-gallery-image elementor-gallery-item__image\" data-thumbnail=\"https:\/\/www.galleriamarcacorona.com\/wp-content\/uploads\/2023\/10\/Vernissage_Stampone_Palazzo-Ducale_16-09-23-85-300x200.jpg\" data-width=\"300\" data-height=\"200\" aria-label=\"\" role=\"img\" ><\/div>\n\t\t\t\t\t\t\t\t\t\t\t<div class=\"elementor-gallery-item__overlay\"><\/div>\n\t\t\t\t\t\t\t\t\t\t\t\t\t\t<\/a>\n\t\t\t\t\t\t\t<a class=\"e-gallery-item elementor-gallery-item elementor-animated-content\" href=\"https:\/\/www.galleriamarcacorona.com\/wp-content\/uploads\/2023\/10\/Vernissage_Stampone_Palazzo-Ducale_16-09-23-89.jpg\" data-elementor-open-lightbox=\"yes\" data-elementor-lightbox-slideshow=\"27756fc\" data-elementor-lightbox-title=\"Vernissage_Stampone_Palazzo-Ducale_16-09-23-89.jpg\" data-e-action-hash=\"#elementor-action%3Aaction%3Dlightbox%26settings%3DeyJpZCI6NTkwNywidXJsIjoiaHR0cHM6XC9cL3d3dy5nYWxsZXJpYW1hcmNhY29yb25hLmNvbVwvd3AtY29udGVudFwvdXBsb2Fkc1wvMjAyM1wvMTBcL1Zlcm5pc3NhZ2VfU3RhbXBvbmVfUGFsYXp6by1EdWNhbGVfMTYtMDktMjMtODkuanBnIiwic2xpZGVzaG93IjoiMjc3NTZmYyJ9\">\n\t\t\t\t\t<div class=\"e-gallery-image elementor-gallery-item__image\" data-thumbnail=\"https:\/\/www.galleriamarcacorona.com\/wp-content\/uploads\/2023\/10\/Vernissage_Stampone_Palazzo-Ducale_16-09-23-89-300x200.jpg\" data-width=\"300\" data-height=\"200\" aria-label=\"\" role=\"img\" ><\/div>\n\t\t\t\t\t\t\t\t\t\t\t<div class=\"elementor-gallery-item__overlay\"><\/div>\n\t\t\t\t\t\t\t\t\t\t\t\t\t\t<\/a>\n\t\t\t\t\t\t\t<a class=\"e-gallery-item elementor-gallery-item elementor-animated-content\" href=\"https:\/\/www.galleriamarcacorona.com\/wp-content\/uploads\/2023\/10\/Vernissage_Stampone_Palazzo-Ducale_16-09-23-91.jpg\" data-elementor-open-lightbox=\"yes\" data-elementor-lightbox-slideshow=\"27756fc\" data-elementor-lightbox-title=\"Vernissage_Stampone_Palazzo-Ducale_16-09-23-91.jpg\" data-e-action-hash=\"#elementor-action%3Aaction%3Dlightbox%26settings%3DeyJpZCI6NTkxOSwidXJsIjoiaHR0cHM6XC9cL3d3dy5nYWxsZXJpYW1hcmNhY29yb25hLmNvbVwvd3AtY29udGVudFwvdXBsb2Fkc1wvMjAyM1wvMTBcL1Zlcm5pc3NhZ2VfU3RhbXBvbmVfUGFsYXp6by1EdWNhbGVfMTYtMDktMjMtOTEuanBnIiwic2xpZGVzaG93IjoiMjc3NTZmYyJ9\">\n\t\t\t\t\t<div class=\"e-gallery-image elementor-gallery-item__image\" data-thumbnail=\"https:\/\/www.galleriamarcacorona.com\/wp-content\/uploads\/2023\/10\/Vernissage_Stampone_Palazzo-Ducale_16-09-23-91-300x200.jpg\" data-width=\"300\" data-height=\"200\" aria-label=\"\" role=\"img\" ><\/div>\n\t\t\t\t\t\t\t\t\t\t\t<div class=\"elementor-gallery-item__overlay\"><\/div>\n\t\t\t\t\t\t\t\t\t\t\t\t\t\t<\/a>\n\t\t\t\t\t\t\t<a class=\"e-gallery-item elementor-gallery-item elementor-animated-content\" href=\"https:\/\/www.galleriamarcacorona.com\/wp-content\/uploads\/2023\/10\/Vernissage_Stampone_Palazzo-Ducale_16-09-23-109.jpg\" data-elementor-open-lightbox=\"yes\" data-elementor-lightbox-slideshow=\"27756fc\" data-elementor-lightbox-title=\"Vernissage_Stampone_Palazzo-Ducale_16-09-23-109.jpg\" data-e-action-hash=\"#elementor-action%3Aaction%3Dlightbox%26settings%3DeyJpZCI6NTkzMSwidXJsIjoiaHR0cHM6XC9cL3d3dy5nYWxsZXJpYW1hcmNhY29yb25hLmNvbVwvd3AtY29udGVudFwvdXBsb2Fkc1wvMjAyM1wvMTBcL1Zlcm5pc3NhZ2VfU3RhbXBvbmVfUGFsYXp6by1EdWNhbGVfMTYtMDktMjMtMTA5LmpwZyIsInNsaWRlc2hvdyI6IjI3NzU2ZmMifQ%3D%3D\">\n\t\t\t\t\t<div class=\"e-gallery-image elementor-gallery-item__image\" data-thumbnail=\"https:\/\/www.galleriamarcacorona.com\/wp-content\/uploads\/2023\/10\/Vernissage_Stampone_Palazzo-Ducale_16-09-23-109-200x300.jpg\" data-width=\"200\" data-height=\"300\" aria-label=\"\" role=\"img\" ><\/div>\n\t\t\t\t\t\t\t\t\t\t\t<div class=\"elementor-gallery-item__overlay\"><\/div>\n\t\t\t\t\t\t\t\t\t\t\t\t\t\t<\/a>\n\t\t\t\t\t\t\t<a class=\"e-gallery-item elementor-gallery-item elementor-animated-content\" href=\"https:\/\/www.galleriamarcacorona.com\/wp-content\/uploads\/2023\/10\/Vernissage_Stampone_Palazzo-Ducale_16-09-23-116.jpg\" data-elementor-open-lightbox=\"yes\" data-elementor-lightbox-slideshow=\"27756fc\" data-elementor-lightbox-title=\"Vernissage_Stampone_Palazzo-Ducale_16-09-23-116.jpg\" data-e-action-hash=\"#elementor-action%3Aaction%3Dlightbox%26settings%3DeyJpZCI6NTk0MywidXJsIjoiaHR0cHM6XC9cL3d3dy5nYWxsZXJpYW1hcmNhY29yb25hLmNvbVwvd3AtY29udGVudFwvdXBsb2Fkc1wvMjAyM1wvMTBcL1Zlcm5pc3NhZ2VfU3RhbXBvbmVfUGFsYXp6by1EdWNhbGVfMTYtMDktMjMtMTE2LmpwZyIsInNsaWRlc2hvdyI6IjI3NzU2ZmMifQ%3D%3D\">\n\t\t\t\t\t<div class=\"e-gallery-image elementor-gallery-item__image\" data-thumbnail=\"https:\/\/www.galleriamarcacorona.com\/wp-content\/uploads\/2023\/10\/Vernissage_Stampone_Palazzo-Ducale_16-09-23-116-300x200.jpg\" data-width=\"300\" data-height=\"200\" aria-label=\"\" role=\"img\" ><\/div>\n\t\t\t\t\t\t\t\t\t\t\t<div class=\"elementor-gallery-item__overlay\"><\/div>\n\t\t\t\t\t\t\t\t\t\t\t\t\t\t<\/a>\n\t\t\t\t\t\t\t<a class=\"e-gallery-item elementor-gallery-item elementor-animated-content\" href=\"https:\/\/www.galleriamarcacorona.com\/wp-content\/uploads\/2023\/10\/Vernissage_Stampone_Palazzo-Ducale_16-09-23-137.jpg\" data-elementor-open-lightbox=\"yes\" data-elementor-lightbox-slideshow=\"27756fc\" data-elementor-lightbox-title=\"Vernissage_Stampone_Palazzo-Ducale_16-09-23-137.jpg\" data-e-action-hash=\"#elementor-action%3Aaction%3Dlightbox%26settings%3DeyJpZCI6NTk1NiwidXJsIjoiaHR0cHM6XC9cL3d3dy5nYWxsZXJpYW1hcmNhY29yb25hLmNvbVwvd3AtY29udGVudFwvdXBsb2Fkc1wvMjAyM1wvMTBcL1Zlcm5pc3NhZ2VfU3RhbXBvbmVfUGFsYXp6by1EdWNhbGVfMTYtMDktMjMtMTM3LmpwZyIsInNsaWRlc2hvdyI6IjI3NzU2ZmMifQ%3D%3D\">\n\t\t\t\t\t<div class=\"e-gallery-image elementor-gallery-item__image\" data-thumbnail=\"https:\/\/www.galleriamarcacorona.com\/wp-content\/uploads\/2023\/10\/Vernissage_Stampone_Palazzo-Ducale_16-09-23-137-200x300.jpg\" data-width=\"200\" data-height=\"300\" aria-label=\"\" role=\"img\" ><\/div>\n\t\t\t\t\t\t\t\t\t\t\t<div class=\"elementor-gallery-item__overlay\"><\/div>\n\t\t\t\t\t\t\t\t\t\t\t\t\t\t<\/a>\n\t\t\t\t\t\t\t<a class=\"e-gallery-item elementor-gallery-item elementor-animated-content\" href=\"https:\/\/www.galleriamarcacorona.com\/wp-content\/uploads\/2023\/10\/Vernissage_Stampone_Palazzo-Ducale_16-09-23-140.jpg\" data-elementor-open-lightbox=\"yes\" data-elementor-lightbox-slideshow=\"27756fc\" data-elementor-lightbox-title=\"Vernissage_Stampone_Palazzo-Ducale_16-09-23-140.jpg\" data-e-action-hash=\"#elementor-action%3Aaction%3Dlightbox%26settings%3DeyJpZCI6NTk3NSwidXJsIjoiaHR0cHM6XC9cL3d3dy5nYWxsZXJpYW1hcmNhY29yb25hLmNvbVwvd3AtY29udGVudFwvdXBsb2Fkc1wvMjAyM1wvMTBcL1Zlcm5pc3NhZ2VfU3RhbXBvbmVfUGFsYXp6by1EdWNhbGVfMTYtMDktMjMtMTQwLmpwZyIsInNsaWRlc2hvdyI6IjI3NzU2ZmMifQ%3D%3D\">\n\t\t\t\t\t<div class=\"e-gallery-image elementor-gallery-item__image\" data-thumbnail=\"https:\/\/www.galleriamarcacorona.com\/wp-content\/uploads\/2023\/10\/Vernissage_Stampone_Palazzo-Ducale_16-09-23-140-300x200.jpg\" data-width=\"300\" data-height=\"200\" aria-label=\"\" role=\"img\" ><\/div>\n\t\t\t\t\t\t\t\t\t\t\t<div class=\"elementor-gallery-item__overlay\"><\/div>\n\t\t\t\t\t\t\t\t\t\t\t\t\t\t<\/a>\n\t\t\t\t\t\t\t<a class=\"e-gallery-item elementor-gallery-item elementor-animated-content\" href=\"https:\/\/www.galleriamarcacorona.com\/wp-content\/uploads\/2023\/10\/Vernissage_Stampone_Palazzo-Ducale_16-09-23-147.jpg\" data-elementor-open-lightbox=\"yes\" data-elementor-lightbox-slideshow=\"27756fc\" data-elementor-lightbox-title=\"Vernissage_Stampone_Palazzo-Ducale_16-09-23-147.jpg\" data-e-action-hash=\"#elementor-action%3Aaction%3Dlightbox%26settings%3DeyJpZCI6NTk5OSwidXJsIjoiaHR0cHM6XC9cL3d3dy5nYWxsZXJpYW1hcmNhY29yb25hLmNvbVwvd3AtY29udGVudFwvdXBsb2Fkc1wvMjAyM1wvMTBcL1Zlcm5pc3NhZ2VfU3RhbXBvbmVfUGFsYXp6by1EdWNhbGVfMTYtMDktMjMtMTQ3LmpwZyIsInNsaWRlc2hvdyI6IjI3NzU2ZmMifQ%3D%3D\">\n\t\t\t\t\t<div class=\"e-gallery-image elementor-gallery-item__image\" data-thumbnail=\"https:\/\/www.galleriamarcacorona.com\/wp-content\/uploads\/2023\/10\/Vernissage_Stampone_Palazzo-Ducale_16-09-23-147-300x200.jpg\" data-width=\"300\" data-height=\"200\" aria-label=\"\" role=\"img\" ><\/div>\n\t\t\t\t\t\t\t\t\t\t\t<div class=\"elementor-gallery-item__overlay\"><\/div>\n\t\t\t\t\t\t\t\t\t\t\t\t\t\t<\/a>\n\t\t\t\t\t\t\t<a class=\"e-gallery-item elementor-gallery-item elementor-animated-content\" href=\"https:\/\/www.galleriamarcacorona.com\/wp-content\/uploads\/2023\/10\/Vernissage_Stampone_Palazzo-Ducale_16-09-23-150.jpg\" data-elementor-open-lightbox=\"yes\" data-elementor-lightbox-slideshow=\"27756fc\" data-elementor-lightbox-title=\"Vernissage_Stampone_Palazzo-Ducale_16-09-23-150.jpg\" data-e-action-hash=\"#elementor-action%3Aaction%3Dlightbox%26settings%3DeyJpZCI6NjAyNywidXJsIjoiaHR0cHM6XC9cL3d3dy5nYWxsZXJpYW1hcmNhY29yb25hLmNvbVwvd3AtY29udGVudFwvdXBsb2Fkc1wvMjAyM1wvMTBcL1Zlcm5pc3NhZ2VfU3RhbXBvbmVfUGFsYXp6by1EdWNhbGVfMTYtMDktMjMtMTUwLmpwZyIsInNsaWRlc2hvdyI6IjI3NzU2ZmMifQ%3D%3D\">\n\t\t\t\t\t<div class=\"e-gallery-image elementor-gallery-item__image\" data-thumbnail=\"https:\/\/www.galleriamarcacorona.com\/wp-content\/uploads\/2023\/10\/Vernissage_Stampone_Palazzo-Ducale_16-09-23-150-300x200.jpg\" data-width=\"300\" data-height=\"200\" aria-label=\"\" role=\"img\" ><\/div>\n\t\t\t\t\t\t\t\t\t\t\t<div class=\"elementor-gallery-item__overlay\"><\/div>\n\t\t\t\t\t\t\t\t\t\t\t\t\t\t<\/a>\n\t\t\t\t\t\t\t<a class=\"e-gallery-item elementor-gallery-item elementor-animated-content\" href=\"https:\/\/www.galleriamarcacorona.com\/wp-content\/uploads\/2023\/10\/Vernissage_Stampone_Palazzo-Ducale_16-09-23-189.jpg\" data-elementor-open-lightbox=\"yes\" data-elementor-lightbox-slideshow=\"27756fc\" data-elementor-lightbox-title=\"Vernissage_Stampone_Palazzo-Ducale_16-09-23-189.jpg\" data-e-action-hash=\"#elementor-action%3Aaction%3Dlightbox%26settings%3DeyJpZCI6NjA1NiwidXJsIjoiaHR0cHM6XC9cL3d3dy5nYWxsZXJpYW1hcmNhY29yb25hLmNvbVwvd3AtY29udGVudFwvdXBsb2Fkc1wvMjAyM1wvMTBcL1Zlcm5pc3NhZ2VfU3RhbXBvbmVfUGFsYXp6by1EdWNhbGVfMTYtMDktMjMtMTg5LmpwZyIsInNsaWRlc2hvdyI6IjI3NzU2ZmMifQ%3D%3D\">\n\t\t\t\t\t<div class=\"e-gallery-image elementor-gallery-item__image\" data-thumbnail=\"https:\/\/www.galleriamarcacorona.com\/wp-content\/uploads\/2023\/10\/Vernissage_Stampone_Palazzo-Ducale_16-09-23-189-300x200.jpg\" data-width=\"300\" data-height=\"200\" aria-label=\"\" role=\"img\" ><\/div>\n\t\t\t\t\t\t\t\t\t\t\t<div class=\"elementor-gallery-item__overlay\"><\/div>\n\t\t\t\t\t\t\t\t\t\t\t\t\t\t<\/a>\n\t\t\t\t\t\t\t<a class=\"e-gallery-item elementor-gallery-item elementor-animated-content\" href=\"https:\/\/www.galleriamarcacorona.com\/wp-content\/uploads\/2023\/10\/Vernissage_Stampone_Palazzo-Ducale_16-09-23-212-1.jpg\" data-elementor-open-lightbox=\"yes\" data-elementor-lightbox-slideshow=\"27756fc\" data-elementor-lightbox-title=\"Vernissage_Stampone_Palazzo-Ducale_16-09-23-212.jpg\" data-e-action-hash=\"#elementor-action%3Aaction%3Dlightbox%26settings%3DeyJpZCI6NjA5MCwidXJsIjoiaHR0cHM6XC9cL3d3dy5nYWxsZXJpYW1hcmNhY29yb25hLmNvbVwvd3AtY29udGVudFwvdXBsb2Fkc1wvMjAyM1wvMTBcL1Zlcm5pc3NhZ2VfU3RhbXBvbmVfUGFsYXp6by1EdWNhbGVfMTYtMDktMjMtMjEyLTEuanBnIiwic2xpZGVzaG93IjoiMjc3NTZmYyJ9\">\n\t\t\t\t\t<div class=\"e-gallery-image elementor-gallery-item__image\" data-thumbnail=\"https:\/\/www.galleriamarcacorona.com\/wp-content\/uploads\/2023\/10\/Vernissage_Stampone_Palazzo-Ducale_16-09-23-212-1-200x300.jpg\" data-width=\"200\" data-height=\"300\" aria-label=\"\" role=\"img\" ><\/div>\n\t\t\t\t\t\t\t\t\t\t\t<div class=\"elementor-gallery-item__overlay\"><\/div>\n\t\t\t\t\t\t\t\t\t\t\t\t\t\t<\/a>\n\t\t\t\t\t\t\t<a class=\"e-gallery-item elementor-gallery-item elementor-animated-content\" href=\"https:\/\/www.galleriamarcacorona.com\/wp-content\/uploads\/2023\/10\/Vernissage_Stampone_Palazzo-Ducale_16-09-23-256.jpg\" data-elementor-open-lightbox=\"yes\" data-elementor-lightbox-slideshow=\"27756fc\" data-elementor-lightbox-title=\"Vernissage_Stampone_Palazzo-Ducale_16-09-23-256.jpg\" data-e-action-hash=\"#elementor-action%3Aaction%3Dlightbox%26settings%3DeyJpZCI6NjEzNSwidXJsIjoiaHR0cHM6XC9cL3d3dy5nYWxsZXJpYW1hcmNhY29yb25hLmNvbVwvd3AtY29udGVudFwvdXBsb2Fkc1wvMjAyM1wvMTBcL1Zlcm5pc3NhZ2VfU3RhbXBvbmVfUGFsYXp6by1EdWNhbGVfMTYtMDktMjMtMjU2LmpwZyIsInNsaWRlc2hvdyI6IjI3NzU2ZmMifQ%3D%3D\">\n\t\t\t\t\t<div class=\"e-gallery-image elementor-gallery-item__image\" data-thumbnail=\"https:\/\/www.galleriamarcacorona.com\/wp-content\/uploads\/2023\/10\/Vernissage_Stampone_Palazzo-Ducale_16-09-23-256-300x200.jpg\" data-width=\"300\" data-height=\"200\" aria-label=\"\" role=\"img\" ><\/div>\n\t\t\t\t\t\t\t\t\t\t\t<div class=\"elementor-gallery-item__overlay\"><\/div>\n\t\t\t\t\t\t\t\t\t\t\t\t\t\t<\/a>\n\t\t\t\t\t\t\t<a class=\"e-gallery-item elementor-gallery-item elementor-animated-content\" href=\"https:\/\/www.galleriamarcacorona.com\/wp-content\/uploads\/2023\/10\/Vernissage_Stampone_Palazzo-Ducale_16-09-23-204.jpg\" data-elementor-open-lightbox=\"yes\" data-elementor-lightbox-slideshow=\"27756fc\" data-elementor-lightbox-title=\"Vernissage_Stampone_Palazzo Ducale_16-09-23-204\" data-e-action-hash=\"#elementor-action%3Aaction%3Dlightbox%26settings%3DeyJpZCI6NjE5NCwidXJsIjoiaHR0cHM6XC9cL3d3dy5nYWxsZXJpYW1hcmNhY29yb25hLmNvbVwvd3AtY29udGVudFwvdXBsb2Fkc1wvMjAyM1wvMTBcL1Zlcm5pc3NhZ2VfU3RhbXBvbmVfUGFsYXp6by1EdWNhbGVfMTYtMDktMjMtMjA0LmpwZyIsInNsaWRlc2hvdyI6IjI3NzU2ZmMifQ%3D%3D\">\n\t\t\t\t\t<div class=\"e-gallery-image elementor-gallery-item__image\" data-thumbnail=\"https:\/\/www.galleriamarcacorona.com\/wp-content\/uploads\/2023\/10\/Vernissage_Stampone_Palazzo-Ducale_16-09-23-204-300x200.jpg\" data-width=\"300\" data-height=\"200\" aria-label=\"\" role=\"img\" ><\/div>\n\t\t\t\t\t\t\t\t\t\t\t<div class=\"elementor-gallery-item__overlay\"><\/div>\n\t\t\t\t\t\t\t\t\t\t\t\t\t\t<\/a>\n\t\t\t\t\t<\/div>\n\t\t\t<\/div>\n\t\t\t\t<\/div>\n\t\t\t\t\t<\/div>\n\t\t\t\t<\/div>\n\t\t\t\t\t<\/div>\n\t\t\t\t<\/div>\n\t\t\t\t\t<\/div>\n\t\t\t\t<\/div>\n\t\t\t\t\t\t\t<\/div>\n\t\t","protected":false},"excerpt":{"rendered":"<p>Die Macht des Wortes in seinen verschiedenen Ausdrucksformen.<\/p>\n","protected":false},"author":1,"featured_media":5700,"comment_status":"closed","ping_status":"closed","sticky":false,"template":"","format":"standard","meta":{"site-sidebar-layout":"default","site-content-layout":"default","ast-global-header-display":"","ast-main-header-display":"","ast-hfb-above-header-display":"","ast-hfb-below-header-display":"","ast-hfb-mobile-header-display":"","site-post-title":"","ast-breadcrumbs-content":"","ast-featured-img":"","footer-sml-layout":"","theme-transparent-header-meta":"","adv-header-id-meta":"","stick-header-meta":"","header-above-stick-meta":"","header-main-stick-meta":"","header-below-stick-meta":""},"categories":[14],"tags":[],"acf":[],"yoast_head":"<!-- This site is optimized with the Yoast SEO plugin v20.12 - https:\/\/yoast.com\/wordpress\/plugins\/seo\/ -->\n<title>Die Macht des Wortes auf dem Festival Filosofia mit Marca Corona und Gallerie Estensi - Galleria Marca Corona<\/title>\n<meta name=\"description\" content=\"Marca Corona per l\u2019Arte nimmt am Programm des Festival Filosofia teil und veranstaltet die Ausstellung von Giuseppe Stampone im Palazzo Ducale in Sassuolo. Mehr \u00fcber Daten und Uhrzeiten.\" \/>\n<meta name=\"robots\" content=\"noindex, nofollow\" \/>\n<meta property=\"og:locale\" content=\"de_DE\" \/>\n<meta property=\"og:type\" content=\"article\" \/>\n<meta property=\"og:title\" content=\"Die Macht des Wortes auf dem Festival Filosofia mit Marca Corona und Gallerie Estensi - Galleria Marca Corona\" \/>\n<meta property=\"og:description\" content=\"Marca Corona per l\u2019Arte nimmt am Programm des Festival Filosofia teil und veranstaltet die Ausstellung von Giuseppe Stampone im Palazzo Ducale in Sassuolo. Mehr \u00fcber Daten und Uhrzeiten.\" \/>\n<meta property=\"og:url\" content=\"https:\/\/www.galleriamarcacorona.com\/de\/die-macht-des-wortes-auf-dem-festival-filosofia-mit-marca-corona-und-gallerie-estensi\/\" \/>\n<meta property=\"og:site_name\" content=\"Galleria Marca Corona\" \/>\n<meta property=\"article:published_time\" content=\"2023-08-30T08:38:15+00:00\" \/>\n<meta property=\"article:modified_time\" content=\"2023-10-23T11:47:37+00:00\" \/>\n<meta property=\"og:image\" content=\"https:\/\/www.galleriamarcacorona.com\/wp-content\/uploads\/2023\/08\/banner.jpg\" \/>\n\t<meta property=\"og:image:width\" content=\"1300\" \/>\n\t<meta property=\"og:image:height\" content=\"800\" \/>\n\t<meta property=\"og:image:type\" content=\"image\/jpeg\" \/>\n<meta name=\"author\" content=\"admin\" \/>\n<meta name=\"twitter:card\" content=\"summary_large_image\" \/>\n<meta name=\"twitter:label1\" content=\"Verfasst von\" \/>\n\t<meta name=\"twitter:data1\" content=\"admin\" \/>\n\t<meta name=\"twitter:label2\" content=\"Gesch\u00e4tzte Lesezeit\" \/>\n\t<meta name=\"twitter:data2\" content=\"4\u00a0Minuten\" \/>\n<script type=\"application\/ld+json\" class=\"yoast-schema-graph\">{\"@context\":\"https:\/\/schema.org\",\"@graph\":[{\"@type\":\"Article\",\"@id\":\"https:\/\/www.galleriamarcacorona.com\/de\/die-macht-des-wortes-auf-dem-festival-filosofia-mit-marca-corona-und-gallerie-estensi\/#article\",\"isPartOf\":{\"@id\":\"https:\/\/www.galleriamarcacorona.com\/de\/die-macht-des-wortes-auf-dem-festival-filosofia-mit-marca-corona-und-gallerie-estensi\/\"},\"author\":{\"name\":\"admin\",\"@id\":\"https:\/\/www.galleriamarcacorona.com\/de\/#\/schema\/person\/9854f3650eab7e4334e66d22de09296a\"},\"headline\":\"Die Macht des Wortes auf dem Festival Filosofia mit Marca Corona und Gallerie Estensi\",\"datePublished\":\"2023-08-30T08:38:15+00:00\",\"dateModified\":\"2023-10-23T11:47:37+00:00\",\"mainEntityOfPage\":{\"@id\":\"https:\/\/www.galleriamarcacorona.com\/de\/die-macht-des-wortes-auf-dem-festival-filosofia-mit-marca-corona-und-gallerie-estensi\/\"},\"wordCount\":586,\"publisher\":{\"@id\":\"https:\/\/www.galleriamarcacorona.com\/de\/#organization\"},\"articleSection\":[\"Unkategorisiert\"],\"inLanguage\":\"de\"},{\"@type\":\"WebPage\",\"@id\":\"https:\/\/www.galleriamarcacorona.com\/de\/die-macht-des-wortes-auf-dem-festival-filosofia-mit-marca-corona-und-gallerie-estensi\/\",\"url\":\"https:\/\/www.galleriamarcacorona.com\/de\/die-macht-des-wortes-auf-dem-festival-filosofia-mit-marca-corona-und-gallerie-estensi\/\",\"name\":\"Die Macht des Wortes auf dem Festival Filosofia mit Marca Corona und Gallerie Estensi - Galleria Marca Corona\",\"isPartOf\":{\"@id\":\"https:\/\/www.galleriamarcacorona.com\/de\/#website\"},\"datePublished\":\"2023-08-30T08:38:15+00:00\",\"dateModified\":\"2023-10-23T11:47:37+00:00\",\"description\":\"Marca Corona per l\u2019Arte nimmt am Programm des Festival Filosofia teil und veranstaltet die Ausstellung von Giuseppe Stampone im Palazzo Ducale in Sassuolo. Mehr \u00fcber Daten und Uhrzeiten.\",\"breadcrumb\":{\"@id\":\"https:\/\/www.galleriamarcacorona.com\/de\/die-macht-des-wortes-auf-dem-festival-filosofia-mit-marca-corona-und-gallerie-estensi\/#breadcrumb\"},\"inLanguage\":\"de\",\"potentialAction\":[{\"@type\":\"ReadAction\",\"target\":[\"https:\/\/www.galleriamarcacorona.com\/de\/die-macht-des-wortes-auf-dem-festival-filosofia-mit-marca-corona-und-gallerie-estensi\/\"]}]},{\"@type\":\"BreadcrumbList\",\"@id\":\"https:\/\/www.galleriamarcacorona.com\/de\/die-macht-des-wortes-auf-dem-festival-filosofia-mit-marca-corona-und-gallerie-estensi\/#breadcrumb\",\"itemListElement\":[{\"@type\":\"ListItem\",\"position\":1,\"name\":\"Home\",\"item\":\"https:\/\/www.galleriamarcacorona.com\/de\/\"},{\"@type\":\"ListItem\",\"position\":2,\"name\":\"Die Macht des Wortes auf dem Festival Filosofia mit Marca Corona und Gallerie Estensi\"}]},{\"@type\":\"WebSite\",\"@id\":\"https:\/\/www.galleriamarcacorona.com\/de\/#website\",\"url\":\"https:\/\/www.galleriamarcacorona.com\/de\/\",\"name\":\"Galleria Marca Corona\",\"description\":\"\",\"publisher\":{\"@id\":\"https:\/\/www.galleriamarcacorona.com\/de\/#organization\"},\"potentialAction\":[{\"@type\":\"SearchAction\",\"target\":{\"@type\":\"EntryPoint\",\"urlTemplate\":\"https:\/\/www.galleriamarcacorona.com\/de\/?s={search_term_string}\"},\"query-input\":\"required name=search_term_string\"}],\"inLanguage\":\"de\"},{\"@type\":\"Organization\",\"@id\":\"https:\/\/www.galleriamarcacorona.com\/de\/#organization\",\"name\":\"Galleria Marca Corona\",\"url\":\"https:\/\/www.galleriamarcacorona.com\/de\/\",\"logo\":{\"@type\":\"ImageObject\",\"inLanguage\":\"de\",\"@id\":\"https:\/\/www.galleriamarcacorona.com\/de\/#\/schema\/logo\/image\/\",\"url\":\"https:\/\/www.galleriamarcacorona.com\/wp-content\/uploads\/2023\/05\/mc-galleria-logo-rgb-3200px.png\",\"contentUrl\":\"https:\/\/www.galleriamarcacorona.com\/wp-content\/uploads\/2023\/05\/mc-galleria-logo-rgb-3200px.png\",\"width\":3200,\"height\":1112,\"caption\":\"Galleria Marca Corona\"},\"image\":{\"@id\":\"https:\/\/www.galleriamarcacorona.com\/de\/#\/schema\/logo\/image\/\"}},{\"@type\":\"Person\",\"@id\":\"https:\/\/www.galleriamarcacorona.com\/de\/#\/schema\/person\/9854f3650eab7e4334e66d22de09296a\",\"name\":\"admin\",\"image\":{\"@type\":\"ImageObject\",\"inLanguage\":\"de\",\"@id\":\"https:\/\/www.galleriamarcacorona.com\/de\/#\/schema\/person\/image\/\",\"url\":\"https:\/\/secure.gravatar.com\/avatar\/45e04a838bba17ec5b51186bc6740fa4?s=96&d=mm&r=g\",\"contentUrl\":\"https:\/\/secure.gravatar.com\/avatar\/45e04a838bba17ec5b51186bc6740fa4?s=96&d=mm&r=g\",\"caption\":\"admin\"},\"sameAs\":[\"http:\/\/www.galleriamarcacorona.com\"],\"url\":\"https:\/\/www.galleriamarcacorona.com\/de\/author\/admin\/\"}]}<\/script>\n<!-- \/ Yoast SEO plugin. -->","yoast_head_json":{"title":"Die Macht des Wortes auf dem Festival Filosofia mit Marca Corona und Gallerie Estensi - Galleria Marca Corona","description":"Marca Corona per l\u2019Arte nimmt am Programm des Festival Filosofia teil und veranstaltet die Ausstellung von Giuseppe Stampone im Palazzo Ducale in Sassuolo. Mehr \u00fcber Daten und Uhrzeiten.","robots":{"index":"noindex","follow":"nofollow"},"og_locale":"de_DE","og_type":"article","og_title":"Die Macht des Wortes auf dem Festival Filosofia mit Marca Corona und Gallerie Estensi - Galleria Marca Corona","og_description":"Marca Corona per l\u2019Arte nimmt am Programm des Festival Filosofia teil und veranstaltet die Ausstellung von Giuseppe Stampone im Palazzo Ducale in Sassuolo. Mehr \u00fcber Daten und Uhrzeiten.","og_url":"https:\/\/www.galleriamarcacorona.com\/de\/die-macht-des-wortes-auf-dem-festival-filosofia-mit-marca-corona-und-gallerie-estensi\/","og_site_name":"Galleria Marca Corona","article_published_time":"2023-08-30T08:38:15+00:00","article_modified_time":"2023-10-23T11:47:37+00:00","og_image":[{"width":1300,"height":800,"url":"https:\/\/www.galleriamarcacorona.com\/wp-content\/uploads\/2023\/08\/banner.jpg","type":"image\/jpeg"}],"author":"admin","twitter_card":"summary_large_image","twitter_misc":{"Verfasst von":"admin","Gesch\u00e4tzte Lesezeit":"4\u00a0Minuten"},"schema":{"@context":"https:\/\/schema.org","@graph":[{"@type":"Article","@id":"https:\/\/www.galleriamarcacorona.com\/de\/die-macht-des-wortes-auf-dem-festival-filosofia-mit-marca-corona-und-gallerie-estensi\/#article","isPartOf":{"@id":"https:\/\/www.galleriamarcacorona.com\/de\/die-macht-des-wortes-auf-dem-festival-filosofia-mit-marca-corona-und-gallerie-estensi\/"},"author":{"name":"admin","@id":"https:\/\/www.galleriamarcacorona.com\/de\/#\/schema\/person\/9854f3650eab7e4334e66d22de09296a"},"headline":"Die Macht des Wortes auf dem Festival Filosofia mit Marca Corona und Gallerie Estensi","datePublished":"2023-08-30T08:38:15+00:00","dateModified":"2023-10-23T11:47:37+00:00","mainEntityOfPage":{"@id":"https:\/\/www.galleriamarcacorona.com\/de\/die-macht-des-wortes-auf-dem-festival-filosofia-mit-marca-corona-und-gallerie-estensi\/"},"wordCount":586,"publisher":{"@id":"https:\/\/www.galleriamarcacorona.com\/de\/#organization"},"articleSection":["Unkategorisiert"],"inLanguage":"de"},{"@type":"WebPage","@id":"https:\/\/www.galleriamarcacorona.com\/de\/die-macht-des-wortes-auf-dem-festival-filosofia-mit-marca-corona-und-gallerie-estensi\/","url":"https:\/\/www.galleriamarcacorona.com\/de\/die-macht-des-wortes-auf-dem-festival-filosofia-mit-marca-corona-und-gallerie-estensi\/","name":"Die Macht des Wortes auf dem Festival Filosofia mit Marca Corona und Gallerie Estensi - Galleria Marca Corona","isPartOf":{"@id":"https:\/\/www.galleriamarcacorona.com\/de\/#website"},"datePublished":"2023-08-30T08:38:15+00:00","dateModified":"2023-10-23T11:47:37+00:00","description":"Marca Corona per l\u2019Arte nimmt am Programm des Festival Filosofia teil und veranstaltet die Ausstellung von Giuseppe Stampone im Palazzo Ducale in Sassuolo. Mehr \u00fcber Daten und Uhrzeiten.","breadcrumb":{"@id":"https:\/\/www.galleriamarcacorona.com\/de\/die-macht-des-wortes-auf-dem-festival-filosofia-mit-marca-corona-und-gallerie-estensi\/#breadcrumb"},"inLanguage":"de","potentialAction":[{"@type":"ReadAction","target":["https:\/\/www.galleriamarcacorona.com\/de\/die-macht-des-wortes-auf-dem-festival-filosofia-mit-marca-corona-und-gallerie-estensi\/"]}]},{"@type":"BreadcrumbList","@id":"https:\/\/www.galleriamarcacorona.com\/de\/die-macht-des-wortes-auf-dem-festival-filosofia-mit-marca-corona-und-gallerie-estensi\/#breadcrumb","itemListElement":[{"@type":"ListItem","position":1,"name":"Home","item":"https:\/\/www.galleriamarcacorona.com\/de\/"},{"@type":"ListItem","position":2,"name":"Die Macht des Wortes auf dem Festival Filosofia mit Marca Corona und Gallerie Estensi"}]},{"@type":"WebSite","@id":"https:\/\/www.galleriamarcacorona.com\/de\/#website","url":"https:\/\/www.galleriamarcacorona.com\/de\/","name":"Galleria Marca Corona","description":"","publisher":{"@id":"https:\/\/www.galleriamarcacorona.com\/de\/#organization"},"potentialAction":[{"@type":"SearchAction","target":{"@type":"EntryPoint","urlTemplate":"https:\/\/www.galleriamarcacorona.com\/de\/?s={search_term_string}"},"query-input":"required name=search_term_string"}],"inLanguage":"de"},{"@type":"Organization","@id":"https:\/\/www.galleriamarcacorona.com\/de\/#organization","name":"Galleria Marca Corona","url":"https:\/\/www.galleriamarcacorona.com\/de\/","logo":{"@type":"ImageObject","inLanguage":"de","@id":"https:\/\/www.galleriamarcacorona.com\/de\/#\/schema\/logo\/image\/","url":"https:\/\/www.galleriamarcacorona.com\/wp-content\/uploads\/2023\/05\/mc-galleria-logo-rgb-3200px.png","contentUrl":"https:\/\/www.galleriamarcacorona.com\/wp-content\/uploads\/2023\/05\/mc-galleria-logo-rgb-3200px.png","width":3200,"height":1112,"caption":"Galleria Marca Corona"},"image":{"@id":"https:\/\/www.galleriamarcacorona.com\/de\/#\/schema\/logo\/image\/"}},{"@type":"Person","@id":"https:\/\/www.galleriamarcacorona.com\/de\/#\/schema\/person\/9854f3650eab7e4334e66d22de09296a","name":"admin","image":{"@type":"ImageObject","inLanguage":"de","@id":"https:\/\/www.galleriamarcacorona.com\/de\/#\/schema\/person\/image\/","url":"https:\/\/secure.gravatar.com\/avatar\/45e04a838bba17ec5b51186bc6740fa4?s=96&d=mm&r=g","contentUrl":"https:\/\/secure.gravatar.com\/avatar\/45e04a838bba17ec5b51186bc6740fa4?s=96&d=mm&r=g","caption":"admin"},"sameAs":["http:\/\/www.galleriamarcacorona.com"],"url":"https:\/\/www.galleriamarcacorona.com\/de\/author\/admin\/"}]}},"_links":{"self":[{"href":"https:\/\/www.galleriamarcacorona.com\/de\/wp-json\/wp\/v2\/posts\/4156"}],"collection":[{"href":"https:\/\/www.galleriamarcacorona.com\/de\/wp-json\/wp\/v2\/posts"}],"about":[{"href":"https:\/\/www.galleriamarcacorona.com\/de\/wp-json\/wp\/v2\/types\/post"}],"author":[{"embeddable":true,"href":"https:\/\/www.galleriamarcacorona.com\/de\/wp-json\/wp\/v2\/users\/1"}],"replies":[{"embeddable":true,"href":"https:\/\/www.galleriamarcacorona.com\/de\/wp-json\/wp\/v2\/comments?post=4156"}],"version-history":[{"count":13,"href":"https:\/\/www.galleriamarcacorona.com\/de\/wp-json\/wp\/v2\/posts\/4156\/revisions"}],"predecessor-version":[{"id":6414,"href":"https:\/\/www.galleriamarcacorona.com\/de\/wp-json\/wp\/v2\/posts\/4156\/revisions\/6414"}],"wp:featuredmedia":[{"embeddable":true,"href":"https:\/\/www.galleriamarcacorona.com\/de\/wp-json\/wp\/v2\/media\/5700"}],"wp:attachment":[{"href":"https:\/\/www.galleriamarcacorona.com\/de\/wp-json\/wp\/v2\/media?parent=4156"}],"wp:term":[{"taxonomy":"category","embeddable":true,"href":"https:\/\/www.galleriamarcacorona.com\/de\/wp-json\/wp\/v2\/categories?post=4156"},{"taxonomy":"post_tag","embeddable":true,"href":"https:\/\/www.galleriamarcacorona.com\/de\/wp-json\/wp\/v2\/tags?post=4156"}],"curies":[{"name":"wp","href":"https:\/\/api.w.org\/{rel}","templated":true}]}}