{"id":6737,"date":"2023-12-15T08:05:20","date_gmt":"2023-12-15T08:05:20","guid":{"rendered":"https:\/\/www.galleriamarcacorona.com\/?p=6737"},"modified":"2023-12-15T08:36:25","modified_gmt":"2023-12-15T08:36:25","slug":"marca-corona-trifft-in-zusammenarbeit-mit-stefano-arienti-lokale-schulen-fur-die-woche-der-unternehmenskultur-2023","status":"publish","type":"post","link":"https:\/\/www.galleriamarcacorona.com\/de\/marca-corona-trifft-in-zusammenarbeit-mit-stefano-arienti-lokale-schulen-fur-die-woche-der-unternehmenskultur-2023\/","title":{"rendered":"Marca Corona trifft in Zusammenarbeit mit Stefano Arienti lokale Schulen f\u00fcr die Woche der Unternehmenskultur 2023"},"content":{"rendered":"\t\t<div data-elementor-type=\"wp-post\" data-elementor-id=\"6737\" class=\"elementor elementor-6737 elementor-6682\" data-elementor-post-type=\"post\">\n\t\t\t\t\t\t\t\t\t<section class=\"elementor-section elementor-top-section elementor-element elementor-element-a7677d7 elementor-section-boxed elementor-section-height-default elementor-section-height-default\" data-id=\"a7677d7\" data-element_type=\"section\">\n\t\t\t\t\t\t<div class=\"elementor-container elementor-column-gap-default\">\n\t\t\t\t\t<div class=\"elementor-column elementor-col-100 elementor-top-column elementor-element elementor-element-e6eea5f\" data-id=\"e6eea5f\" data-element_type=\"column\">\n\t\t\t<div class=\"elementor-widget-wrap elementor-element-populated\">\n\t\t\t\t\t\t\t\t<div class=\"elementor-element elementor-element-fb851b7 elementor-widget elementor-widget-text-editor\" data-id=\"fb851b7\" data-element_type=\"widget\" data-widget_type=\"text-editor.default\">\n\t\t\t\t<div class=\"elementor-widget-container\">\n\t\t\t<style>\/*! elementor - v3.14.0 - 26-06-2023 *\/\n.elementor-widget-text-editor.elementor-drop-cap-view-stacked .elementor-drop-cap{background-color:#69727d;color:#fff}.elementor-widget-text-editor.elementor-drop-cap-view-framed .elementor-drop-cap{color:#69727d;border:3px solid;background-color:transparent}.elementor-widget-text-editor:not(.elementor-drop-cap-view-default) .elementor-drop-cap{margin-top:8px}.elementor-widget-text-editor:not(.elementor-drop-cap-view-default) .elementor-drop-cap-letter{width:1em;height:1em}.elementor-widget-text-editor .elementor-drop-cap{float:left;text-align:center;line-height:1;font-size:50px}.elementor-widget-text-editor .elementor-drop-cap-letter{display:inline-block}<\/style>\t\t\t\t<p>Das Engagement von Marca Corona f\u00fcr die\u00a0<b>Ausbildung junger Menschen<\/b>\u00a0in\u00a0<b>Kunst<\/b>\u00a0und\u00a0<b>Kultur<\/b>\u00a0wird mit den Initiativen\u00a0<b>Marca Corona per l&#8217;Arte<\/b>\u00a0anl\u00e4sslich der von\u00a0<a href=\"https:\/\/www.marcacorona.it\/de\/news-trends\/art\/galleria-marca-corona-museimpresa\/\" target=\"_blank\" rel=\"noopener\">Museimpresa<\/a><b><i>\u00a0<\/i><\/b>gef\u00f6rderten<b><i>\u00a0Woche der Unternehmenskultur 2023<\/i><\/b>\u00a0fortgesetzt<b><i>.<\/i><\/b><\/p><p>Angesichts des Erfolgs des letzten Jahres wurden neue\u00a0<b>Workshops f\u00fcr die lokalen Schulen<\/b>\u00a0organisiert<b>,<\/b>\u00a0diesmal\u00a0<b>unter der Leitung des K\u00fcnstlers Stefano Arienti\u00a0<\/b>unter dem Thema des geteilten Experimentierens, mit dem Ziel der\u00a0<b>Sensibilisierung<\/b>\u00a0und\u00a0<b>Konfrontation<\/b>.<\/p><p>Zwei Tage lang nahmen die\u00a0<b>Oberstufenklassen des Istituto Chierici aus Reggio Emilia und des Istituto Venturi aus Modena\u00a0<\/b>an einer didaktischen Reise mit dem Titel \u201eDas Spiel der Titel\u201c teil, bei der sich\u00a0<b>Dialog<\/b>,\u00a0<b>Kontingenz<\/b>\u00a0und\u00a0<b>Staunen<\/b>\u00a0kreuzten, um den Sch\u00fclern die M\u00f6glichkeit zu geben, ihre eigene \u201eideale Kollektion\u201c zu entwickeln.<b><i>\u00a0<\/i><\/b><\/p>\t\t\t\t\t\t<\/div>\n\t\t\t\t<\/div>\n\t\t\t\t\t<\/div>\n\t\t<\/div>\n\t\t\t\t\t\t\t<\/div>\n\t\t<\/section>\n\t\t<div class=\"elementor-element elementor-element-4581810 e-flex e-con-boxed e-con\" data-id=\"4581810\" data-element_type=\"container\" data-settings=\"{&quot;background_background&quot;:&quot;classic&quot;,&quot;content_width&quot;:&quot;boxed&quot;}\">\n\t\t\t\t\t<div class=\"e-con-inner\">\n\t\t<div class=\"elementor-element elementor-element-4572c0d e-flex e-con-boxed e-con\" data-id=\"4572c0d\" data-element_type=\"container\" data-settings=\"{&quot;content_width&quot;:&quot;boxed&quot;}\">\n\t\t\t\t\t<div class=\"e-con-inner\">\n\t\t<div class=\"elementor-element elementor-element-8f20011 e-flex e-con-boxed e-con\" data-id=\"8f20011\" data-element_type=\"container\" data-settings=\"{&quot;content_width&quot;:&quot;boxed&quot;}\">\n\t\t\t\t\t<div class=\"e-con-inner\">\n\t\t\t\t<div class=\"elementor-element elementor-element-c084c70 elementor-widget elementor-widget-heading\" data-id=\"c084c70\" data-element_type=\"widget\" data-widget_type=\"heading.default\">\n\t\t\t\t<div class=\"elementor-widget-container\">\n\t\t\t<style>\/*! elementor - v3.14.0 - 26-06-2023 *\/\n.elementor-heading-title{padding:0;margin:0;line-height:1}.elementor-widget-heading .elementor-heading-title[class*=elementor-size-]>a{color:inherit;font-size:inherit;line-height:inherit}.elementor-widget-heading .elementor-heading-title.elementor-size-small{font-size:15px}.elementor-widget-heading .elementor-heading-title.elementor-size-medium{font-size:19px}.elementor-widget-heading .elementor-heading-title.elementor-size-large{font-size:29px}.elementor-widget-heading .elementor-heading-title.elementor-size-xl{font-size:39px}.elementor-widget-heading .elementor-heading-title.elementor-size-xxl{font-size:59px}<\/style><h3 class=\"elementor-heading-title elementor-size-default\">Workshops mit Schulen w\u00e4hrend der Woche der Unternehmenskultur<\/h3>\t\t<\/div>\n\t\t\t\t<\/div>\n\t\t\t\t<div class=\"elementor-element elementor-element-8c78ac8 elementor-widget elementor-widget-text-editor\" data-id=\"8c78ac8\" data-element_type=\"widget\" data-widget_type=\"text-editor.default\">\n\t\t\t\t<div class=\"elementor-widget-container\">\n\t\t\t\t\t\t\t<p>Am\u00a0<b>7. und 8. November<\/b>\u00a0wurden im Gesch\u00e4ftssitz von Marca Corona verschiedene Oberstufenklassen des Istituto Chierici und des Istituto Venturi (Keramik und figurative Kunst) zu einem\u00a0<b>besonderen Erlebnis<\/b>\u00a0mit dem f\u00fchrenden Vertreter der zeitgen\u00f6ssischen Arte Povera, dem K\u00fcnstler\u00a0<a href=\"https:\/\/www.galleriamarcacorona.com\/de\/stefano-arienti-arte-povera-und-unternehmenskultur\/\" rel=\"noopener\">Stefano Arienti<\/a>\u00a0geladen.<\/p><p>Das Programm der Tage ist Teil des Projekts Woche der Unternehmenskultur 2023 &#8211; sah verschiedene vorbereitende Momente f\u00fcr den Workshop mit dem K\u00fcnstler vor, in denen die Sch\u00fclerInnen verschiedene Aspekte der k\u00fcnstlerischen und keramischen Produktion\u00a0<b>entdecken\u00a0<\/b>konnten:<\/p><ul><li>Durch die\u00a0<b>Schilderung<\/b>\u00a0des\u00a0<a href=\"https:\/\/www.marcacorona.it\/de\/firmenbereich\/uber-uns\/\" target=\"_blank\" rel=\"noopener\">Unternehmens Marca Corona<\/a>\u00a0aufgrund der Begegnung mit den\u00a0<b>Menschen<\/b>, die sich tagt\u00e4glich den verschiedenen Unternehmensaktivit\u00e4ten und der Entwicklung der verschiedenen Kollektionen widmen;<\/li><\/ul>\t\t\t\t\t\t<\/div>\n\t\t\t\t<\/div>\n\t\t\t\t\t<\/div>\n\t\t\t\t<\/div>\n\t\t\t\t\t<\/div>\n\t\t\t\t<\/div>\n\t\t<div class=\"elementor-element elementor-element-231c764 elementor-hidden-mobile e-flex e-con-boxed e-con\" data-id=\"231c764\" data-element_type=\"container\" data-settings=\"{&quot;content_width&quot;:&quot;boxed&quot;}\">\n\t\t\t\t\t<div class=\"e-con-inner\">\n\t\t\t\t<div class=\"elementor-element elementor-element-b0870c3 elementor-hidden-mobile elementor-widget elementor-widget-image\" data-id=\"b0870c3\" data-element_type=\"widget\" data-widget_type=\"image.default\">\n\t\t\t\t<div class=\"elementor-widget-container\">\n\t\t\t<style>\/*! elementor - v3.14.0 - 26-06-2023 *\/\n.elementor-widget-image{text-align:center}.elementor-widget-image a{display:inline-block}.elementor-widget-image a img[src$=\".svg\"]{width:48px}.elementor-widget-image img{vertical-align:middle;display:inline-block}<\/style>\t\t\t\t\t\t\t\t\t\t\t\t<img decoding=\"async\" width=\"1300\" height=\"800\" src=\"https:\/\/www.galleriamarcacorona.com\/wp-content\/uploads\/2023\/12\/1_pFzfimI.jpg\" class=\"attachment-full size-full wp-image-6700\" alt=\"\" loading=\"lazy\" srcset=\"https:\/\/www.galleriamarcacorona.com\/wp-content\/uploads\/2023\/12\/1_pFzfimI.jpg 1300w, https:\/\/www.galleriamarcacorona.com\/wp-content\/uploads\/2023\/12\/1_pFzfimI-300x185.jpg 300w, https:\/\/www.galleriamarcacorona.com\/wp-content\/uploads\/2023\/12\/1_pFzfimI-1024x630.jpg 1024w, https:\/\/www.galleriamarcacorona.com\/wp-content\/uploads\/2023\/12\/1_pFzfimI-768x473.jpg 768w\" sizes=\"(max-width: 1300px) 100vw, 1300px\" \/>\t\t\t\t\t\t\t\t\t\t\t\t\t\t\t<\/div>\n\t\t\t\t<\/div>\n\t\t\t\t\t<\/div>\n\t\t\t\t<\/div>\n\t\t\t\t\t<\/div>\n\t\t\t\t<\/div>\n\t\t<div class=\"elementor-element elementor-element-8dee9ce e-flex e-con-boxed e-con\" data-id=\"8dee9ce\" data-element_type=\"container\" data-settings=\"{&quot;background_background&quot;:&quot;classic&quot;,&quot;content_width&quot;:&quot;boxed&quot;}\">\n\t\t\t\t\t<div class=\"e-con-inner\">\n\t\t<div class=\"elementor-element elementor-element-7865c9a elementor-hidden-mobile e-flex e-con-boxed e-con\" data-id=\"7865c9a\" data-element_type=\"container\" data-settings=\"{&quot;content_width&quot;:&quot;boxed&quot;}\">\n\t\t\t\t\t<div class=\"e-con-inner\">\n\t\t\t\t<div class=\"elementor-element elementor-element-fcf7841 elementor-hidden-mobile elementor-widget elementor-widget-image\" data-id=\"fcf7841\" data-element_type=\"widget\" data-widget_type=\"image.default\">\n\t\t\t\t<div class=\"elementor-widget-container\">\n\t\t\t\t\t\t\t\t\t\t\t\t\t\t\t<img decoding=\"async\" width=\"1300\" height=\"800\" src=\"https:\/\/www.galleriamarcacorona.com\/wp-content\/uploads\/2023\/12\/2_yVlgDeW.jpg\" class=\"attachment-full size-full wp-image-6694\" alt=\"\" loading=\"lazy\" srcset=\"https:\/\/www.galleriamarcacorona.com\/wp-content\/uploads\/2023\/12\/2_yVlgDeW.jpg 1300w, https:\/\/www.galleriamarcacorona.com\/wp-content\/uploads\/2023\/12\/2_yVlgDeW-300x185.jpg 300w, https:\/\/www.galleriamarcacorona.com\/wp-content\/uploads\/2023\/12\/2_yVlgDeW-1024x630.jpg 1024w, https:\/\/www.galleriamarcacorona.com\/wp-content\/uploads\/2023\/12\/2_yVlgDeW-768x473.jpg 768w\" sizes=\"(max-width: 1300px) 100vw, 1300px\" \/>\t\t\t\t\t\t\t\t\t\t\t\t\t\t\t<\/div>\n\t\t\t\t<\/div>\n\t\t\t\t\t<\/div>\n\t\t\t\t<\/div>\n\t\t<div class=\"elementor-element elementor-element-2a9de75 e-flex e-con-boxed e-con\" data-id=\"2a9de75\" data-element_type=\"container\" data-settings=\"{&quot;content_width&quot;:&quot;boxed&quot;}\">\n\t\t\t\t\t<div class=\"e-con-inner\">\n\t\t<div class=\"elementor-element elementor-element-3ff56bd e-flex e-con-boxed e-con\" data-id=\"3ff56bd\" data-element_type=\"container\" data-settings=\"{&quot;content_width&quot;:&quot;boxed&quot;}\">\n\t\t\t\t\t<div class=\"e-con-inner\">\n\t\t\t\t<div class=\"elementor-element elementor-element-998c823 elementor-widget elementor-widget-text-editor\" data-id=\"998c823\" data-element_type=\"widget\" data-widget_type=\"text-editor.default\">\n\t\t\t\t<div class=\"elementor-widget-container\">\n\t\t\t\t\t\t\t<ul><li>Danach mit einem Besuch der\u00a0<a href=\"https:\/\/www.galleriamarcacorona.com\/de\/galerie\/\" rel=\"noopener\">Galleria Marca Corona<\/a>\u00a0und dem Produktionswerk Marca Corona, beides\u00a0<b>Dreh- und Angelpunkte<\/b>\u00a0f\u00fcr die<b>\u00a0Entwicklung<\/b>\u00a0des\u00a0<b>Materials<\/b>\u00a0im Laufe der Zeit und Zeugen eines schrittweisen\u00a0<b>Wissenstransfers\u00a0<\/b>\u00a0von\u00a0<b>Tradition<\/b>,\u00a0<b>Technologie<\/b>\u00a0und\u00a0<b>Innovation<\/b>;<br \/>\u00a0<\/li><li>Anschlie\u00dfend eine F\u00fchrung durch das \u201e<a href=\"https:\/\/www.marcacorona.it\/de\/news-trends\/design-stories\/das-haus-der-kreativitat-von-marca-corona\/\" target=\"_blank\" rel=\"noopener\">Haus der Kreativit\u00e4t<\/a>\u201c von Marca Corona. Dieser Ausstellungsraum und -fl\u00e4che zeigt eine Auseinandersetzung mit dem Design, die das historische Erbe von gestern und heute aufgreift und aus einer verbessernden und kollaborativen Perspektive\u00a0<b>neue Impulse f\u00fcr die Zukunft<\/b>\u00a0der Gestaltung gibt.\u00a0<\/li><\/ul><p><b>\u201e<i>Die Kunst bleibt durch die Begeisterung des Publikums am Leben<\/i><\/b>\u201c<i>\u00a0<\/i>und diesen gro\u00dfen Gedanken von Umberto Eco aufgreifend, konzentrierten sich die Workshops auf die\u00a0<b>Gef\u00fchle<\/b>\u00a0und\u00a0<b>Wahrnehmungen<\/b>\u00a0der Jugendlichen, durch einen<b>\u00a0Prozess, der verschiedene Systeme, Komponenten und Facetten des k\u00fcnstlerischen Schaffens nebeneinander bestehen l\u00e4sst<\/b>.<\/p>\t\t\t\t\t\t<\/div>\n\t\t\t\t<\/div>\n\t\t\t\t\t<\/div>\n\t\t\t\t<\/div>\n\t\t\t\t\t<\/div>\n\t\t\t\t<\/div>\n\t\t\t\t\t<\/div>\n\t\t\t\t<\/div>\n\t\t\t\t<section class=\"elementor-section elementor-top-section elementor-element elementor-element-baea963 elementor-section-boxed elementor-section-height-default elementor-section-height-default\" data-id=\"baea963\" data-element_type=\"section\">\n\t\t\t\t\t\t<div class=\"elementor-container elementor-column-gap-default\">\n\t\t\t\t\t<div class=\"elementor-column elementor-col-100 elementor-top-column elementor-element elementor-element-1b91a37\" data-id=\"1b91a37\" data-element_type=\"column\">\n\t\t\t<div class=\"elementor-widget-wrap elementor-element-populated\">\n\t\t\t\t\t\t\t\t<div class=\"elementor-element elementor-element-1214fb6 elementor-widget elementor-widget-text-editor\" data-id=\"1214fb6\" data-element_type=\"widget\" data-widget_type=\"text-editor.default\">\n\t\t\t\t<div class=\"elementor-widget-container\">\n\t\t\t\t\t\t\t<p>In diesem Sinne ist der Ausgangspunkt die Ausstellung\u00a0<b><i>\u201eOpera Aperta\u201c\u00a0<\/i><\/b>von Stefano Arienti<b><i>,\u00a0<\/i><\/b>eine Hymne an die\u00a0<b>Durchdringbarkeit des k\u00fcnstlerischen Weges<\/b>\u00a0und die osmotische Bedingung, die zwischen den Kontexten bestehen kann, insbesondere zwischen dem kulturellen und dem territorialen, die hier in ihren Haltungen und Komplexit\u00e4ten identifiziert werden.<\/p><p>W\u00e4hrend der zwei Tage haben die Workshops mit Stefano Arienti das\u00a0<b>didaktische Projekt\u00a0<\/b>des K\u00fcnstlers mit dem Titel\u00a0<b>\u201eDas Spiel der Titel\u201c<\/b>\u00a0aufgegriffen. Ein sehr einfacher Weg, der mit der\u00a0<b>Prozesshaftigkeit<\/b>\u00a0und der<b>\u00a0Erforschung der Kontingenz<\/b>\u00a0zu tun hat, die f\u00fcr Arientis Arbeit typisch sind.<\/p>\t\t\t\t\t\t<\/div>\n\t\t\t\t<\/div>\n\t\t\t\t\t<\/div>\n\t\t<\/div>\n\t\t\t\t\t\t\t<\/div>\n\t\t<\/section>\n\t\t\t\t<section class=\"elementor-section elementor-top-section elementor-element elementor-element-d992afb elementor-section-boxed elementor-section-height-default elementor-section-height-default\" data-id=\"d992afb\" data-element_type=\"section\">\n\t\t\t\t\t\t<div class=\"elementor-container elementor-column-gap-default\">\n\t\t\t\t\t<div class=\"elementor-column elementor-col-100 elementor-top-column elementor-element elementor-element-6d34802\" data-id=\"6d34802\" data-element_type=\"column\">\n\t\t\t<div class=\"elementor-widget-wrap elementor-element-populated\">\n\t\t\t\t\t\t\t\t<div class=\"elementor-element elementor-element-dc6e12d elementor-widget elementor-widget-image\" data-id=\"dc6e12d\" data-element_type=\"widget\" data-widget_type=\"image.default\">\n\t\t\t\t<div class=\"elementor-widget-container\">\n\t\t\t\t\t\t\t\t\t\t\t\t\t\t\t<img decoding=\"async\" width=\"1300\" height=\"800\" src=\"https:\/\/www.galleriamarcacorona.com\/wp-content\/uploads\/2023\/12\/3_pgeiHAl.jpg\" class=\"attachment-full size-full wp-image-6706\" alt=\"\" loading=\"lazy\" srcset=\"https:\/\/www.galleriamarcacorona.com\/wp-content\/uploads\/2023\/12\/3_pgeiHAl.jpg 1300w, https:\/\/www.galleriamarcacorona.com\/wp-content\/uploads\/2023\/12\/3_pgeiHAl-300x185.jpg 300w, https:\/\/www.galleriamarcacorona.com\/wp-content\/uploads\/2023\/12\/3_pgeiHAl-1024x630.jpg 1024w, https:\/\/www.galleriamarcacorona.com\/wp-content\/uploads\/2023\/12\/3_pgeiHAl-768x473.jpg 768w\" sizes=\"(max-width: 1300px) 100vw, 1300px\" \/>\t\t\t\t\t\t\t\t\t\t\t\t\t\t\t<\/div>\n\t\t\t\t<\/div>\n\t\t\t\t\t<\/div>\n\t\t<\/div>\n\t\t\t\t\t\t\t<\/div>\n\t\t<\/section>\n\t\t\t\t<section class=\"elementor-section elementor-top-section elementor-element elementor-element-4260956 elementor-section-boxed elementor-section-height-default elementor-section-height-default\" data-id=\"4260956\" data-element_type=\"section\">\n\t\t\t\t\t\t<div class=\"elementor-container elementor-column-gap-default\">\n\t\t\t\t\t<div class=\"elementor-column elementor-col-100 elementor-top-column elementor-element elementor-element-1e21440\" data-id=\"1e21440\" data-element_type=\"column\">\n\t\t\t<div class=\"elementor-widget-wrap elementor-element-populated\">\n\t\t\t\t\t\t\t\t<div class=\"elementor-element elementor-element-f8dff14 elementor-widget elementor-widget-text-editor\" data-id=\"f8dff14\" data-element_type=\"widget\" data-widget_type=\"text-editor.default\">\n\t\t\t\t<div class=\"elementor-widget-container\">\n\t\t\t\t\t\t\t<p>Nach einigen theoretischen \u00dcberlegungen entwickelten die Studenten ihre\u00a0<b>\u201eideale Kollektion\u201c,<\/b>d. h. eine regelrechte\u00a0<b>Bibliothek von Titeln, Bildern und Vorschl\u00e4gen<\/b>, die in einem gemeinsamen Werk formalisiert wurde.<\/p><p>Es folgte ein<b>\u00a0gemeinsamer Dialog<\/b>\u00a0\u00fcber die ausgew\u00e4hlten Titel, die im Auditorium projiziert wurde, um die\u00a0<b>Urspr\u00fcnge<\/b>, die\u00a0<b>Forschung<\/b>, die tieferen\u00a0<b>\u00dcberlegungen<\/b>\u00a0zum kulturellen Kontext und die Entmaterialisierung und Verinnerlichung der ikonografischen Quellen zu ergr\u00fcnden.<\/p><p>Die ideale Kollektion also, um sich von ihr inspirieren zu lassen und\u00a0<b>eine kollektive und gemeinsame Arbeit\u00a0<\/b>in mehreren Phasen (Workshop und Klassenzimmer) zu\u00a0<b>realisieren<\/b>.\u00a0<\/p>\t\t\t\t\t\t<\/div>\n\t\t\t\t<\/div>\n\t\t\t\t\t<\/div>\n\t\t<\/div>\n\t\t\t\t\t\t\t<\/div>\n\t\t<\/section>\n\t\t<div class=\"elementor-element elementor-element-4871c42 e-flex e-con-boxed e-con\" data-id=\"4871c42\" data-element_type=\"container\" data-settings=\"{&quot;content_width&quot;:&quot;boxed&quot;}\">\n\t\t\t\t\t<div class=\"e-con-inner\">\n\t\t\t\t<div class=\"elementor-element elementor-element-6ff2fc2 elementor-widget elementor-widget-heading\" data-id=\"6ff2fc2\" data-element_type=\"widget\" data-widget_type=\"heading.default\">\n\t\t\t\t<div class=\"elementor-widget-container\">\n\t\t\t<h3 class=\"elementor-heading-title elementor-size-default\">Marca Corona f\u00fcr die Woche der Unternehmenskultur 2023: Die Bedeutung der Einbeziehung der jungen Generation<\/h3>\t\t<\/div>\n\t\t\t\t<\/div>\n\t\t\t\t\t<\/div>\n\t\t\t\t<\/div>\n\t\t\t\t<section class=\"elementor-section elementor-top-section elementor-element elementor-element-6d5bb65 elementor-section-boxed elementor-section-height-default elementor-section-height-default\" data-id=\"6d5bb65\" data-element_type=\"section\">\n\t\t\t\t\t\t<div class=\"elementor-container elementor-column-gap-default\">\n\t\t\t\t\t<div class=\"elementor-column elementor-col-100 elementor-top-column elementor-element elementor-element-891dd02\" data-id=\"891dd02\" data-element_type=\"column\">\n\t\t\t<div class=\"elementor-widget-wrap elementor-element-populated\">\n\t\t\t\t\t\t\t\t<div class=\"elementor-element elementor-element-b17488a elementor-widget elementor-widget-image\" data-id=\"b17488a\" data-element_type=\"widget\" data-widget_type=\"image.default\">\n\t\t\t\t<div class=\"elementor-widget-container\">\n\t\t\t\t\t\t\t\t\t\t\t\t\t\t\t<img decoding=\"async\" width=\"1300\" height=\"800\" src=\"https:\/\/www.galleriamarcacorona.com\/wp-content\/uploads\/2023\/12\/4_id8BOIr.jpg\" class=\"attachment-full size-full wp-image-6712\" alt=\"\" loading=\"lazy\" srcset=\"https:\/\/www.galleriamarcacorona.com\/wp-content\/uploads\/2023\/12\/4_id8BOIr.jpg 1300w, https:\/\/www.galleriamarcacorona.com\/wp-content\/uploads\/2023\/12\/4_id8BOIr-300x185.jpg 300w, https:\/\/www.galleriamarcacorona.com\/wp-content\/uploads\/2023\/12\/4_id8BOIr-1024x630.jpg 1024w, https:\/\/www.galleriamarcacorona.com\/wp-content\/uploads\/2023\/12\/4_id8BOIr-768x473.jpg 768w\" sizes=\"(max-width: 1300px) 100vw, 1300px\" \/>\t\t\t\t\t\t\t\t\t\t\t\t\t\t\t<\/div>\n\t\t\t\t<\/div>\n\t\t\t\t\t<\/div>\n\t\t<\/div>\n\t\t\t\t\t\t\t<\/div>\n\t\t<\/section>\n\t\t<div class=\"elementor-element elementor-element-9e7e157 e-flex e-con-boxed e-con\" data-id=\"9e7e157\" data-element_type=\"container\" data-settings=\"{&quot;background_background&quot;:&quot;classic&quot;,&quot;content_width&quot;:&quot;boxed&quot;}\">\n\t\t\t\t\t<div class=\"e-con-inner\">\n\t\t<div class=\"elementor-element elementor-element-1a56384 e-flex e-con-boxed e-con\" data-id=\"1a56384\" data-element_type=\"container\" data-settings=\"{&quot;content_width&quot;:&quot;boxed&quot;}\">\n\t\t\t\t\t<div class=\"e-con-inner\">\n\t\t<div class=\"elementor-element elementor-element-5675a5a e-flex e-con-boxed e-con\" data-id=\"5675a5a\" data-element_type=\"container\" data-settings=\"{&quot;content_width&quot;:&quot;boxed&quot;}\">\n\t\t\t\t\t<div class=\"e-con-inner\">\n\t\t\t\t<div class=\"elementor-element elementor-element-393560c elementor-widget elementor-widget-text-editor\" data-id=\"393560c\" data-element_type=\"widget\" data-widget_type=\"text-editor.default\">\n\t\t\t\t<div class=\"elementor-widget-container\">\n\t\t\t\t\t\t\t<p>Der zweit\u00e4gige Workshop mit\u00a0<a href=\"https:\/\/www.marcacorona.it\/de\/news-trends\/design-trends\/marca-corona-for-education-mit-den-schulen-die-geschichte-und-entwicklung-des-keramikviertels-wiederentdecken\/\" target=\"_blank\" rel=\"noopener\">Oberklassensch\u00fclern<\/a>\u00a0und Stefano Arienti ist Teil des\u00a0<b>Projekts, das seit mehreren Jahren Institutionen und neue Generationen\u00a0<\/b>in die Kenntnis der\u00a0<a href=\"https:\/\/www.marcacorona.it\/de\/news-trends\/art\/marca-corona-und-die-kunst-mit-jungen-menschen-uber-unternehmenskultur-zu-sprechen\/\" target=\"_blank\" rel=\"noopener\">unternehmerischen Kultur<\/a>\u00a0im Keramikviertel von Sassuolo einf\u00fchrt.<\/p><p>In diesem Jahr verst\u00e4rkt die Initiative ihre Mission mit dem Hauptthema der Woche der Unternehmenskultur 2023\u00a0<b>: \u201eDer Mensch im Mittelpunkt der nachhaltigen Entwicklung<\/b>.<b>\u00a0Die Seele des bewussten Unternehmens\u201d.<\/b><\/p><p>Daher ist es wichtig, den Menschen, vor allem den jungen, das unermessliche\u00a0<b>kulturelle Erbe<\/b>, das in den Museen und Archiven gro\u00dfer, mittlerer und kleiner italienischer Unternehmen aufbewahrt wird, durch gezielte Begegnungen mit der Kunstwelt n\u00e4her zu bringen.<\/p>\t\t\t\t\t\t<\/div>\n\t\t\t\t<\/div>\n\t\t\t\t\t<\/div>\n\t\t\t\t<\/div>\n\t\t\t\t\t<\/div>\n\t\t\t\t<\/div>\n\t\t<div class=\"elementor-element elementor-element-7333708 elementor-hidden-mobile e-flex e-con-boxed e-con\" data-id=\"7333708\" data-element_type=\"container\" data-settings=\"{&quot;content_width&quot;:&quot;boxed&quot;}\">\n\t\t\t\t\t<div class=\"e-con-inner\">\n\t\t\t\t<div class=\"elementor-element elementor-element-04872c9 elementor-hidden-mobile elementor-widget elementor-widget-image\" data-id=\"04872c9\" data-element_type=\"widget\" data-widget_type=\"image.default\">\n\t\t\t\t<div class=\"elementor-widget-container\">\n\t\t\t\t\t\t\t\t\t\t\t\t\t\t\t<img decoding=\"async\" width=\"1300\" height=\"800\" src=\"https:\/\/www.galleriamarcacorona.com\/wp-content\/uploads\/2023\/12\/5_7oahDea.jpg\" class=\"attachment-full size-full wp-image-6718\" alt=\"\" loading=\"lazy\" srcset=\"https:\/\/www.galleriamarcacorona.com\/wp-content\/uploads\/2023\/12\/5_7oahDea.jpg 1300w, https:\/\/www.galleriamarcacorona.com\/wp-content\/uploads\/2023\/12\/5_7oahDea-300x185.jpg 300w, https:\/\/www.galleriamarcacorona.com\/wp-content\/uploads\/2023\/12\/5_7oahDea-1024x630.jpg 1024w, https:\/\/www.galleriamarcacorona.com\/wp-content\/uploads\/2023\/12\/5_7oahDea-768x473.jpg 768w\" sizes=\"(max-width: 1300px) 100vw, 1300px\" \/>\t\t\t\t\t\t\t\t\t\t\t\t\t\t\t<\/div>\n\t\t\t\t<\/div>\n\t\t\t\t\t<\/div>\n\t\t\t\t<\/div>\n\t\t\t\t\t<\/div>\n\t\t\t\t<\/div>\n\t\t\t\t<section class=\"elementor-section elementor-top-section elementor-element elementor-element-b46fd41 elementor-section-boxed elementor-section-height-default elementor-section-height-default\" data-id=\"b46fd41\" data-element_type=\"section\">\n\t\t\t\t\t\t<div class=\"elementor-container elementor-column-gap-default\">\n\t\t\t\t\t<div class=\"elementor-column elementor-col-100 elementor-top-column elementor-element elementor-element-c6cc056\" data-id=\"c6cc056\" data-element_type=\"column\">\n\t\t\t<div class=\"elementor-widget-wrap elementor-element-populated\">\n\t\t\t\t\t\t\t\t<div class=\"elementor-element elementor-element-8eb8f9f elementor-widget elementor-widget-text-editor\" data-id=\"8eb8f9f\" data-element_type=\"widget\" data-widget_type=\"text-editor.default\">\n\t\t\t\t<div class=\"elementor-widget-container\">\n\t\t\t\t\t\t\t<h4>Weitere Informationen zu den Aktivit\u00e4ten f\u00fcr Schulen und Ausbildungseinrichtungen finden Sie im entsprechenden Abschnitt auf unserer Website.<\/h4>\t\t\t\t\t\t<\/div>\n\t\t\t\t<\/div>\n\t\t\t\t<div class=\"elementor-element elementor-element-705300a elementor-align-center elementor-widget elementor-widget-button\" data-id=\"705300a\" data-element_type=\"widget\" data-widget_type=\"button.default\">\n\t\t\t\t<div class=\"elementor-widget-container\">\n\t\t\t\t\t<div class=\"elementor-button-wrapper\">\n\t\t\t<a class=\"elementor-button elementor-button-link elementor-size-sm\" href=\"https:\/\/www.galleriamarcacorona.com\/de\/marca-corona-fur-kunst\/\">\n\t\t\t\t\t\t<span class=\"elementor-button-content-wrapper\">\n\t\t\t\t\t\t<span class=\"elementor-button-text\">ZUR SEITE<\/span>\n\t\t<\/span>\n\t\t\t\t\t<\/a>\n\t\t<\/div>\n\t\t\t\t<\/div>\n\t\t\t\t<\/div>\n\t\t\t\t\t<\/div>\n\t\t<\/div>\n\t\t\t\t\t\t\t<\/div>\n\t\t<\/section>\n\t\t\t\t\t\t\t<\/div>\n\t\t","protected":false},"excerpt":{"rendered":"<p>Geschildert werden die zwei den Schulen gewidmeten Tagen mit Kunstworkshops mit dem Maestro Stefano Arienti.<\/p>\n","protected":false},"author":1,"featured_media":6686,"comment_status":"open","ping_status":"open","sticky":false,"template":"","format":"standard","meta":{"site-sidebar-layout":"default","site-content-layout":"default","ast-global-header-display":"","ast-main-header-display":"","ast-hfb-above-header-display":"","ast-hfb-below-header-display":"","ast-hfb-mobile-header-display":"","site-post-title":"","ast-breadcrumbs-content":"","ast-featured-img":"","footer-sml-layout":"","theme-transparent-header-meta":"","adv-header-id-meta":"","stick-header-meta":"","header-above-stick-meta":"","header-main-stick-meta":"","header-below-stick-meta":""},"categories":[14],"tags":[],"acf":[],"yoast_head":"<!-- This site is optimized with the Yoast SEO plugin v20.12 - https:\/\/yoast.com\/wordpress\/plugins\/seo\/ -->\n<title>Marca Corona trifft in Zusammenarbeit mit Stefano Arienti lokale Schulen f\u00fcr die Woche der Unternehmenskultur 2023 - Galleria Marca Corona<\/title>\n<meta name=\"description\" content=\"W\u00e4hrend der Business Culture Week 2023 empf\u00e4ngt Marca Corona lokale Schulen f\u00fcr 2 Tage Workshops mit dem K\u00fcnstler Stefano Arienti.\" \/>\n<meta name=\"robots\" content=\"index, follow, max-snippet:-1, max-image-preview:large, max-video-preview:-1\" \/>\n<link rel=\"canonical\" href=\"https:\/\/www.galleriamarcacorona.com\/de\/marca-corona-trifft-in-zusammenarbeit-mit-stefano-arienti-lokale-schulen-fur-die-woche-der-unternehmenskultur-2023\/\" \/>\n<meta property=\"og:locale\" content=\"de_DE\" \/>\n<meta property=\"og:type\" content=\"article\" \/>\n<meta property=\"og:title\" content=\"Marca Corona trifft in Zusammenarbeit mit Stefano Arienti lokale Schulen f\u00fcr die Woche der Unternehmenskultur 2023 - Galleria Marca Corona\" \/>\n<meta property=\"og:description\" content=\"W\u00e4hrend der Business Culture Week 2023 empf\u00e4ngt Marca Corona lokale Schulen f\u00fcr 2 Tage Workshops mit dem K\u00fcnstler Stefano Arienti.\" \/>\n<meta property=\"og:url\" content=\"https:\/\/www.galleriamarcacorona.com\/de\/marca-corona-trifft-in-zusammenarbeit-mit-stefano-arienti-lokale-schulen-fur-die-woche-der-unternehmenskultur-2023\/\" \/>\n<meta property=\"og:site_name\" content=\"Galleria Marca Corona\" \/>\n<meta property=\"article:published_time\" content=\"2023-12-15T08:05:20+00:00\" \/>\n<meta property=\"article:modified_time\" content=\"2023-12-15T08:36:25+00:00\" \/>\n<meta property=\"og:image\" content=\"https:\/\/www.galleriamarcacorona.com\/wp-content\/uploads\/2023\/12\/1_NTaq5KE.jpg\" \/>\n\t<meta property=\"og:image:width\" content=\"1300\" \/>\n\t<meta property=\"og:image:height\" content=\"800\" \/>\n\t<meta property=\"og:image:type\" content=\"image\/jpeg\" \/>\n<meta name=\"author\" content=\"admin\" \/>\n<meta name=\"twitter:card\" content=\"summary_large_image\" \/>\n<meta name=\"twitter:label1\" content=\"Verfasst von\" \/>\n\t<meta name=\"twitter:data1\" content=\"admin\" \/>\n\t<meta name=\"twitter:label2\" content=\"Gesch\u00e4tzte Lesezeit\" \/>\n\t<meta name=\"twitter:data2\" content=\"5\u00a0Minuten\" \/>\n<script type=\"application\/ld+json\" class=\"yoast-schema-graph\">{\"@context\":\"https:\/\/schema.org\",\"@graph\":[{\"@type\":\"Article\",\"@id\":\"https:\/\/www.galleriamarcacorona.com\/de\/marca-corona-trifft-in-zusammenarbeit-mit-stefano-arienti-lokale-schulen-fur-die-woche-der-unternehmenskultur-2023\/#article\",\"isPartOf\":{\"@id\":\"https:\/\/www.galleriamarcacorona.com\/de\/marca-corona-trifft-in-zusammenarbeit-mit-stefano-arienti-lokale-schulen-fur-die-woche-der-unternehmenskultur-2023\/\"},\"author\":{\"name\":\"admin\",\"@id\":\"https:\/\/www.galleriamarcacorona.com\/de\/#\/schema\/person\/9854f3650eab7e4334e66d22de09296a\"},\"headline\":\"Marca Corona trifft in Zusammenarbeit mit Stefano Arienti lokale Schulen f\u00fcr die Woche der Unternehmenskultur 2023\",\"datePublished\":\"2023-12-15T08:05:20+00:00\",\"dateModified\":\"2023-12-15T08:36:25+00:00\",\"mainEntityOfPage\":{\"@id\":\"https:\/\/www.galleriamarcacorona.com\/de\/marca-corona-trifft-in-zusammenarbeit-mit-stefano-arienti-lokale-schulen-fur-die-woche-der-unternehmenskultur-2023\/\"},\"wordCount\":721,\"commentCount\":0,\"publisher\":{\"@id\":\"https:\/\/www.galleriamarcacorona.com\/de\/#organization\"},\"articleSection\":[\"Unkategorisiert\"],\"inLanguage\":\"de\",\"potentialAction\":[{\"@type\":\"CommentAction\",\"name\":\"Comment\",\"target\":[\"https:\/\/www.galleriamarcacorona.com\/de\/marca-corona-trifft-in-zusammenarbeit-mit-stefano-arienti-lokale-schulen-fur-die-woche-der-unternehmenskultur-2023\/#respond\"]}]},{\"@type\":\"WebPage\",\"@id\":\"https:\/\/www.galleriamarcacorona.com\/de\/marca-corona-trifft-in-zusammenarbeit-mit-stefano-arienti-lokale-schulen-fur-die-woche-der-unternehmenskultur-2023\/\",\"url\":\"https:\/\/www.galleriamarcacorona.com\/de\/marca-corona-trifft-in-zusammenarbeit-mit-stefano-arienti-lokale-schulen-fur-die-woche-der-unternehmenskultur-2023\/\",\"name\":\"Marca Corona trifft in Zusammenarbeit mit Stefano Arienti lokale Schulen f\u00fcr die Woche der Unternehmenskultur 2023 - Galleria Marca Corona\",\"isPartOf\":{\"@id\":\"https:\/\/www.galleriamarcacorona.com\/de\/#website\"},\"datePublished\":\"2023-12-15T08:05:20+00:00\",\"dateModified\":\"2023-12-15T08:36:25+00:00\",\"description\":\"W\u00e4hrend der Business Culture Week 2023 empf\u00e4ngt Marca Corona lokale Schulen f\u00fcr 2 Tage Workshops mit dem K\u00fcnstler Stefano Arienti.\",\"breadcrumb\":{\"@id\":\"https:\/\/www.galleriamarcacorona.com\/de\/marca-corona-trifft-in-zusammenarbeit-mit-stefano-arienti-lokale-schulen-fur-die-woche-der-unternehmenskultur-2023\/#breadcrumb\"},\"inLanguage\":\"de\",\"potentialAction\":[{\"@type\":\"ReadAction\",\"target\":[\"https:\/\/www.galleriamarcacorona.com\/de\/marca-corona-trifft-in-zusammenarbeit-mit-stefano-arienti-lokale-schulen-fur-die-woche-der-unternehmenskultur-2023\/\"]}]},{\"@type\":\"BreadcrumbList\",\"@id\":\"https:\/\/www.galleriamarcacorona.com\/de\/marca-corona-trifft-in-zusammenarbeit-mit-stefano-arienti-lokale-schulen-fur-die-woche-der-unternehmenskultur-2023\/#breadcrumb\",\"itemListElement\":[{\"@type\":\"ListItem\",\"position\":1,\"name\":\"Home\",\"item\":\"https:\/\/www.galleriamarcacorona.com\/de\/\"},{\"@type\":\"ListItem\",\"position\":2,\"name\":\"Marca Corona trifft in Zusammenarbeit mit Stefano Arienti lokale Schulen f\u00fcr die Woche der Unternehmenskultur 2023\"}]},{\"@type\":\"WebSite\",\"@id\":\"https:\/\/www.galleriamarcacorona.com\/de\/#website\",\"url\":\"https:\/\/www.galleriamarcacorona.com\/de\/\",\"name\":\"Galleria Marca Corona\",\"description\":\"\",\"publisher\":{\"@id\":\"https:\/\/www.galleriamarcacorona.com\/de\/#organization\"},\"potentialAction\":[{\"@type\":\"SearchAction\",\"target\":{\"@type\":\"EntryPoint\",\"urlTemplate\":\"https:\/\/www.galleriamarcacorona.com\/de\/?s={search_term_string}\"},\"query-input\":\"required name=search_term_string\"}],\"inLanguage\":\"de\"},{\"@type\":\"Organization\",\"@id\":\"https:\/\/www.galleriamarcacorona.com\/de\/#organization\",\"name\":\"Galleria Marca Corona\",\"url\":\"https:\/\/www.galleriamarcacorona.com\/de\/\",\"logo\":{\"@type\":\"ImageObject\",\"inLanguage\":\"de\",\"@id\":\"https:\/\/www.galleriamarcacorona.com\/de\/#\/schema\/logo\/image\/\",\"url\":\"https:\/\/www.galleriamarcacorona.com\/wp-content\/uploads\/2023\/05\/mc-galleria-logo-rgb-3200px.png\",\"contentUrl\":\"https:\/\/www.galleriamarcacorona.com\/wp-content\/uploads\/2023\/05\/mc-galleria-logo-rgb-3200px.png\",\"width\":3200,\"height\":1112,\"caption\":\"Galleria Marca Corona\"},\"image\":{\"@id\":\"https:\/\/www.galleriamarcacorona.com\/de\/#\/schema\/logo\/image\/\"}},{\"@type\":\"Person\",\"@id\":\"https:\/\/www.galleriamarcacorona.com\/de\/#\/schema\/person\/9854f3650eab7e4334e66d22de09296a\",\"name\":\"admin\",\"image\":{\"@type\":\"ImageObject\",\"inLanguage\":\"de\",\"@id\":\"https:\/\/www.galleriamarcacorona.com\/de\/#\/schema\/person\/image\/\",\"url\":\"https:\/\/secure.gravatar.com\/avatar\/45e04a838bba17ec5b51186bc6740fa4?s=96&d=mm&r=g\",\"contentUrl\":\"https:\/\/secure.gravatar.com\/avatar\/45e04a838bba17ec5b51186bc6740fa4?s=96&d=mm&r=g\",\"caption\":\"admin\"},\"sameAs\":[\"http:\/\/www.galleriamarcacorona.com\"],\"url\":\"https:\/\/www.galleriamarcacorona.com\/de\/author\/admin\/\"}]}<\/script>\n<!-- \/ Yoast SEO plugin. -->","yoast_head_json":{"title":"Marca Corona trifft in Zusammenarbeit mit Stefano Arienti lokale Schulen f\u00fcr die Woche der Unternehmenskultur 2023 - Galleria Marca Corona","description":"W\u00e4hrend der Business Culture Week 2023 empf\u00e4ngt Marca Corona lokale Schulen f\u00fcr 2 Tage Workshops mit dem K\u00fcnstler Stefano Arienti.","robots":{"index":"index","follow":"follow","max-snippet":"max-snippet:-1","max-image-preview":"max-image-preview:large","max-video-preview":"max-video-preview:-1"},"canonical":"https:\/\/www.galleriamarcacorona.com\/de\/marca-corona-trifft-in-zusammenarbeit-mit-stefano-arienti-lokale-schulen-fur-die-woche-der-unternehmenskultur-2023\/","og_locale":"de_DE","og_type":"article","og_title":"Marca Corona trifft in Zusammenarbeit mit Stefano Arienti lokale Schulen f\u00fcr die Woche der Unternehmenskultur 2023 - Galleria Marca Corona","og_description":"W\u00e4hrend der Business Culture Week 2023 empf\u00e4ngt Marca Corona lokale Schulen f\u00fcr 2 Tage Workshops mit dem K\u00fcnstler Stefano Arienti.","og_url":"https:\/\/www.galleriamarcacorona.com\/de\/marca-corona-trifft-in-zusammenarbeit-mit-stefano-arienti-lokale-schulen-fur-die-woche-der-unternehmenskultur-2023\/","og_site_name":"Galleria Marca Corona","article_published_time":"2023-12-15T08:05:20+00:00","article_modified_time":"2023-12-15T08:36:25+00:00","og_image":[{"width":1300,"height":800,"url":"https:\/\/www.galleriamarcacorona.com\/wp-content\/uploads\/2023\/12\/1_NTaq5KE.jpg","type":"image\/jpeg"}],"author":"admin","twitter_card":"summary_large_image","twitter_misc":{"Verfasst von":"admin","Gesch\u00e4tzte Lesezeit":"5\u00a0Minuten"},"schema":{"@context":"https:\/\/schema.org","@graph":[{"@type":"Article","@id":"https:\/\/www.galleriamarcacorona.com\/de\/marca-corona-trifft-in-zusammenarbeit-mit-stefano-arienti-lokale-schulen-fur-die-woche-der-unternehmenskultur-2023\/#article","isPartOf":{"@id":"https:\/\/www.galleriamarcacorona.com\/de\/marca-corona-trifft-in-zusammenarbeit-mit-stefano-arienti-lokale-schulen-fur-die-woche-der-unternehmenskultur-2023\/"},"author":{"name":"admin","@id":"https:\/\/www.galleriamarcacorona.com\/de\/#\/schema\/person\/9854f3650eab7e4334e66d22de09296a"},"headline":"Marca Corona trifft in Zusammenarbeit mit Stefano Arienti lokale Schulen f\u00fcr die Woche der Unternehmenskultur 2023","datePublished":"2023-12-15T08:05:20+00:00","dateModified":"2023-12-15T08:36:25+00:00","mainEntityOfPage":{"@id":"https:\/\/www.galleriamarcacorona.com\/de\/marca-corona-trifft-in-zusammenarbeit-mit-stefano-arienti-lokale-schulen-fur-die-woche-der-unternehmenskultur-2023\/"},"wordCount":721,"commentCount":0,"publisher":{"@id":"https:\/\/www.galleriamarcacorona.com\/de\/#organization"},"articleSection":["Unkategorisiert"],"inLanguage":"de","potentialAction":[{"@type":"CommentAction","name":"Comment","target":["https:\/\/www.galleriamarcacorona.com\/de\/marca-corona-trifft-in-zusammenarbeit-mit-stefano-arienti-lokale-schulen-fur-die-woche-der-unternehmenskultur-2023\/#respond"]}]},{"@type":"WebPage","@id":"https:\/\/www.galleriamarcacorona.com\/de\/marca-corona-trifft-in-zusammenarbeit-mit-stefano-arienti-lokale-schulen-fur-die-woche-der-unternehmenskultur-2023\/","url":"https:\/\/www.galleriamarcacorona.com\/de\/marca-corona-trifft-in-zusammenarbeit-mit-stefano-arienti-lokale-schulen-fur-die-woche-der-unternehmenskultur-2023\/","name":"Marca Corona trifft in Zusammenarbeit mit Stefano Arienti lokale Schulen f\u00fcr die Woche der Unternehmenskultur 2023 - Galleria Marca Corona","isPartOf":{"@id":"https:\/\/www.galleriamarcacorona.com\/de\/#website"},"datePublished":"2023-12-15T08:05:20+00:00","dateModified":"2023-12-15T08:36:25+00:00","description":"W\u00e4hrend der Business Culture Week 2023 empf\u00e4ngt Marca Corona lokale Schulen f\u00fcr 2 Tage Workshops mit dem K\u00fcnstler Stefano Arienti.","breadcrumb":{"@id":"https:\/\/www.galleriamarcacorona.com\/de\/marca-corona-trifft-in-zusammenarbeit-mit-stefano-arienti-lokale-schulen-fur-die-woche-der-unternehmenskultur-2023\/#breadcrumb"},"inLanguage":"de","potentialAction":[{"@type":"ReadAction","target":["https:\/\/www.galleriamarcacorona.com\/de\/marca-corona-trifft-in-zusammenarbeit-mit-stefano-arienti-lokale-schulen-fur-die-woche-der-unternehmenskultur-2023\/"]}]},{"@type":"BreadcrumbList","@id":"https:\/\/www.galleriamarcacorona.com\/de\/marca-corona-trifft-in-zusammenarbeit-mit-stefano-arienti-lokale-schulen-fur-die-woche-der-unternehmenskultur-2023\/#breadcrumb","itemListElement":[{"@type":"ListItem","position":1,"name":"Home","item":"https:\/\/www.galleriamarcacorona.com\/de\/"},{"@type":"ListItem","position":2,"name":"Marca Corona trifft in Zusammenarbeit mit Stefano Arienti lokale Schulen f\u00fcr die Woche der Unternehmenskultur 2023"}]},{"@type":"WebSite","@id":"https:\/\/www.galleriamarcacorona.com\/de\/#website","url":"https:\/\/www.galleriamarcacorona.com\/de\/","name":"Galleria Marca Corona","description":"","publisher":{"@id":"https:\/\/www.galleriamarcacorona.com\/de\/#organization"},"potentialAction":[{"@type":"SearchAction","target":{"@type":"EntryPoint","urlTemplate":"https:\/\/www.galleriamarcacorona.com\/de\/?s={search_term_string}"},"query-input":"required name=search_term_string"}],"inLanguage":"de"},{"@type":"Organization","@id":"https:\/\/www.galleriamarcacorona.com\/de\/#organization","name":"Galleria Marca Corona","url":"https:\/\/www.galleriamarcacorona.com\/de\/","logo":{"@type":"ImageObject","inLanguage":"de","@id":"https:\/\/www.galleriamarcacorona.com\/de\/#\/schema\/logo\/image\/","url":"https:\/\/www.galleriamarcacorona.com\/wp-content\/uploads\/2023\/05\/mc-galleria-logo-rgb-3200px.png","contentUrl":"https:\/\/www.galleriamarcacorona.com\/wp-content\/uploads\/2023\/05\/mc-galleria-logo-rgb-3200px.png","width":3200,"height":1112,"caption":"Galleria Marca Corona"},"image":{"@id":"https:\/\/www.galleriamarcacorona.com\/de\/#\/schema\/logo\/image\/"}},{"@type":"Person","@id":"https:\/\/www.galleriamarcacorona.com\/de\/#\/schema\/person\/9854f3650eab7e4334e66d22de09296a","name":"admin","image":{"@type":"ImageObject","inLanguage":"de","@id":"https:\/\/www.galleriamarcacorona.com\/de\/#\/schema\/person\/image\/","url":"https:\/\/secure.gravatar.com\/avatar\/45e04a838bba17ec5b51186bc6740fa4?s=96&d=mm&r=g","contentUrl":"https:\/\/secure.gravatar.com\/avatar\/45e04a838bba17ec5b51186bc6740fa4?s=96&d=mm&r=g","caption":"admin"},"sameAs":["http:\/\/www.galleriamarcacorona.com"],"url":"https:\/\/www.galleriamarcacorona.com\/de\/author\/admin\/"}]}},"_links":{"self":[{"href":"https:\/\/www.galleriamarcacorona.com\/de\/wp-json\/wp\/v2\/posts\/6737"}],"collection":[{"href":"https:\/\/www.galleriamarcacorona.com\/de\/wp-json\/wp\/v2\/posts"}],"about":[{"href":"https:\/\/www.galleriamarcacorona.com\/de\/wp-json\/wp\/v2\/types\/post"}],"author":[{"embeddable":true,"href":"https:\/\/www.galleriamarcacorona.com\/de\/wp-json\/wp\/v2\/users\/1"}],"replies":[{"embeddable":true,"href":"https:\/\/www.galleriamarcacorona.com\/de\/wp-json\/wp\/v2\/comments?post=6737"}],"version-history":[{"count":6,"href":"https:\/\/www.galleriamarcacorona.com\/de\/wp-json\/wp\/v2\/posts\/6737\/revisions"}],"predecessor-version":[{"id":6764,"href":"https:\/\/www.galleriamarcacorona.com\/de\/wp-json\/wp\/v2\/posts\/6737\/revisions\/6764"}],"wp:featuredmedia":[{"embeddable":true,"href":"https:\/\/www.galleriamarcacorona.com\/de\/wp-json\/wp\/v2\/media\/6686"}],"wp:attachment":[{"href":"https:\/\/www.galleriamarcacorona.com\/de\/wp-json\/wp\/v2\/media?parent=6737"}],"wp:term":[{"taxonomy":"category","embeddable":true,"href":"https:\/\/www.galleriamarcacorona.com\/de\/wp-json\/wp\/v2\/categories?post=6737"},{"taxonomy":"post_tag","embeddable":true,"href":"https:\/\/www.galleriamarcacorona.com\/de\/wp-json\/wp\/v2\/tags?post=6737"}],"curies":[{"name":"wp","href":"https:\/\/api.w.org\/{rel}","templated":true}]}}