{"id":11421,"date":"2025-09-08T10:45:41","date_gmt":"2025-09-08T10:45:41","guid":{"rendered":"https:\/\/www.galleriamarcacorona.com\/con-festival-filosofia-2025-inizia-la-nuova-mostra-di-andrea-mastrovito-al-palazzo-ducale-di-sassuolo\/"},"modified":"2025-10-08T12:16:31","modified_gmt":"2025-10-08T12:16:31","slug":"con-el-festival-filosofia-2025-se-inaugura-la-nueva-exposicion-de-andrea-mastrovito-en-el-palacio-ducal-de-sassuolo","status":"publish","type":"post","link":"https:\/\/www.galleriamarcacorona.com\/es\/con-el-festival-filosofia-2025-se-inaugura-la-nueva-exposicion-de-andrea-mastrovito-en-el-palacio-ducal-de-sassuolo\/","title":{"rendered":"Con el Festival Filosofia 2025 se inaugura la nueva exposici\u00f3n de Andrea Mastrovito en el Palacio Ducal de Sassuolo"},"content":{"rendered":"\t\t<div data-elementor-type=\"wp-post\" data-elementor-id=\"11421\" class=\"elementor elementor-11421 elementor-10890\" data-elementor-post-type=\"post\">\n\t\t\t\t\t\t\t<div class=\"elementor-element elementor-element-1da08c9 e-flex e-con-boxed e-con\" data-id=\"1da08c9\" data-element_type=\"container\" data-settings=\"{&quot;content_width&quot;:&quot;boxed&quot;}\">\n\t\t\t\t\t<div class=\"e-con-inner\">\n\t\t\t\t<div class=\"elementor-element elementor-element-d4af86b elementor-widget elementor-widget-text-editor\" data-id=\"d4af86b\" data-element_type=\"widget\" data-widget_type=\"text-editor.default\">\n\t\t\t\t<div class=\"elementor-widget-container\">\n\t\t\t<style>\/*! elementor - v3.14.0 - 26-06-2023 *\/\n.elementor-widget-text-editor.elementor-drop-cap-view-stacked .elementor-drop-cap{background-color:#69727d;color:#fff}.elementor-widget-text-editor.elementor-drop-cap-view-framed .elementor-drop-cap{color:#69727d;border:3px solid;background-color:transparent}.elementor-widget-text-editor:not(.elementor-drop-cap-view-default) .elementor-drop-cap{margin-top:8px}.elementor-widget-text-editor:not(.elementor-drop-cap-view-default) .elementor-drop-cap-letter{width:1em;height:1em}.elementor-widget-text-editor .elementor-drop-cap{float:left;text-align:center;line-height:1;font-size:50px}.elementor-widget-text-editor .elementor-drop-cap-letter{display:inline-block}<\/style>\t\t\t\t<p>Esta exposici\u00f3n individual, comisariada por Francesca Disconzi y organizada por Marca Corona junto a Gallerie Estensi, presentar\u00e1\u00a0<b>varias creaciones que han distinguido la carrera de la artista a lo largo de los a\u00f1os, como<\/b>:<\/p><ul><li>La\u00a0<b><i>Enciclopedia dei fiori da giardino<\/i><\/b><i>\u00a0<\/i>propuesta con algunas modificaciones.<\/li><li>El\u00a0<b>gran mosaico sobre madera\u00a0<\/b><b><i>MCm &#8211; Minimo Comune multiplo<\/i><\/b>,<b><i>\u00a0<\/i><\/b>obra in\u00e9dita del proyecto\u00a0<u><a href=\"https:\/\/www.galleriamarcacorona.com\/es\/marca-corona-para-el-arte\/\" rel=\"noopener\"><b>Marca Corona per l\u2019Arte<\/b><\/a><\/u>.\u00a0<\/li><li>Las\u00a0<b>nuevas obras creadas especialmente para la exposici\u00f3n<\/b>\u00a0en el Palacio Ducal e inspiradas en los elementos del cielo y del agua.<\/li><\/ul><p><b>Abierta al p\u00fablico a partir del 19 de septiembre y con entrada gratuita tambi\u00e9n el s\u00e1bado 20 y el domingo 21 de septiembre<\/b>, la exposici\u00f3n forma parte de la programaci\u00f3n alternativa del Festival Filosofia 2025, el gran evento dedicado a la difusi\u00f3n del conocimiento y el pensamiento filos\u00f3fico, que este a\u00f1o vuelve a contar con\u00a0<b>socios culturales<\/b>\u00a0como museos, galer\u00edas y otros espacios art\u00edsticos e hist\u00f3ricos.<\/p><p>A continuaci\u00f3n\u00a0<b>profundizaremos en la iniciativa del Palacio Ducal, las obras que mostrar\u00e1 y el arte de<\/b>\u00a0<a href=\"https:\/\/www.galleriamarcacorona.com\/es\/andrea-mastrovito-la-union-creativa-entre-arte-y-empresa-en-el-proyecto-con-marca-corona-per-larte\/\" rel=\"noopener\"><b>Andrea Mastrovito<\/b><\/a>, que este a\u00f1o gan\u00f3 el concurso para crear el Cordero de Dios (Agnus Dei), una escultura que se incluir\u00e1 en la cruz que remata la torre de Jes\u00fas de la Bas\u00edlica de la Sagrada Familia de Barcelona.<\/p>\t\t\t\t\t\t<\/div>\n\t\t\t\t<\/div>\n\t\t\t\t\t<\/div>\n\t\t\t\t<\/div>\n\t\t<div class=\"elementor-element elementor-element-12e4f94 e-flex e-con-boxed e-con\" data-id=\"12e4f94\" data-element_type=\"container\" data-settings=\"{&quot;content_width&quot;:&quot;boxed&quot;}\">\n\t\t\t\t\t<div class=\"e-con-inner\">\n\t\t\t\t<div class=\"elementor-element elementor-element-fcb5b8c elementor-widget elementor-widget-heading\" data-id=\"fcb5b8c\" data-element_type=\"widget\" data-widget_type=\"heading.default\">\n\t\t\t\t<div class=\"elementor-widget-container\">\n\t\t\t<style>\/*! elementor - v3.14.0 - 26-06-2023 *\/\n.elementor-heading-title{padding:0;margin:0;line-height:1}.elementor-widget-heading .elementor-heading-title[class*=elementor-size-]>a{color:inherit;font-size:inherit;line-height:inherit}.elementor-widget-heading .elementor-heading-title.elementor-size-small{font-size:15px}.elementor-widget-heading .elementor-heading-title.elementor-size-medium{font-size:19px}.elementor-widget-heading .elementor-heading-title.elementor-size-large{font-size:29px}.elementor-widget-heading .elementor-heading-title.elementor-size-xl{font-size:39px}.elementor-widget-heading .elementor-heading-title.elementor-size-xxl{font-size:59px}<\/style><h2 class=\"elementor-heading-title elementor-size-default\">La exposici\u00f3n individual de Andrea Mastrovito y obras in\u00e9ditas se presentan en una exposici\u00f3n exclusiva en el Palacio Ducal de Sassuolo.<\/h2>\t\t<\/div>\n\t\t\t\t<\/div>\n\t\t\t\t<div class=\"elementor-element elementor-element-3bb49ba elementor-widget elementor-widget-text-editor\" data-id=\"3bb49ba\" data-element_type=\"widget\" data-widget_type=\"text-editor.default\">\n\t\t\t\t<div class=\"elementor-widget-container\">\n\t\t\t\t\t\t\t<p>La\u00a0<b>inauguraci\u00f3n, el viernes 19 de septiembre<\/b>, marcar\u00e1 el inicio de la exposici\u00f3n\u00a0<i>Sette Stanze<\/i>\u00a0del artista Andrea Mastrovito en el Palacio Ducal de Sassuolo (M\u00f3dena).<\/p><p>Adem\u00e1s de la\u00a0<b>exposici\u00f3n individual<\/b>\u00a0y de las\u00a0<b>obras in\u00e9ditas del artista (algunas creadas especialmente para la exposici\u00f3n y, por lo tanto, solo visibles aqu\u00ed)<\/b>, los visitantes tambi\u00e9n podr\u00e1n dejarse sorprender por el\u00a0<b>dise\u00f1o \u00fanico<\/b>\u00a0que se ha planificado para esta exposici\u00f3n exclusiva.<\/p><p>La\u00a0<b>planta baja<\/b>\u00a0alojar\u00e1\u00a0<a href=\"https:\/\/www.galleriamarcacorona.com\/es\/andrea-mastrovito-minimo-comune-multiplo\/\" rel=\"noopener\"><i>MCm &#8211; Minimo Comune multiplo<\/i><\/a>, el gran panel al pastel que dio nombre a la exposici\u00f3n del mismo nombre y que ahora\u00a0<b>abre la experiencia en el Palacio Ducal<\/b>.<\/p><p>La instalaci\u00f3n est\u00e1 ubicada en la sala dedicada a la exposici\u00f3n \u00abTra Corte e Fabbrica\u00bb, donde se exhiben varias piezas cer\u00e1micas \u00fanicas que, en un recorrido ideal entre el Palacio Ducal y el museo hist\u00f3rico de la empresa\u00a0<a href=\"https:\/\/www.galleriamarcacorona.com\/es\/galeria\/\" rel=\"noopener\">Galleria Marca Corona<\/a>, ofrecen una buena panor\u00e1mica de la\u00a0<a href=\"https:\/\/www.marcacorona.it\/es\/quienes-somos\/\" target=\"_blank\" rel=\"noopener\">historia del polo cer\u00e1mico de Sassuolo.<\/a><\/p><p>La obra\u00a0<i>MCm &#8211; Minimo Comune multiplo<\/i>\u00a0es un aut\u00e9ntico\u00a0<b>mosaico de \u00abazulejos\u00bb de papel<\/b>\u00a0que reproduce una fotograf\u00eda hist\u00f3rica de los empleados de Marca Corona en las instalaciones de la empresa tras la Segunda Guerra Mundial.\u00a0<\/p><p>La obra se caracteriza por el\u00a0<b>uso de un \u00fanico tono, el azul<\/b>, elegido por su fuerte carga emocional. Un\u00a0<b>color que recuerda la may\u00f3lica<\/b>\u00a0\u2014presente tambi\u00e9n en las chimeneas del Palacio Ducal\u2014 y la tradici\u00f3n hist\u00f3rica y cultural del Ducado de Este, cuna del polo cer\u00e1mico de Sassuolo desde 1741.<\/p><p>Sobre esta imagen, el artista ha integrado una serie de\u00a0<i>frottages<\/i>\u00a0de objetos cotidianos, dise\u00f1ados por trabajadores actuales de la empresa como parte del\u00a0<b>proyecto de arte colectivo y participativo<\/b>\u00a0de\u00a0<a href=\"https:\/\/www.marcacorona.it\/es\/noticias-y-tendencias\/art\/andrea-mastrovito-la-union-creativa-entre-arte-y-empresa-en-el-proyecto-con-marca-corona-per-larte\/\" target=\"_blank\" rel=\"noopener\">Marca Corona per l\u2019Arte<\/a>.<\/p><p>El proyecto expositivo contin\u00faa en el\u00a0<b>primer piso<\/b>, en las salas del apartamento estucado, donde\u00a0<b>las obras de Mastrovito establecen un di\u00e1logo directo con los monocromos de la Colecci\u00f3n Panza<\/b>.<\/p><p>Las\u00a0<b>obras maestras de Sims, Spalletti, Simpson, Roeth, Litzmann y Appleby<\/b>\u00a0se convierten as\u00ed en aberturas a trav\u00e9s de las cuales el artista se asoma para interceptar colores y estructuras o, en palabras del propio Panza, \u00abrastros de infinito que se materializa, un rinc\u00f3n de cielo que cae a la tierra\u00bb.<\/p><p>A trav\u00e9s de\u00a0<b>instalaciones originales e in situ<\/b>, Mastrovito utiliza vol\u00famenes ilustrados de diversa \u00edndole y, sac\u00e1ndolos de la bidimensionalidad, compone\u00a0<b>parterres, cielos y mares de papel en armon\u00eda con la geometr\u00eda de los suelos y los colores de los grandes lienzos colgados en las paredes<\/b>, simplemente repitiendo el gesto de cortar y doblar p\u00e1ginas cientos de veces.<\/p><p>La protagonista aqu\u00ed es la macroobra<b>\u00a0<\/b><b><i>Enciclopedia dei fiori da giardino<\/i>, junto a nuevas obras in\u00e9ditas que se desvelar\u00e1n durante la exposici\u00f3n.<\/b>\u00a0<\/p>\t\t\t\t\t\t<\/div>\n\t\t\t\t<\/div>\n\t\t\t\t\t<\/div>\n\t\t\t\t<\/div>\n\t\t<div class=\"elementor-element elementor-element-27f788c e-flex e-con-boxed e-con\" data-id=\"27f788c\" data-element_type=\"container\" data-settings=\"{&quot;content_width&quot;:&quot;boxed&quot;}\">\n\t\t\t\t\t<div class=\"e-con-inner\">\n\t\t\t\t<div class=\"elementor-element elementor-element-39f420e elementor-widget elementor-widget-heading\" data-id=\"39f420e\" data-element_type=\"widget\" data-widget_type=\"heading.default\">\n\t\t\t\t<div class=\"elementor-widget-container\">\n\t\t\t<h2 class=\"elementor-heading-title elementor-size-default\">C\u00f3mo visitar la exposici\u00f3n de Andrea Mastrovito durante el Festival Filosofia 2025<\/h2>\t\t<\/div>\n\t\t\t\t<\/div>\n\t\t\t\t<div class=\"elementor-element elementor-element-2a82666 elementor-widget elementor-widget-text-editor\" data-id=\"2a82666\" data-element_type=\"widget\" data-widget_type=\"text-editor.default\">\n\t\t\t\t<div class=\"elementor-widget-container\">\n\t\t\t\t\t\t\t<p><b>La exposici\u00f3n\u00a0<i>Sette Stanze<\/i>\u00a0de Andrea Mastrovito se inaugurar\u00e1 el viernes 19 de septiembre<\/b>, coincidiendo con el inicio del fin de semana del Festival Filosofia 2025. La\u00a0<b>entrada al evento es gratuita<\/b>\u00a0y tambi\u00e9n incluye el acceso al Palacio Ducal de Sassuolo.<\/p><p><b>La exposici\u00f3n tambi\u00e9n estar\u00e1 abierta al p\u00fablico de forma gratuita el s\u00e1bado 20 de septiembre y el domingo 21 de septiembre.<\/b><\/p><p><b>El s\u00e1bado 20 de septiembre Andrea Mastrovito ser\u00e1 el invitado de honor de la exposici\u00f3n y ofrecer\u00e1 un encuentro especial con los visitantes a las 16:00 horas, donde comentar\u00e1 las obras y el itinerario de la exposici\u00f3n<\/b>, junto a la comisaria Francesca Disconzi.<\/p><p>Una oportunidad \u00fanica para descubrir el\u00a0<b>talento y la visi\u00f3n innovadora de este artista<\/b>, conocido por sus obras altamente visuales, que van desde la pintura hasta el cine, donde las\u00a0<b>t\u00e9cnicas creativas<\/b>\u00a0tradicionales \u2014dibujo, collage, incrustaci\u00f3n, animaci\u00f3n en v\u00eddeo\u2014\u00a0<b>se reinventan<\/b>\u00a0para expresar conceptos complejos relacionados con la condici\u00f3n humana, contando\u00a0<b>historias que invitan al espectador a interactuar y crean una experiencia atractiva y din\u00e1mica<\/b>.<\/p><p>El evento se celebrar\u00e1 en el Palacio Ducal en los siguientes d\u00edas y horarios:<\/p><ul><li><b>Viernes, 19 de septiembre<\/b><br \/><b>De 10:00 a 22:00 horas (\u00faltima admisi\u00f3n 21:00 horas)<\/b><br \/>\u00a0<\/li><li><b>S\u00e1bado, 20 de septiembre<\/b><br \/><b>De 10:00 a 22:00 horas (\u00faltima admisi\u00f3n 21:00 horas) y encuentro con el artista Andrea Mastrovito a partir de las 16:00 horas<\/b><br \/>\u00a0<\/li><li><b>Domingo, 21 de septiembre<\/b><br \/><b>De 10:00 a 18:00 horas (\u00faltima admisi\u00f3n 17:00 horas)<\/b><\/li><\/ul><p>Lugar:<br \/><b>Palacio Ducal de Sassuolo<\/b><br \/>Piazzale della Rosa, 10<br \/>Sassuolo (M\u00f3dena, Italia)<\/p><p><b>Despu\u00e9s del Festival Filosofia, la exposici\u00f3n podr\u00e1 seguir visit\u00e1ndose hasta el 31 de diciembre de 2025 con la entrada al Palacio Ducal.<\/b><\/p><p>\u00bfTienes preguntas o quieres m\u00e1s detalles sobre la inauguraci\u00f3n de la exposici\u00f3n o la visita guiada?<\/p>\t\t\t\t\t\t<\/div>\n\t\t\t\t<\/div>\n\t\t\t\t\t<\/div>\n\t\t\t\t<\/div>\n\t\t<div class=\"elementor-element elementor-element-53fa3bb e-con-full e-flex e-con\" data-id=\"53fa3bb\" data-element_type=\"container\" data-settings=\"{&quot;content_width&quot;:&quot;full&quot;}\">\n\t\t\t\t<div class=\"elementor-element elementor-element-665a806 elementor-widget elementor-widget-spacer\" data-id=\"665a806\" data-element_type=\"widget\" data-widget_type=\"spacer.default\">\n\t\t\t\t<div class=\"elementor-widget-container\">\n\t\t\t<style>\/*! elementor - v3.14.0 - 26-06-2023 *\/\n.elementor-column .elementor-spacer-inner{height:var(--spacer-size)}.e-con{--container-widget-width:100%}.e-con-inner>.elementor-widget-spacer,.e-con>.elementor-widget-spacer{width:var(--container-widget-width,var(--spacer-size));--align-self:var(--container-widget-align-self,initial);--flex-shrink:0}.e-con-inner>.elementor-widget-spacer>.elementor-widget-container,.e-con-inner>.elementor-widget-spacer>.elementor-widget-container>.elementor-spacer,.e-con>.elementor-widget-spacer>.elementor-widget-container,.e-con>.elementor-widget-spacer>.elementor-widget-container>.elementor-spacer{height:100%}.e-con-inner>.elementor-widget-spacer>.elementor-widget-container>.elementor-spacer>.elementor-spacer-inner,.e-con>.elementor-widget-spacer>.elementor-widget-container>.elementor-spacer>.elementor-spacer-inner{height:var(--container-widget-height,var(--spacer-size))}<\/style>\t\t<div class=\"elementor-spacer\">\n\t\t\t<div class=\"elementor-spacer-inner\"><\/div>\n\t\t<\/div>\n\t\t\t\t<\/div>\n\t\t\t\t<\/div>\n\t\t\t\t<div class=\"elementor-element elementor-element-df223fd elementor-widget__width-inherit elementor-widget elementor-widget-image\" data-id=\"df223fd\" data-element_type=\"widget\" data-widget_type=\"image.default\">\n\t\t\t\t<div class=\"elementor-widget-container\">\n\t\t\t<style>\/*! elementor - v3.14.0 - 26-06-2023 *\/\n.elementor-widget-image{text-align:center}.elementor-widget-image a{display:inline-block}.elementor-widget-image a img[src$=\".svg\"]{width:48px}.elementor-widget-image img{vertical-align:middle;display:inline-block}<\/style>\t\t\t\t\t\t\t\t\t\t\t\t<img decoding=\"async\" width=\"1300\" height=\"231\" src=\"https:\/\/www.galleriamarcacorona.com\/wp-content\/uploads\/2025\/09\/loghi.jpg\" class=\"attachment-full size-full wp-image-10898\" alt=\"\" loading=\"lazy\" srcset=\"https:\/\/www.galleriamarcacorona.com\/wp-content\/uploads\/2025\/09\/loghi.jpg 1300w, https:\/\/www.galleriamarcacorona.com\/wp-content\/uploads\/2025\/09\/loghi-300x53.jpg 300w, https:\/\/www.galleriamarcacorona.com\/wp-content\/uploads\/2025\/09\/loghi-1024x182.jpg 1024w, https:\/\/www.galleriamarcacorona.com\/wp-content\/uploads\/2025\/09\/loghi-768x136.jpg 768w\" sizes=\"(max-width: 1300px) 100vw, 1300px\" \/>\t\t\t\t\t\t\t\t\t\t\t\t\t\t\t<\/div>\n\t\t\t\t<\/div>\n\t\t\t\t<\/div>\n\t\t<div class=\"elementor-element elementor-element-9cf43f8 e-flex e-con-boxed e-con\" data-id=\"9cf43f8\" data-element_type=\"container\" data-settings=\"{&quot;content_width&quot;:&quot;boxed&quot;}\">\n\t\t\t\t\t<div class=\"e-con-inner\">\n\t\t\t\t<div class=\"elementor-element elementor-element-b38e6a1 elementor-align-center elementor-widget elementor-widget-button\" data-id=\"b38e6a1\" data-element_type=\"widget\" data-widget_type=\"button.default\">\n\t\t\t\t<div class=\"elementor-widget-container\">\n\t\t\t\t\t<div class=\"elementor-button-wrapper\">\n\t\t\t<a class=\"elementor-button elementor-button-link elementor-size-sm\" href=\"\/es\/reserva-tu-visita-a-la-galeria-marca-corona\/\">\n\t\t\t\t\t\t<span class=\"elementor-button-content-wrapper\">\n\t\t\t\t\t\t<span class=\"elementor-button-text\">PONTE EN CONTACTO CON NOSOTROS<\/span>\n\t\t<\/span>\n\t\t\t\t\t<\/a>\n\t\t<\/div>\n\t\t\t\t<\/div>\n\t\t\t\t<\/div>\n\t\t\t\t\t<\/div>\n\t\t\t\t<\/div>\n\t\t<div class=\"elementor-element elementor-element-e05f47a e-flex e-con-boxed e-con\" data-id=\"e05f47a\" data-element_type=\"container\" data-settings=\"{&quot;content_width&quot;:&quot;boxed&quot;}\">\n\t\t\t\t\t<div class=\"e-con-inner\">\n\t\t<div class=\"elementor-element elementor-element-61a4a13 e-flex e-con-boxed e-con\" data-id=\"61a4a13\" data-element_type=\"container\" data-settings=\"{&quot;background_background&quot;:&quot;classic&quot;,&quot;content_width&quot;:&quot;boxed&quot;}\">\n\t\t\t\t\t<div class=\"e-con-inner\">\n\t\t<div class=\"elementor-element elementor-element-a689024 e-flex e-con-boxed e-con\" data-id=\"a689024\" data-element_type=\"container\" data-settings=\"{&quot;content_width&quot;:&quot;boxed&quot;}\">\n\t\t\t\t\t<div class=\"e-con-inner\">\n\t\t<div class=\"elementor-element elementor-element-dea1d63 e-flex e-con-boxed e-con\" data-id=\"dea1d63\" data-element_type=\"container\" data-settings=\"{&quot;content_width&quot;:&quot;boxed&quot;}\">\n\t\t\t\t\t<div class=\"e-con-inner\">\n\t\t\t\t<div class=\"elementor-element elementor-element-937277d elementor-widget elementor-widget-gallery\" data-id=\"937277d\" data-element_type=\"widget\" data-settings=\"{&quot;columns&quot;:9,&quot;lazyload&quot;:&quot;yes&quot;,&quot;gallery_layout&quot;:&quot;grid&quot;,&quot;columns_tablet&quot;:2,&quot;columns_mobile&quot;:1,&quot;gap&quot;:{&quot;unit&quot;:&quot;px&quot;,&quot;size&quot;:10,&quot;sizes&quot;:[]},&quot;gap_tablet&quot;:{&quot;unit&quot;:&quot;px&quot;,&quot;size&quot;:10,&quot;sizes&quot;:[]},&quot;gap_mobile&quot;:{&quot;unit&quot;:&quot;px&quot;,&quot;size&quot;:10,&quot;sizes&quot;:[]},&quot;link_to&quot;:&quot;file&quot;,&quot;aspect_ratio&quot;:&quot;3:2&quot;,&quot;overlay_background&quot;:&quot;yes&quot;,&quot;content_hover_animation&quot;:&quot;fade-in&quot;}\" data-widget_type=\"gallery.default\">\n\t\t\t\t<div class=\"elementor-widget-container\">\n\t\t\t<style>\/*! elementor-pro - v3.14.0 - 26-06-2023 *\/\n.elementor-gallery__container{min-height:1px}.elementor-gallery-item{position:relative;overflow:hidden;display:block;text-decoration:none;border:solid var(--image-border-width) var(--image-border-color);border-radius:var(--image-border-radius)}.elementor-gallery-item__content,.elementor-gallery-item__overlay{height:100%;width:100%;position:absolute;top:0;left:0}.elementor-gallery-item__overlay{mix-blend-mode:var(--overlay-mix-blend-mode);transition-duration:var(--overlay-transition-duration);transition-property:mix-blend-mode,transform,opacity,background-color}.elementor-gallery-item__image.e-gallery-image{transition-duration:var(--image-transition-duration);transition-property:filter,transform}.elementor-gallery-item__content{display:flex;flex-direction:column;justify-content:var(--content-justify-content,center);align-items:center;text-align:var(--content-text-align);padding:var(--content-padding)}.elementor-gallery-item__content>div{transition-duration:var(--content-transition-duration)}.elementor-gallery-item__content.elementor-gallery--sequenced-animation>div:nth-child(2){transition-delay:calc(var(--content-transition-delay) \/ 3)}.elementor-gallery-item__content.elementor-gallery--sequenced-animation>div:nth-child(3){transition-delay:calc(var(--content-transition-delay) \/ 3 * 2)}.elementor-gallery-item__content.elementor-gallery--sequenced-animation>div:nth-child(4){transition-delay:calc(var(--content-transition-delay) \/ 3 * 3)}.elementor-gallery-item__description{color:var(--description-text-color,#fff);width:100%}.elementor-gallery-item__title{color:var(--title-text-color,#fff);font-weight:700;width:100%}.elementor-gallery__titles-container{display:flex;flex-wrap:wrap;justify-content:var(--titles-container-justify-content,center);margin-bottom:20px}.elementor-gallery__titles-container:not(.e--pointer-framed) .elementor-item:after,.elementor-gallery__titles-container:not(.e--pointer-framed) .elementor-item:before{background-color:var(--galleries-pointer-bg-color-hover)}.elementor-gallery__titles-container:not(.e--pointer-framed) .elementor-item.elementor-item-active:after,.elementor-gallery__titles-container:not(.e--pointer-framed) .elementor-item.elementor-item-active:before{background-color:var(--galleries-pointer-bg-color-active)}.elementor-gallery__titles-container.e--pointer-framed .elementor-item:before{border-color:var(--galleries-pointer-bg-color-hover);border-width:var(--galleries-pointer-border-width)}.elementor-gallery__titles-container.e--pointer-framed .elementor-item:after{border-color:var(--galleries-pointer-bg-color-hover)}.elementor-gallery__titles-container.e--pointer-framed .elementor-item.elementor-item-active:after,.elementor-gallery__titles-container.e--pointer-framed .elementor-item.elementor-item-active:before{border-color:var(--galleries-pointer-bg-color-active)}.elementor-gallery__titles-container.e--pointer-framed.e--animation-draw .elementor-item:before{border-left-width:var(--galleries-pointer-border-width);border-bottom-width:var(--galleries-pointer-border-width);border-right-width:0;border-top-width:0}.elementor-gallery__titles-container.e--pointer-framed.e--animation-draw .elementor-item:after{border-left-width:0;border-bottom-width:0;border-right-width:var(--galleries-pointer-border-width);border-top-width:var(--galleries-pointer-border-width)}.elementor-gallery__titles-container.e--pointer-framed.e--animation-corners .elementor-item:before{border-left-width:var(--galleries-pointer-border-width);border-bottom-width:0;border-right-width:0;border-top-width:var(--galleries-pointer-border-width)}.elementor-gallery__titles-container.e--pointer-framed.e--animation-corners .elementor-item:after{border-left-width:0;border-bottom-width:var(--galleries-pointer-border-width);border-right-width:var(--galleries-pointer-border-width);border-top-width:0}.elementor-gallery__titles-container .e--pointer-double-line .elementor-item:after,.elementor-gallery__titles-container .e--pointer-double-line .elementor-item:before,.elementor-gallery__titles-container .e--pointer-overline .elementor-item:before,.elementor-gallery__titles-container .e--pointer-underline .elementor-item:after{height:var(--galleries-pointer-border-width)}.elementor-gallery-title{--space-between:10px;cursor:pointer;color:#6d7882;font-weight:500;position:relative;padding:7px 14px;transition:all .3s}.elementor-gallery-title--active{color:#495157}.elementor-gallery-title:not(:last-child){margin-right:var(--space-between)}.elementor-gallery-item__title+.elementor-gallery-item__description{margin-top:var(--description-margin-top)}.e-gallery-item.elementor-gallery-item{transition-property:all}.e-gallery-item.elementor-animated-content .elementor-animated-item--enter-from-bottom,.e-gallery-item.elementor-animated-content .elementor-animated-item--enter-from-left,.e-gallery-item.elementor-animated-content .elementor-animated-item--enter-from-right,.e-gallery-item.elementor-animated-content .elementor-animated-item--enter-from-top,.e-gallery-item:focus .elementor-gallery__item-overlay-bg,.e-gallery-item:focus .elementor-gallery__item-overlay-content,.e-gallery-item:focus .elementor-gallery__item-overlay-content__description,.e-gallery-item:focus .elementor-gallery__item-overlay-content__title,.e-gallery-item:hover .elementor-gallery__item-overlay-bg,.e-gallery-item:hover .elementor-gallery__item-overlay-content,.e-gallery-item:hover .elementor-gallery__item-overlay-content__description,.e-gallery-item:hover .elementor-gallery__item-overlay-content__title{opacity:1}a.elementor-item.elementor-gallery-title{color:var(--galleries-title-color-normal)}a.elementor-item.elementor-gallery-title.elementor-item-active,a.elementor-item.elementor-gallery-title.highlighted,a.elementor-item.elementor-gallery-title:focus,a.elementor-item.elementor-gallery-title:hover{color:var(--galleries-title-color-hover)}a.elementor-item.elementor-gallery-title.elementor-item-active{color:var(--gallery-title-color-active)}.e-con-inner>.elementor-widget-gallery,.e-con>.elementor-widget-gallery{width:var(--container-widget-width);--flex-grow:var(--container-widget-flex-grow)}<\/style>\t\t<div class=\"elementor-gallery__container\">\n\t\t\t\t\t\t\t<a class=\"e-gallery-item elementor-gallery-item elementor-animated-content\" href=\"https:\/\/www.galleriamarcacorona.com\/wp-content\/uploads\/2025\/10\/F.Fioramonti080-1.jpg\" data-elementor-open-lightbox=\"yes\" data-elementor-lightbox-slideshow=\"937277d\" data-elementor-lightbox-title=\"F.Fioramonti080.jpg\" data-e-action-hash=\"#elementor-action%3Aaction%3Dlightbox%26settings%3DeyJpZCI6MTIyMjEsInVybCI6Imh0dHBzOlwvXC93d3cuZ2FsbGVyaWFtYXJjYWNvcm9uYS5jb21cL3dwLWNvbnRlbnRcL3VwbG9hZHNcLzIwMjVcLzEwXC9GLkZpb3JhbW9udGkwODAtMS5qcGciLCJzbGlkZXNob3ciOiI5MzcyNzdkIn0%3D\">\n\t\t\t\t\t<div class=\"e-gallery-image elementor-gallery-item__image\" data-thumbnail=\"https:\/\/www.galleriamarcacorona.com\/wp-content\/uploads\/2025\/10\/F.Fioramonti080-1-300x200.jpg\" data-width=\"300\" data-height=\"200\" aria-label=\"\" role=\"img\" ><\/div>\n\t\t\t\t\t\t\t\t\t\t\t<div class=\"elementor-gallery-item__overlay\"><\/div>\n\t\t\t\t\t\t\t\t\t\t\t\t\t\t<\/a>\n\t\t\t\t\t\t\t<a class=\"e-gallery-item elementor-gallery-item elementor-animated-content\" href=\"https:\/\/www.galleriamarcacorona.com\/wp-content\/uploads\/2025\/10\/F.Fioramonti111-1.jpg\" data-elementor-open-lightbox=\"yes\" data-elementor-lightbox-slideshow=\"937277d\" data-elementor-lightbox-title=\"F.Fioramonti111.jpg\" data-e-action-hash=\"#elementor-action%3Aaction%3Dlightbox%26settings%3DeyJpZCI6MTIyMjcsInVybCI6Imh0dHBzOlwvXC93d3cuZ2FsbGVyaWFtYXJjYWNvcm9uYS5jb21cL3dwLWNvbnRlbnRcL3VwbG9hZHNcLzIwMjVcLzEwXC9GLkZpb3JhbW9udGkxMTEtMS5qcGciLCJzbGlkZXNob3ciOiI5MzcyNzdkIn0%3D\">\n\t\t\t\t\t<div class=\"e-gallery-image elementor-gallery-item__image\" data-thumbnail=\"https:\/\/www.galleriamarcacorona.com\/wp-content\/uploads\/2025\/10\/F.Fioramonti111-1-300x200.jpg\" data-width=\"300\" data-height=\"200\" aria-label=\"\" role=\"img\" ><\/div>\n\t\t\t\t\t\t\t\t\t\t\t<div class=\"elementor-gallery-item__overlay\"><\/div>\n\t\t\t\t\t\t\t\t\t\t\t\t\t\t<\/a>\n\t\t\t\t\t\t\t<a class=\"e-gallery-item elementor-gallery-item elementor-animated-content\" href=\"https:\/\/www.galleriamarcacorona.com\/wp-content\/uploads\/2025\/10\/F.Fioramonti123-1.jpg\" data-elementor-open-lightbox=\"yes\" data-elementor-lightbox-slideshow=\"937277d\" data-elementor-lightbox-title=\"F.Fioramonti123.jpg\" data-e-action-hash=\"#elementor-action%3Aaction%3Dlightbox%26settings%3DeyJpZCI6MTIyMzMsInVybCI6Imh0dHBzOlwvXC93d3cuZ2FsbGVyaWFtYXJjYWNvcm9uYS5jb21cL3dwLWNvbnRlbnRcL3VwbG9hZHNcLzIwMjVcLzEwXC9GLkZpb3JhbW9udGkxMjMtMS5qcGciLCJzbGlkZXNob3ciOiI5MzcyNzdkIn0%3D\">\n\t\t\t\t\t<div class=\"e-gallery-image elementor-gallery-item__image\" data-thumbnail=\"https:\/\/www.galleriamarcacorona.com\/wp-content\/uploads\/2025\/10\/F.Fioramonti123-1-300x200.jpg\" data-width=\"300\" data-height=\"200\" aria-label=\"\" role=\"img\" ><\/div>\n\t\t\t\t\t\t\t\t\t\t\t<div class=\"elementor-gallery-item__overlay\"><\/div>\n\t\t\t\t\t\t\t\t\t\t\t\t\t\t<\/a>\n\t\t\t\t\t\t\t<a class=\"e-gallery-item elementor-gallery-item elementor-animated-content\" href=\"https:\/\/www.galleriamarcacorona.com\/wp-content\/uploads\/2025\/10\/F.Fioramonti135-1.jpg\" data-elementor-open-lightbox=\"yes\" data-elementor-lightbox-slideshow=\"937277d\" data-elementor-lightbox-title=\"F.Fioramonti135.jpg\" data-e-action-hash=\"#elementor-action%3Aaction%3Dlightbox%26settings%3DeyJpZCI6MTIyMzksInVybCI6Imh0dHBzOlwvXC93d3cuZ2FsbGVyaWFtYXJjYWNvcm9uYS5jb21cL3dwLWNvbnRlbnRcL3VwbG9hZHNcLzIwMjVcLzEwXC9GLkZpb3JhbW9udGkxMzUtMS5qcGciLCJzbGlkZXNob3ciOiI5MzcyNzdkIn0%3D\">\n\t\t\t\t\t<div class=\"e-gallery-image elementor-gallery-item__image\" data-thumbnail=\"https:\/\/www.galleriamarcacorona.com\/wp-content\/uploads\/2025\/10\/F.Fioramonti135-1-300x200.jpg\" data-width=\"300\" data-height=\"200\" aria-label=\"\" role=\"img\" ><\/div>\n\t\t\t\t\t\t\t\t\t\t\t<div class=\"elementor-gallery-item__overlay\"><\/div>\n\t\t\t\t\t\t\t\t\t\t\t\t\t\t<\/a>\n\t\t\t\t\t\t\t<a class=\"e-gallery-item elementor-gallery-item elementor-animated-content\" href=\"https:\/\/www.galleriamarcacorona.com\/wp-content\/uploads\/2025\/10\/F.Fioramonti153-1.jpg\" data-elementor-open-lightbox=\"yes\" data-elementor-lightbox-slideshow=\"937277d\" data-elementor-lightbox-title=\"F.Fioramonti153.jpg\" data-e-action-hash=\"#elementor-action%3Aaction%3Dlightbox%26settings%3DeyJpZCI6MTIyNDUsInVybCI6Imh0dHBzOlwvXC93d3cuZ2FsbGVyaWFtYXJjYWNvcm9uYS5jb21cL3dwLWNvbnRlbnRcL3VwbG9hZHNcLzIwMjVcLzEwXC9GLkZpb3JhbW9udGkxNTMtMS5qcGciLCJzbGlkZXNob3ciOiI5MzcyNzdkIn0%3D\">\n\t\t\t\t\t<div class=\"e-gallery-image elementor-gallery-item__image\" data-thumbnail=\"https:\/\/www.galleriamarcacorona.com\/wp-content\/uploads\/2025\/10\/F.Fioramonti153-1-200x300.jpg\" data-width=\"200\" data-height=\"300\" aria-label=\"\" role=\"img\" ><\/div>\n\t\t\t\t\t\t\t\t\t\t\t<div class=\"elementor-gallery-item__overlay\"><\/div>\n\t\t\t\t\t\t\t\t\t\t\t\t\t\t<\/a>\n\t\t\t\t\t\t\t<a class=\"e-gallery-item elementor-gallery-item elementor-animated-content\" href=\"https:\/\/www.galleriamarcacorona.com\/wp-content\/uploads\/2025\/10\/F.Fioramonti154-1.jpg\" data-elementor-open-lightbox=\"yes\" data-elementor-lightbox-slideshow=\"937277d\" data-elementor-lightbox-title=\"F.Fioramonti154.jpg\" data-e-action-hash=\"#elementor-action%3Aaction%3Dlightbox%26settings%3DeyJpZCI6MTIyNTEsInVybCI6Imh0dHBzOlwvXC93d3cuZ2FsbGVyaWFtYXJjYWNvcm9uYS5jb21cL3dwLWNvbnRlbnRcL3VwbG9hZHNcLzIwMjVcLzEwXC9GLkZpb3JhbW9udGkxNTQtMS5qcGciLCJzbGlkZXNob3ciOiI5MzcyNzdkIn0%3D\">\n\t\t\t\t\t<div class=\"e-gallery-image elementor-gallery-item__image\" data-thumbnail=\"https:\/\/www.galleriamarcacorona.com\/wp-content\/uploads\/2025\/10\/F.Fioramonti154-1-300x200.jpg\" data-width=\"300\" data-height=\"200\" aria-label=\"\" role=\"img\" ><\/div>\n\t\t\t\t\t\t\t\t\t\t\t<div class=\"elementor-gallery-item__overlay\"><\/div>\n\t\t\t\t\t\t\t\t\t\t\t\t\t\t<\/a>\n\t\t\t\t\t\t\t<a class=\"e-gallery-item elementor-gallery-item elementor-animated-content\" href=\"https:\/\/www.galleriamarcacorona.com\/wp-content\/uploads\/2025\/10\/F.Fioramonti168-1.jpg\" data-elementor-open-lightbox=\"yes\" data-elementor-lightbox-slideshow=\"937277d\" data-elementor-lightbox-title=\"F.Fioramonti168.jpg\" data-e-action-hash=\"#elementor-action%3Aaction%3Dlightbox%26settings%3DeyJpZCI6MTIyNTksInVybCI6Imh0dHBzOlwvXC93d3cuZ2FsbGVyaWFtYXJjYWNvcm9uYS5jb21cL3dwLWNvbnRlbnRcL3VwbG9hZHNcLzIwMjVcLzEwXC9GLkZpb3JhbW9udGkxNjgtMS5qcGciLCJzbGlkZXNob3ciOiI5MzcyNzdkIn0%3D\">\n\t\t\t\t\t<div class=\"e-gallery-image elementor-gallery-item__image\" data-thumbnail=\"https:\/\/www.galleriamarcacorona.com\/wp-content\/uploads\/2025\/10\/F.Fioramonti168-1-300x200.jpg\" data-width=\"300\" data-height=\"200\" aria-label=\"\" role=\"img\" ><\/div>\n\t\t\t\t\t\t\t\t\t\t\t<div class=\"elementor-gallery-item__overlay\"><\/div>\n\t\t\t\t\t\t\t\t\t\t\t\t\t\t<\/a>\n\t\t\t\t\t\t\t<a class=\"e-gallery-item elementor-gallery-item elementor-animated-content\" href=\"https:\/\/www.galleriamarcacorona.com\/wp-content\/uploads\/2025\/10\/F.Fioramonti172-1.jpg\" data-elementor-open-lightbox=\"yes\" data-elementor-lightbox-slideshow=\"937277d\" data-elementor-lightbox-title=\"F.Fioramonti172.jpg\" data-e-action-hash=\"#elementor-action%3Aaction%3Dlightbox%26settings%3DeyJpZCI6MTIyNzMsInVybCI6Imh0dHBzOlwvXC93d3cuZ2FsbGVyaWFtYXJjYWNvcm9uYS5jb21cL3dwLWNvbnRlbnRcL3VwbG9hZHNcLzIwMjVcLzEwXC9GLkZpb3JhbW9udGkxNzItMS5qcGciLCJzbGlkZXNob3ciOiI5MzcyNzdkIn0%3D\">\n\t\t\t\t\t<div class=\"e-gallery-image elementor-gallery-item__image\" data-thumbnail=\"https:\/\/www.galleriamarcacorona.com\/wp-content\/uploads\/2025\/10\/F.Fioramonti172-1-300x200.jpg\" data-width=\"300\" data-height=\"200\" aria-label=\"\" role=\"img\" ><\/div>\n\t\t\t\t\t\t\t\t\t\t\t<div class=\"elementor-gallery-item__overlay\"><\/div>\n\t\t\t\t\t\t\t\t\t\t\t\t\t\t<\/a>\n\t\t\t\t\t\t\t<a class=\"e-gallery-item elementor-gallery-item elementor-animated-content\" href=\"https:\/\/www.galleriamarcacorona.com\/wp-content\/uploads\/2025\/10\/MCArte_Andrea-Mastrovito_Sette-Stanze_01-1.jpg\" data-elementor-open-lightbox=\"yes\" data-elementor-lightbox-slideshow=\"937277d\" data-elementor-lightbox-title=\"MCArte_Andrea-Mastrovito_Sette-Stanze_01.jpg\" data-e-action-hash=\"#elementor-action%3Aaction%3Dlightbox%26settings%3DeyJpZCI6MTIyODUsInVybCI6Imh0dHBzOlwvXC93d3cuZ2FsbGVyaWFtYXJjYWNvcm9uYS5jb21cL3dwLWNvbnRlbnRcL3VwbG9hZHNcLzIwMjVcLzEwXC9NQ0FydGVfQW5kcmVhLU1hc3Ryb3ZpdG9fU2V0dGUtU3RhbnplXzAxLTEuanBnIiwic2xpZGVzaG93IjoiOTM3Mjc3ZCJ9\">\n\t\t\t\t\t<div class=\"e-gallery-image elementor-gallery-item__image\" data-thumbnail=\"https:\/\/www.galleriamarcacorona.com\/wp-content\/uploads\/2025\/10\/MCArte_Andrea-Mastrovito_Sette-Stanze_01-1-300x200.jpg\" data-width=\"300\" data-height=\"200\" aria-label=\"\" role=\"img\" ><\/div>\n\t\t\t\t\t\t\t\t\t\t\t<div class=\"elementor-gallery-item__overlay\"><\/div>\n\t\t\t\t\t\t\t\t\t\t\t\t\t\t<\/a>\n\t\t\t\t\t\t\t<a class=\"e-gallery-item elementor-gallery-item elementor-animated-content\" href=\"https:\/\/www.galleriamarcacorona.com\/wp-content\/uploads\/2025\/10\/MCArte_Andrea-Mastrovito_Sette-Stanze_02-1.jpg\" data-elementor-open-lightbox=\"yes\" data-elementor-lightbox-slideshow=\"937277d\" data-elementor-lightbox-title=\"MCArte_Andrea-Mastrovito_Sette-Stanze_02.jpg\" data-e-action-hash=\"#elementor-action%3Aaction%3Dlightbox%26settings%3DeyJpZCI6MTIyOTMsInVybCI6Imh0dHBzOlwvXC93d3cuZ2FsbGVyaWFtYXJjYWNvcm9uYS5jb21cL3dwLWNvbnRlbnRcL3VwbG9hZHNcLzIwMjVcLzEwXC9NQ0FydGVfQW5kcmVhLU1hc3Ryb3ZpdG9fU2V0dGUtU3RhbnplXzAyLTEuanBnIiwic2xpZGVzaG93IjoiOTM3Mjc3ZCJ9\">\n\t\t\t\t\t<div class=\"e-gallery-image elementor-gallery-item__image\" data-thumbnail=\"https:\/\/www.galleriamarcacorona.com\/wp-content\/uploads\/2025\/10\/MCArte_Andrea-Mastrovito_Sette-Stanze_02-1-300x200.jpg\" data-width=\"300\" data-height=\"200\" aria-label=\"\" role=\"img\" ><\/div>\n\t\t\t\t\t\t\t\t\t\t\t<div class=\"elementor-gallery-item__overlay\"><\/div>\n\t\t\t\t\t\t\t\t\t\t\t\t\t\t<\/a>\n\t\t\t\t\t\t\t<a class=\"e-gallery-item elementor-gallery-item elementor-animated-content\" href=\"https:\/\/www.galleriamarcacorona.com\/wp-content\/uploads\/2025\/10\/MCArte_Andrea-Mastrovito_Sette-Stanze_03-1.jpg\" data-elementor-open-lightbox=\"yes\" data-elementor-lightbox-slideshow=\"937277d\" data-elementor-lightbox-title=\"MCArte_Andrea-Mastrovito_Sette-Stanze_03.jpg\" data-e-action-hash=\"#elementor-action%3Aaction%3Dlightbox%26settings%3DeyJpZCI6MTIzMDUsInVybCI6Imh0dHBzOlwvXC93d3cuZ2FsbGVyaWFtYXJjYWNvcm9uYS5jb21cL3dwLWNvbnRlbnRcL3VwbG9hZHNcLzIwMjVcLzEwXC9NQ0FydGVfQW5kcmVhLU1hc3Ryb3ZpdG9fU2V0dGUtU3RhbnplXzAzLTEuanBnIiwic2xpZGVzaG93IjoiOTM3Mjc3ZCJ9\">\n\t\t\t\t\t<div class=\"e-gallery-image elementor-gallery-item__image\" data-thumbnail=\"https:\/\/www.galleriamarcacorona.com\/wp-content\/uploads\/2025\/10\/MCArte_Andrea-Mastrovito_Sette-Stanze_03-1-300x200.jpg\" data-width=\"300\" data-height=\"200\" aria-label=\"\" role=\"img\" ><\/div>\n\t\t\t\t\t\t\t\t\t\t\t<div class=\"elementor-gallery-item__overlay\"><\/div>\n\t\t\t\t\t\t\t\t\t\t\t\t\t\t<\/a>\n\t\t\t\t\t\t\t<a class=\"e-gallery-item elementor-gallery-item elementor-animated-content\" href=\"https:\/\/www.galleriamarcacorona.com\/wp-content\/uploads\/2025\/10\/MCArte_Andrea-Mastrovito_Sette-Stanze_04-2.jpg\" data-elementor-open-lightbox=\"yes\" data-elementor-lightbox-slideshow=\"937277d\" data-elementor-lightbox-title=\"MCArte_Andrea-Mastrovito_Sette-Stanze_04.jpg\" data-e-action-hash=\"#elementor-action%3Aaction%3Dlightbox%26settings%3DeyJpZCI6MTIzMjUsInVybCI6Imh0dHBzOlwvXC93d3cuZ2FsbGVyaWFtYXJjYWNvcm9uYS5jb21cL3dwLWNvbnRlbnRcL3VwbG9hZHNcLzIwMjVcLzEwXC9NQ0FydGVfQW5kcmVhLU1hc3Ryb3ZpdG9fU2V0dGUtU3RhbnplXzA0LTIuanBnIiwic2xpZGVzaG93IjoiOTM3Mjc3ZCJ9\">\n\t\t\t\t\t<div class=\"e-gallery-image elementor-gallery-item__image\" data-thumbnail=\"https:\/\/www.galleriamarcacorona.com\/wp-content\/uploads\/2025\/10\/MCArte_Andrea-Mastrovito_Sette-Stanze_04-2-300x200.jpg\" data-width=\"300\" data-height=\"200\" aria-label=\"\" role=\"img\" ><\/div>\n\t\t\t\t\t\t\t\t\t\t\t<div class=\"elementor-gallery-item__overlay\"><\/div>\n\t\t\t\t\t\t\t\t\t\t\t\t\t\t<\/a>\n\t\t\t\t\t\t\t<a class=\"e-gallery-item elementor-gallery-item elementor-animated-content\" href=\"https:\/\/www.galleriamarcacorona.com\/wp-content\/uploads\/2025\/10\/MCArte_Andrea-Mastrovito_Sette-Stanze_05-2.jpg\" data-elementor-open-lightbox=\"yes\" data-elementor-lightbox-slideshow=\"937277d\" data-elementor-lightbox-title=\"MCArte_Andrea-Mastrovito_Sette-Stanze_05.jpg\" data-e-action-hash=\"#elementor-action%3Aaction%3Dlightbox%26settings%3DeyJpZCI6MTIzNDQsInVybCI6Imh0dHBzOlwvXC93d3cuZ2FsbGVyaWFtYXJjYWNvcm9uYS5jb21cL3dwLWNvbnRlbnRcL3VwbG9hZHNcLzIwMjVcLzEwXC9NQ0FydGVfQW5kcmVhLU1hc3Ryb3ZpdG9fU2V0dGUtU3RhbnplXzA1LTIuanBnIiwic2xpZGVzaG93IjoiOTM3Mjc3ZCJ9\">\n\t\t\t\t\t<div class=\"e-gallery-image elementor-gallery-item__image\" data-thumbnail=\"https:\/\/www.galleriamarcacorona.com\/wp-content\/uploads\/2025\/10\/MCArte_Andrea-Mastrovito_Sette-Stanze_05-2-300x200.jpg\" data-width=\"300\" data-height=\"200\" aria-label=\"\" role=\"img\" ><\/div>\n\t\t\t\t\t\t\t\t\t\t\t<div class=\"elementor-gallery-item__overlay\"><\/div>\n\t\t\t\t\t\t\t\t\t\t\t\t\t\t<\/a>\n\t\t\t\t\t\t\t<a class=\"e-gallery-item elementor-gallery-item elementor-animated-content\" href=\"https:\/\/www.galleriamarcacorona.com\/wp-content\/uploads\/2025\/10\/MCArte_Andrea-Mastrovito_Sette-Stanze_06-1.jpg\" data-elementor-open-lightbox=\"yes\" data-elementor-lightbox-slideshow=\"937277d\" data-elementor-lightbox-title=\"MCArte_Andrea-Mastrovito_Sette-Stanze_06.jpg\" data-e-action-hash=\"#elementor-action%3Aaction%3Dlightbox%26settings%3DeyJpZCI6MTIzNTksInVybCI6Imh0dHBzOlwvXC93d3cuZ2FsbGVyaWFtYXJjYWNvcm9uYS5jb21cL3dwLWNvbnRlbnRcL3VwbG9hZHNcLzIwMjVcLzEwXC9NQ0FydGVfQW5kcmVhLU1hc3Ryb3ZpdG9fU2V0dGUtU3RhbnplXzA2LTEuanBnIiwic2xpZGVzaG93IjoiOTM3Mjc3ZCJ9\">\n\t\t\t\t\t<div class=\"e-gallery-image elementor-gallery-item__image\" data-thumbnail=\"https:\/\/www.galleriamarcacorona.com\/wp-content\/uploads\/2025\/10\/MCArte_Andrea-Mastrovito_Sette-Stanze_06-1-300x200.jpg\" data-width=\"300\" data-height=\"200\" aria-label=\"\" role=\"img\" ><\/div>\n\t\t\t\t\t\t\t\t\t\t\t<div class=\"elementor-gallery-item__overlay\"><\/div>\n\t\t\t\t\t\t\t\t\t\t\t\t\t\t<\/a>\n\t\t\t\t\t\t\t<a class=\"e-gallery-item elementor-gallery-item elementor-animated-content\" href=\"https:\/\/www.galleriamarcacorona.com\/wp-content\/uploads\/2025\/10\/MCArte_Andrea-Mastrovito_Sette-Stanze_07-1.jpg\" data-elementor-open-lightbox=\"yes\" data-elementor-lightbox-slideshow=\"937277d\" data-elementor-lightbox-title=\"MCArte_Andrea-Mastrovito_Sette-Stanze_07.jpg\" data-e-action-hash=\"#elementor-action%3Aaction%3Dlightbox%26settings%3DeyJpZCI6MTIzNzcsInVybCI6Imh0dHBzOlwvXC93d3cuZ2FsbGVyaWFtYXJjYWNvcm9uYS5jb21cL3dwLWNvbnRlbnRcL3VwbG9hZHNcLzIwMjVcLzEwXC9NQ0FydGVfQW5kcmVhLU1hc3Ryb3ZpdG9fU2V0dGUtU3RhbnplXzA3LTEuanBnIiwic2xpZGVzaG93IjoiOTM3Mjc3ZCJ9\">\n\t\t\t\t\t<div class=\"e-gallery-image elementor-gallery-item__image\" data-thumbnail=\"https:\/\/www.galleriamarcacorona.com\/wp-content\/uploads\/2025\/10\/MCArte_Andrea-Mastrovito_Sette-Stanze_07-1-300x200.jpg\" data-width=\"300\" data-height=\"200\" aria-label=\"\" role=\"img\" ><\/div>\n\t\t\t\t\t\t\t\t\t\t\t<div class=\"elementor-gallery-item__overlay\"><\/div>\n\t\t\t\t\t\t\t\t\t\t\t\t\t\t<\/a>\n\t\t\t\t\t\t\t<a class=\"e-gallery-item elementor-gallery-item elementor-animated-content\" href=\"https:\/\/www.galleriamarcacorona.com\/wp-content\/uploads\/2025\/10\/MCArte_Andrea-Mastrovito_Sette-Stanze_08-1.jpg\" data-elementor-open-lightbox=\"yes\" data-elementor-lightbox-slideshow=\"937277d\" data-elementor-lightbox-title=\"MCArte_Andrea-Mastrovito_Sette-Stanze_08.jpg\" data-e-action-hash=\"#elementor-action%3Aaction%3Dlightbox%26settings%3DeyJpZCI6MTIzOTUsInVybCI6Imh0dHBzOlwvXC93d3cuZ2FsbGVyaWFtYXJjYWNvcm9uYS5jb21cL3dwLWNvbnRlbnRcL3VwbG9hZHNcLzIwMjVcLzEwXC9NQ0FydGVfQW5kcmVhLU1hc3Ryb3ZpdG9fU2V0dGUtU3RhbnplXzA4LTEuanBnIiwic2xpZGVzaG93IjoiOTM3Mjc3ZCJ9\">\n\t\t\t\t\t<div class=\"e-gallery-image elementor-gallery-item__image\" data-thumbnail=\"https:\/\/www.galleriamarcacorona.com\/wp-content\/uploads\/2025\/10\/MCArte_Andrea-Mastrovito_Sette-Stanze_08-1-300x200.jpg\" data-width=\"300\" data-height=\"200\" aria-label=\"\" role=\"img\" ><\/div>\n\t\t\t\t\t\t\t\t\t\t\t<div class=\"elementor-gallery-item__overlay\"><\/div>\n\t\t\t\t\t\t\t\t\t\t\t\t\t\t<\/a>\n\t\t\t\t\t\t\t<a class=\"e-gallery-item elementor-gallery-item elementor-animated-content\" href=\"https:\/\/www.galleriamarcacorona.com\/wp-content\/uploads\/2025\/10\/MCArte_Andrea-Mastrovito_Sette-Stanze_09-1.jpg\" data-elementor-open-lightbox=\"yes\" data-elementor-lightbox-slideshow=\"937277d\" data-elementor-lightbox-title=\"MCArte_Andrea-Mastrovito_Sette-Stanze_09.jpg\" data-e-action-hash=\"#elementor-action%3Aaction%3Dlightbox%26settings%3DeyJpZCI6MTI0MTMsInVybCI6Imh0dHBzOlwvXC93d3cuZ2FsbGVyaWFtYXJjYWNvcm9uYS5jb21cL3dwLWNvbnRlbnRcL3VwbG9hZHNcLzIwMjVcLzEwXC9NQ0FydGVfQW5kcmVhLU1hc3Ryb3ZpdG9fU2V0dGUtU3RhbnplXzA5LTEuanBnIiwic2xpZGVzaG93IjoiOTM3Mjc3ZCJ9\">\n\t\t\t\t\t<div class=\"e-gallery-image elementor-gallery-item__image\" data-thumbnail=\"https:\/\/www.galleriamarcacorona.com\/wp-content\/uploads\/2025\/10\/MCArte_Andrea-Mastrovito_Sette-Stanze_09-1-300x200.jpg\" data-width=\"300\" data-height=\"200\" aria-label=\"\" role=\"img\" ><\/div>\n\t\t\t\t\t\t\t\t\t\t\t<div class=\"elementor-gallery-item__overlay\"><\/div>\n\t\t\t\t\t\t\t\t\t\t\t\t\t\t<\/a>\n\t\t\t\t\t\t\t<a class=\"e-gallery-item elementor-gallery-item elementor-animated-content\" href=\"https:\/\/www.galleriamarcacorona.com\/wp-content\/uploads\/2025\/10\/MCArte_Andrea-Mastrovito_Sette-Stanze_10-1.jpg\" data-elementor-open-lightbox=\"yes\" data-elementor-lightbox-slideshow=\"937277d\" data-elementor-lightbox-title=\"MCArte_Andrea-Mastrovito_Sette-Stanze_10.jpg\" data-e-action-hash=\"#elementor-action%3Aaction%3Dlightbox%26settings%3DeyJpZCI6MTI0MzcsInVybCI6Imh0dHBzOlwvXC93d3cuZ2FsbGVyaWFtYXJjYWNvcm9uYS5jb21cL3dwLWNvbnRlbnRcL3VwbG9hZHNcLzIwMjVcLzEwXC9NQ0FydGVfQW5kcmVhLU1hc3Ryb3ZpdG9fU2V0dGUtU3RhbnplXzEwLTEuanBnIiwic2xpZGVzaG93IjoiOTM3Mjc3ZCJ9\">\n\t\t\t\t\t<div class=\"e-gallery-image elementor-gallery-item__image\" data-thumbnail=\"https:\/\/www.galleriamarcacorona.com\/wp-content\/uploads\/2025\/10\/MCArte_Andrea-Mastrovito_Sette-Stanze_10-1-300x200.jpg\" data-width=\"300\" data-height=\"200\" aria-label=\"\" role=\"img\" ><\/div>\n\t\t\t\t\t\t\t\t\t\t\t<div class=\"elementor-gallery-item__overlay\"><\/div>\n\t\t\t\t\t\t\t\t\t\t\t\t\t\t<\/a>\n\t\t\t\t\t\t\t<a class=\"e-gallery-item elementor-gallery-item elementor-animated-content\" href=\"https:\/\/www.galleriamarcacorona.com\/wp-content\/uploads\/2025\/10\/MCArte_Andrea-Mastrovito_Sette-Stanze_11-1.jpg\" data-elementor-open-lightbox=\"yes\" data-elementor-lightbox-slideshow=\"937277d\" data-elementor-lightbox-title=\"MCArte_Andrea-Mastrovito_Sette-Stanze_11.jpg\" data-e-action-hash=\"#elementor-action%3Aaction%3Dlightbox%26settings%3DeyJpZCI6MTI0NTUsInVybCI6Imh0dHBzOlwvXC93d3cuZ2FsbGVyaWFtYXJjYWNvcm9uYS5jb21cL3dwLWNvbnRlbnRcL3VwbG9hZHNcLzIwMjVcLzEwXC9NQ0FydGVfQW5kcmVhLU1hc3Ryb3ZpdG9fU2V0dGUtU3RhbnplXzExLTEuanBnIiwic2xpZGVzaG93IjoiOTM3Mjc3ZCJ9\">\n\t\t\t\t\t<div class=\"e-gallery-image elementor-gallery-item__image\" data-thumbnail=\"https:\/\/www.galleriamarcacorona.com\/wp-content\/uploads\/2025\/10\/MCArte_Andrea-Mastrovito_Sette-Stanze_11-1-200x300.jpg\" data-width=\"200\" data-height=\"300\" aria-label=\"\" role=\"img\" ><\/div>\n\t\t\t\t\t\t\t\t\t\t\t<div class=\"elementor-gallery-item__overlay\"><\/div>\n\t\t\t\t\t\t\t\t\t\t\t\t\t\t<\/a>\n\t\t\t\t\t\t\t<a class=\"e-gallery-item elementor-gallery-item elementor-animated-content\" href=\"https:\/\/www.galleriamarcacorona.com\/wp-content\/uploads\/2025\/10\/MCArte_Andrea-Mastrovito_Sette-Stanze_12-1.jpg\" data-elementor-open-lightbox=\"yes\" data-elementor-lightbox-slideshow=\"937277d\" data-elementor-lightbox-title=\"MCArte_Andrea-Mastrovito_Sette-Stanze_12.jpg\" data-e-action-hash=\"#elementor-action%3Aaction%3Dlightbox%26settings%3DeyJpZCI6MTI0NzksInVybCI6Imh0dHBzOlwvXC93d3cuZ2FsbGVyaWFtYXJjYWNvcm9uYS5jb21cL3dwLWNvbnRlbnRcL3VwbG9hZHNcLzIwMjVcLzEwXC9NQ0FydGVfQW5kcmVhLU1hc3Ryb3ZpdG9fU2V0dGUtU3RhbnplXzEyLTEuanBnIiwic2xpZGVzaG93IjoiOTM3Mjc3ZCJ9\">\n\t\t\t\t\t<div class=\"e-gallery-image elementor-gallery-item__image\" data-thumbnail=\"https:\/\/www.galleriamarcacorona.com\/wp-content\/uploads\/2025\/10\/MCArte_Andrea-Mastrovito_Sette-Stanze_12-1-200x300.jpg\" data-width=\"200\" data-height=\"300\" aria-label=\"\" role=\"img\" ><\/div>\n\t\t\t\t\t\t\t\t\t\t\t<div class=\"elementor-gallery-item__overlay\"><\/div>\n\t\t\t\t\t\t\t\t\t\t\t\t\t\t<\/a>\n\t\t\t\t\t<\/div>\n\t\t\t<\/div>\n\t\t\t\t<\/div>\n\t\t\t\t\t<\/div>\n\t\t\t\t<\/div>\n\t\t\t\t\t<\/div>\n\t\t\t\t<\/div>\n\t\t\t\t\t<\/div>\n\t\t\t\t<\/div>\n\t\t\t\t\t<\/div>\n\t\t\t\t<\/div>\n\t\t\t\t\t\t\t<\/div>\n\t\t","protected":false},"excerpt":{"rendered":"<p>El artista y pintor de fama internacional Andrea Mastrovito fue el elegido para incluir su escultura Agnus Dei en la Sagrada Familia de Barcelona. A partir del 19 de septiembre, las obras del artista se expondr\u00e1n en exclusiva en el Palacio Ducal de la ciudad italiana de Sassuolo.<\/p>\n","protected":false},"author":1,"featured_media":10897,"comment_status":"open","ping_status":"open","sticky":false,"template":"","format":"standard","meta":{"site-sidebar-layout":"default","site-content-layout":"default","ast-global-header-display":"","ast-main-header-display":"","ast-hfb-above-header-display":"","ast-hfb-below-header-display":"","ast-hfb-mobile-header-display":"","site-post-title":"","ast-breadcrumbs-content":"","ast-featured-img":"","footer-sml-layout":"","theme-transparent-header-meta":"","adv-header-id-meta":"","stick-header-meta":"","header-above-stick-meta":"","header-main-stick-meta":"","header-below-stick-meta":""},"categories":[13],"tags":[],"acf":[],"yoast_head":"<!-- This site is optimized with the Yoast SEO plugin v20.12 - https:\/\/yoast.com\/wordpress\/plugins\/seo\/ -->\n<title>Con el Festival Filosofia 2025 se inaugura la nueva exposici\u00f3n de Andrea Mastrovito en el Palacio Ducal de Sassuolo - Galleria Marca Corona<\/title>\n<meta name=\"description\" content=\"El 19-21 de septiembre, dentro del Festival Filosofia 2025, puedes visitar gratis la nueva exposici\u00f3n de Andrea Mastrovito en el Palacio Ducal de Sassuolo.\" \/>\n<meta name=\"robots\" content=\"index, follow, max-snippet:-1, max-image-preview:large, max-video-preview:-1\" \/>\n<link rel=\"canonical\" href=\"https:\/\/www.galleriamarcacorona.com\/es\/con-el-festival-filosofia-2025-se-inaugura-la-nueva-exposicion-de-andrea-mastrovito-en-el-palacio-ducal-de-sassuolo\/\" \/>\n<meta property=\"og:locale\" content=\"es_ES\" \/>\n<meta property=\"og:type\" content=\"article\" \/>\n<meta property=\"og:title\" content=\"Con el Festival Filosofia 2025 se inaugura la nueva exposici\u00f3n de Andrea Mastrovito en el Palacio Ducal de Sassuolo - Galleria Marca Corona\" \/>\n<meta property=\"og:description\" content=\"El 19-21 de septiembre, dentro del Festival Filosofia 2025, puedes visitar gratis la nueva exposici\u00f3n de Andrea Mastrovito en el Palacio Ducal de Sassuolo.\" \/>\n<meta property=\"og:url\" content=\"https:\/\/www.galleriamarcacorona.com\/es\/con-el-festival-filosofia-2025-se-inaugura-la-nueva-exposicion-de-andrea-mastrovito-en-el-palacio-ducal-de-sassuolo\/\" \/>\n<meta property=\"og:site_name\" content=\"Galleria Marca Corona\" \/>\n<meta property=\"article:published_time\" content=\"2025-09-08T10:45:41+00:00\" \/>\n<meta property=\"article:modified_time\" content=\"2025-10-08T12:16:31+00:00\" \/>\n<meta property=\"og:image\" content=\"https:\/\/www.galleriamarcacorona.com\/wp-content\/uploads\/2025\/09\/MCARTE_MASTROVITO_MOSTRA_BANNER_1300X800.jpg\" \/>\n\t<meta property=\"og:image:width\" content=\"1300\" \/>\n\t<meta property=\"og:image:height\" content=\"800\" \/>\n\t<meta property=\"og:image:type\" content=\"image\/jpeg\" \/>\n<meta name=\"author\" content=\"admin\" \/>\n<meta name=\"twitter:card\" content=\"summary_large_image\" \/>\n<meta name=\"twitter:label1\" content=\"Escrito por\" \/>\n\t<meta name=\"twitter:data1\" content=\"admin\" \/>\n\t<meta name=\"twitter:label2\" content=\"Tiempo de lectura\" \/>\n\t<meta name=\"twitter:data2\" content=\"5 minutos\" \/>\n<script type=\"application\/ld+json\" class=\"yoast-schema-graph\">{\"@context\":\"https:\/\/schema.org\",\"@graph\":[{\"@type\":\"Article\",\"@id\":\"https:\/\/www.galleriamarcacorona.com\/es\/con-el-festival-filosofia-2025-se-inaugura-la-nueva-exposicion-de-andrea-mastrovito-en-el-palacio-ducal-de-sassuolo\/#article\",\"isPartOf\":{\"@id\":\"https:\/\/www.galleriamarcacorona.com\/es\/con-el-festival-filosofia-2025-se-inaugura-la-nueva-exposicion-de-andrea-mastrovito-en-el-palacio-ducal-de-sassuolo\/\"},\"author\":{\"name\":\"admin\",\"@id\":\"https:\/\/www.galleriamarcacorona.com\/es\/#\/schema\/person\/9854f3650eab7e4334e66d22de09296a\"},\"headline\":\"Con el Festival Filosofia 2025 se inaugura la nueva exposici\u00f3n de Andrea Mastrovito en el Palacio Ducal de Sassuolo\",\"datePublished\":\"2025-09-08T10:45:41+00:00\",\"dateModified\":\"2025-10-08T12:16:31+00:00\",\"mainEntityOfPage\":{\"@id\":\"https:\/\/www.galleriamarcacorona.com\/es\/con-el-festival-filosofia-2025-se-inaugura-la-nueva-exposicion-de-andrea-mastrovito-en-el-palacio-ducal-de-sassuolo\/\"},\"wordCount\":1055,\"commentCount\":0,\"publisher\":{\"@id\":\"https:\/\/www.galleriamarcacorona.com\/es\/#organization\"},\"articleSection\":[\"Sin categorizar\"],\"inLanguage\":\"es\",\"potentialAction\":[{\"@type\":\"CommentAction\",\"name\":\"Comment\",\"target\":[\"https:\/\/www.galleriamarcacorona.com\/es\/con-el-festival-filosofia-2025-se-inaugura-la-nueva-exposicion-de-andrea-mastrovito-en-el-palacio-ducal-de-sassuolo\/#respond\"]}]},{\"@type\":\"WebPage\",\"@id\":\"https:\/\/www.galleriamarcacorona.com\/es\/con-el-festival-filosofia-2025-se-inaugura-la-nueva-exposicion-de-andrea-mastrovito-en-el-palacio-ducal-de-sassuolo\/\",\"url\":\"https:\/\/www.galleriamarcacorona.com\/es\/con-el-festival-filosofia-2025-se-inaugura-la-nueva-exposicion-de-andrea-mastrovito-en-el-palacio-ducal-de-sassuolo\/\",\"name\":\"Con el Festival Filosofia 2025 se inaugura la nueva exposici\u00f3n de Andrea Mastrovito en el Palacio Ducal de Sassuolo - Galleria Marca Corona\",\"isPartOf\":{\"@id\":\"https:\/\/www.galleriamarcacorona.com\/es\/#website\"},\"datePublished\":\"2025-09-08T10:45:41+00:00\",\"dateModified\":\"2025-10-08T12:16:31+00:00\",\"description\":\"El 19-21 de septiembre, dentro del Festival Filosofia 2025, puedes visitar gratis la nueva exposici\u00f3n de Andrea Mastrovito en el Palacio Ducal de Sassuolo.\",\"breadcrumb\":{\"@id\":\"https:\/\/www.galleriamarcacorona.com\/es\/con-el-festival-filosofia-2025-se-inaugura-la-nueva-exposicion-de-andrea-mastrovito-en-el-palacio-ducal-de-sassuolo\/#breadcrumb\"},\"inLanguage\":\"es\",\"potentialAction\":[{\"@type\":\"ReadAction\",\"target\":[\"https:\/\/www.galleriamarcacorona.com\/es\/con-el-festival-filosofia-2025-se-inaugura-la-nueva-exposicion-de-andrea-mastrovito-en-el-palacio-ducal-de-sassuolo\/\"]}]},{\"@type\":\"BreadcrumbList\",\"@id\":\"https:\/\/www.galleriamarcacorona.com\/es\/con-el-festival-filosofia-2025-se-inaugura-la-nueva-exposicion-de-andrea-mastrovito-en-el-palacio-ducal-de-sassuolo\/#breadcrumb\",\"itemListElement\":[{\"@type\":\"ListItem\",\"position\":1,\"name\":\"Home\",\"item\":\"https:\/\/www.galleriamarcacorona.com\/es\/\"},{\"@type\":\"ListItem\",\"position\":2,\"name\":\"Con el Festival Filosofia 2025 se inaugura la nueva exposici\u00f3n de Andrea Mastrovito en el Palacio Ducal de Sassuolo\"}]},{\"@type\":\"WebSite\",\"@id\":\"https:\/\/www.galleriamarcacorona.com\/es\/#website\",\"url\":\"https:\/\/www.galleriamarcacorona.com\/es\/\",\"name\":\"Galleria Marca Corona\",\"description\":\"\",\"publisher\":{\"@id\":\"https:\/\/www.galleriamarcacorona.com\/es\/#organization\"},\"potentialAction\":[{\"@type\":\"SearchAction\",\"target\":{\"@type\":\"EntryPoint\",\"urlTemplate\":\"https:\/\/www.galleriamarcacorona.com\/es\/?s={search_term_string}\"},\"query-input\":\"required name=search_term_string\"}],\"inLanguage\":\"es\"},{\"@type\":\"Organization\",\"@id\":\"https:\/\/www.galleriamarcacorona.com\/es\/#organization\",\"name\":\"Galleria Marca Corona\",\"url\":\"https:\/\/www.galleriamarcacorona.com\/es\/\",\"logo\":{\"@type\":\"ImageObject\",\"inLanguage\":\"es\",\"@id\":\"https:\/\/www.galleriamarcacorona.com\/es\/#\/schema\/logo\/image\/\",\"url\":\"https:\/\/www.galleriamarcacorona.com\/wp-content\/uploads\/2023\/05\/mc-galleria-logo-rgb-3200px.png\",\"contentUrl\":\"https:\/\/www.galleriamarcacorona.com\/wp-content\/uploads\/2023\/05\/mc-galleria-logo-rgb-3200px.png\",\"width\":3200,\"height\":1112,\"caption\":\"Galleria Marca Corona\"},\"image\":{\"@id\":\"https:\/\/www.galleriamarcacorona.com\/es\/#\/schema\/logo\/image\/\"}},{\"@type\":\"Person\",\"@id\":\"https:\/\/www.galleriamarcacorona.com\/es\/#\/schema\/person\/9854f3650eab7e4334e66d22de09296a\",\"name\":\"admin\",\"image\":{\"@type\":\"ImageObject\",\"inLanguage\":\"es\",\"@id\":\"https:\/\/www.galleriamarcacorona.com\/es\/#\/schema\/person\/image\/\",\"url\":\"https:\/\/secure.gravatar.com\/avatar\/45e04a838bba17ec5b51186bc6740fa4?s=96&d=mm&r=g\",\"contentUrl\":\"https:\/\/secure.gravatar.com\/avatar\/45e04a838bba17ec5b51186bc6740fa4?s=96&d=mm&r=g\",\"caption\":\"admin\"},\"sameAs\":[\"http:\/\/www.galleriamarcacorona.com\"],\"url\":\"https:\/\/www.galleriamarcacorona.com\/es\/author\/admin\/\"}]}<\/script>\n<!-- \/ Yoast SEO plugin. -->","yoast_head_json":{"title":"Con el Festival Filosofia 2025 se inaugura la nueva exposici\u00f3n de Andrea Mastrovito en el Palacio Ducal de Sassuolo - Galleria Marca Corona","description":"El 19-21 de septiembre, dentro del Festival Filosofia 2025, puedes visitar gratis la nueva exposici\u00f3n de Andrea Mastrovito en el Palacio Ducal de Sassuolo.","robots":{"index":"index","follow":"follow","max-snippet":"max-snippet:-1","max-image-preview":"max-image-preview:large","max-video-preview":"max-video-preview:-1"},"canonical":"https:\/\/www.galleriamarcacorona.com\/es\/con-el-festival-filosofia-2025-se-inaugura-la-nueva-exposicion-de-andrea-mastrovito-en-el-palacio-ducal-de-sassuolo\/","og_locale":"es_ES","og_type":"article","og_title":"Con el Festival Filosofia 2025 se inaugura la nueva exposici\u00f3n de Andrea Mastrovito en el Palacio Ducal de Sassuolo - Galleria Marca Corona","og_description":"El 19-21 de septiembre, dentro del Festival Filosofia 2025, puedes visitar gratis la nueva exposici\u00f3n de Andrea Mastrovito en el Palacio Ducal de Sassuolo.","og_url":"https:\/\/www.galleriamarcacorona.com\/es\/con-el-festival-filosofia-2025-se-inaugura-la-nueva-exposicion-de-andrea-mastrovito-en-el-palacio-ducal-de-sassuolo\/","og_site_name":"Galleria Marca Corona","article_published_time":"2025-09-08T10:45:41+00:00","article_modified_time":"2025-10-08T12:16:31+00:00","og_image":[{"width":1300,"height":800,"url":"https:\/\/www.galleriamarcacorona.com\/wp-content\/uploads\/2025\/09\/MCARTE_MASTROVITO_MOSTRA_BANNER_1300X800.jpg","type":"image\/jpeg"}],"author":"admin","twitter_card":"summary_large_image","twitter_misc":{"Escrito por":"admin","Tiempo de lectura":"5 minutos"},"schema":{"@context":"https:\/\/schema.org","@graph":[{"@type":"Article","@id":"https:\/\/www.galleriamarcacorona.com\/es\/con-el-festival-filosofia-2025-se-inaugura-la-nueva-exposicion-de-andrea-mastrovito-en-el-palacio-ducal-de-sassuolo\/#article","isPartOf":{"@id":"https:\/\/www.galleriamarcacorona.com\/es\/con-el-festival-filosofia-2025-se-inaugura-la-nueva-exposicion-de-andrea-mastrovito-en-el-palacio-ducal-de-sassuolo\/"},"author":{"name":"admin","@id":"https:\/\/www.galleriamarcacorona.com\/es\/#\/schema\/person\/9854f3650eab7e4334e66d22de09296a"},"headline":"Con el Festival Filosofia 2025 se inaugura la nueva exposici\u00f3n de Andrea Mastrovito en el Palacio Ducal de Sassuolo","datePublished":"2025-09-08T10:45:41+00:00","dateModified":"2025-10-08T12:16:31+00:00","mainEntityOfPage":{"@id":"https:\/\/www.galleriamarcacorona.com\/es\/con-el-festival-filosofia-2025-se-inaugura-la-nueva-exposicion-de-andrea-mastrovito-en-el-palacio-ducal-de-sassuolo\/"},"wordCount":1055,"commentCount":0,"publisher":{"@id":"https:\/\/www.galleriamarcacorona.com\/es\/#organization"},"articleSection":["Sin categorizar"],"inLanguage":"es","potentialAction":[{"@type":"CommentAction","name":"Comment","target":["https:\/\/www.galleriamarcacorona.com\/es\/con-el-festival-filosofia-2025-se-inaugura-la-nueva-exposicion-de-andrea-mastrovito-en-el-palacio-ducal-de-sassuolo\/#respond"]}]},{"@type":"WebPage","@id":"https:\/\/www.galleriamarcacorona.com\/es\/con-el-festival-filosofia-2025-se-inaugura-la-nueva-exposicion-de-andrea-mastrovito-en-el-palacio-ducal-de-sassuolo\/","url":"https:\/\/www.galleriamarcacorona.com\/es\/con-el-festival-filosofia-2025-se-inaugura-la-nueva-exposicion-de-andrea-mastrovito-en-el-palacio-ducal-de-sassuolo\/","name":"Con el Festival Filosofia 2025 se inaugura la nueva exposici\u00f3n de Andrea Mastrovito en el Palacio Ducal de Sassuolo - Galleria Marca Corona","isPartOf":{"@id":"https:\/\/www.galleriamarcacorona.com\/es\/#website"},"datePublished":"2025-09-08T10:45:41+00:00","dateModified":"2025-10-08T12:16:31+00:00","description":"El 19-21 de septiembre, dentro del Festival Filosofia 2025, puedes visitar gratis la nueva exposici\u00f3n de Andrea Mastrovito en el Palacio Ducal de Sassuolo.","breadcrumb":{"@id":"https:\/\/www.galleriamarcacorona.com\/es\/con-el-festival-filosofia-2025-se-inaugura-la-nueva-exposicion-de-andrea-mastrovito-en-el-palacio-ducal-de-sassuolo\/#breadcrumb"},"inLanguage":"es","potentialAction":[{"@type":"ReadAction","target":["https:\/\/www.galleriamarcacorona.com\/es\/con-el-festival-filosofia-2025-se-inaugura-la-nueva-exposicion-de-andrea-mastrovito-en-el-palacio-ducal-de-sassuolo\/"]}]},{"@type":"BreadcrumbList","@id":"https:\/\/www.galleriamarcacorona.com\/es\/con-el-festival-filosofia-2025-se-inaugura-la-nueva-exposicion-de-andrea-mastrovito-en-el-palacio-ducal-de-sassuolo\/#breadcrumb","itemListElement":[{"@type":"ListItem","position":1,"name":"Home","item":"https:\/\/www.galleriamarcacorona.com\/es\/"},{"@type":"ListItem","position":2,"name":"Con el Festival Filosofia 2025 se inaugura la nueva exposici\u00f3n de Andrea Mastrovito en el Palacio Ducal de Sassuolo"}]},{"@type":"WebSite","@id":"https:\/\/www.galleriamarcacorona.com\/es\/#website","url":"https:\/\/www.galleriamarcacorona.com\/es\/","name":"Galleria Marca Corona","description":"","publisher":{"@id":"https:\/\/www.galleriamarcacorona.com\/es\/#organization"},"potentialAction":[{"@type":"SearchAction","target":{"@type":"EntryPoint","urlTemplate":"https:\/\/www.galleriamarcacorona.com\/es\/?s={search_term_string}"},"query-input":"required name=search_term_string"}],"inLanguage":"es"},{"@type":"Organization","@id":"https:\/\/www.galleriamarcacorona.com\/es\/#organization","name":"Galleria Marca Corona","url":"https:\/\/www.galleriamarcacorona.com\/es\/","logo":{"@type":"ImageObject","inLanguage":"es","@id":"https:\/\/www.galleriamarcacorona.com\/es\/#\/schema\/logo\/image\/","url":"https:\/\/www.galleriamarcacorona.com\/wp-content\/uploads\/2023\/05\/mc-galleria-logo-rgb-3200px.png","contentUrl":"https:\/\/www.galleriamarcacorona.com\/wp-content\/uploads\/2023\/05\/mc-galleria-logo-rgb-3200px.png","width":3200,"height":1112,"caption":"Galleria Marca Corona"},"image":{"@id":"https:\/\/www.galleriamarcacorona.com\/es\/#\/schema\/logo\/image\/"}},{"@type":"Person","@id":"https:\/\/www.galleriamarcacorona.com\/es\/#\/schema\/person\/9854f3650eab7e4334e66d22de09296a","name":"admin","image":{"@type":"ImageObject","inLanguage":"es","@id":"https:\/\/www.galleriamarcacorona.com\/es\/#\/schema\/person\/image\/","url":"https:\/\/secure.gravatar.com\/avatar\/45e04a838bba17ec5b51186bc6740fa4?s=96&d=mm&r=g","contentUrl":"https:\/\/secure.gravatar.com\/avatar\/45e04a838bba17ec5b51186bc6740fa4?s=96&d=mm&r=g","caption":"admin"},"sameAs":["http:\/\/www.galleriamarcacorona.com"],"url":"https:\/\/www.galleriamarcacorona.com\/es\/author\/admin\/"}]}},"_links":{"self":[{"href":"https:\/\/www.galleriamarcacorona.com\/es\/wp-json\/wp\/v2\/posts\/11421"}],"collection":[{"href":"https:\/\/www.galleriamarcacorona.com\/es\/wp-json\/wp\/v2\/posts"}],"about":[{"href":"https:\/\/www.galleriamarcacorona.com\/es\/wp-json\/wp\/v2\/types\/post"}],"author":[{"embeddable":true,"href":"https:\/\/www.galleriamarcacorona.com\/es\/wp-json\/wp\/v2\/users\/1"}],"replies":[{"embeddable":true,"href":"https:\/\/www.galleriamarcacorona.com\/es\/wp-json\/wp\/v2\/comments?post=11421"}],"version-history":[{"count":8,"href":"https:\/\/www.galleriamarcacorona.com\/es\/wp-json\/wp\/v2\/posts\/11421\/revisions"}],"predecessor-version":[{"id":12517,"href":"https:\/\/www.galleriamarcacorona.com\/es\/wp-json\/wp\/v2\/posts\/11421\/revisions\/12517"}],"wp:featuredmedia":[{"embeddable":true,"href":"https:\/\/www.galleriamarcacorona.com\/es\/wp-json\/wp\/v2\/media\/10897"}],"wp:attachment":[{"href":"https:\/\/www.galleriamarcacorona.com\/es\/wp-json\/wp\/v2\/media?parent=11421"}],"wp:term":[{"taxonomy":"category","embeddable":true,"href":"https:\/\/www.galleriamarcacorona.com\/es\/wp-json\/wp\/v2\/categories?post=11421"},{"taxonomy":"post_tag","embeddable":true,"href":"https:\/\/www.galleriamarcacorona.com\/es\/wp-json\/wp\/v2\/tags?post=11421"}],"curies":[{"name":"wp","href":"https:\/\/api.w.org\/{rel}","templated":true}]}}