{"id":6741,"date":"2023-12-15T08:05:20","date_gmt":"2023-12-15T08:05:20","guid":{"rendered":"https:\/\/www.galleriamarcacorona.com\/?p=6741"},"modified":"2023-12-15T08:36:31","modified_gmt":"2023-12-15T08:36:31","slug":"marca-corona-se-reune-con-las-escuelas-locales-para-la-semana-de-la-cultura-empresarial-2023-en-colaboracion-con-stefano-arienti","status":"publish","type":"post","link":"https:\/\/www.galleriamarcacorona.com\/es\/marca-corona-se-reune-con-las-escuelas-locales-para-la-semana-de-la-cultura-empresarial-2023-en-colaboracion-con-stefano-arienti\/","title":{"rendered":"Marca Corona se re\u00fane con las escuelas locales para la Semana de la Cultura Empresarial 2023, en colaboraci\u00f3n con Stefano Arienti"},"content":{"rendered":"\t\t<div data-elementor-type=\"wp-post\" data-elementor-id=\"6741\" class=\"elementor elementor-6741 elementor-6682\" data-elementor-post-type=\"post\">\n\t\t\t\t\t\t\t\t\t<section class=\"elementor-section elementor-top-section elementor-element elementor-element-a7677d7 elementor-section-boxed elementor-section-height-default elementor-section-height-default\" data-id=\"a7677d7\" data-element_type=\"section\">\n\t\t\t\t\t\t<div class=\"elementor-container elementor-column-gap-default\">\n\t\t\t\t\t<div class=\"elementor-column elementor-col-100 elementor-top-column elementor-element elementor-element-e6eea5f\" data-id=\"e6eea5f\" data-element_type=\"column\">\n\t\t\t<div class=\"elementor-widget-wrap elementor-element-populated\">\n\t\t\t\t\t\t\t\t<div class=\"elementor-element elementor-element-fb851b7 elementor-widget elementor-widget-text-editor\" data-id=\"fb851b7\" data-element_type=\"widget\" data-widget_type=\"text-editor.default\">\n\t\t\t\t<div class=\"elementor-widget-container\">\n\t\t\t<style>\/*! elementor - v3.14.0 - 26-06-2023 *\/\n.elementor-widget-text-editor.elementor-drop-cap-view-stacked .elementor-drop-cap{background-color:#69727d;color:#fff}.elementor-widget-text-editor.elementor-drop-cap-view-framed .elementor-drop-cap{color:#69727d;border:3px solid;background-color:transparent}.elementor-widget-text-editor:not(.elementor-drop-cap-view-default) .elementor-drop-cap{margin-top:8px}.elementor-widget-text-editor:not(.elementor-drop-cap-view-default) .elementor-drop-cap-letter{width:1em;height:1em}.elementor-widget-text-editor .elementor-drop-cap{float:left;text-align:center;line-height:1;font-size:50px}.elementor-widget-text-editor .elementor-drop-cap-letter{display:inline-block}<\/style>\t\t\t\t<p>La apuesta de Marca Corona por la\u00a0<b>formaci\u00f3n de los j\u00f3venes<\/b>\u00a0en el\u00a0<b>arte<\/b>\u00a0y la\u00a0<b>cultura<\/b>\u00a0contin\u00faa gracias a las iniciativas de\u00a0<b>Marca Corona per l\u2019Arte<i>,\u00a0<\/i><\/b>con motivo de la<b>\u00a0Semana de la Cultura Empresarial 2023<i>\u00a0<\/i><\/b>organizada por\u00a0<a href=\"https:\/\/www.marcacorona.it\/es\/noticias-y-tendencias\/art\/galeria-marca-corona-museimpresa\/\" target=\"_self\">Museimpresa<\/a><b><i>.<\/i><\/b><\/p><p>Tras la experiencia del a\u00f1o pasado, vuelven los\u00a0<b>talleres dirigidos a las escuelas locales,<\/b>\u00a0en esta edici\u00f3n\u00a0<b>capitaneados por el artista Stefano Arienti\u00a0<\/b>y dedicados a la experimentaci\u00f3n compartida y participativa, con vistas a la\u00a0<b>sensibilizaci\u00f3n<\/b>\u00a0y la\u00a0<b>confrontaci\u00f3n<\/b>.<\/p><p>Dos d\u00edas que tuvieron como protagonistas a los\u00a0<b>alumnos de secundaria del Instituto Chierici de Reggio Emilia y del Instituto Venturi de M\u00f3dena<\/b>, en un viaje educativo titulado \u00abIl gioco dei titoli &#8211; El juego de los t\u00edtulos\u00bb donde el\u00a0<b>di\u00e1logo<\/b>, la\u00a0<b>posibilidad<\/b>\u00a0y el\u00a0<b>asombro<\/b>\u00a0se entrelazaron para permitir a los j\u00f3venes desarrollar su \u00abcolecci\u00f3n ideal\u00bb<b><i>.<\/i><\/b><\/p>\t\t\t\t\t\t<\/div>\n\t\t\t\t<\/div>\n\t\t\t\t\t<\/div>\n\t\t<\/div>\n\t\t\t\t\t\t\t<\/div>\n\t\t<\/section>\n\t\t<div class=\"elementor-element elementor-element-4581810 e-flex e-con-boxed e-con\" data-id=\"4581810\" data-element_type=\"container\" data-settings=\"{&quot;background_background&quot;:&quot;classic&quot;,&quot;content_width&quot;:&quot;boxed&quot;}\">\n\t\t\t\t\t<div class=\"e-con-inner\">\n\t\t<div class=\"elementor-element elementor-element-4572c0d e-flex e-con-boxed e-con\" data-id=\"4572c0d\" data-element_type=\"container\" data-settings=\"{&quot;content_width&quot;:&quot;boxed&quot;}\">\n\t\t\t\t\t<div class=\"e-con-inner\">\n\t\t<div class=\"elementor-element elementor-element-8f20011 e-flex e-con-boxed e-con\" data-id=\"8f20011\" data-element_type=\"container\" data-settings=\"{&quot;content_width&quot;:&quot;boxed&quot;}\">\n\t\t\t\t\t<div class=\"e-con-inner\">\n\t\t\t\t<div class=\"elementor-element elementor-element-c084c70 elementor-widget elementor-widget-heading\" data-id=\"c084c70\" data-element_type=\"widget\" data-widget_type=\"heading.default\">\n\t\t\t\t<div class=\"elementor-widget-container\">\n\t\t\t<style>\/*! elementor - v3.14.0 - 26-06-2023 *\/\n.elementor-heading-title{padding:0;margin:0;line-height:1}.elementor-widget-heading .elementor-heading-title[class*=elementor-size-]>a{color:inherit;font-size:inherit;line-height:inherit}.elementor-widget-heading .elementor-heading-title.elementor-size-small{font-size:15px}.elementor-widget-heading .elementor-heading-title.elementor-size-medium{font-size:19px}.elementor-widget-heading .elementor-heading-title.elementor-size-large{font-size:29px}.elementor-widget-heading .elementor-heading-title.elementor-size-xl{font-size:39px}.elementor-widget-heading .elementor-heading-title.elementor-size-xxl{font-size:59px}<\/style><h3 class=\"elementor-heading-title elementor-size-default\">Talleres con las escuelas durante la Semana de la Cultura Empresarial<\/h3>\t\t<\/div>\n\t\t\t\t<\/div>\n\t\t\t\t<div class=\"elementor-element elementor-element-8c78ac8 elementor-widget elementor-widget-text-editor\" data-id=\"8c78ac8\" data-element_type=\"widget\" data-widget_type=\"text-editor.default\">\n\t\t\t\t<div class=\"elementor-widget-container\">\n\t\t\t\t\t\t\t<p>Los d\u00edas\u00a0<b>7 y 8 de noviembre<\/b>\u00a0los espacios de Marca Corona acogieron a varias clases de los institutos secundarios Chierici y Venturi (del itinerario de cer\u00e1mica y arte figurativo) para una\u00a0<b>experiencia especial<\/b>\u00a0con el m\u00e1ximo exponente del arte pobre contempor\u00e1neo, el artista\u00a0<a href=\"https:\/\/www.galleriamarcacorona.com\/es\/stefano-arienti-arte-povera-y-cultura-corporativa\/\" rel=\"noopener\">Stefano Arienti<\/a>.<\/p><p>El programa de las jornadas -parte del proyecto Semana de la Cultura Empresarial 2023 &#8211; incluy\u00f3 varios momentos previos al taller con el artista, en el que los j\u00f3venes se involucraron en el\u00a0<b>descubrimiento<\/b>\u00a0de los diferentes aspectos de la producci\u00f3n art\u00edstica y cer\u00e1mica:<\/p><ul><li>En primer lugar a trav\u00e9s del\u00a0<b>relato<\/b>\u00a0de la\u00a0<a href=\"https:\/\/www.marcacorona.it\/es\/empresa\/quienes-somos\/\" target=\"_blank\" rel=\"noopener\">realidad de Marca Corona<\/a>, conociendo a las\u00a0<b>personas<\/b>\u00a0que se dedican cada d\u00eda a las distintas actividades de la empresa y a la creaci\u00f3n de las distintas colecciones.<\/li><\/ul>\t\t\t\t\t\t<\/div>\n\t\t\t\t<\/div>\n\t\t\t\t\t<\/div>\n\t\t\t\t<\/div>\n\t\t\t\t\t<\/div>\n\t\t\t\t<\/div>\n\t\t<div class=\"elementor-element elementor-element-231c764 elementor-hidden-mobile e-flex e-con-boxed e-con\" data-id=\"231c764\" data-element_type=\"container\" data-settings=\"{&quot;content_width&quot;:&quot;boxed&quot;}\">\n\t\t\t\t\t<div class=\"e-con-inner\">\n\t\t\t\t<div class=\"elementor-element elementor-element-b0870c3 elementor-hidden-mobile elementor-widget elementor-widget-image\" data-id=\"b0870c3\" data-element_type=\"widget\" data-widget_type=\"image.default\">\n\t\t\t\t<div class=\"elementor-widget-container\">\n\t\t\t<style>\/*! elementor - v3.14.0 - 26-06-2023 *\/\n.elementor-widget-image{text-align:center}.elementor-widget-image a{display:inline-block}.elementor-widget-image a img[src$=\".svg\"]{width:48px}.elementor-widget-image img{vertical-align:middle;display:inline-block}<\/style>\t\t\t\t\t\t\t\t\t\t\t\t<img decoding=\"async\" width=\"1300\" height=\"800\" src=\"https:\/\/www.galleriamarcacorona.com\/wp-content\/uploads\/2023\/12\/1_pFzfimI.jpg\" class=\"attachment-full size-full wp-image-6700\" alt=\"\" loading=\"lazy\" srcset=\"https:\/\/www.galleriamarcacorona.com\/wp-content\/uploads\/2023\/12\/1_pFzfimI.jpg 1300w, https:\/\/www.galleriamarcacorona.com\/wp-content\/uploads\/2023\/12\/1_pFzfimI-300x185.jpg 300w, https:\/\/www.galleriamarcacorona.com\/wp-content\/uploads\/2023\/12\/1_pFzfimI-1024x630.jpg 1024w, https:\/\/www.galleriamarcacorona.com\/wp-content\/uploads\/2023\/12\/1_pFzfimI-768x473.jpg 768w\" sizes=\"(max-width: 1300px) 100vw, 1300px\" \/>\t\t\t\t\t\t\t\t\t\t\t\t\t\t\t<\/div>\n\t\t\t\t<\/div>\n\t\t\t\t\t<\/div>\n\t\t\t\t<\/div>\n\t\t\t\t\t<\/div>\n\t\t\t\t<\/div>\n\t\t<div class=\"elementor-element elementor-element-8dee9ce e-flex e-con-boxed e-con\" data-id=\"8dee9ce\" data-element_type=\"container\" data-settings=\"{&quot;background_background&quot;:&quot;classic&quot;,&quot;content_width&quot;:&quot;boxed&quot;}\">\n\t\t\t\t\t<div class=\"e-con-inner\">\n\t\t<div class=\"elementor-element elementor-element-7865c9a elementor-hidden-mobile e-flex e-con-boxed e-con\" data-id=\"7865c9a\" data-element_type=\"container\" data-settings=\"{&quot;content_width&quot;:&quot;boxed&quot;}\">\n\t\t\t\t\t<div class=\"e-con-inner\">\n\t\t\t\t<div class=\"elementor-element elementor-element-fcf7841 elementor-hidden-mobile elementor-widget elementor-widget-image\" data-id=\"fcf7841\" data-element_type=\"widget\" data-widget_type=\"image.default\">\n\t\t\t\t<div class=\"elementor-widget-container\">\n\t\t\t\t\t\t\t\t\t\t\t\t\t\t\t<img decoding=\"async\" width=\"1300\" height=\"800\" src=\"https:\/\/www.galleriamarcacorona.com\/wp-content\/uploads\/2023\/12\/2_yVlgDeW.jpg\" class=\"attachment-full size-full wp-image-6694\" alt=\"\" loading=\"lazy\" srcset=\"https:\/\/www.galleriamarcacorona.com\/wp-content\/uploads\/2023\/12\/2_yVlgDeW.jpg 1300w, https:\/\/www.galleriamarcacorona.com\/wp-content\/uploads\/2023\/12\/2_yVlgDeW-300x185.jpg 300w, https:\/\/www.galleriamarcacorona.com\/wp-content\/uploads\/2023\/12\/2_yVlgDeW-1024x630.jpg 1024w, https:\/\/www.galleriamarcacorona.com\/wp-content\/uploads\/2023\/12\/2_yVlgDeW-768x473.jpg 768w\" sizes=\"(max-width: 1300px) 100vw, 1300px\" \/>\t\t\t\t\t\t\t\t\t\t\t\t\t\t\t<\/div>\n\t\t\t\t<\/div>\n\t\t\t\t\t<\/div>\n\t\t\t\t<\/div>\n\t\t<div class=\"elementor-element elementor-element-2a9de75 e-flex e-con-boxed e-con\" data-id=\"2a9de75\" data-element_type=\"container\" data-settings=\"{&quot;content_width&quot;:&quot;boxed&quot;}\">\n\t\t\t\t\t<div class=\"e-con-inner\">\n\t\t<div class=\"elementor-element elementor-element-3ff56bd e-flex e-con-boxed e-con\" data-id=\"3ff56bd\" data-element_type=\"container\" data-settings=\"{&quot;content_width&quot;:&quot;boxed&quot;}\">\n\t\t\t\t\t<div class=\"e-con-inner\">\n\t\t\t\t<div class=\"elementor-element elementor-element-998c823 elementor-widget elementor-widget-text-editor\" data-id=\"998c823\" data-element_type=\"widget\" data-widget_type=\"text-editor.default\">\n\t\t\t\t<div class=\"elementor-widget-container\">\n\t\t\t\t\t\t\t<ul><li>successivamente, con la visita a <a href=\"https:\/\/www.galleriamarcacorona.com\/es\/galeria\/\" rel=\"noopener\">Galleria Marca Corona<\/a> e allo stabilimento Marca Corona, entrambi fulcri <b>tra passato e presente<\/b> dell\u2019<b>evoluzione<\/b> della <b>materia<\/b> nel tempo e testimoni di un <b>passaggio di conoscenze <\/b>incrementale che include <b>tradizione<\/b>, <b>tecnologie<\/b> e <b>innovazione<\/b>;<br \/><br \/><\/li><li>a seguire, il tour presso la \u201c<a href=\"https:\/\/www.marcacorona.it\/it\/news-trends\/design-stories\/la-casa-della-creativita-di-marca-corona\/\" target=\"_blank\" rel=\"noopener\">Casa della Creativit\u00e0<\/a>\u201d di Marca Corona. Questo showroom e spazio espositivo mostra una conversazione con il design che, raccogliendo l\u2019eredit\u00e0 storica di ieri e oggi, porta <b>nuovi slanci al futuro<\/b> della creazione in ottica migliorativa e collaborativa.<\/li><\/ul><p><b>\u00ab<i>El arte vive en el aliento del p\u00fablico\u00bb<\/i><\/b><i>:<\/i>\u00a0partiendo este gran pensamiento de Umberto Eco, los talleres pusieron en primer plano los\u00a0<b>sentimientos<\/b>\u00a0y\u00a0<b>percepciones<\/b>\u00a0de los j\u00f3venes, a trav\u00e9s de un<b>\u00a0proceso que permite hacer convivir diferentes sistemas, componentes y facetas de la creaci\u00f3n art\u00edstica<\/b>.<\/p>\t\t\t\t\t\t<\/div>\n\t\t\t\t<\/div>\n\t\t\t\t\t<\/div>\n\t\t\t\t<\/div>\n\t\t\t\t\t<\/div>\n\t\t\t\t<\/div>\n\t\t\t\t\t<\/div>\n\t\t\t\t<\/div>\n\t\t\t\t<section class=\"elementor-section elementor-top-section elementor-element elementor-element-baea963 elementor-section-boxed elementor-section-height-default elementor-section-height-default\" data-id=\"baea963\" data-element_type=\"section\">\n\t\t\t\t\t\t<div class=\"elementor-container elementor-column-gap-default\">\n\t\t\t\t\t<div class=\"elementor-column elementor-col-100 elementor-top-column elementor-element elementor-element-1b91a37\" data-id=\"1b91a37\" data-element_type=\"column\">\n\t\t\t<div class=\"elementor-widget-wrap elementor-element-populated\">\n\t\t\t\t\t\t\t\t<div class=\"elementor-element elementor-element-1214fb6 elementor-widget elementor-widget-text-editor\" data-id=\"1214fb6\" data-element_type=\"widget\" data-widget_type=\"text-editor.default\">\n\t\t\t\t<div class=\"elementor-widget-container\">\n\t\t\t\t\t\t\t<p>En este sentido, el punto de partida lo representa la exposici\u00f3n\u00a0<b><i>\u00abOpera Aperta\u00bb\u00a0<\/i><\/b>de Stefano Arienti, un canto a la\u00a0<b>permeabilidad del camino art\u00edstico<\/b>\u00a0y a la condici\u00f3n osm\u00f3tica que puede existir entre contextos, espec\u00edficamente entre el cultural y el territorial, identificados aqu\u00ed en sus actitudes y complejidad.<\/p><p>Por ello, durante los dos d\u00edas, los talleres con Stefano Arienti retomaron el\u00a0<b>proyecto did\u00e1ctico\u00a0<\/b>del mismo artista llamado\u00a0<b>\u00abIl gioco dei titoli\u00bb<\/b>. Es un camino muy sencillo, pero tiene que ver con la\u00a0<b>procesualidad<\/b>\u00a0y la<b>\u00a0b\u00fasqueda de la contingencia<\/b>\u00a0tan presentes en las obras de Arienti<\/p>\t\t\t\t\t\t<\/div>\n\t\t\t\t<\/div>\n\t\t\t\t\t<\/div>\n\t\t<\/div>\n\t\t\t\t\t\t\t<\/div>\n\t\t<\/section>\n\t\t\t\t<section class=\"elementor-section elementor-top-section elementor-element elementor-element-d992afb elementor-section-boxed elementor-section-height-default elementor-section-height-default\" data-id=\"d992afb\" data-element_type=\"section\">\n\t\t\t\t\t\t<div class=\"elementor-container elementor-column-gap-default\">\n\t\t\t\t\t<div class=\"elementor-column elementor-col-100 elementor-top-column elementor-element elementor-element-6d34802\" data-id=\"6d34802\" data-element_type=\"column\">\n\t\t\t<div class=\"elementor-widget-wrap elementor-element-populated\">\n\t\t\t\t\t\t\t\t<div class=\"elementor-element elementor-element-dc6e12d elementor-widget elementor-widget-image\" data-id=\"dc6e12d\" data-element_type=\"widget\" data-widget_type=\"image.default\">\n\t\t\t\t<div class=\"elementor-widget-container\">\n\t\t\t\t\t\t\t\t\t\t\t\t\t\t\t<img decoding=\"async\" width=\"1300\" height=\"800\" src=\"https:\/\/www.galleriamarcacorona.com\/wp-content\/uploads\/2023\/12\/3_pgeiHAl.jpg\" class=\"attachment-full size-full wp-image-6706\" alt=\"\" loading=\"lazy\" srcset=\"https:\/\/www.galleriamarcacorona.com\/wp-content\/uploads\/2023\/12\/3_pgeiHAl.jpg 1300w, https:\/\/www.galleriamarcacorona.com\/wp-content\/uploads\/2023\/12\/3_pgeiHAl-300x185.jpg 300w, https:\/\/www.galleriamarcacorona.com\/wp-content\/uploads\/2023\/12\/3_pgeiHAl-1024x630.jpg 1024w, https:\/\/www.galleriamarcacorona.com\/wp-content\/uploads\/2023\/12\/3_pgeiHAl-768x473.jpg 768w\" sizes=\"(max-width: 1300px) 100vw, 1300px\" \/>\t\t\t\t\t\t\t\t\t\t\t\t\t\t\t<\/div>\n\t\t\t\t<\/div>\n\t\t\t\t\t<\/div>\n\t\t<\/div>\n\t\t\t\t\t\t\t<\/div>\n\t\t<\/section>\n\t\t\t\t<section class=\"elementor-section elementor-top-section elementor-element elementor-element-4260956 elementor-section-boxed elementor-section-height-default elementor-section-height-default\" data-id=\"4260956\" data-element_type=\"section\">\n\t\t\t\t\t\t<div class=\"elementor-container elementor-column-gap-default\">\n\t\t\t\t\t<div class=\"elementor-column elementor-col-100 elementor-top-column elementor-element elementor-element-1e21440\" data-id=\"1e21440\" data-element_type=\"column\">\n\t\t\t<div class=\"elementor-widget-wrap elementor-element-populated\">\n\t\t\t\t\t\t\t\t<div class=\"elementor-element elementor-element-f8dff14 elementor-widget elementor-widget-text-editor\" data-id=\"f8dff14\" data-element_type=\"widget\" data-widget_type=\"text-editor.default\">\n\t\t\t\t<div class=\"elementor-widget-container\">\n\t\t\t\t\t\t\t<p>Tras algunas reflexiones te\u00f3ricas, los estudiantes terminaron desarrollando su\u00a0<b>\u00abcolecci\u00f3n ideal\u00bb<\/b>, es decir, una aut\u00e9ntica\u00a0<b>biblioteca de t\u00edtulos, im\u00e1genes y sugerencias\u00a0<\/b>que se formaliza en una obra compartida.<\/p><p>A esto sigui\u00f3 un<b>\u00a0di\u00e1logo com\u00fan<\/b>\u00a0sobre los t\u00edtulos seleccionados, proyectados en la sala para llegar al coraz\u00f3n de los\u00a0<b>or\u00edgenes<\/b>, la\u00a0<b>investigaci\u00f3n<\/b>, el\u00a0<b>razonamiento<\/b>\u00a0m\u00e1s profundo sobre el contexto cultural y la desmaterializaci\u00f3n e internalizaci\u00f3n de las fuentes iconogr\u00e1ficas.<\/p><p>De aqu\u00ed nace la colecci\u00f3n ideal, que sirve de inspiraci\u00f3n para\u00a0<b>crear una obra colectiva y participativa\u00a0<\/b>en varias fases (taller y clase).<\/p>\t\t\t\t\t\t<\/div>\n\t\t\t\t<\/div>\n\t\t\t\t\t<\/div>\n\t\t<\/div>\n\t\t\t\t\t\t\t<\/div>\n\t\t<\/section>\n\t\t<div class=\"elementor-element elementor-element-4871c42 e-flex e-con-boxed e-con\" data-id=\"4871c42\" data-element_type=\"container\" data-settings=\"{&quot;content_width&quot;:&quot;boxed&quot;}\">\n\t\t\t\t\t<div class=\"e-con-inner\">\n\t\t\t\t<div class=\"elementor-element elementor-element-6ff2fc2 elementor-widget elementor-widget-heading\" data-id=\"6ff2fc2\" data-element_type=\"widget\" data-widget_type=\"heading.default\">\n\t\t\t\t<div class=\"elementor-widget-container\">\n\t\t\t<h3 class=\"elementor-heading-title elementor-size-default\">Marca Corona para la Semana de la Cultura Empresarial 2023: la importancia de involucrar a las nuevas generaciones<\/h3>\t\t<\/div>\n\t\t\t\t<\/div>\n\t\t\t\t\t<\/div>\n\t\t\t\t<\/div>\n\t\t\t\t<section class=\"elementor-section elementor-top-section elementor-element elementor-element-6d5bb65 elementor-section-boxed elementor-section-height-default elementor-section-height-default\" data-id=\"6d5bb65\" data-element_type=\"section\">\n\t\t\t\t\t\t<div class=\"elementor-container elementor-column-gap-default\">\n\t\t\t\t\t<div class=\"elementor-column elementor-col-100 elementor-top-column elementor-element elementor-element-891dd02\" data-id=\"891dd02\" data-element_type=\"column\">\n\t\t\t<div class=\"elementor-widget-wrap elementor-element-populated\">\n\t\t\t\t\t\t\t\t<div class=\"elementor-element elementor-element-b17488a elementor-widget elementor-widget-image\" data-id=\"b17488a\" data-element_type=\"widget\" data-widget_type=\"image.default\">\n\t\t\t\t<div class=\"elementor-widget-container\">\n\t\t\t\t\t\t\t\t\t\t\t\t\t\t\t<img decoding=\"async\" width=\"1300\" height=\"800\" src=\"https:\/\/www.galleriamarcacorona.com\/wp-content\/uploads\/2023\/12\/4_id8BOIr.jpg\" class=\"attachment-full size-full wp-image-6712\" alt=\"\" loading=\"lazy\" srcset=\"https:\/\/www.galleriamarcacorona.com\/wp-content\/uploads\/2023\/12\/4_id8BOIr.jpg 1300w, https:\/\/www.galleriamarcacorona.com\/wp-content\/uploads\/2023\/12\/4_id8BOIr-300x185.jpg 300w, https:\/\/www.galleriamarcacorona.com\/wp-content\/uploads\/2023\/12\/4_id8BOIr-1024x630.jpg 1024w, https:\/\/www.galleriamarcacorona.com\/wp-content\/uploads\/2023\/12\/4_id8BOIr-768x473.jpg 768w\" sizes=\"(max-width: 1300px) 100vw, 1300px\" \/>\t\t\t\t\t\t\t\t\t\t\t\t\t\t\t<\/div>\n\t\t\t\t<\/div>\n\t\t\t\t\t<\/div>\n\t\t<\/div>\n\t\t\t\t\t\t\t<\/div>\n\t\t<\/section>\n\t\t<div class=\"elementor-element elementor-element-9e7e157 e-flex e-con-boxed e-con\" data-id=\"9e7e157\" data-element_type=\"container\" data-settings=\"{&quot;background_background&quot;:&quot;classic&quot;,&quot;content_width&quot;:&quot;boxed&quot;}\">\n\t\t\t\t\t<div class=\"e-con-inner\">\n\t\t<div class=\"elementor-element elementor-element-1a56384 e-flex e-con-boxed e-con\" data-id=\"1a56384\" data-element_type=\"container\" data-settings=\"{&quot;content_width&quot;:&quot;boxed&quot;}\">\n\t\t\t\t\t<div class=\"e-con-inner\">\n\t\t<div class=\"elementor-element elementor-element-5675a5a e-flex e-con-boxed e-con\" data-id=\"5675a5a\" data-element_type=\"container\" data-settings=\"{&quot;content_width&quot;:&quot;boxed&quot;}\">\n\t\t\t\t\t<div class=\"e-con-inner\">\n\t\t\t\t<div class=\"elementor-element elementor-element-393560c elementor-widget elementor-widget-text-editor\" data-id=\"393560c\" data-element_type=\"widget\" data-widget_type=\"text-editor.default\">\n\t\t\t\t<div class=\"elementor-widget-container\">\n\t\t\t\t\t\t\t<p>Los dos d\u00edas de talleres con estudiantes de\u00a0<a href=\"https:\/\/www.marcacorona.it\/es\/noticias-y-tendencias\/design-trends\/marca-corona-for-education-redescubriendo-con-las-escuelas-la-historia-y-evolucion-del-polo-ceramico\/\" target=\"_blank\" rel=\"noopener\">secundaria<\/a>\u00a0y Stefano Arienti se enmarcan en el\u00a0<b>proyecto que desde hace varios a\u00f1os involucra a instituciones y nuevas generaciones\u00a0<\/b>en el conocimiento del territorio y la\u00a0<a href=\"https:\/\/www.marcacorona.it\/es\/noticias-y-tendencias\/art\/marca-corona-y-el-arte-de-hablar-a-los-jovenes-de-cultura-empresarial\/\" target=\"_blank\" rel=\"noopener\">cultura empresarial<\/a>\u00a0vinculada al polo cer\u00e1mico de Sassuolo.<\/p><p>Este a\u00f1o la iniciativa refuerza su misi\u00f3n gracias al tema principal de la Semana de la Cultura Empresarial 2023:\u00a0<b>\u00abLa persona al centro dello sviluppo sostenibile L\u2019anima dell\u2019impresa consapevole &#8211; La persona en el centro del desarrollo sostenible. El alma de la empresa consciente\u00bb.<\/b><\/p><p>De ah\u00ed la importancia de acercar a las personas, y especialmente a los m\u00e1s j\u00f3venes, a descubrir el inmenso\u00a0<b>patrimonio cultural\u00a0<\/b>conservado en los museos y archivos de las grandes, medianas y peque\u00f1as empresas italianas, a trav\u00e9s de actividades art\u00edsticas.\u00a0<\/p>\t\t\t\t\t\t<\/div>\n\t\t\t\t<\/div>\n\t\t\t\t\t<\/div>\n\t\t\t\t<\/div>\n\t\t\t\t\t<\/div>\n\t\t\t\t<\/div>\n\t\t<div class=\"elementor-element elementor-element-7333708 elementor-hidden-mobile e-flex e-con-boxed e-con\" data-id=\"7333708\" data-element_type=\"container\" data-settings=\"{&quot;content_width&quot;:&quot;boxed&quot;}\">\n\t\t\t\t\t<div class=\"e-con-inner\">\n\t\t\t\t<div class=\"elementor-element elementor-element-04872c9 elementor-hidden-mobile elementor-widget elementor-widget-image\" data-id=\"04872c9\" data-element_type=\"widget\" data-widget_type=\"image.default\">\n\t\t\t\t<div class=\"elementor-widget-container\">\n\t\t\t\t\t\t\t\t\t\t\t\t\t\t\t<img decoding=\"async\" width=\"1300\" height=\"800\" src=\"https:\/\/www.galleriamarcacorona.com\/wp-content\/uploads\/2023\/12\/5_7oahDea.jpg\" class=\"attachment-full size-full wp-image-6718\" alt=\"\" loading=\"lazy\" srcset=\"https:\/\/www.galleriamarcacorona.com\/wp-content\/uploads\/2023\/12\/5_7oahDea.jpg 1300w, https:\/\/www.galleriamarcacorona.com\/wp-content\/uploads\/2023\/12\/5_7oahDea-300x185.jpg 300w, https:\/\/www.galleriamarcacorona.com\/wp-content\/uploads\/2023\/12\/5_7oahDea-1024x630.jpg 1024w, https:\/\/www.galleriamarcacorona.com\/wp-content\/uploads\/2023\/12\/5_7oahDea-768x473.jpg 768w\" sizes=\"(max-width: 1300px) 100vw, 1300px\" \/>\t\t\t\t\t\t\t\t\t\t\t\t\t\t\t<\/div>\n\t\t\t\t<\/div>\n\t\t\t\t\t<\/div>\n\t\t\t\t<\/div>\n\t\t\t\t\t<\/div>\n\t\t\t\t<\/div>\n\t\t\t\t<section class=\"elementor-section elementor-top-section elementor-element elementor-element-b46fd41 elementor-section-boxed elementor-section-height-default elementor-section-height-default\" data-id=\"b46fd41\" data-element_type=\"section\">\n\t\t\t\t\t\t<div class=\"elementor-container elementor-column-gap-default\">\n\t\t\t\t\t<div class=\"elementor-column elementor-col-100 elementor-top-column elementor-element elementor-element-c6cc056\" data-id=\"c6cc056\" data-element_type=\"column\">\n\t\t\t<div class=\"elementor-widget-wrap elementor-element-populated\">\n\t\t\t\t\t\t\t\t<div class=\"elementor-element elementor-element-8eb8f9f elementor-widget elementor-widget-text-editor\" data-id=\"8eb8f9f\" data-element_type=\"widget\" data-widget_type=\"text-editor.default\">\n\t\t\t\t<div class=\"elementor-widget-container\">\n\t\t\t\t\t\t\t<h4>Para obtener m\u00e1s informaci\u00f3n sobre actividades para escuelas y centros de formaci\u00f3n, consulta la secci\u00f3n espec\u00edfica.<\/h4>\t\t\t\t\t\t<\/div>\n\t\t\t\t<\/div>\n\t\t\t\t<div class=\"elementor-element elementor-element-705300a elementor-align-center elementor-widget elementor-widget-button\" data-id=\"705300a\" data-element_type=\"widget\" data-widget_type=\"button.default\">\n\t\t\t\t<div class=\"elementor-widget-container\">\n\t\t\t\t\t<div class=\"elementor-button-wrapper\">\n\t\t\t<a class=\"elementor-button elementor-button-link elementor-size-sm\" href=\"https:\/\/www.galleriamarcacorona.com\/es\/marca-corona-para-el-arte\/\">\n\t\t\t\t\t\t<span class=\"elementor-button-content-wrapper\">\n\t\t\t\t\t\t<span class=\"elementor-button-text\">VISITA LA P\u00c1GINA<\/span>\n\t\t<\/span>\n\t\t\t\t\t<\/a>\n\t\t<\/div>\n\t\t\t\t<\/div>\n\t\t\t\t<\/div>\n\t\t\t\t\t<\/div>\n\t\t<\/div>\n\t\t\t\t\t\t\t<\/div>\n\t\t<\/section>\n\t\t\t\t\t\t\t<\/div>\n\t\t","protected":false},"excerpt":{"rendered":"<p>La cr\u00f3nica de los dos d\u00edas dedicados a los centros escolares, con talleres de arte junto al maestro Stefano Arienti.<\/p>\n","protected":false},"author":1,"featured_media":6688,"comment_status":"open","ping_status":"open","sticky":false,"template":"","format":"standard","meta":{"site-sidebar-layout":"default","site-content-layout":"default","ast-global-header-display":"","ast-main-header-display":"","ast-hfb-above-header-display":"","ast-hfb-below-header-display":"","ast-hfb-mobile-header-display":"","site-post-title":"","ast-breadcrumbs-content":"","ast-featured-img":"","footer-sml-layout":"","theme-transparent-header-meta":"","adv-header-id-meta":"","stick-header-meta":"","header-above-stick-meta":"","header-main-stick-meta":"","header-below-stick-meta":""},"categories":[13],"tags":[],"acf":[],"yoast_head":"<!-- This site is optimized with the Yoast SEO plugin v20.12 - https:\/\/yoast.com\/wordpress\/plugins\/seo\/ -->\n<title>Marca Corona se re\u00fane con las escuelas locales para la Semana de la Cultura Empresarial 2023, en colaboraci\u00f3n con Stefano Arienti - Galleria Marca Corona<\/title>\n<meta name=\"description\" content=\"Durante la Semana de la Cultura Empresarial 2023, Marca Corona recibe a las escuelas locales durante 2 d\u00edas de talleres con el artista Stefano Arienti\" \/>\n<meta name=\"robots\" content=\"index, follow, max-snippet:-1, max-image-preview:large, max-video-preview:-1\" \/>\n<link rel=\"canonical\" href=\"https:\/\/www.galleriamarcacorona.com\/es\/marca-corona-se-reune-con-las-escuelas-locales-para-la-semana-de-la-cultura-empresarial-2023-en-colaboracion-con-stefano-arienti\/\" \/>\n<meta property=\"og:locale\" content=\"es_ES\" \/>\n<meta property=\"og:type\" content=\"article\" \/>\n<meta property=\"og:title\" content=\"Marca Corona se re\u00fane con las escuelas locales para la Semana de la Cultura Empresarial 2023, en colaboraci\u00f3n con Stefano Arienti - Galleria Marca Corona\" \/>\n<meta property=\"og:description\" content=\"Durante la Semana de la Cultura Empresarial 2023, Marca Corona recibe a las escuelas locales durante 2 d\u00edas de talleres con el artista Stefano Arienti\" \/>\n<meta property=\"og:url\" content=\"https:\/\/www.galleriamarcacorona.com\/es\/marca-corona-se-reune-con-las-escuelas-locales-para-la-semana-de-la-cultura-empresarial-2023-en-colaboracion-con-stefano-arienti\/\" \/>\n<meta property=\"og:site_name\" content=\"Galleria Marca Corona\" \/>\n<meta property=\"article:published_time\" content=\"2023-12-15T08:05:20+00:00\" \/>\n<meta property=\"article:modified_time\" content=\"2023-12-15T08:36:31+00:00\" \/>\n<meta property=\"og:image\" content=\"https:\/\/www.galleriamarcacorona.com\/wp-content\/uploads\/2023\/12\/1_NTaq5KE.jpg\" \/>\n\t<meta property=\"og:image:width\" content=\"1300\" \/>\n\t<meta property=\"og:image:height\" content=\"800\" \/>\n\t<meta property=\"og:image:type\" content=\"image\/jpeg\" \/>\n<meta name=\"author\" content=\"admin\" \/>\n<meta name=\"twitter:card\" content=\"summary_large_image\" \/>\n<meta name=\"twitter:label1\" content=\"Escrito por\" \/>\n\t<meta name=\"twitter:data1\" content=\"admin\" \/>\n\t<meta name=\"twitter:label2\" content=\"Tiempo de lectura\" \/>\n\t<meta name=\"twitter:data2\" content=\"5 minutos\" \/>\n<script type=\"application\/ld+json\" class=\"yoast-schema-graph\">{\"@context\":\"https:\/\/schema.org\",\"@graph\":[{\"@type\":\"Article\",\"@id\":\"https:\/\/www.galleriamarcacorona.com\/es\/marca-corona-se-reune-con-las-escuelas-locales-para-la-semana-de-la-cultura-empresarial-2023-en-colaboracion-con-stefano-arienti\/#article\",\"isPartOf\":{\"@id\":\"https:\/\/www.galleriamarcacorona.com\/es\/marca-corona-se-reune-con-las-escuelas-locales-para-la-semana-de-la-cultura-empresarial-2023-en-colaboracion-con-stefano-arienti\/\"},\"author\":{\"name\":\"admin\",\"@id\":\"https:\/\/www.galleriamarcacorona.com\/es\/#\/schema\/person\/9854f3650eab7e4334e66d22de09296a\"},\"headline\":\"Marca Corona se re\u00fane con las escuelas locales para la Semana de la Cultura Empresarial 2023, en colaboraci\u00f3n con Stefano Arienti\",\"datePublished\":\"2023-12-15T08:05:20+00:00\",\"dateModified\":\"2023-12-15T08:36:31+00:00\",\"mainEntityOfPage\":{\"@id\":\"https:\/\/www.galleriamarcacorona.com\/es\/marca-corona-se-reune-con-las-escuelas-locales-para-la-semana-de-la-cultura-empresarial-2023-en-colaboracion-con-stefano-arienti\/\"},\"wordCount\":844,\"commentCount\":0,\"publisher\":{\"@id\":\"https:\/\/www.galleriamarcacorona.com\/es\/#organization\"},\"articleSection\":[\"Sin categorizar\"],\"inLanguage\":\"es\",\"potentialAction\":[{\"@type\":\"CommentAction\",\"name\":\"Comment\",\"target\":[\"https:\/\/www.galleriamarcacorona.com\/es\/marca-corona-se-reune-con-las-escuelas-locales-para-la-semana-de-la-cultura-empresarial-2023-en-colaboracion-con-stefano-arienti\/#respond\"]}]},{\"@type\":\"WebPage\",\"@id\":\"https:\/\/www.galleriamarcacorona.com\/es\/marca-corona-se-reune-con-las-escuelas-locales-para-la-semana-de-la-cultura-empresarial-2023-en-colaboracion-con-stefano-arienti\/\",\"url\":\"https:\/\/www.galleriamarcacorona.com\/es\/marca-corona-se-reune-con-las-escuelas-locales-para-la-semana-de-la-cultura-empresarial-2023-en-colaboracion-con-stefano-arienti\/\",\"name\":\"Marca Corona se re\u00fane con las escuelas locales para la Semana de la Cultura Empresarial 2023, en colaboraci\u00f3n con Stefano Arienti - Galleria Marca Corona\",\"isPartOf\":{\"@id\":\"https:\/\/www.galleriamarcacorona.com\/es\/#website\"},\"datePublished\":\"2023-12-15T08:05:20+00:00\",\"dateModified\":\"2023-12-15T08:36:31+00:00\",\"description\":\"Durante la Semana de la Cultura Empresarial 2023, Marca Corona recibe a las escuelas locales durante 2 d\u00edas de talleres con el artista Stefano Arienti\",\"breadcrumb\":{\"@id\":\"https:\/\/www.galleriamarcacorona.com\/es\/marca-corona-se-reune-con-las-escuelas-locales-para-la-semana-de-la-cultura-empresarial-2023-en-colaboracion-con-stefano-arienti\/#breadcrumb\"},\"inLanguage\":\"es\",\"potentialAction\":[{\"@type\":\"ReadAction\",\"target\":[\"https:\/\/www.galleriamarcacorona.com\/es\/marca-corona-se-reune-con-las-escuelas-locales-para-la-semana-de-la-cultura-empresarial-2023-en-colaboracion-con-stefano-arienti\/\"]}]},{\"@type\":\"BreadcrumbList\",\"@id\":\"https:\/\/www.galleriamarcacorona.com\/es\/marca-corona-se-reune-con-las-escuelas-locales-para-la-semana-de-la-cultura-empresarial-2023-en-colaboracion-con-stefano-arienti\/#breadcrumb\",\"itemListElement\":[{\"@type\":\"ListItem\",\"position\":1,\"name\":\"Home\",\"item\":\"https:\/\/www.galleriamarcacorona.com\/es\/\"},{\"@type\":\"ListItem\",\"position\":2,\"name\":\"Marca Corona se re\u00fane con las escuelas locales para la Semana de la Cultura Empresarial 2023, en colaboraci\u00f3n con Stefano Arienti\"}]},{\"@type\":\"WebSite\",\"@id\":\"https:\/\/www.galleriamarcacorona.com\/es\/#website\",\"url\":\"https:\/\/www.galleriamarcacorona.com\/es\/\",\"name\":\"Galleria Marca Corona\",\"description\":\"\",\"publisher\":{\"@id\":\"https:\/\/www.galleriamarcacorona.com\/es\/#organization\"},\"potentialAction\":[{\"@type\":\"SearchAction\",\"target\":{\"@type\":\"EntryPoint\",\"urlTemplate\":\"https:\/\/www.galleriamarcacorona.com\/es\/?s={search_term_string}\"},\"query-input\":\"required name=search_term_string\"}],\"inLanguage\":\"es\"},{\"@type\":\"Organization\",\"@id\":\"https:\/\/www.galleriamarcacorona.com\/es\/#organization\",\"name\":\"Galleria Marca Corona\",\"url\":\"https:\/\/www.galleriamarcacorona.com\/es\/\",\"logo\":{\"@type\":\"ImageObject\",\"inLanguage\":\"es\",\"@id\":\"https:\/\/www.galleriamarcacorona.com\/es\/#\/schema\/logo\/image\/\",\"url\":\"https:\/\/www.galleriamarcacorona.com\/wp-content\/uploads\/2023\/05\/mc-galleria-logo-rgb-3200px.png\",\"contentUrl\":\"https:\/\/www.galleriamarcacorona.com\/wp-content\/uploads\/2023\/05\/mc-galleria-logo-rgb-3200px.png\",\"width\":3200,\"height\":1112,\"caption\":\"Galleria Marca Corona\"},\"image\":{\"@id\":\"https:\/\/www.galleriamarcacorona.com\/es\/#\/schema\/logo\/image\/\"}},{\"@type\":\"Person\",\"@id\":\"https:\/\/www.galleriamarcacorona.com\/es\/#\/schema\/person\/9854f3650eab7e4334e66d22de09296a\",\"name\":\"admin\",\"image\":{\"@type\":\"ImageObject\",\"inLanguage\":\"es\",\"@id\":\"https:\/\/www.galleriamarcacorona.com\/es\/#\/schema\/person\/image\/\",\"url\":\"https:\/\/secure.gravatar.com\/avatar\/45e04a838bba17ec5b51186bc6740fa4?s=96&d=mm&r=g\",\"contentUrl\":\"https:\/\/secure.gravatar.com\/avatar\/45e04a838bba17ec5b51186bc6740fa4?s=96&d=mm&r=g\",\"caption\":\"admin\"},\"sameAs\":[\"http:\/\/www.galleriamarcacorona.com\"],\"url\":\"https:\/\/www.galleriamarcacorona.com\/es\/author\/admin\/\"}]}<\/script>\n<!-- \/ Yoast SEO plugin. -->","yoast_head_json":{"title":"Marca Corona se re\u00fane con las escuelas locales para la Semana de la Cultura Empresarial 2023, en colaboraci\u00f3n con Stefano Arienti - Galleria Marca Corona","description":"Durante la Semana de la Cultura Empresarial 2023, Marca Corona recibe a las escuelas locales durante 2 d\u00edas de talleres con el artista Stefano Arienti","robots":{"index":"index","follow":"follow","max-snippet":"max-snippet:-1","max-image-preview":"max-image-preview:large","max-video-preview":"max-video-preview:-1"},"canonical":"https:\/\/www.galleriamarcacorona.com\/es\/marca-corona-se-reune-con-las-escuelas-locales-para-la-semana-de-la-cultura-empresarial-2023-en-colaboracion-con-stefano-arienti\/","og_locale":"es_ES","og_type":"article","og_title":"Marca Corona se re\u00fane con las escuelas locales para la Semana de la Cultura Empresarial 2023, en colaboraci\u00f3n con Stefano Arienti - Galleria Marca Corona","og_description":"Durante la Semana de la Cultura Empresarial 2023, Marca Corona recibe a las escuelas locales durante 2 d\u00edas de talleres con el artista Stefano Arienti","og_url":"https:\/\/www.galleriamarcacorona.com\/es\/marca-corona-se-reune-con-las-escuelas-locales-para-la-semana-de-la-cultura-empresarial-2023-en-colaboracion-con-stefano-arienti\/","og_site_name":"Galleria Marca Corona","article_published_time":"2023-12-15T08:05:20+00:00","article_modified_time":"2023-12-15T08:36:31+00:00","og_image":[{"width":1300,"height":800,"url":"https:\/\/www.galleriamarcacorona.com\/wp-content\/uploads\/2023\/12\/1_NTaq5KE.jpg","type":"image\/jpeg"}],"author":"admin","twitter_card":"summary_large_image","twitter_misc":{"Escrito por":"admin","Tiempo de lectura":"5 minutos"},"schema":{"@context":"https:\/\/schema.org","@graph":[{"@type":"Article","@id":"https:\/\/www.galleriamarcacorona.com\/es\/marca-corona-se-reune-con-las-escuelas-locales-para-la-semana-de-la-cultura-empresarial-2023-en-colaboracion-con-stefano-arienti\/#article","isPartOf":{"@id":"https:\/\/www.galleriamarcacorona.com\/es\/marca-corona-se-reune-con-las-escuelas-locales-para-la-semana-de-la-cultura-empresarial-2023-en-colaboracion-con-stefano-arienti\/"},"author":{"name":"admin","@id":"https:\/\/www.galleriamarcacorona.com\/es\/#\/schema\/person\/9854f3650eab7e4334e66d22de09296a"},"headline":"Marca Corona se re\u00fane con las escuelas locales para la Semana de la Cultura Empresarial 2023, en colaboraci\u00f3n con Stefano Arienti","datePublished":"2023-12-15T08:05:20+00:00","dateModified":"2023-12-15T08:36:31+00:00","mainEntityOfPage":{"@id":"https:\/\/www.galleriamarcacorona.com\/es\/marca-corona-se-reune-con-las-escuelas-locales-para-la-semana-de-la-cultura-empresarial-2023-en-colaboracion-con-stefano-arienti\/"},"wordCount":844,"commentCount":0,"publisher":{"@id":"https:\/\/www.galleriamarcacorona.com\/es\/#organization"},"articleSection":["Sin categorizar"],"inLanguage":"es","potentialAction":[{"@type":"CommentAction","name":"Comment","target":["https:\/\/www.galleriamarcacorona.com\/es\/marca-corona-se-reune-con-las-escuelas-locales-para-la-semana-de-la-cultura-empresarial-2023-en-colaboracion-con-stefano-arienti\/#respond"]}]},{"@type":"WebPage","@id":"https:\/\/www.galleriamarcacorona.com\/es\/marca-corona-se-reune-con-las-escuelas-locales-para-la-semana-de-la-cultura-empresarial-2023-en-colaboracion-con-stefano-arienti\/","url":"https:\/\/www.galleriamarcacorona.com\/es\/marca-corona-se-reune-con-las-escuelas-locales-para-la-semana-de-la-cultura-empresarial-2023-en-colaboracion-con-stefano-arienti\/","name":"Marca Corona se re\u00fane con las escuelas locales para la Semana de la Cultura Empresarial 2023, en colaboraci\u00f3n con Stefano Arienti - Galleria Marca Corona","isPartOf":{"@id":"https:\/\/www.galleriamarcacorona.com\/es\/#website"},"datePublished":"2023-12-15T08:05:20+00:00","dateModified":"2023-12-15T08:36:31+00:00","description":"Durante la Semana de la Cultura Empresarial 2023, Marca Corona recibe a las escuelas locales durante 2 d\u00edas de talleres con el artista Stefano Arienti","breadcrumb":{"@id":"https:\/\/www.galleriamarcacorona.com\/es\/marca-corona-se-reune-con-las-escuelas-locales-para-la-semana-de-la-cultura-empresarial-2023-en-colaboracion-con-stefano-arienti\/#breadcrumb"},"inLanguage":"es","potentialAction":[{"@type":"ReadAction","target":["https:\/\/www.galleriamarcacorona.com\/es\/marca-corona-se-reune-con-las-escuelas-locales-para-la-semana-de-la-cultura-empresarial-2023-en-colaboracion-con-stefano-arienti\/"]}]},{"@type":"BreadcrumbList","@id":"https:\/\/www.galleriamarcacorona.com\/es\/marca-corona-se-reune-con-las-escuelas-locales-para-la-semana-de-la-cultura-empresarial-2023-en-colaboracion-con-stefano-arienti\/#breadcrumb","itemListElement":[{"@type":"ListItem","position":1,"name":"Home","item":"https:\/\/www.galleriamarcacorona.com\/es\/"},{"@type":"ListItem","position":2,"name":"Marca Corona se re\u00fane con las escuelas locales para la Semana de la Cultura Empresarial 2023, en colaboraci\u00f3n con Stefano Arienti"}]},{"@type":"WebSite","@id":"https:\/\/www.galleriamarcacorona.com\/es\/#website","url":"https:\/\/www.galleriamarcacorona.com\/es\/","name":"Galleria Marca Corona","description":"","publisher":{"@id":"https:\/\/www.galleriamarcacorona.com\/es\/#organization"},"potentialAction":[{"@type":"SearchAction","target":{"@type":"EntryPoint","urlTemplate":"https:\/\/www.galleriamarcacorona.com\/es\/?s={search_term_string}"},"query-input":"required name=search_term_string"}],"inLanguage":"es"},{"@type":"Organization","@id":"https:\/\/www.galleriamarcacorona.com\/es\/#organization","name":"Galleria Marca Corona","url":"https:\/\/www.galleriamarcacorona.com\/es\/","logo":{"@type":"ImageObject","inLanguage":"es","@id":"https:\/\/www.galleriamarcacorona.com\/es\/#\/schema\/logo\/image\/","url":"https:\/\/www.galleriamarcacorona.com\/wp-content\/uploads\/2023\/05\/mc-galleria-logo-rgb-3200px.png","contentUrl":"https:\/\/www.galleriamarcacorona.com\/wp-content\/uploads\/2023\/05\/mc-galleria-logo-rgb-3200px.png","width":3200,"height":1112,"caption":"Galleria Marca Corona"},"image":{"@id":"https:\/\/www.galleriamarcacorona.com\/es\/#\/schema\/logo\/image\/"}},{"@type":"Person","@id":"https:\/\/www.galleriamarcacorona.com\/es\/#\/schema\/person\/9854f3650eab7e4334e66d22de09296a","name":"admin","image":{"@type":"ImageObject","inLanguage":"es","@id":"https:\/\/www.galleriamarcacorona.com\/es\/#\/schema\/person\/image\/","url":"https:\/\/secure.gravatar.com\/avatar\/45e04a838bba17ec5b51186bc6740fa4?s=96&d=mm&r=g","contentUrl":"https:\/\/secure.gravatar.com\/avatar\/45e04a838bba17ec5b51186bc6740fa4?s=96&d=mm&r=g","caption":"admin"},"sameAs":["http:\/\/www.galleriamarcacorona.com"],"url":"https:\/\/www.galleriamarcacorona.com\/es\/author\/admin\/"}]}},"_links":{"self":[{"href":"https:\/\/www.galleriamarcacorona.com\/es\/wp-json\/wp\/v2\/posts\/6741"}],"collection":[{"href":"https:\/\/www.galleriamarcacorona.com\/es\/wp-json\/wp\/v2\/posts"}],"about":[{"href":"https:\/\/www.galleriamarcacorona.com\/es\/wp-json\/wp\/v2\/types\/post"}],"author":[{"embeddable":true,"href":"https:\/\/www.galleriamarcacorona.com\/es\/wp-json\/wp\/v2\/users\/1"}],"replies":[{"embeddable":true,"href":"https:\/\/www.galleriamarcacorona.com\/es\/wp-json\/wp\/v2\/comments?post=6741"}],"version-history":[{"count":6,"href":"https:\/\/www.galleriamarcacorona.com\/es\/wp-json\/wp\/v2\/posts\/6741\/revisions"}],"predecessor-version":[{"id":6767,"href":"https:\/\/www.galleriamarcacorona.com\/es\/wp-json\/wp\/v2\/posts\/6741\/revisions\/6767"}],"wp:featuredmedia":[{"embeddable":true,"href":"https:\/\/www.galleriamarcacorona.com\/es\/wp-json\/wp\/v2\/media\/6688"}],"wp:attachment":[{"href":"https:\/\/www.galleriamarcacorona.com\/es\/wp-json\/wp\/v2\/media?parent=6741"}],"wp:term":[{"taxonomy":"category","embeddable":true,"href":"https:\/\/www.galleriamarcacorona.com\/es\/wp-json\/wp\/v2\/categories?post=6741"},{"taxonomy":"post_tag","embeddable":true,"href":"https:\/\/www.galleriamarcacorona.com\/es\/wp-json\/wp\/v2\/tags?post=6741"}],"curies":[{"name":"wp","href":"https:\/\/api.w.org\/{rel}","templated":true}]}}