{"id":10269,"date":"2025-02-13T06:54:59","date_gmt":"2025-02-13T06:54:59","guid":{"rendered":"https:\/\/www.galleriamarcacorona.com\/?p=10269"},"modified":"2025-02-17T07:21:17","modified_gmt":"2025-02-17T07:21:17","slug":"apres-art-city-2025-bologna-les-moments-forts-de-cette-edition-avec-marca-corona-per-larte","status":"publish","type":"post","link":"https:\/\/www.galleriamarcacorona.com\/fr\/apres-art-city-2025-bologna-les-moments-forts-de-cette-edition-avec-marca-corona-per-larte\/","title":{"rendered":"Apr\u00e8s Art City 2025 Bologna. Les moments forts de cette \u00e9dition avec Marca Corona per l\u2019Arte"},"content":{"rendered":"\t\t<div data-elementor-type=\"wp-post\" data-elementor-id=\"10269\" class=\"elementor elementor-10269 elementor-10168\" data-elementor-post-type=\"post\">\n\t\t\t\t\t\t\t\t\t<section class=\"elementor-section elementor-top-section elementor-element elementor-element-ab9693d elementor-section-boxed elementor-section-height-default elementor-section-height-default\" data-id=\"ab9693d\" data-element_type=\"section\">\n\t\t\t\t\t\t<div class=\"elementor-container elementor-column-gap-default\">\n\t\t\t\t\t<div class=\"elementor-column elementor-col-100 elementor-top-column elementor-element elementor-element-a2e4e67\" data-id=\"a2e4e67\" data-element_type=\"column\">\n\t\t\t<div class=\"elementor-widget-wrap elementor-element-populated\">\n\t\t\t\t\t\t\t\t<div class=\"elementor-element elementor-element-0622c21 elementor-widget elementor-widget-text-editor\" data-id=\"0622c21\" data-element_type=\"widget\" data-widget_type=\"text-editor.default\">\n\t\t\t\t<div class=\"elementor-widget-container\">\n\t\t\t<style>\/*! elementor - v3.14.0 - 26-06-2023 *\/\n.elementor-widget-text-editor.elementor-drop-cap-view-stacked .elementor-drop-cap{background-color:#69727d;color:#fff}.elementor-widget-text-editor.elementor-drop-cap-view-framed .elementor-drop-cap{color:#69727d;border:3px solid;background-color:transparent}.elementor-widget-text-editor:not(.elementor-drop-cap-view-default) .elementor-drop-cap{margin-top:8px}.elementor-widget-text-editor:not(.elementor-drop-cap-view-default) .elementor-drop-cap-letter{width:1em;height:1em}.elementor-widget-text-editor .elementor-drop-cap{float:left;text-align:center;line-height:1;font-size:50px}.elementor-widget-text-editor .elementor-drop-cap-letter{display:inline-block}<\/style>\t\t\t\t<p>Le\u00a0<strong>week-end d\u2019Art City 2025 Bologna<\/strong>, l\u2019<b>\u00e9v\u00e9nement d\u00e9di\u00e9 \u00e0 l\u2019art\u00a0<\/b>sous toutes ses formes vient de s\u2019achever et, cette ann\u00e9e encore, il a\u00a0<b>envahi les lieux de la culture urbaine<\/b>\u00a0en accueillant un large public de passionn\u00e9s.<\/p><p><a href=\"https:\/\/www.galleriamarcacorona.com\/fr\/marca-corona-pour-lart\/\" rel=\"noopener\">Jamais deux sans trois<\/a>,<b>\u00a0Marca Corona per l\u2019Arte<\/b>\u00a0ne pouvait pas passer outre ce rendez-vous avec sa\u00a0<b>proposition d\u2019activit\u00e9s<\/b>, r\u00e9parties sur les\u00a0<b>journ\u00e9es du vendredi\u00a07\u00a0f\u00e9vrier, samedi\u00a08\u00a0f\u00e9vrier et dimanche\u00a09\u00a0f\u00e9vrier<\/b>.<\/p><p>Dans cet\u00a0<b>incroyable appel \u00e0 l\u2019art<\/b>\u00a0qui a accompagn\u00e9 une \u00e9dition 2025 d\u2019Art City Bologna tr\u00e8s ambitieuse, nous avons choisi d\u2019<b>\u00e9largir les perspectives<\/b>\u00a0et de privil\u00e9gier une diffusion de th\u00e8mes li\u00e9s entre eux\u00a0:\u00a0<b>dessin, cin\u00e9ma, architecture, r\u00e9g\u00e9n\u00e9ration urbaine et innovation<\/b>.<\/p><p>Le tout avec des experts du secteur et des artistes qui ont ouvert leur\u00a0<b>coffre \u00e0 exp\u00e9riences et r\u00e9alisations<\/b>, en dialoguant avec les personnes et en racontant comment la\u00a0<b>vision<\/b>\u00a0reste le moteur pour cr\u00e9er\u00a0<b>la collectivit\u00e9, la participation et le changement<\/b>.<\/p><p>D\u00e9couvrons donc les\u00a0<b>moments forts de cette fin de semaine de Marca Corona per l\u2019Arte et Art City Bologna 2025<\/b>, en contemplant, en paroles et en images, tout ce qui s\u2019est pass\u00e9 au\u00a0<b>Th\u00e9\u00e2tre San Leonardo<\/b>\u00a0de Bologne.<\/p>\t\t\t\t\t\t<\/div>\n\t\t\t\t<\/div>\n\t\t\t\t\t<\/div>\n\t\t<\/div>\n\t\t\t\t\t\t\t<\/div>\n\t\t<\/section>\n\t\t\t\t<section class=\"elementor-section elementor-top-section elementor-element elementor-element-2fc02fa elementor-section-boxed elementor-section-height-default elementor-section-height-default\" data-id=\"2fc02fa\" data-element_type=\"section\">\n\t\t\t\t\t\t<div class=\"elementor-container elementor-column-gap-default\">\n\t\t\t\t\t<div class=\"elementor-column elementor-col-100 elementor-top-column elementor-element elementor-element-922c37a\" data-id=\"922c37a\" data-element_type=\"column\">\n\t\t\t<div class=\"elementor-widget-wrap elementor-element-populated\">\n\t\t\t\t\t\t\t\t<div class=\"elementor-element elementor-element-6bcf4af elementor-widget elementor-widget-heading\" data-id=\"6bcf4af\" data-element_type=\"widget\" data-widget_type=\"heading.default\">\n\t\t\t\t<div class=\"elementor-widget-container\">\n\t\t\t<style>\/*! elementor - v3.14.0 - 26-06-2023 *\/\n.elementor-heading-title{padding:0;margin:0;line-height:1}.elementor-widget-heading .elementor-heading-title[class*=elementor-size-]>a{color:inherit;font-size:inherit;line-height:inherit}.elementor-widget-heading .elementor-heading-title.elementor-size-small{font-size:15px}.elementor-widget-heading .elementor-heading-title.elementor-size-medium{font-size:19px}.elementor-widget-heading .elementor-heading-title.elementor-size-large{font-size:29px}.elementor-widget-heading .elementor-heading-title.elementor-size-xl{font-size:39px}.elementor-widget-heading .elementor-heading-title.elementor-size-xxl{font-size:59px}<\/style><h3 class=\"elementor-heading-title elementor-size-default\">Quand l\u2019architecture convertit la culture. Art City 2025 Bologna d\u00e9bute avec la conf\u00e9rence \u00ab R(i)esistere \u00bb<\/h3>\t\t<\/div>\n\t\t\t\t<\/div>\n\t\t\t\t<div class=\"elementor-element elementor-element-dffaa2c elementor-widget elementor-widget-text-editor\" data-id=\"dffaa2c\" data-element_type=\"widget\" data-widget_type=\"text-editor.default\">\n\t\t\t\t<div class=\"elementor-widget-container\">\n\t\t\t\t\t\t\t<p>Au cours de la premi\u00e8re journ\u00e9e \u00e0 Art City Bologna, nous avons donn\u00e9 le coup d\u2019envoi de nos actions avec la conf\u00e9rence\u00a0<strong>\u00ab\u00a0R(i)esistere. Quando l\u2019architettura converte la cultura\u00a0\u00bb<\/strong>.<\/p><p>Gr\u00e2ce \u00e0 diverses interventions, l\u2019\u00e9v\u00e9nement a approfondi le r\u00f4le de\u00a0<b>l\u2019art, de l\u2019architecture, de la culture et de l\u2019innovation dans la r\u00e9g\u00e9n\u00e9ration de l\u2019espace urbain<\/b>.<\/p><p>Dans un monde en constante \u00e9volution, ces espaces ont une influence sur\u00a0<b>la mani\u00e8re dont nous vivons les espaces<\/b>, en modelant les villes et en impactant la soci\u00e9t\u00e9. \u00c0 partir de l\u00e0, la culture se manifeste comme un \u00e9cosyst\u00e8me dans lequel\u00a0<b>la cr\u00e9ativit\u00e9, la technologie et la participation collective<\/b>\u00a0se croisent, cr\u00e9ant de\u00a0<b>nouvelles formes de langage et d\u2019interpr\u00e9tation de la r\u00e9alit\u00e9<\/b>.<\/p><p>Dans les diverses discussions qui se sont succ\u00e9d\u00e9, les participants ont pu interagir dans des d\u00e9bats sur les\u00a0<b>transformations des villes<\/b>, l\u2019<b>\u00e9volution de l\u2019art et de l\u2019architecture<\/b>\u00a0dans ce contexte, la mani\u00e8re dont ces \u00e9l\u00e9ments peuvent devenir des\u00a0<b>outils essentiels pour red\u00e9finir la relation entre l\u2019individu, la collectivit\u00e9 et la nature<\/b>.<\/p><p>\u00c9taient pr\u00e9sents avec nous sur sc\u00e8ne\u00a0:\u00a0<\/p><ul><li><b>Maurizio Cilli<\/b>,\u00a0<b>artiste et architecte<\/b> qui oriente ses recherches vers les th\u00e8mes de la culture du projet, de l\u2019habitat et l\u2019application des arts civiques en tant que pratiques dans les processus cr\u00e9atifs urbains et territoriaux.<\/li><li><b>Emanuel Ingrao, innovateur social, entrepreneur et conseiller strat\u00e9gique<\/b>, directeur de Shifton &#8211; cabinet sp\u00e9cialis\u00e9 dans les pratiques de design pour l\u2019innovation sociale &#8211; et co-fondateur de la Milano Painting Academy.<\/li><li><b>Giada Crispiels, artiste visuelle, membre du conseil d\u2019administration de Trans Europe Halles<\/b> \u2013\u00a0r\u00e9seau de centres culturels europ\u00e9ens\u00a0\u2013 et experte en management culturel pour la promotion de l\u2019art comme outil d\u2019int\u00e9gration des communaut\u00e9s.<\/li><li><b>Alessandra Pioselli<\/b>,<b>\u00a0critique d\u2019art, conservatrice, professeur et autrice\u00a0<\/b>du livre \u00ab L\u2019arte nello spazio urbano \u00bb, qui a \u00e9t\u00e9 un des th\u00e8mes principaux de notre conf\u00e9rence \u00ab R(i)esistere \u00bb \u00e0 travers le d\u00e9bat \u00ab L\u2019arte rigenera l\u2019architettura? \u00bb.<\/li><li><b>Laura Ragazzola,<\/b>\u00a0<b>journaliste et architecte<\/b> ; dans son intervention, elle a approfondi des aspects comme la durabilit\u00e9 et l\u2019impact environnemental, avec une attention particuli\u00e8re aux projets des pays nordiques et en passant en revue l\u2019approche innovante de Bjarke Ingels.<\/li><li><b>Andrea Mastrovito, artiste et r\u00e9alisateur<\/b>, connu pour son approche pluridisciplinaire et innovante. Dans sa recherche, il explore des th\u00e8mes comme la m\u00e9moire et la culture populaire, le temps et l\u2019espace, la r\u00e9alit\u00e9 et la fiction, avec un regard sur la soci\u00e9t\u00e9 contemporaine.<\/li><li><b>Guido Incerti,\u00a0<\/b>architecte et animateur de la conf\u00e9rence, avec la participation de\u00a0<b>Lelio Poncemi<\/b>, AD Marca Corona,\u00a0<b>Marco Filippucci<\/b>, Pr\u00e9sident de l\u2019Ordre des architectes de Bologne et\u00a0<b>Wladimiro Bendandi,<\/b>\u00a0Pr\u00e9sident de ADI, D\u00e9l\u00e9gation \u00c9milie-Romagne.\u00a0<\/li><\/ul>\t\t\t\t\t\t<\/div>\n\t\t\t\t<\/div>\n\t\t\t\t\t<\/div>\n\t\t<\/div>\n\t\t\t\t\t\t\t<\/div>\n\t\t<\/section>\n\t\t\t\t<section class=\"elementor-section elementor-top-section elementor-element elementor-element-2be1de1 elementor-section-boxed elementor-section-height-default elementor-section-height-default\" data-id=\"2be1de1\" data-element_type=\"section\">\n\t\t\t\t\t\t<div class=\"elementor-container elementor-column-gap-default\">\n\t\t\t\t\t<div class=\"elementor-column elementor-col-100 elementor-top-column elementor-element elementor-element-cb1c80f\" data-id=\"cb1c80f\" data-element_type=\"column\">\n\t\t\t<div class=\"elementor-widget-wrap elementor-element-populated\">\n\t\t\t\t\t\t\t\t<div class=\"elementor-element elementor-element-c6aaaa4 elementor-widget elementor-widget-video\" data-id=\"c6aaaa4\" data-element_type=\"widget\" data-settings=\"{&quot;youtube_url&quot;:&quot;https:\\\/\\\/youtu.be\\\/YSyYYW9vLII&quot;,&quot;yt_privacy&quot;:&quot;yes&quot;,&quot;video_type&quot;:&quot;youtube&quot;}\" data-widget_type=\"video.default\">\n\t\t\t\t<div class=\"elementor-widget-container\">\n\t\t\t<style>\/*! elementor - v3.14.0 - 26-06-2023 *\/\n.elementor-widget-video .elementor-widget-container{overflow:hidden;transform:translateZ(0)}.elementor-widget-video .elementor-wrapper{aspect-ratio:var(--video-aspect-ratio)}.elementor-widget-video .elementor-wrapper iframe,.elementor-widget-video .elementor-wrapper video{height:100%;width:100%;display:flex;border:none;background-color:#000}@supports not (aspect-ratio:1\/1){.elementor-widget-video .elementor-wrapper{position:relative;overflow:hidden;height:0;padding-bottom:calc(100% \/ var(--video-aspect-ratio))}.elementor-widget-video .elementor-wrapper iframe,.elementor-widget-video .elementor-wrapper video{position:absolute;top:0;right:0;bottom:0;left:0}}.elementor-widget-video .elementor-open-inline .elementor-custom-embed-image-overlay{position:absolute;top:0;left:0;width:100%;height:100%;background-size:cover;background-position:50%}.elementor-widget-video .elementor-custom-embed-image-overlay{cursor:pointer;text-align:center}.elementor-widget-video .elementor-custom-embed-image-overlay:hover .elementor-custom-embed-play i{opacity:1}.elementor-widget-video .elementor-custom-embed-image-overlay img{display:block;width:100%}.elementor-widget-video .e-hosted-video .elementor-video{-o-object-fit:cover;object-fit:cover}.e-con-inner>.elementor-widget-video,.e-con>.elementor-widget-video{width:var(--container-widget-width);--flex-grow:var(--container-widget-flex-grow)}<\/style>\t\t<div class=\"elementor-wrapper elementor-open-inline\">\n\t\t\t<div class=\"elementor-video\"><\/div>\t\t<\/div>\n\t\t\t\t<\/div>\n\t\t\t\t<\/div>\n\t\t\t\t\t<\/div>\n\t\t<\/div>\n\t\t\t\t\t\t\t<\/div>\n\t\t<\/section>\n\t\t\t\t<section class=\"elementor-section elementor-top-section elementor-element elementor-element-93e4282 elementor-section-boxed elementor-section-height-default elementor-section-height-default\" data-id=\"93e4282\" data-element_type=\"section\">\n\t\t\t\t\t\t<div class=\"elementor-container elementor-column-gap-default\">\n\t\t\t\t\t<div class=\"elementor-column elementor-col-100 elementor-top-column elementor-element elementor-element-294f39a\" data-id=\"294f39a\" data-element_type=\"column\">\n\t\t\t<div class=\"elementor-widget-wrap elementor-element-populated\">\n\t\t\t\t\t\t\t\t<div class=\"elementor-element elementor-element-347f9a3 elementor-widget elementor-widget-heading\" data-id=\"347f9a3\" data-element_type=\"widget\" data-widget_type=\"heading.default\">\n\t\t\t\t<div class=\"elementor-widget-container\">\n\t\t\t<h3 class=\"elementor-heading-title elementor-size-default\">La premi\u00e8re soir\u00e9e d\u2019Art City Bologna 2025 a vu la remise du prix Marca Corona d\u00e9di\u00e9 aux jeunes talents de l\u2019art contemporain<\/h3>\t\t<\/div>\n\t\t\t\t<\/div>\n\t\t\t\t<div class=\"elementor-element elementor-element-33a634b elementor-widget elementor-widget-text-editor\" data-id=\"33a634b\" data-element_type=\"widget\" data-widget_type=\"text-editor.default\">\n\t\t\t\t<div class=\"elementor-widget-container\">\n\t\t\t\t\t\t\t<p>Le rendez-vous de vendredi s\u2019est poursuivi dans la\u00a0<b>soir\u00e9e<\/b>\u00a0avec la c\u00e9r\u00e9monie du\u00a0<a href=\"https:\/\/www.galleriamarcacorona.com\/fr\/prix-marca-corona-2024-2025-mcm-minimo-comune-multiplo-processus-multiplicateurs\/\" rel=\"noopener\">Prix Marca Corona<\/a>\u00a0d\u00e9di\u00e9 aux\u00a0<b>jeunes talents \u00e9mergents<\/b>.<\/p><p>D\u00e9sormais \u00e0 la 3<sup>\u00e8<\/sup>\u00a0\u00e9dition, le concours s\u2019est inspir\u00e9 cette ann\u00e9e de l\u2019\u0153uvre et de l\u2019<a href=\"https:\/\/www.galleriamarcacorona.com\/fr\/andrea-mastrovito-minimo-comune-multiplo\/\" target=\"_blank\" rel=\"noopener\">exposition d\u2019Andrea Mastrovito<\/a>, intitul\u00e9e<b>\u00a0<\/b>\u00ab\u00a0<b>MCm\u00a0: Minimo Comune multiplo &#8211; processi moltiplicativi<\/b>\u00a0\u00bb.<\/p><p>Le th\u00e8me choisi c\u00e9l\u00e8bre la dimension pluridisciplinaire et l\u2019inclusion, en s\u2019inspirant de la recherche permanente de signification et des techniques innovantes appliqu\u00e9es par l\u2019artiste.<\/p>\t\t\t\t\t\t<\/div>\n\t\t\t\t<\/div>\n\t\t\t\t\t<\/div>\n\t\t<\/div>\n\t\t\t\t\t\t\t<\/div>\n\t\t<\/section>\n\t\t\t\t<section class=\"elementor-section elementor-top-section elementor-element elementor-element-8a1359e elementor-section-boxed elementor-section-height-default elementor-section-height-default\" data-id=\"8a1359e\" data-element_type=\"section\">\n\t\t\t\t\t\t<div class=\"elementor-container elementor-column-gap-default\">\n\t\t\t\t\t<div class=\"elementor-column elementor-col-100 elementor-top-column elementor-element elementor-element-b2a5d32\" data-id=\"b2a5d32\" data-element_type=\"column\">\n\t\t\t<div class=\"elementor-widget-wrap elementor-element-populated\">\n\t\t\t\t\t\t<div class=\"elementor-element elementor-element-c8b323d e-flex e-con-boxed e-con\" data-id=\"c8b323d\" data-element_type=\"container\" data-settings=\"{&quot;background_background&quot;:&quot;classic&quot;,&quot;content_width&quot;:&quot;boxed&quot;}\">\n\t\t\t\t\t<div class=\"e-con-inner\">\n\t\t<div class=\"elementor-element elementor-element-1b10819 e-flex e-con-boxed e-con\" data-id=\"1b10819\" data-element_type=\"container\" data-settings=\"{&quot;content_width&quot;:&quot;boxed&quot;}\">\n\t\t\t\t\t<div class=\"e-con-inner\">\n\t\t<div class=\"elementor-element elementor-element-2c263df e-flex e-con-boxed e-con\" data-id=\"2c263df\" data-element_type=\"container\" data-settings=\"{&quot;content_width&quot;:&quot;boxed&quot;}\">\n\t\t\t\t\t<div class=\"e-con-inner\">\n\t\t\t\t<div class=\"elementor-element elementor-element-17f946b elementor-widget elementor-widget-text-editor\" data-id=\"17f946b\" data-element_type=\"widget\" data-widget_type=\"text-editor.default\">\n\t\t\t\t<div class=\"elementor-widget-container\">\n\t\t\t\t\t\t\t<p>Entre autres objectifs, le concours vise \u00e0\u00a0<b>accro\u00eetre les opportunit\u00e9s de visibilit\u00e9 et d\u2019\u00e9mancipation des jeunes talents de moins de 35\u00a0ans<\/b>, en encourageant des\u00a0<b>nouveaux langages et de nouvelles influences<\/b>\u00a0pour englober l\u2019union renouvel\u00e9e entre cr\u00e9ativit\u00e9, entreprise et art contemporain.<\/p><p>Le\u00a0<b>jury<\/b>\u00a0d\u2019honneur charg\u00e9 d\u2019examiner les travaux \u00e9tait compos\u00e9 de\u00a0:<\/p><ul><li><b>Andrea Mastrovito<\/b>\u00a0&#8211; artiste, pr\u00e9sident du jury<\/li><li><b>Ilaria Bernardi<\/b>\u00a0&#8211; conservatrice<\/li><li><b>Giulia Ronchi<\/b>\u00a0&#8211; directrice d\u2019Exibart<\/li><li><b>Lorenzo Madaro<\/b>\u00a0&#8211; conservateur et professeur titulaire d\u2019histoire de l\u2019art contemporain \u00e0 l\u2019Acad\u00e9mie des Beaux-arts de Brera<\/li><\/ul><ul><li><b>Tommaso Guerini<\/b>\u00a0&#8211; collectionneur<\/li><li><b>Simone Gheduzzi<\/b>\u00a0&#8211; architecte et cr\u00e9ateur de l\u2019espace d\u2019art contemporain PIETRO, \u00e0 Bologne<\/li><li><b>Sara Zambon<\/b>\u00a0&#8211; PDG de\u00a0<a href=\"https:\/\/rp4art.com\/\" target=\"_blank\" rel=\"noopener\">R&amp;P Contemporary Art<\/a><\/li><li><b>Luca Fiandri\u00a0<\/b>&#8211; responsable R&amp;D Marca Corona<\/li><li><b>Mariachiara Russo<\/b>\u00a0&#8211; product manager Marca Corona<\/li><\/ul>\t\t\t\t\t\t<\/div>\n\t\t\t\t<\/div>\n\t\t\t\t\t<\/div>\n\t\t\t\t<\/div>\n\t\t\t\t\t<\/div>\n\t\t\t\t<\/div>\n\t\t<div class=\"elementor-element elementor-element-eb73c1d elementor-hidden-mobile e-flex e-con-boxed e-con\" data-id=\"eb73c1d\" data-element_type=\"container\" data-settings=\"{&quot;content_width&quot;:&quot;boxed&quot;}\">\n\t\t\t\t\t<div class=\"e-con-inner\">\n\t\t\t\t<div class=\"elementor-element elementor-element-060be18 elementor-hidden-mobile elementor-widget elementor-widget-image\" data-id=\"060be18\" data-element_type=\"widget\" data-widget_type=\"image.default\">\n\t\t\t\t<div class=\"elementor-widget-container\">\n\t\t\t<style>\/*! elementor - v3.14.0 - 26-06-2023 *\/\n.elementor-widget-image{text-align:center}.elementor-widget-image a{display:inline-block}.elementor-widget-image a img[src$=\".svg\"]{width:48px}.elementor-widget-image img{vertical-align:middle;display:inline-block}<\/style>\t\t\t\t\t\t\t\t\t\t\t\t<img decoding=\"async\" width=\"1300\" height=\"971\" src=\"https:\/\/www.galleriamarcacorona.com\/wp-content\/uploads\/2025\/02\/3.jpg\" class=\"attachment-full size-full wp-image-10251\" alt=\"\" loading=\"lazy\" srcset=\"https:\/\/www.galleriamarcacorona.com\/wp-content\/uploads\/2025\/02\/3.jpg 1300w, https:\/\/www.galleriamarcacorona.com\/wp-content\/uploads\/2025\/02\/3-300x224.jpg 300w, https:\/\/www.galleriamarcacorona.com\/wp-content\/uploads\/2025\/02\/3-1024x765.jpg 1024w, https:\/\/www.galleriamarcacorona.com\/wp-content\/uploads\/2025\/02\/3-768x574.jpg 768w\" sizes=\"(max-width: 1300px) 100vw, 1300px\" \/>\t\t\t\t\t\t\t\t\t\t\t\t\t\t\t<\/div>\n\t\t\t\t<\/div>\n\t\t\t\t\t<\/div>\n\t\t\t\t<\/div>\n\t\t\t\t\t<\/div>\n\t\t\t\t<\/div>\n\t\t\t\t\t<\/div>\n\t\t<\/div>\n\t\t\t\t\t\t\t<\/div>\n\t\t<\/section>\n\t\t\t\t<section class=\"elementor-section elementor-top-section elementor-element elementor-element-e7d339f elementor-section-boxed elementor-section-height-default elementor-section-height-default\" data-id=\"e7d339f\" data-element_type=\"section\">\n\t\t\t\t\t\t<div class=\"elementor-container elementor-column-gap-default\">\n\t\t\t\t\t<div class=\"elementor-column elementor-col-100 elementor-top-column elementor-element elementor-element-3c202a7\" data-id=\"3c202a7\" data-element_type=\"column\">\n\t\t\t<div class=\"elementor-widget-wrap elementor-element-populated\">\n\t\t\t\t\t\t\t\t<div class=\"elementor-element elementor-element-cda93e2 elementor-widget elementor-widget-text-editor\" data-id=\"cda93e2\" data-element_type=\"widget\" data-widget_type=\"text-editor.default\">\n\t\t\t\t<div class=\"elementor-widget-container\">\n\t\t\t\t\t\t\t<p><b>Le Prix Marca Corona 2025<\/b>\u00a0a \u00e9t\u00e9 attribu\u00e9 \u00e0\u00a0<b>Lorenzo Gnata<\/b>\u00a0pour son\u00a0<b>projet \u00ab\u00a0Presenze intermittenti\u00a0\u00bb<\/b>\u00a0distingu\u00e9 par le jury pour\u00a0:<\/p><p><i>\u00ab\u00a0[&#8230;] une recherche m\u00e9ticuleuse sur le territoire et ses traditions entrepreneuriales, avec une attention particuli\u00e8re au mat\u00e9riel d\u2019archives. Un aspect important est le dialogue fort avec l\u2019\u0153uvre et les processus d\u2019Andrea Mastrovito dans l\u2019entreprise. Par ailleurs, l\u2019utilisation du concept de \u00ab\u00a0multiple unique\u00a0\u00bb et de module est particuli\u00e8rement int\u00e9ressant.\u00a0\u00bb<\/i><\/p><p>Lors de la remise du prix, l\u2019artiste a expliqu\u00e9 ainsi la\u00a0<b>gen\u00e8se de son \u0153uvre<\/b>\u00a0:<\/p><p><i>\u00ab\u00a0J\u2019ai \u00e9labor\u00e9 la proposition en partant d\u2019une image d\u2019archives suggestive trouv\u00e9e sur le site de l\u2019entreprise\u00a0: une jeune fille, pendant la Guerre, remplace les hommes envoy\u00e9s au front. C\u2019est une ouvri\u00e8re, elle-m\u00eame un plus petit commun multiple, un \u00e9l\u00e9ment petit, commun, mais capable de se d\u00e9multiplier et de sauver l\u2019entreprise pendant ces ann\u00e9es dramatiques.\u00a0<\/i><\/p><p><i>[&#8230;] C\u2019est un hommage \u00e0 l\u2019authenticit\u00e9 du minimum, du simple, de ce qui est commun, souvent presque \u00e9gal, mais qui sait aussi composer une communaut\u00e9 et dont la pr\u00e9sence, fondamentale, sert de v\u00e9ritable multiplicateur.\u00a0\u00bb<\/i><\/p>\t\t\t\t\t\t<\/div>\n\t\t\t\t<\/div>\n\t\t\t\t\t<\/div>\n\t\t<\/div>\n\t\t\t\t\t\t\t<\/div>\n\t\t<\/section>\n\t\t\t\t<section class=\"elementor-section elementor-top-section elementor-element elementor-element-92175fe elementor-section-boxed elementor-section-height-default elementor-section-height-default\" data-id=\"92175fe\" data-element_type=\"section\">\n\t\t\t\t\t\t<div class=\"elementor-container elementor-column-gap-default\">\n\t\t\t\t\t<div class=\"elementor-column elementor-col-100 elementor-top-column elementor-element elementor-element-33ab822\" data-id=\"33ab822\" data-element_type=\"column\">\n\t\t\t<div class=\"elementor-widget-wrap elementor-element-populated\">\n\t\t\t\t\t\t\t\t<div class=\"elementor-element elementor-element-3f013b3 elementor-widget elementor-widget-image\" data-id=\"3f013b3\" data-element_type=\"widget\" data-widget_type=\"image.default\">\n\t\t\t\t<div class=\"elementor-widget-container\">\n\t\t\t\t\t\t\t\t\t\t\t\t\t\t\t<img decoding=\"async\" width=\"1300\" height=\"800\" src=\"https:\/\/www.galleriamarcacorona.com\/wp-content\/uploads\/2025\/02\/5.jpg\" class=\"attachment-full size-full wp-image-10242\" alt=\"\" loading=\"lazy\" srcset=\"https:\/\/www.galleriamarcacorona.com\/wp-content\/uploads\/2025\/02\/5.jpg 1300w, https:\/\/www.galleriamarcacorona.com\/wp-content\/uploads\/2025\/02\/5-300x185.jpg 300w, https:\/\/www.galleriamarcacorona.com\/wp-content\/uploads\/2025\/02\/5-1024x630.jpg 1024w, https:\/\/www.galleriamarcacorona.com\/wp-content\/uploads\/2025\/02\/5-768x473.jpg 768w\" sizes=\"(max-width: 1300px) 100vw, 1300px\" \/>\t\t\t\t\t\t\t\t\t\t\t\t\t\t\t<\/div>\n\t\t\t\t<\/div>\n\t\t\t\t\t<\/div>\n\t\t<\/div>\n\t\t\t\t\t\t\t<\/div>\n\t\t<\/section>\n\t\t\t\t<section class=\"elementor-section elementor-top-section elementor-element elementor-element-f83f747 elementor-section-boxed elementor-section-height-default elementor-section-height-default\" data-id=\"f83f747\" data-element_type=\"section\">\n\t\t\t\t\t\t<div class=\"elementor-container elementor-column-gap-default\">\n\t\t\t\t\t<div class=\"elementor-column elementor-col-100 elementor-top-column elementor-element elementor-element-f4d354d\" data-id=\"f4d354d\" data-element_type=\"column\">\n\t\t\t<div class=\"elementor-widget-wrap elementor-element-populated\">\n\t\t\t\t\t\t\t\t<div class=\"elementor-element elementor-element-b6a87f7 elementor-widget elementor-widget-text-editor\" data-id=\"b6a87f7\" data-element_type=\"widget\" data-widget_type=\"text-editor.default\">\n\t\t\t\t<div class=\"elementor-widget-container\">\n\t\t\t\t\t\t\t<p class=\"p1\"><span class=\"s1\"><i>Collectif Ire \u0112re (<\/i><\/span><i>\u00e0 savoir Chiara Capuana, Ettore Vezzosi) et Caterina Mainardis<\/i> et <b>Giulia Facchin<\/b> ont \u00e9t\u00e9 class\u00e9s deuxi\u00e8me et troisi\u00e8me, avec les projets, respectivement,<b> \u00ab\u00a0Iknoskop\u00e8o\u00a0\u00bb <\/b>et<b> \u00ab\u00a0Patchwork di terra\u00a0\u00bb. <\/b><\/p><p>Les deux travaux ont \u00e9t\u00e9 distingu\u00e9s par le jury avec les motivations suivantes\u00a0:<\/p><p class=\"p1\"><i>\u00abL&#8217;\u0153uvre <strong>Iknoskop\u00e8o<\/strong>, fruit de la collaboration \u00e9galita<\/i><span class=\"s1\"><i>ire entre les membres du collectif Ire \u0112re (<\/i><\/span><i>\u00e0 savoir Chiara Capuana, Ettore Vezzosi) et Caterina Mainardis, se distingue par une recherche qui va au-del\u00e0 de la forme, explorant en profondeur la mati\u00e8re employ\u00e9e. Il s&#8217;agit d&#8217;une r\u00e9flexion fascinante sur le concept de multiplication, qui \u00e9merge non seulement dans la formalisation, mais aussi dans le dialogue collectif men\u00e9 par l&#8217;artiste. \u00bb<\/i><\/p><p><i>\u00ab\u00a0L\u2019\u0153uvre<\/i><b><i>\u00a0\u2018Patchwork di terra\u2019\u00a0<\/i><\/b><i>de\u00a0<\/i><b><i>Giulia Facchin<\/i><\/b><i>\u00a0se caract\u00e9rise par une manipulation originale de la mati\u00e8re, capable de transformer radicalement la perception. Dans le m\u00eame temps, l\u2019artiste propose une\u00a0<\/i><b><i>recherche int\u00e9ressante sur les traditions culturelles<\/i><\/b><i>, en s\u2019interrogeant sur la mani\u00e8re dont ces traditions pouvaient \u00eatre r\u00e9interpr\u00e9t\u00e9es \u00e0 travers un regard contemporain et des langages diff\u00e9rents.\u00a0\u00bb<\/i><\/p><p>Sur la sc\u00e8ne de remise des prix, Ettore Vezzosi a racont\u00e9 comment le projet \u00e9tait n\u00e9 du \u00ab\u00a0<b><i>collectif artistique<\/i><\/b><i>\u00a0Ire \u0112re (Chiara Capuana et Etto<\/i><i>re Vezzosi) avec Caterina Mainardis. L\u2019id\u00e9e est enracin\u00e9e dans la\u00a0<\/i><b><i>r\u00e9flexion sur ce qui nous unit en tant qu\u2019\u00eatres humains<\/i><\/b><i>, l\u2019unit\u00e9 indivisible qui nous compose\u00a0: les cellules \u00e9l\u00e9mentaires qui, d\u00e8s la premi\u00e8re semaine de vie, commencent \u00e0 former les trois couches fondamentales de notre corps \u2013 ectoderme, m\u00e9soderme et endoderme.\u00a0\u00bb.<\/i><\/p><p>Giulia Facchin a quant \u00e0 elle parl\u00e9 de la<b>\u00a0recherche \u00e0 la base de l\u2019\u0153uvre<\/b>, entre autres aspects que le jury a \u00e9galement mis en avant dans ses commentaires \u00ab\u00a0<i>[&#8230;] ma recherche se concentre sur l\u2019exploration et l\u2019\u00e9tude des traditions textiles li\u00e9es \u00e0 la couture et \u00e0 la broderie [&#8230;] L\u2019argile a \u00e9t\u00e9 la premi\u00e8re mati\u00e8re avec laquelle j\u2019ai approch\u00e9 la sculpture, une mati\u00e8re qui m\u2019attire profond\u00e9ment depuis toujours car, gr\u00e2ce \u00e0 sa mall\u00e9abilit\u00e9 naturelle, elle permet de donner une forme concr\u00e8te \u00e0 des id\u00e9es et concepts.<\/i>\u00a0\u00bb<\/p><p>Enfin,<b>\u00a0mention sp\u00e9ciale<\/b>\u00a0\u00e0 l\u2019artiste\u00a0<b>Giorgia Mascitti\u00a0<\/b>pour son projet \u00ab\u00a0<b>Il cielo in comune<\/b>\u00a0\u00bb, appr\u00e9ci\u00e9 pour son lyrisme et la recherche sur le concept de multitude entendue comme un lien entre individu et communaut\u00e9, pass\u00e9 et futur.<\/p><p>Giorgia Mascitti a ensuite illustr\u00e9 les concepts inh\u00e9rents \u00e0 son \u0153uvre\u00a0:<\/p><p><i>\u00ab\u00a0[&#8230;] Au centre de l\u2019\u0153uvre, il y a l\u2019image d\u2019un P\u00e9gase aill\u00e9, symbole de libert\u00e9, d\u2019inspiration et de progr\u00e8s, qui vole \u00e0 travers un ciel \u00e9toil\u00e9 portant avec lui un faisceau de lumi\u00e8re support\u00e9 par une figure humaine. [&#8230;] il devient la m\u00e9taphore de la cr\u00e9ativit\u00e9 humaine qui, illuminant le pass\u00e9 et le pr\u00e9sent, guide vers un futur de nouvelles possibilit\u00e9s. Autour de P\u00e9gase, le ciel \u00e9toil\u00e9 se compose de carreaux de c\u00e9ramique modulaires, chacun d\u00e9cor\u00e9 d\u2019une seule \u00e9toile, que je souhaiterais que les ouvriers de Marca Corona dessinent.\u00a0\u00bb<\/i><\/p>\t\t\t\t\t\t<\/div>\n\t\t\t\t<\/div>\n\t\t\t\t\t<\/div>\n\t\t<\/div>\n\t\t\t\t\t\t\t<\/div>\n\t\t<\/section>\n\t\t\t\t<section class=\"elementor-section elementor-top-section elementor-element elementor-element-a320ccb elementor-section-boxed elementor-section-height-default elementor-section-height-default\" data-id=\"a320ccb\" data-element_type=\"section\">\n\t\t\t\t\t\t<div class=\"elementor-container elementor-column-gap-default\">\n\t\t\t\t\t<div class=\"elementor-column elementor-col-100 elementor-top-column elementor-element elementor-element-694d28e\" data-id=\"694d28e\" data-element_type=\"column\">\n\t\t\t<div class=\"elementor-widget-wrap elementor-element-populated\">\n\t\t\t\t\t\t\t\t<div class=\"elementor-element elementor-element-9235aeb elementor-widget elementor-widget-image\" data-id=\"9235aeb\" data-element_type=\"widget\" data-widget_type=\"image.default\">\n\t\t\t\t<div class=\"elementor-widget-container\">\n\t\t\t\t\t\t\t\t\t\t\t\t\t\t\t<img decoding=\"async\" width=\"1300\" height=\"800\" src=\"https:\/\/www.galleriamarcacorona.com\/wp-content\/uploads\/2025\/02\/4.jpg\" class=\"attachment-full size-full wp-image-10236\" alt=\"\" loading=\"lazy\" srcset=\"https:\/\/www.galleriamarcacorona.com\/wp-content\/uploads\/2025\/02\/4.jpg 1300w, https:\/\/www.galleriamarcacorona.com\/wp-content\/uploads\/2025\/02\/4-300x185.jpg 300w, https:\/\/www.galleriamarcacorona.com\/wp-content\/uploads\/2025\/02\/4-1024x630.jpg 1024w, https:\/\/www.galleriamarcacorona.com\/wp-content\/uploads\/2025\/02\/4-768x473.jpg 768w\" sizes=\"(max-width: 1300px) 100vw, 1300px\" \/>\t\t\t\t\t\t\t\t\t\t\t\t\t\t\t<\/div>\n\t\t\t\t<\/div>\n\t\t\t\t\t<\/div>\n\t\t<\/div>\n\t\t\t\t\t\t\t<\/div>\n\t\t<\/section>\n\t\t\t\t<section class=\"elementor-section elementor-top-section elementor-element elementor-element-735fb6b elementor-section-boxed elementor-section-height-default elementor-section-height-default\" data-id=\"735fb6b\" data-element_type=\"section\">\n\t\t\t\t\t\t<div class=\"elementor-container elementor-column-gap-default\">\n\t\t\t\t\t<div class=\"elementor-column elementor-col-100 elementor-top-column elementor-element elementor-element-c727736\" data-id=\"c727736\" data-element_type=\"column\">\n\t\t\t<div class=\"elementor-widget-wrap elementor-element-populated\">\n\t\t\t\t\t\t\t\t<div class=\"elementor-element elementor-element-359daf0 elementor-widget elementor-widget-text-editor\" data-id=\"359daf0\" data-element_type=\"widget\" data-widget_type=\"text-editor.default\">\n\t\t\t\t<div class=\"elementor-widget-container\">\n\t\t\t\t\t\t\t<p>Cette ann\u00e9e encore, le Prix Marca Corona a confirm\u00e9, pour tous les participants, \u00eatre une\u00a0<b>occasion importante pour entrer en contact avec des figures incontournables du monde de l\u2019art contemporain<\/b>, en donnant leur propre interpr\u00e9tation au concept propos\u00e9.<\/p>\t\t\t\t\t\t<\/div>\n\t\t\t\t<\/div>\n\t\t\t\t\t<\/div>\n\t\t<\/div>\n\t\t\t\t\t\t\t<\/div>\n\t\t<\/section>\n\t\t\t\t<section class=\"elementor-section elementor-top-section elementor-element elementor-element-310f02a elementor-section-boxed elementor-section-height-default elementor-section-height-default\" data-id=\"310f02a\" data-element_type=\"section\">\n\t\t\t\t\t\t<div class=\"elementor-container elementor-column-gap-default\">\n\t\t\t\t\t<div class=\"elementor-column elementor-col-100 elementor-top-column elementor-element elementor-element-4d70ab3\" data-id=\"4d70ab3\" data-element_type=\"column\">\n\t\t\t<div class=\"elementor-widget-wrap elementor-element-populated\">\n\t\t\t\t\t\t\t\t<div class=\"elementor-element elementor-element-c818c16 elementor-widget elementor-widget-heading\" data-id=\"c818c16\" data-element_type=\"widget\" data-widget_type=\"heading.default\">\n\t\t\t\t<div class=\"elementor-widget-container\">\n\t\t\t<h3 class=\"elementor-heading-title elementor-size-default\">La toile devient pellicule. Art et cin\u00e9ma se rencontrent le samedi \u00e0 Art City White Night 2025 et le dimanche \u00e0 Art City<\/h3>\t\t<\/div>\n\t\t\t\t<\/div>\n\t\t\t\t<div class=\"elementor-element elementor-element-5899aa7 elementor-widget elementor-widget-text-editor\" data-id=\"5899aa7\" data-element_type=\"widget\" data-widget_type=\"text-editor.default\">\n\t\t\t\t<div class=\"elementor-widget-container\">\n\t\t\t\t\t\t\t<p>La grande f\u00eate du samedi d\u2019Art City White Night 2025 et du dimanche d\u2019Art City Bologna commence d\u00e8s le matin au Th\u00e9\u00e2tre San Leonardo.<\/p><p>Pour l\u2019occasion, ce lieu se transforme en une\u00a0<b>galerie d\u2019art et de cin\u00e9ma<\/b>\u00a0\u00e0 l\u2019unisson, o\u00f9 les toiles de l\u2019<b>exposition<\/b>\u00a0\u00ab\u00a0MCm \u2014 Minimo Comune multiplo\u00a0\u00bb d\u2019Andrea Mastrovito servent de cadre et d\u2019introduction pour la projection du\u00a0<b>film<\/b>\u00a0\u00ab\u00a0Nysferatu \u2013 Symphony of a Century\u00a0\u00bb.<\/p><p>Une\u00a0<b>exp\u00e9rience v\u00e9ritablement exceptionnelle<\/b>\u00a0et tr\u00e8s appr\u00e9ci\u00e9e des visiteurs, qui a certainement marqu\u00e9 le programme des \u00e9v\u00e9nements et expositions \u00e0 Bologne de f\u00e9vrier\u00a02025.<\/p>\t\t\t\t\t\t<\/div>\n\t\t\t\t<\/div>\n\t\t\t\t\t<\/div>\n\t\t<\/div>\n\t\t\t\t\t\t\t<\/div>\n\t\t<\/section>\n\t\t\t\t<section class=\"elementor-section elementor-top-section elementor-element elementor-element-25f877c elementor-section-boxed elementor-section-height-default elementor-section-height-default\" data-id=\"25f877c\" data-element_type=\"section\">\n\t\t\t\t\t\t<div class=\"elementor-container elementor-column-gap-default\">\n\t\t\t\t\t<div class=\"elementor-column elementor-col-100 elementor-top-column elementor-element elementor-element-e538dbb\" data-id=\"e538dbb\" data-element_type=\"column\">\n\t\t\t<div class=\"elementor-widget-wrap elementor-element-populated\">\n\t\t\t\t\t\t<div class=\"elementor-element elementor-element-20f3e1c e-flex e-con-boxed e-con\" data-id=\"20f3e1c\" data-element_type=\"container\" data-settings=\"{&quot;background_background&quot;:&quot;classic&quot;,&quot;content_width&quot;:&quot;boxed&quot;}\">\n\t\t\t\t\t<div class=\"e-con-inner\">\n\t\t<div class=\"elementor-element elementor-element-5c6d0c4 elementor-hidden-mobile e-flex e-con-boxed e-con\" data-id=\"5c6d0c4\" data-element_type=\"container\" data-settings=\"{&quot;content_width&quot;:&quot;boxed&quot;}\">\n\t\t\t\t\t<div class=\"e-con-inner\">\n\t\t\t\t<div class=\"elementor-element elementor-element-2dfe08f elementor-hidden-mobile elementor-widget elementor-widget-image\" data-id=\"2dfe08f\" data-element_type=\"widget\" data-widget_type=\"image.default\">\n\t\t\t\t<div class=\"elementor-widget-container\">\n\t\t\t\t\t\t\t\t\t\t\t\t\t\t\t<img decoding=\"async\" width=\"1300\" height=\"800\" src=\"https:\/\/www.galleriamarcacorona.com\/wp-content\/uploads\/2025\/02\/2.jpg\" class=\"attachment-full size-full wp-image-10230\" alt=\"\" loading=\"lazy\" srcset=\"https:\/\/www.galleriamarcacorona.com\/wp-content\/uploads\/2025\/02\/2.jpg 1300w, https:\/\/www.galleriamarcacorona.com\/wp-content\/uploads\/2025\/02\/2-300x185.jpg 300w, https:\/\/www.galleriamarcacorona.com\/wp-content\/uploads\/2025\/02\/2-1024x630.jpg 1024w, https:\/\/www.galleriamarcacorona.com\/wp-content\/uploads\/2025\/02\/2-768x473.jpg 768w\" sizes=\"(max-width: 1300px) 100vw, 1300px\" \/>\t\t\t\t\t\t\t\t\t\t\t\t\t\t\t<\/div>\n\t\t\t\t<\/div>\n\t\t\t\t\t<\/div>\n\t\t\t\t<\/div>\n\t\t<div class=\"elementor-element elementor-element-2413dbc e-flex e-con-boxed e-con\" data-id=\"2413dbc\" data-element_type=\"container\" data-settings=\"{&quot;content_width&quot;:&quot;boxed&quot;}\">\n\t\t\t\t\t<div class=\"e-con-inner\">\n\t\t<div class=\"elementor-element elementor-element-83eeb30 e-flex e-con-boxed e-con\" data-id=\"83eeb30\" data-element_type=\"container\" data-settings=\"{&quot;content_width&quot;:&quot;boxed&quot;}\">\n\t\t\t\t\t<div class=\"e-con-inner\">\n\t\t\t\t<div class=\"elementor-element elementor-element-0aaf07f elementor-widget elementor-widget-text-editor\" data-id=\"0aaf07f\" data-element_type=\"widget\" data-widget_type=\"text-editor.default\">\n\t\t\t\t<div class=\"elementor-widget-container\">\n\t\t\t\t\t\t\t<p>Rappelant ces moments extraordinaires,<b>\u00a0<\/b><a href=\"https:\/\/www.galleriamarcacorona.com\/fr\/andrea-mastrovito-lunion-creative-entre-art-et-entreprise-dans-le-projet-avec-marca-corona-per-larte\/\" rel=\"noopener\"><b>les travaux d\u2019Andrea Mastrovito<\/b><\/a><b>\u00a0r\u00e9inventent le dessin d\u2019une mani\u00e8re unique<\/b>, \u00e0 travers des mat\u00e9riaux de r\u00e9cup\u00e9ration, des collages et des compositions illustr\u00e9es.<\/p><p>Sous la direction d\u2019Ilaria Bernardi, l\u2019exposition au Th\u00e9\u00e2tre San Leonardo a associ\u00e9 la\u00a0<b>collection personnelle de l\u2019auteur<\/b>\u00a0\u2013 compos\u00e9e d\u2019une s\u00e9lection de ses travaux les plus connus r\u00e9alis\u00e9s entre 2009 et 2024\u00a0\u2013 \u00e0 sa derni\u00e8re \u0153uvre in\u00e9dite \u00e9labor\u00e9e en partant des rencontres qu\u2019il a eues avec les employ\u00e9s de\u00a0<a href=\"https:\/\/www.marcacorona.it\/fr\/\" target=\"_blank\" rel=\"noopener\">Marca Corona<\/a>\u00a0et de leurs r\u00e9cits.<\/p><p>Il s\u2019agit d\u2019une\u00a0<b>grande mosa\u00efque sur un mur entier<\/b>\u00a0qui reproduit une\u00a0<b>photographie d\u2019\u00e9poque<\/b>\u00a0repr\u00e9sentant les visages et profils des\u00a0<b>personnes<\/b>\u00a0qui ont fait partie de l\u2019entreprise. Un portrait que Mastrovito a r\u00e9alis\u00e9 avec la technique du\u00a0<b>frottage,\u00a0<\/b>en calquant les photos sur des\u00a0<b>tesselles en papier<\/b>\u00a0de la m\u00eame dimension, juxtapos\u00e9es les unes aux autres.<\/p><p>\u00c0 l\u2019int\u00e9rieur, en plus des portraits, s\u2019ajoutent les\u00a0<b>objets<\/b>\u00a0commun\u00e9ment utilis\u00e9s dans l\u2019entreprise, \u00e9galement r\u00e9alis\u00e9s sous la direction des employ\u00e9s actuels afin que leur position d\u00e9limite, dans le dessin de la photographie, une\u00a0<b>d\u00e9coration typique<\/b>\u00a0des carreaux produits par Marca Corona au cours des ann\u00e9es Cinquante et conserv\u00e9s encore aujourd\u2019hui dans la\u00a0<a href=\"https:\/\/www.galleriamarcacorona.com\/fr\/galerie\/\">Galleria Marca Corona<\/a>.\u00a0<\/p>\t\t\t\t\t\t<\/div>\n\t\t\t\t<\/div>\n\t\t\t\t\t<\/div>\n\t\t\t\t<\/div>\n\t\t\t\t\t<\/div>\n\t\t\t\t<\/div>\n\t\t\t\t\t<\/div>\n\t\t\t\t<\/div>\n\t\t\t\t\t<\/div>\n\t\t<\/div>\n\t\t\t\t\t\t\t<\/div>\n\t\t<\/section>\n\t\t\t\t<section class=\"elementor-section elementor-top-section elementor-element elementor-element-737597e elementor-section-boxed elementor-section-height-default elementor-section-height-default\" data-id=\"737597e\" data-element_type=\"section\">\n\t\t\t\t\t\t<div class=\"elementor-container elementor-column-gap-default\">\n\t\t\t\t\t<div class=\"elementor-column elementor-col-100 elementor-top-column elementor-element elementor-element-c109664\" data-id=\"c109664\" data-element_type=\"column\">\n\t\t\t<div class=\"elementor-widget-wrap elementor-element-populated\">\n\t\t\t\t\t\t\t\t<div class=\"elementor-element elementor-element-cedc40f elementor-widget elementor-widget-text-editor\" data-id=\"cedc40f\" data-element_type=\"widget\" data-widget_type=\"text-editor.default\">\n\t\t\t\t<div class=\"elementor-widget-container\">\n\t\t\t\t\t\t\t<p>Ainsi, un autre morceau d\u2019histoire nous revient gr\u00e2ce au dialogue entre art, entreprise et collectivit\u00e9, pour explorer le pr\u00e9sent et le futur avec une vision collaborative.<\/p><p><b>Tout peut \u00eatre cr\u00e9\u00e9 \u00e0 partir d\u2019un grain de sable, d\u2019une feuille de papier, d\u2019une toile.<\/b><\/p><p>Mastrovito a donc choisi d\u2019explorer le\u00a0<b>concept de multiple intrins\u00e8que<\/b>\u00a0non seulement en r\u00e9f\u00e9rence \u00e0 son activit\u00e9 mais aussi en parall\u00e8le des caract\u00e9ristiques de la production c\u00e9ramique.<\/p><p>La peinture, la sculpture et le dessin se r\u00e9inventent dans cette rencontre pour donner naissance \u00e0 une\u00a0<b>nouvelle \u0153uvre collective et partag\u00e9e<\/b>.<\/p>\t\t\t\t\t\t<\/div>\n\t\t\t\t<\/div>\n\t\t\t\t<div class=\"elementor-element elementor-element-fd5d37b elementor-widget-divider--view-line elementor-widget elementor-widget-divider\" data-id=\"fd5d37b\" data-element_type=\"widget\" data-widget_type=\"divider.default\">\n\t\t\t\t<div class=\"elementor-widget-container\">\n\t\t\t<style>\/*! elementor - v3.14.0 - 26-06-2023 *\/\n.elementor-widget-divider{--divider-border-style:none;--divider-border-width:1px;--divider-color:#0c0d0e;--divider-icon-size:20px;--divider-element-spacing:10px;--divider-pattern-height:24px;--divider-pattern-size:20px;--divider-pattern-url:none;--divider-pattern-repeat:repeat-x}.elementor-widget-divider .elementor-divider{display:flex}.elementor-widget-divider .elementor-divider__text{font-size:15px;line-height:1;max-width:95%}.elementor-widget-divider .elementor-divider__element{margin:0 var(--divider-element-spacing);flex-shrink:0}.elementor-widget-divider .elementor-icon{font-size:var(--divider-icon-size)}.elementor-widget-divider .elementor-divider-separator{display:flex;margin:0;direction:ltr}.elementor-widget-divider--view-line_icon .elementor-divider-separator,.elementor-widget-divider--view-line_text .elementor-divider-separator{align-items:center}.elementor-widget-divider--view-line_icon .elementor-divider-separator:after,.elementor-widget-divider--view-line_icon .elementor-divider-separator:before,.elementor-widget-divider--view-line_text .elementor-divider-separator:after,.elementor-widget-divider--view-line_text .elementor-divider-separator:before{display:block;content:\"\";border-bottom:0;flex-grow:1;border-top:var(--divider-border-width) var(--divider-border-style) var(--divider-color)}.elementor-widget-divider--element-align-left .elementor-divider .elementor-divider-separator>.elementor-divider__svg:first-of-type{flex-grow:0;flex-shrink:100}.elementor-widget-divider--element-align-left .elementor-divider-separator:before{content:none}.elementor-widget-divider--element-align-left .elementor-divider__element{margin-left:0}.elementor-widget-divider--element-align-right .elementor-divider .elementor-divider-separator>.elementor-divider__svg:last-of-type{flex-grow:0;flex-shrink:100}.elementor-widget-divider--element-align-right .elementor-divider-separator:after{content:none}.elementor-widget-divider--element-align-right .elementor-divider__element{margin-right:0}.elementor-widget-divider:not(.elementor-widget-divider--view-line_text):not(.elementor-widget-divider--view-line_icon) .elementor-divider-separator{border-top:var(--divider-border-width) var(--divider-border-style) var(--divider-color)}.elementor-widget-divider--separator-type-pattern{--divider-border-style:none}.elementor-widget-divider--separator-type-pattern.elementor-widget-divider--view-line .elementor-divider-separator,.elementor-widget-divider--separator-type-pattern:not(.elementor-widget-divider--view-line) .elementor-divider-separator:after,.elementor-widget-divider--separator-type-pattern:not(.elementor-widget-divider--view-line) .elementor-divider-separator:before,.elementor-widget-divider--separator-type-pattern:not([class*=elementor-widget-divider--view]) .elementor-divider-separator{width:100%;min-height:var(--divider-pattern-height);-webkit-mask-size:var(--divider-pattern-size) 100%;mask-size:var(--divider-pattern-size) 100%;-webkit-mask-repeat:var(--divider-pattern-repeat);mask-repeat:var(--divider-pattern-repeat);background-color:var(--divider-color);-webkit-mask-image:var(--divider-pattern-url);mask-image:var(--divider-pattern-url)}.elementor-widget-divider--no-spacing{--divider-pattern-size:auto}.elementor-widget-divider--bg-round{--divider-pattern-repeat:round}.rtl .elementor-widget-divider .elementor-divider__text{direction:rtl}.e-con-inner>.elementor-widget-divider,.e-con>.elementor-widget-divider{width:var(--container-widget-width,100%);--flex-grow:var(--container-widget-flex-grow)}<\/style>\t\t<div class=\"elementor-divider\">\n\t\t\t<span class=\"elementor-divider-separator\">\n\t\t\t\t\t\t<\/span>\n\t\t<\/div>\n\t\t\t\t<\/div>\n\t\t\t\t<\/div>\n\t\t\t\t\t<\/div>\n\t\t<\/div>\n\t\t\t\t\t\t\t<\/div>\n\t\t<\/section>\n\t\t\t\t<section class=\"elementor-section elementor-top-section elementor-element elementor-element-e56c049 elementor-section-boxed elementor-section-height-default elementor-section-height-default\" data-id=\"e56c049\" data-element_type=\"section\">\n\t\t\t\t\t\t<div class=\"elementor-container elementor-column-gap-default\">\n\t\t\t\t\t<div class=\"elementor-column elementor-col-100 elementor-top-column elementor-element elementor-element-ff91b71\" data-id=\"ff91b71\" data-element_type=\"column\">\n\t\t\t<div class=\"elementor-widget-wrap elementor-element-populated\">\n\t\t\t\t\t\t\t\t<div class=\"elementor-element elementor-element-f9ebe5c elementor-widget elementor-widget-text-editor\" data-id=\"f9ebe5c\" data-element_type=\"widget\" data-widget_type=\"text-editor.default\">\n\t\t\t\t<div class=\"elementor-widget-container\">\n\t\t\t\t\t\t\t<p><b>Apr\u00e8s Art City 2025 Bologna<\/b>, le projet Marca Corona per l\u2019Arte se poursuit avec de nombreuses\u00a0<b>nouvelles actions tout au long de l\u2019ann\u00e9e<\/b>.<br \/>Des laboratoires d\u00e9di\u00e9s aux \u00e9coles, aux ouvertures sp\u00e9ciales et aux expositions itin\u00e9rantes en collaboration avec d\u2019autres mus\u00e9es, les\u00a0<b>activit\u00e9s auxquelles il sera possible de participer<\/b>\u00a0sont nombreuses.<\/p>\t\t\t\t\t\t<\/div>\n\t\t\t\t<\/div>\n\t\t\t\t\t<\/div>\n\t\t<\/div>\n\t\t\t\t\t\t\t<\/div>\n\t\t<\/section>\n\t\t\t\t<section class=\"elementor-section elementor-top-section elementor-element elementor-element-2e31089 elementor-section-boxed elementor-section-height-default elementor-section-height-default\" data-id=\"2e31089\" data-element_type=\"section\">\n\t\t\t\t\t\t<div class=\"elementor-container elementor-column-gap-default\">\n\t\t\t\t\t<div class=\"elementor-column elementor-col-100 elementor-top-column elementor-element elementor-element-e36dc45\" data-id=\"e36dc45\" data-element_type=\"column\">\n\t\t\t<div class=\"elementor-widget-wrap elementor-element-populated\">\n\t\t\t\t\t\t\t\t<div class=\"elementor-element elementor-element-2c9acdc elementor-align-center elementor-widget elementor-widget-button\" data-id=\"2c9acdc\" data-element_type=\"widget\" data-widget_type=\"button.default\">\n\t\t\t\t<div class=\"elementor-widget-container\">\n\t\t\t\t\t<div class=\"elementor-button-wrapper\">\n\t\t\t<a class=\"elementor-button elementor-button-link elementor-size-sm\" href=\"https:\/\/www.galleriamarcacorona.com\/fr\/marca-corona-pour-lart\/\">\n\t\t\t\t\t\t<span class=\"elementor-button-content-wrapper\">\n\t\t\t\t\t\t<span class=\"elementor-button-text\">D\u00c9COUVREZ MARCA CORONA PER L\u2019ARTE<\/span>\n\t\t<\/span>\n\t\t\t\t\t<\/a>\n\t\t<\/div>\n\t\t\t\t<\/div>\n\t\t\t\t<\/div>\n\t\t\t\t\t<\/div>\n\t\t<\/div>\n\t\t\t\t\t\t\t<\/div>\n\t\t<\/section>\n\t\t<div class=\"elementor-element elementor-element-f69195d e-flex e-con-boxed e-con\" data-id=\"f69195d\" data-element_type=\"container\" data-settings=\"{&quot;content_width&quot;:&quot;boxed&quot;}\">\n\t\t\t\t\t<div class=\"e-con-inner\">\n\t\t<div class=\"elementor-element elementor-element-519d5e0 e-flex e-con-boxed e-con\" data-id=\"519d5e0\" data-element_type=\"container\" data-settings=\"{&quot;background_background&quot;:&quot;classic&quot;,&quot;content_width&quot;:&quot;boxed&quot;}\">\n\t\t\t\t\t<div class=\"e-con-inner\">\n\t\t<div class=\"elementor-element elementor-element-98da067 e-flex e-con-boxed e-con\" data-id=\"98da067\" data-element_type=\"container\" data-settings=\"{&quot;content_width&quot;:&quot;boxed&quot;}\">\n\t\t\t\t\t<div class=\"e-con-inner\">\n\t\t<div class=\"elementor-element elementor-element-58d9b32 e-flex e-con-boxed e-con\" data-id=\"58d9b32\" data-element_type=\"container\" data-settings=\"{&quot;content_width&quot;:&quot;boxed&quot;}\">\n\t\t\t\t\t<div class=\"e-con-inner\">\n\t\t\t\t<div class=\"elementor-element elementor-element-c9b5601 elementor-widget elementor-widget-gallery\" data-id=\"c9b5601\" data-element_type=\"widget\" data-settings=\"{&quot;columns&quot;:9,&quot;lazyload&quot;:&quot;yes&quot;,&quot;gallery_layout&quot;:&quot;grid&quot;,&quot;columns_tablet&quot;:2,&quot;columns_mobile&quot;:1,&quot;gap&quot;:{&quot;unit&quot;:&quot;px&quot;,&quot;size&quot;:10,&quot;sizes&quot;:[]},&quot;gap_tablet&quot;:{&quot;unit&quot;:&quot;px&quot;,&quot;size&quot;:10,&quot;sizes&quot;:[]},&quot;gap_mobile&quot;:{&quot;unit&quot;:&quot;px&quot;,&quot;size&quot;:10,&quot;sizes&quot;:[]},&quot;link_to&quot;:&quot;file&quot;,&quot;aspect_ratio&quot;:&quot;3:2&quot;,&quot;overlay_background&quot;:&quot;yes&quot;,&quot;content_hover_animation&quot;:&quot;fade-in&quot;}\" data-widget_type=\"gallery.default\">\n\t\t\t\t<div class=\"elementor-widget-container\">\n\t\t\t<style>\/*! elementor-pro - v3.14.0 - 26-06-2023 *\/\n.elementor-gallery__container{min-height:1px}.elementor-gallery-item{position:relative;overflow:hidden;display:block;text-decoration:none;border:solid var(--image-border-width) var(--image-border-color);border-radius:var(--image-border-radius)}.elementor-gallery-item__content,.elementor-gallery-item__overlay{height:100%;width:100%;position:absolute;top:0;left:0}.elementor-gallery-item__overlay{mix-blend-mode:var(--overlay-mix-blend-mode);transition-duration:var(--overlay-transition-duration);transition-property:mix-blend-mode,transform,opacity,background-color}.elementor-gallery-item__image.e-gallery-image{transition-duration:var(--image-transition-duration);transition-property:filter,transform}.elementor-gallery-item__content{display:flex;flex-direction:column;justify-content:var(--content-justify-content,center);align-items:center;text-align:var(--content-text-align);padding:var(--content-padding)}.elementor-gallery-item__content>div{transition-duration:var(--content-transition-duration)}.elementor-gallery-item__content.elementor-gallery--sequenced-animation>div:nth-child(2){transition-delay:calc(var(--content-transition-delay) \/ 3)}.elementor-gallery-item__content.elementor-gallery--sequenced-animation>div:nth-child(3){transition-delay:calc(var(--content-transition-delay) \/ 3 * 2)}.elementor-gallery-item__content.elementor-gallery--sequenced-animation>div:nth-child(4){transition-delay:calc(var(--content-transition-delay) \/ 3 * 3)}.elementor-gallery-item__description{color:var(--description-text-color,#fff);width:100%}.elementor-gallery-item__title{color:var(--title-text-color,#fff);font-weight:700;width:100%}.elementor-gallery__titles-container{display:flex;flex-wrap:wrap;justify-content:var(--titles-container-justify-content,center);margin-bottom:20px}.elementor-gallery__titles-container:not(.e--pointer-framed) .elementor-item:after,.elementor-gallery__titles-container:not(.e--pointer-framed) .elementor-item:before{background-color:var(--galleries-pointer-bg-color-hover)}.elementor-gallery__titles-container:not(.e--pointer-framed) .elementor-item.elementor-item-active:after,.elementor-gallery__titles-container:not(.e--pointer-framed) .elementor-item.elementor-item-active:before{background-color:var(--galleries-pointer-bg-color-active)}.elementor-gallery__titles-container.e--pointer-framed .elementor-item:before{border-color:var(--galleries-pointer-bg-color-hover);border-width:var(--galleries-pointer-border-width)}.elementor-gallery__titles-container.e--pointer-framed .elementor-item:after{border-color:var(--galleries-pointer-bg-color-hover)}.elementor-gallery__titles-container.e--pointer-framed .elementor-item.elementor-item-active:after,.elementor-gallery__titles-container.e--pointer-framed .elementor-item.elementor-item-active:before{border-color:var(--galleries-pointer-bg-color-active)}.elementor-gallery__titles-container.e--pointer-framed.e--animation-draw .elementor-item:before{border-left-width:var(--galleries-pointer-border-width);border-bottom-width:var(--galleries-pointer-border-width);border-right-width:0;border-top-width:0}.elementor-gallery__titles-container.e--pointer-framed.e--animation-draw .elementor-item:after{border-left-width:0;border-bottom-width:0;border-right-width:var(--galleries-pointer-border-width);border-top-width:var(--galleries-pointer-border-width)}.elementor-gallery__titles-container.e--pointer-framed.e--animation-corners .elementor-item:before{border-left-width:var(--galleries-pointer-border-width);border-bottom-width:0;border-right-width:0;border-top-width:var(--galleries-pointer-border-width)}.elementor-gallery__titles-container.e--pointer-framed.e--animation-corners .elementor-item:after{border-left-width:0;border-bottom-width:var(--galleries-pointer-border-width);border-right-width:var(--galleries-pointer-border-width);border-top-width:0}.elementor-gallery__titles-container .e--pointer-double-line .elementor-item:after,.elementor-gallery__titles-container .e--pointer-double-line .elementor-item:before,.elementor-gallery__titles-container .e--pointer-overline .elementor-item:before,.elementor-gallery__titles-container .e--pointer-underline .elementor-item:after{height:var(--galleries-pointer-border-width)}.elementor-gallery-title{--space-between:10px;cursor:pointer;color:#6d7882;font-weight:500;position:relative;padding:7px 14px;transition:all .3s}.elementor-gallery-title--active{color:#495157}.elementor-gallery-title:not(:last-child){margin-right:var(--space-between)}.elementor-gallery-item__title+.elementor-gallery-item__description{margin-top:var(--description-margin-top)}.e-gallery-item.elementor-gallery-item{transition-property:all}.e-gallery-item.elementor-animated-content .elementor-animated-item--enter-from-bottom,.e-gallery-item.elementor-animated-content .elementor-animated-item--enter-from-left,.e-gallery-item.elementor-animated-content .elementor-animated-item--enter-from-right,.e-gallery-item.elementor-animated-content .elementor-animated-item--enter-from-top,.e-gallery-item:focus .elementor-gallery__item-overlay-bg,.e-gallery-item:focus .elementor-gallery__item-overlay-content,.e-gallery-item:focus .elementor-gallery__item-overlay-content__description,.e-gallery-item:focus .elementor-gallery__item-overlay-content__title,.e-gallery-item:hover .elementor-gallery__item-overlay-bg,.e-gallery-item:hover .elementor-gallery__item-overlay-content,.e-gallery-item:hover .elementor-gallery__item-overlay-content__description,.e-gallery-item:hover .elementor-gallery__item-overlay-content__title{opacity:1}a.elementor-item.elementor-gallery-title{color:var(--galleries-title-color-normal)}a.elementor-item.elementor-gallery-title.elementor-item-active,a.elementor-item.elementor-gallery-title.highlighted,a.elementor-item.elementor-gallery-title:focus,a.elementor-item.elementor-gallery-title:hover{color:var(--galleries-title-color-hover)}a.elementor-item.elementor-gallery-title.elementor-item-active{color:var(--gallery-title-color-active)}.e-con-inner>.elementor-widget-gallery,.e-con>.elementor-widget-gallery{width:var(--container-widget-width);--flex-grow:var(--container-widget-flex-grow)}<\/style>\t\t<div class=\"elementor-gallery__container\">\n\t\t\t\t\t\t\t<a class=\"e-gallery-item elementor-gallery-item elementor-animated-content\" href=\"https:\/\/www.galleriamarcacorona.com\/wp-content\/uploads\/2025\/02\/Marca_Corona_Andrea_Mastrovito_-_Arte_Fiera_Low_13_pgZP6ps.jpg\" data-elementor-open-lightbox=\"yes\" data-elementor-lightbox-slideshow=\"c9b5601\" data-elementor-lightbox-title=\"Marca_Corona_Andrea_Mastrovito_-_Arte_Fiera_Low_13_pgZP6ps\" data-e-action-hash=\"#elementor-action%3Aaction%3Dlightbox%26settings%3DeyJpZCI6MTAzMzUsInVybCI6Imh0dHBzOlwvXC93d3cuZ2FsbGVyaWFtYXJjYWNvcm9uYS5jb21cL3dwLWNvbnRlbnRcL3VwbG9hZHNcLzIwMjVcLzAyXC9NYXJjYV9Db3JvbmFfQW5kcmVhX01hc3Ryb3ZpdG9fLV9BcnRlX0ZpZXJhX0xvd18xM19wZ1pQNnBzLmpwZyIsInNsaWRlc2hvdyI6ImM5YjU2MDEifQ%3D%3D\">\n\t\t\t\t\t<div class=\"e-gallery-image elementor-gallery-item__image\" data-thumbnail=\"https:\/\/www.galleriamarcacorona.com\/wp-content\/uploads\/2025\/02\/Marca_Corona_Andrea_Mastrovito_-_Arte_Fiera_Low_13_pgZP6ps-300x200.jpg\" data-width=\"300\" data-height=\"200\" aria-label=\"\" role=\"img\" ><\/div>\n\t\t\t\t\t\t\t\t\t\t\t<div class=\"elementor-gallery-item__overlay\"><\/div>\n\t\t\t\t\t\t\t\t\t\t\t\t\t\t<\/a>\n\t\t\t\t\t\t\t<a class=\"e-gallery-item elementor-gallery-item elementor-animated-content\" href=\"https:\/\/www.galleriamarcacorona.com\/wp-content\/uploads\/2025\/02\/Marca_Corona_Andrea_Mastrovito_-_Arte_Fiera_Low_70_o3UzH9S.jpg\" data-elementor-open-lightbox=\"yes\" data-elementor-lightbox-slideshow=\"c9b5601\" data-elementor-lightbox-title=\"Marca_Corona_Andrea_Mastrovito_-_Arte_Fiera_Low_70_o3UzH9S\" data-e-action-hash=\"#elementor-action%3Aaction%3Dlightbox%26settings%3DeyJpZCI6MTAzNDcsInVybCI6Imh0dHBzOlwvXC93d3cuZ2FsbGVyaWFtYXJjYWNvcm9uYS5jb21cL3dwLWNvbnRlbnRcL3VwbG9hZHNcLzIwMjVcLzAyXC9NYXJjYV9Db3JvbmFfQW5kcmVhX01hc3Ryb3ZpdG9fLV9BcnRlX0ZpZXJhX0xvd183MF9vM1V6SDlTLmpwZyIsInNsaWRlc2hvdyI6ImM5YjU2MDEifQ%3D%3D\">\n\t\t\t\t\t<div class=\"e-gallery-image elementor-gallery-item__image\" data-thumbnail=\"https:\/\/www.galleriamarcacorona.com\/wp-content\/uploads\/2025\/02\/Marca_Corona_Andrea_Mastrovito_-_Arte_Fiera_Low_70_o3UzH9S-300x200.jpg\" data-width=\"300\" data-height=\"200\" aria-label=\"\" role=\"img\" ><\/div>\n\t\t\t\t\t\t\t\t\t\t\t<div class=\"elementor-gallery-item__overlay\"><\/div>\n\t\t\t\t\t\t\t\t\t\t\t\t\t\t<\/a>\n\t\t\t\t\t\t\t<a class=\"e-gallery-item elementor-gallery-item elementor-animated-content\" href=\"https:\/\/www.galleriamarcacorona.com\/wp-content\/uploads\/2025\/02\/Marca_Corona_Andrea_Mastrovito_-_Arte_Fiera_Low_71_AxaVuel.jpg\" data-elementor-open-lightbox=\"yes\" data-elementor-lightbox-slideshow=\"c9b5601\" data-elementor-lightbox-title=\"Marca_Corona_Andrea_Mastrovito_-_Arte_Fiera_Low_71_AxaVuel\" data-e-action-hash=\"#elementor-action%3Aaction%3Dlightbox%26settings%3DeyJpZCI6MTAzMTcsInVybCI6Imh0dHBzOlwvXC93d3cuZ2FsbGVyaWFtYXJjYWNvcm9uYS5jb21cL3dwLWNvbnRlbnRcL3VwbG9hZHNcLzIwMjVcLzAyXC9NYXJjYV9Db3JvbmFfQW5kcmVhX01hc3Ryb3ZpdG9fLV9BcnRlX0ZpZXJhX0xvd183MV9BeGFWdWVsLmpwZyIsInNsaWRlc2hvdyI6ImM5YjU2MDEifQ%3D%3D\">\n\t\t\t\t\t<div class=\"e-gallery-image elementor-gallery-item__image\" data-thumbnail=\"https:\/\/www.galleriamarcacorona.com\/wp-content\/uploads\/2025\/02\/Marca_Corona_Andrea_Mastrovito_-_Arte_Fiera_Low_71_AxaVuel-300x205.jpg\" data-width=\"300\" data-height=\"205\" aria-label=\"\" role=\"img\" ><\/div>\n\t\t\t\t\t\t\t\t\t\t\t<div class=\"elementor-gallery-item__overlay\"><\/div>\n\t\t\t\t\t\t\t\t\t\t\t\t\t\t<\/a>\n\t\t\t\t\t\t\t<a class=\"e-gallery-item elementor-gallery-item elementor-animated-content\" href=\"https:\/\/www.galleriamarcacorona.com\/wp-content\/uploads\/2025\/02\/Marca_Corona_Andrea_Mastrovito_-_Arte_Fiera_Low_91.jpg\" data-elementor-open-lightbox=\"yes\" data-elementor-lightbox-slideshow=\"c9b5601\" data-elementor-lightbox-title=\"Marca_Corona_Andrea_Mastrovito_-_Arte_Fiera_Low_91\" data-e-action-hash=\"#elementor-action%3Aaction%3Dlightbox%26settings%3DeyJpZCI6MTAzMDUsInVybCI6Imh0dHBzOlwvXC93d3cuZ2FsbGVyaWFtYXJjYWNvcm9uYS5jb21cL3dwLWNvbnRlbnRcL3VwbG9hZHNcLzIwMjVcLzAyXC9NYXJjYV9Db3JvbmFfQW5kcmVhX01hc3Ryb3ZpdG9fLV9BcnRlX0ZpZXJhX0xvd185MS5qcGciLCJzbGlkZXNob3ciOiJjOWI1NjAxIn0%3D\">\n\t\t\t\t\t<div class=\"e-gallery-image elementor-gallery-item__image\" data-thumbnail=\"https:\/\/www.galleriamarcacorona.com\/wp-content\/uploads\/2025\/02\/Marca_Corona_Andrea_Mastrovito_-_Arte_Fiera_Low_91-200x300.jpg\" data-width=\"200\" data-height=\"300\" aria-label=\"\" role=\"img\" ><\/div>\n\t\t\t\t\t\t\t\t\t\t\t<div class=\"elementor-gallery-item__overlay\"><\/div>\n\t\t\t\t\t\t\t\t\t\t\t\t\t\t<\/a>\n\t\t\t\t\t\t\t<a class=\"e-gallery-item elementor-gallery-item elementor-animated-content\" href=\"https:\/\/www.galleriamarcacorona.com\/wp-content\/uploads\/2025\/02\/MCArte_Convegno-Finissage_2025_001.jpg\" data-elementor-open-lightbox=\"yes\" data-elementor-lightbox-slideshow=\"c9b5601\" data-elementor-lightbox-title=\"MCArte_Convegno-Finissage_2025_001\" data-e-action-hash=\"#elementor-action%3Aaction%3Dlightbox%26settings%3DeyJpZCI6MTAyOTksInVybCI6Imh0dHBzOlwvXC93d3cuZ2FsbGVyaWFtYXJjYWNvcm9uYS5jb21cL3dwLWNvbnRlbnRcL3VwbG9hZHNcLzIwMjVcLzAyXC9NQ0FydGVfQ29udmVnbm8tRmluaXNzYWdlXzIwMjVfMDAxLmpwZyIsInNsaWRlc2hvdyI6ImM5YjU2MDEifQ%3D%3D\">\n\t\t\t\t\t<div class=\"e-gallery-image elementor-gallery-item__image\" data-thumbnail=\"https:\/\/www.galleriamarcacorona.com\/wp-content\/uploads\/2025\/02\/MCArte_Convegno-Finissage_2025_001-300x200.jpg\" data-width=\"300\" data-height=\"200\" aria-label=\"\" role=\"img\" ><\/div>\n\t\t\t\t\t\t\t\t\t\t\t<div class=\"elementor-gallery-item__overlay\"><\/div>\n\t\t\t\t\t\t\t\t\t\t\t\t\t\t<\/a>\n\t\t\t\t\t\t\t<a class=\"e-gallery-item elementor-gallery-item elementor-animated-content\" href=\"https:\/\/www.galleriamarcacorona.com\/wp-content\/uploads\/2025\/02\/MCArte_Convegno-Finissage_2025_002.jpg\" data-elementor-open-lightbox=\"yes\" data-elementor-lightbox-slideshow=\"c9b5601\" data-elementor-lightbox-title=\"MCArte_Convegno-Finissage_2025_002\" data-e-action-hash=\"#elementor-action%3Aaction%3Dlightbox%26settings%3DeyJpZCI6MTAyOTMsInVybCI6Imh0dHBzOlwvXC93d3cuZ2FsbGVyaWFtYXJjYWNvcm9uYS5jb21cL3dwLWNvbnRlbnRcL3VwbG9hZHNcLzIwMjVcLzAyXC9NQ0FydGVfQ29udmVnbm8tRmluaXNzYWdlXzIwMjVfMDAyLmpwZyIsInNsaWRlc2hvdyI6ImM5YjU2MDEifQ%3D%3D\">\n\t\t\t\t\t<div class=\"e-gallery-image elementor-gallery-item__image\" data-thumbnail=\"https:\/\/www.galleriamarcacorona.com\/wp-content\/uploads\/2025\/02\/MCArte_Convegno-Finissage_2025_002-195x300.jpg\" data-width=\"195\" data-height=\"300\" aria-label=\"\" role=\"img\" ><\/div>\n\t\t\t\t\t\t\t\t\t\t\t<div class=\"elementor-gallery-item__overlay\"><\/div>\n\t\t\t\t\t\t\t\t\t\t\t\t\t\t<\/a>\n\t\t\t\t\t\t\t<a class=\"e-gallery-item elementor-gallery-item elementor-animated-content\" href=\"https:\/\/www.galleriamarcacorona.com\/wp-content\/uploads\/2025\/02\/MCArte_Convegno-Finissage_2025_008.jpg\" data-elementor-open-lightbox=\"yes\" data-elementor-lightbox-slideshow=\"c9b5601\" data-elementor-lightbox-title=\"MCArte_Convegno-Finissage_2025_008\" data-e-action-hash=\"#elementor-action%3Aaction%3Dlightbox%26settings%3DeyJpZCI6MTAyODcsInVybCI6Imh0dHBzOlwvXC93d3cuZ2FsbGVyaWFtYXJjYWNvcm9uYS5jb21cL3dwLWNvbnRlbnRcL3VwbG9hZHNcLzIwMjVcLzAyXC9NQ0FydGVfQ29udmVnbm8tRmluaXNzYWdlXzIwMjVfMDA4LmpwZyIsInNsaWRlc2hvdyI6ImM5YjU2MDEifQ%3D%3D\">\n\t\t\t\t\t<div class=\"e-gallery-image elementor-gallery-item__image\" data-thumbnail=\"https:\/\/www.galleriamarcacorona.com\/wp-content\/uploads\/2025\/02\/MCArte_Convegno-Finissage_2025_008-300x200.jpg\" data-width=\"300\" data-height=\"200\" aria-label=\"\" role=\"img\" ><\/div>\n\t\t\t\t\t\t\t\t\t\t\t<div class=\"elementor-gallery-item__overlay\"><\/div>\n\t\t\t\t\t\t\t\t\t\t\t\t\t\t<\/a>\n\t\t\t\t\t\t\t<a class=\"e-gallery-item elementor-gallery-item elementor-animated-content\" href=\"https:\/\/www.galleriamarcacorona.com\/wp-content\/uploads\/2025\/02\/MCArte_Convegno-Finissage_2025_012.jpg\" data-elementor-open-lightbox=\"yes\" data-elementor-lightbox-slideshow=\"c9b5601\" data-elementor-lightbox-title=\"MCArte_Convegno-Finissage_2025_012\" data-e-action-hash=\"#elementor-action%3Aaction%3Dlightbox%26settings%3DeyJpZCI6MTAzNTksInVybCI6Imh0dHBzOlwvXC93d3cuZ2FsbGVyaWFtYXJjYWNvcm9uYS5jb21cL3dwLWNvbnRlbnRcL3VwbG9hZHNcLzIwMjVcLzAyXC9NQ0FydGVfQ29udmVnbm8tRmluaXNzYWdlXzIwMjVfMDEyLmpwZyIsInNsaWRlc2hvdyI6ImM5YjU2MDEifQ%3D%3D\">\n\t\t\t\t\t<div class=\"e-gallery-image elementor-gallery-item__image\" data-thumbnail=\"https:\/\/www.galleriamarcacorona.com\/wp-content\/uploads\/2025\/02\/MCArte_Convegno-Finissage_2025_012-200x300.jpg\" data-width=\"200\" data-height=\"300\" aria-label=\"\" role=\"img\" ><\/div>\n\t\t\t\t\t\t\t\t\t\t\t<div class=\"elementor-gallery-item__overlay\"><\/div>\n\t\t\t\t\t\t\t\t\t\t\t\t\t\t<\/a>\n\t\t\t\t\t\t\t<a class=\"e-gallery-item elementor-gallery-item elementor-animated-content\" href=\"https:\/\/www.galleriamarcacorona.com\/wp-content\/uploads\/2025\/02\/MCArte_Convegno-Finissage_2025_013.jpg\" data-elementor-open-lightbox=\"yes\" data-elementor-lightbox-slideshow=\"c9b5601\" data-elementor-lightbox-title=\"MCArte_Convegno-Finissage_2025_013\" data-e-action-hash=\"#elementor-action%3Aaction%3Dlightbox%26settings%3DeyJpZCI6MTAzNzEsInVybCI6Imh0dHBzOlwvXC93d3cuZ2FsbGVyaWFtYXJjYWNvcm9uYS5jb21cL3dwLWNvbnRlbnRcL3VwbG9hZHNcLzIwMjVcLzAyXC9NQ0FydGVfQ29udmVnbm8tRmluaXNzYWdlXzIwMjVfMDEzLmpwZyIsInNsaWRlc2hvdyI6ImM5YjU2MDEifQ%3D%3D\">\n\t\t\t\t\t<div class=\"e-gallery-image elementor-gallery-item__image\" data-thumbnail=\"https:\/\/www.galleriamarcacorona.com\/wp-content\/uploads\/2025\/02\/MCArte_Convegno-Finissage_2025_013-200x300.jpg\" data-width=\"200\" data-height=\"300\" aria-label=\"\" role=\"img\" ><\/div>\n\t\t\t\t\t\t\t\t\t\t\t<div class=\"elementor-gallery-item__overlay\"><\/div>\n\t\t\t\t\t\t\t\t\t\t\t\t\t\t<\/a>\n\t\t\t\t\t\t\t<a class=\"e-gallery-item elementor-gallery-item elementor-animated-content\" href=\"https:\/\/www.galleriamarcacorona.com\/wp-content\/uploads\/2025\/02\/MCArte_Convegno-Finissage_2025_019.jpg\" data-elementor-open-lightbox=\"yes\" data-elementor-lightbox-slideshow=\"c9b5601\" data-elementor-lightbox-title=\"MCArte_Convegno-Finissage_2025_019\" data-e-action-hash=\"#elementor-action%3Aaction%3Dlightbox%26settings%3DeyJpZCI6MTAzNzcsInVybCI6Imh0dHBzOlwvXC93d3cuZ2FsbGVyaWFtYXJjYWNvcm9uYS5jb21cL3dwLWNvbnRlbnRcL3VwbG9hZHNcLzIwMjVcLzAyXC9NQ0FydGVfQ29udmVnbm8tRmluaXNzYWdlXzIwMjVfMDE5LmpwZyIsInNsaWRlc2hvdyI6ImM5YjU2MDEifQ%3D%3D\">\n\t\t\t\t\t<div class=\"e-gallery-image elementor-gallery-item__image\" data-thumbnail=\"https:\/\/www.galleriamarcacorona.com\/wp-content\/uploads\/2025\/02\/MCArte_Convegno-Finissage_2025_019-300x200.jpg\" data-width=\"300\" data-height=\"200\" aria-label=\"\" role=\"img\" ><\/div>\n\t\t\t\t\t\t\t\t\t\t\t<div class=\"elementor-gallery-item__overlay\"><\/div>\n\t\t\t\t\t\t\t\t\t\t\t\t\t\t<\/a>\n\t\t\t\t\t\t\t<a class=\"e-gallery-item elementor-gallery-item elementor-animated-content\" href=\"https:\/\/www.galleriamarcacorona.com\/wp-content\/uploads\/2025\/02\/MCArte_Convegno-Finissage_2025_022.jpg\" data-elementor-open-lightbox=\"yes\" data-elementor-lightbox-slideshow=\"c9b5601\" data-elementor-lightbox-title=\"MCArte_Convegno-Finissage_2025_022\" data-e-action-hash=\"#elementor-action%3Aaction%3Dlightbox%26settings%3DeyJpZCI6MTAzNjUsInVybCI6Imh0dHBzOlwvXC93d3cuZ2FsbGVyaWFtYXJjYWNvcm9uYS5jb21cL3dwLWNvbnRlbnRcL3VwbG9hZHNcLzIwMjVcLzAyXC9NQ0FydGVfQ29udmVnbm8tRmluaXNzYWdlXzIwMjVfMDIyLmpwZyIsInNsaWRlc2hvdyI6ImM5YjU2MDEifQ%3D%3D\">\n\t\t\t\t\t<div class=\"e-gallery-image elementor-gallery-item__image\" data-thumbnail=\"https:\/\/www.galleriamarcacorona.com\/wp-content\/uploads\/2025\/02\/MCArte_Convegno-Finissage_2025_022-200x300.jpg\" data-width=\"200\" data-height=\"300\" aria-label=\"\" role=\"img\" ><\/div>\n\t\t\t\t\t\t\t\t\t\t\t<div class=\"elementor-gallery-item__overlay\"><\/div>\n\t\t\t\t\t\t\t\t\t\t\t\t\t\t<\/a>\n\t\t\t\t\t\t\t<a class=\"e-gallery-item elementor-gallery-item elementor-animated-content\" href=\"https:\/\/www.galleriamarcacorona.com\/wp-content\/uploads\/2025\/02\/MCArte_Convegno-Finissage_2025_026.jpg\" data-elementor-open-lightbox=\"yes\" data-elementor-lightbox-slideshow=\"c9b5601\" data-elementor-lightbox-title=\"MCArte_Convegno-Finissage_2025_026\" data-e-action-hash=\"#elementor-action%3Aaction%3Dlightbox%26settings%3DeyJpZCI6MTAzNDEsInVybCI6Imh0dHBzOlwvXC93d3cuZ2FsbGVyaWFtYXJjYWNvcm9uYS5jb21cL3dwLWNvbnRlbnRcL3VwbG9hZHNcLzIwMjVcLzAyXC9NQ0FydGVfQ29udmVnbm8tRmluaXNzYWdlXzIwMjVfMDI2LmpwZyIsInNsaWRlc2hvdyI6ImM5YjU2MDEifQ%3D%3D\">\n\t\t\t\t\t<div class=\"e-gallery-image elementor-gallery-item__image\" data-thumbnail=\"https:\/\/www.galleriamarcacorona.com\/wp-content\/uploads\/2025\/02\/MCArte_Convegno-Finissage_2025_026-200x300.jpg\" data-width=\"200\" data-height=\"300\" aria-label=\"\" role=\"img\" ><\/div>\n\t\t\t\t\t\t\t\t\t\t\t<div class=\"elementor-gallery-item__overlay\"><\/div>\n\t\t\t\t\t\t\t\t\t\t\t\t\t\t<\/a>\n\t\t\t\t\t\t\t<a class=\"e-gallery-item elementor-gallery-item elementor-animated-content\" href=\"https:\/\/www.galleriamarcacorona.com\/wp-content\/uploads\/2025\/02\/MCArte_Convegno-Finissage_2025_027.jpg\" data-elementor-open-lightbox=\"yes\" data-elementor-lightbox-slideshow=\"c9b5601\" data-elementor-lightbox-title=\"MCArte_Convegno-Finissage_2025_027\" data-e-action-hash=\"#elementor-action%3Aaction%3Dlightbox%26settings%3DeyJpZCI6MTAzNTMsInVybCI6Imh0dHBzOlwvXC93d3cuZ2FsbGVyaWFtYXJjYWNvcm9uYS5jb21cL3dwLWNvbnRlbnRcL3VwbG9hZHNcLzIwMjVcLzAyXC9NQ0FydGVfQ29udmVnbm8tRmluaXNzYWdlXzIwMjVfMDI3LmpwZyIsInNsaWRlc2hvdyI6ImM5YjU2MDEifQ%3D%3D\">\n\t\t\t\t\t<div class=\"e-gallery-image elementor-gallery-item__image\" data-thumbnail=\"https:\/\/www.galleriamarcacorona.com\/wp-content\/uploads\/2025\/02\/MCArte_Convegno-Finissage_2025_027-200x300.jpg\" data-width=\"200\" data-height=\"300\" aria-label=\"\" role=\"img\" ><\/div>\n\t\t\t\t\t\t\t\t\t\t\t<div class=\"elementor-gallery-item__overlay\"><\/div>\n\t\t\t\t\t\t\t\t\t\t\t\t\t\t<\/a>\n\t\t\t\t\t\t\t<a class=\"e-gallery-item elementor-gallery-item elementor-animated-content\" href=\"https:\/\/www.galleriamarcacorona.com\/wp-content\/uploads\/2025\/02\/MCArte_Convegno-Finissage_2025_029.jpg\" data-elementor-open-lightbox=\"yes\" data-elementor-lightbox-slideshow=\"c9b5601\" data-elementor-lightbox-title=\"MCArte_Convegno-Finissage_2025_029\" data-e-action-hash=\"#elementor-action%3Aaction%3Dlightbox%26settings%3DeyJpZCI6MTAzMjMsInVybCI6Imh0dHBzOlwvXC93d3cuZ2FsbGVyaWFtYXJjYWNvcm9uYS5jb21cL3dwLWNvbnRlbnRcL3VwbG9hZHNcLzIwMjVcLzAyXC9NQ0FydGVfQ29udmVnbm8tRmluaXNzYWdlXzIwMjVfMDI5LmpwZyIsInNsaWRlc2hvdyI6ImM5YjU2MDEifQ%3D%3D\">\n\t\t\t\t\t<div class=\"e-gallery-image elementor-gallery-item__image\" data-thumbnail=\"https:\/\/www.galleriamarcacorona.com\/wp-content\/uploads\/2025\/02\/MCArte_Convegno-Finissage_2025_029-300x200.jpg\" data-width=\"300\" data-height=\"200\" aria-label=\"\" role=\"img\" ><\/div>\n\t\t\t\t\t\t\t\t\t\t\t<div class=\"elementor-gallery-item__overlay\"><\/div>\n\t\t\t\t\t\t\t\t\t\t\t\t\t\t<\/a>\n\t\t\t\t\t\t\t<a class=\"e-gallery-item elementor-gallery-item elementor-animated-content\" href=\"https:\/\/www.galleriamarcacorona.com\/wp-content\/uploads\/2025\/02\/MCArte_Convegno-Finissage_2025_031.jpg\" data-elementor-open-lightbox=\"yes\" data-elementor-lightbox-slideshow=\"c9b5601\" data-elementor-lightbox-title=\"MCArte_Convegno-Finissage_2025_031\" data-e-action-hash=\"#elementor-action%3Aaction%3Dlightbox%26settings%3DeyJpZCI6MTAzMjksInVybCI6Imh0dHBzOlwvXC93d3cuZ2FsbGVyaWFtYXJjYWNvcm9uYS5jb21cL3dwLWNvbnRlbnRcL3VwbG9hZHNcLzIwMjVcLzAyXC9NQ0FydGVfQ29udmVnbm8tRmluaXNzYWdlXzIwMjVfMDMxLmpwZyIsInNsaWRlc2hvdyI6ImM5YjU2MDEifQ%3D%3D\">\n\t\t\t\t\t<div class=\"e-gallery-image elementor-gallery-item__image\" data-thumbnail=\"https:\/\/www.galleriamarcacorona.com\/wp-content\/uploads\/2025\/02\/MCArte_Convegno-Finissage_2025_031-200x300.jpg\" data-width=\"200\" data-height=\"300\" aria-label=\"\" role=\"img\" ><\/div>\n\t\t\t\t\t\t\t\t\t\t\t<div class=\"elementor-gallery-item__overlay\"><\/div>\n\t\t\t\t\t\t\t\t\t\t\t\t\t\t<\/a>\n\t\t\t\t\t\t\t<a class=\"e-gallery-item elementor-gallery-item elementor-animated-content\" href=\"https:\/\/www.galleriamarcacorona.com\/wp-content\/uploads\/2025\/02\/MCArte_Convegno-Finissage_2025_032.jpg\" data-elementor-open-lightbox=\"yes\" data-elementor-lightbox-slideshow=\"c9b5601\" data-elementor-lightbox-title=\"MCArte_Convegno-Finissage_2025_032\" data-e-action-hash=\"#elementor-action%3Aaction%3Dlightbox%26settings%3DeyJpZCI6MTAzMTEsInVybCI6Imh0dHBzOlwvXC93d3cuZ2FsbGVyaWFtYXJjYWNvcm9uYS5jb21cL3dwLWNvbnRlbnRcL3VwbG9hZHNcLzIwMjVcLzAyXC9NQ0FydGVfQ29udmVnbm8tRmluaXNzYWdlXzIwMjVfMDMyLmpwZyIsInNsaWRlc2hvdyI6ImM5YjU2MDEifQ%3D%3D\">\n\t\t\t\t\t<div class=\"e-gallery-image elementor-gallery-item__image\" data-thumbnail=\"https:\/\/www.galleriamarcacorona.com\/wp-content\/uploads\/2025\/02\/MCArte_Convegno-Finissage_2025_032-200x300.jpg\" data-width=\"200\" data-height=\"300\" aria-label=\"\" role=\"img\" ><\/div>\n\t\t\t\t\t\t\t\t\t\t\t<div class=\"elementor-gallery-item__overlay\"><\/div>\n\t\t\t\t\t\t\t\t\t\t\t\t\t\t<\/a>\n\t\t\t\t\t<\/div>\n\t\t\t<\/div>\n\t\t\t\t<\/div>\n\t\t\t\t\t<\/div>\n\t\t\t\t<\/div>\n\t\t\t\t\t<\/div>\n\t\t\t\t<\/div>\n\t\t\t\t\t<\/div>\n\t\t\t\t<\/div>\n\t\t\t\t\t<\/div>\n\t\t\t\t<\/div>\n\t\t\t\t\t\t\t<\/div>\n\t\t","protected":false},"excerpt":{"rendered":"<p>Revivons le week-end d\u2019Art City Bologna 2025 et Art City White Night 2025 avec les photos les plus \u00e9mouvantes de nos \u00e9v\u00e9nements de vendredi, samedi et dimanche.<\/p>\n","protected":false},"author":1,"featured_media":10455,"comment_status":"open","ping_status":"open","sticky":false,"template":"","format":"standard","meta":{"site-sidebar-layout":"default","site-content-layout":"default","ast-global-header-display":"","ast-main-header-display":"","ast-hfb-above-header-display":"","ast-hfb-below-header-display":"","ast-hfb-mobile-header-display":"","site-post-title":"","ast-breadcrumbs-content":"","ast-featured-img":"","footer-sml-layout":"","theme-transparent-header-meta":"","adv-header-id-meta":"","stick-header-meta":"","header-above-stick-meta":"","header-main-stick-meta":"","header-below-stick-meta":""},"categories":[11],"tags":[],"acf":[],"yoast_head":"<!-- This site is optimized with the Yoast SEO plugin v20.12 - https:\/\/yoast.com\/wordpress\/plugins\/seo\/ -->\n<title>Apr\u00e8s Art City 2025 Bologna. Les moments forts de cette \u00e9dition avec Marca Corona per l\u2019Arte - Galleria Marca Corona<\/title>\n<meta name=\"description\" content=\"Souvenirs d\u2019Art City Bologna et Art City White Night 2025, avec des photos in\u00e9dites et le r\u00e9cit des 3 journ\u00e9es de l\u2019\u00e9v\u00e9nement de Marca Corona per l\u2019Arte.\" \/>\n<meta name=\"robots\" content=\"index, follow, max-snippet:-1, max-image-preview:large, max-video-preview:-1\" \/>\n<link rel=\"canonical\" href=\"https:\/\/www.galleriamarcacorona.com\/fr\/apres-art-city-2025-bologna-les-moments-forts-de-cette-edition-avec-marca-corona-per-larte\/\" \/>\n<meta property=\"og:locale\" content=\"fr_FR\" \/>\n<meta property=\"og:type\" content=\"article\" \/>\n<meta property=\"og:title\" content=\"Apr\u00e8s Art City 2025 Bologna. Les moments forts de cette \u00e9dition avec Marca Corona per l\u2019Arte - Galleria Marca Corona\" \/>\n<meta property=\"og:description\" content=\"Souvenirs d\u2019Art City Bologna et Art City White Night 2025, avec des photos in\u00e9dites et le r\u00e9cit des 3 journ\u00e9es de l\u2019\u00e9v\u00e9nement de Marca Corona per l\u2019Arte.\" \/>\n<meta property=\"og:url\" content=\"https:\/\/www.galleriamarcacorona.com\/fr\/apres-art-city-2025-bologna-les-moments-forts-de-cette-edition-avec-marca-corona-per-larte\/\" \/>\n<meta property=\"og:site_name\" content=\"Galleria Marca Corona\" \/>\n<meta property=\"article:published_time\" content=\"2025-02-13T06:54:59+00:00\" \/>\n<meta property=\"article:modified_time\" content=\"2025-02-17T07:21:17+00:00\" \/>\n<meta property=\"og:image\" content=\"https:\/\/www.galleriamarcacorona.com\/wp-content\/uploads\/2025\/02\/Dopo-Art-City-2025-Bologna_banner.jpg\" \/>\n\t<meta property=\"og:image:width\" content=\"1300\" \/>\n\t<meta property=\"og:image:height\" content=\"800\" \/>\n\t<meta property=\"og:image:type\" content=\"image\/jpeg\" \/>\n<meta name=\"author\" content=\"admin\" \/>\n<meta name=\"twitter:card\" content=\"summary_large_image\" \/>\n<meta name=\"twitter:label1\" content=\"\u00c9crit par\" \/>\n\t<meta name=\"twitter:data1\" content=\"admin\" \/>\n\t<meta name=\"twitter:label2\" content=\"Dur\u00e9e de lecture estim\u00e9e\" \/>\n\t<meta name=\"twitter:data2\" content=\"11 minutes\" \/>\n<script type=\"application\/ld+json\" class=\"yoast-schema-graph\">{\"@context\":\"https:\/\/schema.org\",\"@graph\":[{\"@type\":\"Article\",\"@id\":\"https:\/\/www.galleriamarcacorona.com\/fr\/apres-art-city-2025-bologna-les-moments-forts-de-cette-edition-avec-marca-corona-per-larte\/#article\",\"isPartOf\":{\"@id\":\"https:\/\/www.galleriamarcacorona.com\/fr\/apres-art-city-2025-bologna-les-moments-forts-de-cette-edition-avec-marca-corona-per-larte\/\"},\"author\":{\"name\":\"admin\",\"@id\":\"https:\/\/www.galleriamarcacorona.com\/fr\/#\/schema\/person\/9854f3650eab7e4334e66d22de09296a\"},\"headline\":\"Apr\u00e8s Art City 2025 Bologna. Les moments forts de cette \u00e9dition avec Marca Corona per l\u2019Arte\",\"datePublished\":\"2025-02-13T06:54:59+00:00\",\"dateModified\":\"2025-02-17T07:21:17+00:00\",\"mainEntityOfPage\":{\"@id\":\"https:\/\/www.galleriamarcacorona.com\/fr\/apres-art-city-2025-bologna-les-moments-forts-de-cette-edition-avec-marca-corona-per-larte\/\"},\"wordCount\":2276,\"commentCount\":0,\"publisher\":{\"@id\":\"https:\/\/www.galleriamarcacorona.com\/fr\/#organization\"},\"articleSection\":[\"Non classifi\u00e9(e)\"],\"inLanguage\":\"fr-FR\",\"potentialAction\":[{\"@type\":\"CommentAction\",\"name\":\"Comment\",\"target\":[\"https:\/\/www.galleriamarcacorona.com\/fr\/apres-art-city-2025-bologna-les-moments-forts-de-cette-edition-avec-marca-corona-per-larte\/#respond\"]}]},{\"@type\":\"WebPage\",\"@id\":\"https:\/\/www.galleriamarcacorona.com\/fr\/apres-art-city-2025-bologna-les-moments-forts-de-cette-edition-avec-marca-corona-per-larte\/\",\"url\":\"https:\/\/www.galleriamarcacorona.com\/fr\/apres-art-city-2025-bologna-les-moments-forts-de-cette-edition-avec-marca-corona-per-larte\/\",\"name\":\"Apr\u00e8s Art City 2025 Bologna. Les moments forts de cette \u00e9dition avec Marca Corona per l\u2019Arte - Galleria Marca Corona\",\"isPartOf\":{\"@id\":\"https:\/\/www.galleriamarcacorona.com\/fr\/#website\"},\"datePublished\":\"2025-02-13T06:54:59+00:00\",\"dateModified\":\"2025-02-17T07:21:17+00:00\",\"description\":\"Souvenirs d\u2019Art City Bologna et Art City White Night 2025, avec des photos in\u00e9dites et le r\u00e9cit des 3 journ\u00e9es de l\u2019\u00e9v\u00e9nement de Marca Corona per l\u2019Arte.\",\"breadcrumb\":{\"@id\":\"https:\/\/www.galleriamarcacorona.com\/fr\/apres-art-city-2025-bologna-les-moments-forts-de-cette-edition-avec-marca-corona-per-larte\/#breadcrumb\"},\"inLanguage\":\"fr-FR\",\"potentialAction\":[{\"@type\":\"ReadAction\",\"target\":[\"https:\/\/www.galleriamarcacorona.com\/fr\/apres-art-city-2025-bologna-les-moments-forts-de-cette-edition-avec-marca-corona-per-larte\/\"]}]},{\"@type\":\"BreadcrumbList\",\"@id\":\"https:\/\/www.galleriamarcacorona.com\/fr\/apres-art-city-2025-bologna-les-moments-forts-de-cette-edition-avec-marca-corona-per-larte\/#breadcrumb\",\"itemListElement\":[{\"@type\":\"ListItem\",\"position\":1,\"name\":\"Home\",\"item\":\"https:\/\/www.galleriamarcacorona.com\/fr\/\"},{\"@type\":\"ListItem\",\"position\":2,\"name\":\"Apr\u00e8s Art City 2025 Bologna. Les moments forts de cette \u00e9dition avec Marca Corona per l\u2019Arte\"}]},{\"@type\":\"WebSite\",\"@id\":\"https:\/\/www.galleriamarcacorona.com\/fr\/#website\",\"url\":\"https:\/\/www.galleriamarcacorona.com\/fr\/\",\"name\":\"Galleria Marca Corona\",\"description\":\"\",\"publisher\":{\"@id\":\"https:\/\/www.galleriamarcacorona.com\/fr\/#organization\"},\"potentialAction\":[{\"@type\":\"SearchAction\",\"target\":{\"@type\":\"EntryPoint\",\"urlTemplate\":\"https:\/\/www.galleriamarcacorona.com\/fr\/?s={search_term_string}\"},\"query-input\":\"required name=search_term_string\"}],\"inLanguage\":\"fr-FR\"},{\"@type\":\"Organization\",\"@id\":\"https:\/\/www.galleriamarcacorona.com\/fr\/#organization\",\"name\":\"Galleria Marca Corona\",\"url\":\"https:\/\/www.galleriamarcacorona.com\/fr\/\",\"logo\":{\"@type\":\"ImageObject\",\"inLanguage\":\"fr-FR\",\"@id\":\"https:\/\/www.galleriamarcacorona.com\/fr\/#\/schema\/logo\/image\/\",\"url\":\"https:\/\/www.galleriamarcacorona.com\/wp-content\/uploads\/2023\/05\/mc-galleria-logo-rgb-3200px.png\",\"contentUrl\":\"https:\/\/www.galleriamarcacorona.com\/wp-content\/uploads\/2023\/05\/mc-galleria-logo-rgb-3200px.png\",\"width\":3200,\"height\":1112,\"caption\":\"Galleria Marca Corona\"},\"image\":{\"@id\":\"https:\/\/www.galleriamarcacorona.com\/fr\/#\/schema\/logo\/image\/\"}},{\"@type\":\"Person\",\"@id\":\"https:\/\/www.galleriamarcacorona.com\/fr\/#\/schema\/person\/9854f3650eab7e4334e66d22de09296a\",\"name\":\"admin\",\"image\":{\"@type\":\"ImageObject\",\"inLanguage\":\"fr-FR\",\"@id\":\"https:\/\/www.galleriamarcacorona.com\/fr\/#\/schema\/person\/image\/\",\"url\":\"https:\/\/secure.gravatar.com\/avatar\/45e04a838bba17ec5b51186bc6740fa4?s=96&d=mm&r=g\",\"contentUrl\":\"https:\/\/secure.gravatar.com\/avatar\/45e04a838bba17ec5b51186bc6740fa4?s=96&d=mm&r=g\",\"caption\":\"admin\"},\"sameAs\":[\"http:\/\/www.galleriamarcacorona.com\"],\"url\":\"https:\/\/www.galleriamarcacorona.com\/fr\/author\/admin\/\"}]}<\/script>\n<!-- \/ Yoast SEO plugin. -->","yoast_head_json":{"title":"Apr\u00e8s Art City 2025 Bologna. Les moments forts de cette \u00e9dition avec Marca Corona per l\u2019Arte - Galleria Marca Corona","description":"Souvenirs d\u2019Art City Bologna et Art City White Night 2025, avec des photos in\u00e9dites et le r\u00e9cit des 3 journ\u00e9es de l\u2019\u00e9v\u00e9nement de Marca Corona per l\u2019Arte.","robots":{"index":"index","follow":"follow","max-snippet":"max-snippet:-1","max-image-preview":"max-image-preview:large","max-video-preview":"max-video-preview:-1"},"canonical":"https:\/\/www.galleriamarcacorona.com\/fr\/apres-art-city-2025-bologna-les-moments-forts-de-cette-edition-avec-marca-corona-per-larte\/","og_locale":"fr_FR","og_type":"article","og_title":"Apr\u00e8s Art City 2025 Bologna. Les moments forts de cette \u00e9dition avec Marca Corona per l\u2019Arte - Galleria Marca Corona","og_description":"Souvenirs d\u2019Art City Bologna et Art City White Night 2025, avec des photos in\u00e9dites et le r\u00e9cit des 3 journ\u00e9es de l\u2019\u00e9v\u00e9nement de Marca Corona per l\u2019Arte.","og_url":"https:\/\/www.galleriamarcacorona.com\/fr\/apres-art-city-2025-bologna-les-moments-forts-de-cette-edition-avec-marca-corona-per-larte\/","og_site_name":"Galleria Marca Corona","article_published_time":"2025-02-13T06:54:59+00:00","article_modified_time":"2025-02-17T07:21:17+00:00","og_image":[{"width":1300,"height":800,"url":"https:\/\/www.galleriamarcacorona.com\/wp-content\/uploads\/2025\/02\/Dopo-Art-City-2025-Bologna_banner.jpg","type":"image\/jpeg"}],"author":"admin","twitter_card":"summary_large_image","twitter_misc":{"\u00c9crit par":"admin","Dur\u00e9e de lecture estim\u00e9e":"11 minutes"},"schema":{"@context":"https:\/\/schema.org","@graph":[{"@type":"Article","@id":"https:\/\/www.galleriamarcacorona.com\/fr\/apres-art-city-2025-bologna-les-moments-forts-de-cette-edition-avec-marca-corona-per-larte\/#article","isPartOf":{"@id":"https:\/\/www.galleriamarcacorona.com\/fr\/apres-art-city-2025-bologna-les-moments-forts-de-cette-edition-avec-marca-corona-per-larte\/"},"author":{"name":"admin","@id":"https:\/\/www.galleriamarcacorona.com\/fr\/#\/schema\/person\/9854f3650eab7e4334e66d22de09296a"},"headline":"Apr\u00e8s Art City 2025 Bologna. Les moments forts de cette \u00e9dition avec Marca Corona per l\u2019Arte","datePublished":"2025-02-13T06:54:59+00:00","dateModified":"2025-02-17T07:21:17+00:00","mainEntityOfPage":{"@id":"https:\/\/www.galleriamarcacorona.com\/fr\/apres-art-city-2025-bologna-les-moments-forts-de-cette-edition-avec-marca-corona-per-larte\/"},"wordCount":2276,"commentCount":0,"publisher":{"@id":"https:\/\/www.galleriamarcacorona.com\/fr\/#organization"},"articleSection":["Non classifi\u00e9(e)"],"inLanguage":"fr-FR","potentialAction":[{"@type":"CommentAction","name":"Comment","target":["https:\/\/www.galleriamarcacorona.com\/fr\/apres-art-city-2025-bologna-les-moments-forts-de-cette-edition-avec-marca-corona-per-larte\/#respond"]}]},{"@type":"WebPage","@id":"https:\/\/www.galleriamarcacorona.com\/fr\/apres-art-city-2025-bologna-les-moments-forts-de-cette-edition-avec-marca-corona-per-larte\/","url":"https:\/\/www.galleriamarcacorona.com\/fr\/apres-art-city-2025-bologna-les-moments-forts-de-cette-edition-avec-marca-corona-per-larte\/","name":"Apr\u00e8s Art City 2025 Bologna. Les moments forts de cette \u00e9dition avec Marca Corona per l\u2019Arte - Galleria Marca Corona","isPartOf":{"@id":"https:\/\/www.galleriamarcacorona.com\/fr\/#website"},"datePublished":"2025-02-13T06:54:59+00:00","dateModified":"2025-02-17T07:21:17+00:00","description":"Souvenirs d\u2019Art City Bologna et Art City White Night 2025, avec des photos in\u00e9dites et le r\u00e9cit des 3 journ\u00e9es de l\u2019\u00e9v\u00e9nement de Marca Corona per l\u2019Arte.","breadcrumb":{"@id":"https:\/\/www.galleriamarcacorona.com\/fr\/apres-art-city-2025-bologna-les-moments-forts-de-cette-edition-avec-marca-corona-per-larte\/#breadcrumb"},"inLanguage":"fr-FR","potentialAction":[{"@type":"ReadAction","target":["https:\/\/www.galleriamarcacorona.com\/fr\/apres-art-city-2025-bologna-les-moments-forts-de-cette-edition-avec-marca-corona-per-larte\/"]}]},{"@type":"BreadcrumbList","@id":"https:\/\/www.galleriamarcacorona.com\/fr\/apres-art-city-2025-bologna-les-moments-forts-de-cette-edition-avec-marca-corona-per-larte\/#breadcrumb","itemListElement":[{"@type":"ListItem","position":1,"name":"Home","item":"https:\/\/www.galleriamarcacorona.com\/fr\/"},{"@type":"ListItem","position":2,"name":"Apr\u00e8s Art City 2025 Bologna. Les moments forts de cette \u00e9dition avec Marca Corona per l\u2019Arte"}]},{"@type":"WebSite","@id":"https:\/\/www.galleriamarcacorona.com\/fr\/#website","url":"https:\/\/www.galleriamarcacorona.com\/fr\/","name":"Galleria Marca Corona","description":"","publisher":{"@id":"https:\/\/www.galleriamarcacorona.com\/fr\/#organization"},"potentialAction":[{"@type":"SearchAction","target":{"@type":"EntryPoint","urlTemplate":"https:\/\/www.galleriamarcacorona.com\/fr\/?s={search_term_string}"},"query-input":"required name=search_term_string"}],"inLanguage":"fr-FR"},{"@type":"Organization","@id":"https:\/\/www.galleriamarcacorona.com\/fr\/#organization","name":"Galleria Marca Corona","url":"https:\/\/www.galleriamarcacorona.com\/fr\/","logo":{"@type":"ImageObject","inLanguage":"fr-FR","@id":"https:\/\/www.galleriamarcacorona.com\/fr\/#\/schema\/logo\/image\/","url":"https:\/\/www.galleriamarcacorona.com\/wp-content\/uploads\/2023\/05\/mc-galleria-logo-rgb-3200px.png","contentUrl":"https:\/\/www.galleriamarcacorona.com\/wp-content\/uploads\/2023\/05\/mc-galleria-logo-rgb-3200px.png","width":3200,"height":1112,"caption":"Galleria Marca Corona"},"image":{"@id":"https:\/\/www.galleriamarcacorona.com\/fr\/#\/schema\/logo\/image\/"}},{"@type":"Person","@id":"https:\/\/www.galleriamarcacorona.com\/fr\/#\/schema\/person\/9854f3650eab7e4334e66d22de09296a","name":"admin","image":{"@type":"ImageObject","inLanguage":"fr-FR","@id":"https:\/\/www.galleriamarcacorona.com\/fr\/#\/schema\/person\/image\/","url":"https:\/\/secure.gravatar.com\/avatar\/45e04a838bba17ec5b51186bc6740fa4?s=96&d=mm&r=g","contentUrl":"https:\/\/secure.gravatar.com\/avatar\/45e04a838bba17ec5b51186bc6740fa4?s=96&d=mm&r=g","caption":"admin"},"sameAs":["http:\/\/www.galleriamarcacorona.com"],"url":"https:\/\/www.galleriamarcacorona.com\/fr\/author\/admin\/"}]}},"_links":{"self":[{"href":"https:\/\/www.galleriamarcacorona.com\/fr\/wp-json\/wp\/v2\/posts\/10269"}],"collection":[{"href":"https:\/\/www.galleriamarcacorona.com\/fr\/wp-json\/wp\/v2\/posts"}],"about":[{"href":"https:\/\/www.galleriamarcacorona.com\/fr\/wp-json\/wp\/v2\/types\/post"}],"author":[{"embeddable":true,"href":"https:\/\/www.galleriamarcacorona.com\/fr\/wp-json\/wp\/v2\/users\/1"}],"replies":[{"embeddable":true,"href":"https:\/\/www.galleriamarcacorona.com\/fr\/wp-json\/wp\/v2\/comments?post=10269"}],"version-history":[{"count":18,"href":"https:\/\/www.galleriamarcacorona.com\/fr\/wp-json\/wp\/v2\/posts\/10269\/revisions"}],"predecessor-version":[{"id":10549,"href":"https:\/\/www.galleriamarcacorona.com\/fr\/wp-json\/wp\/v2\/posts\/10269\/revisions\/10549"}],"wp:featuredmedia":[{"embeddable":true,"href":"https:\/\/www.galleriamarcacorona.com\/fr\/wp-json\/wp\/v2\/media\/10455"}],"wp:attachment":[{"href":"https:\/\/www.galleriamarcacorona.com\/fr\/wp-json\/wp\/v2\/media?parent=10269"}],"wp:term":[{"taxonomy":"category","embeddable":true,"href":"https:\/\/www.galleriamarcacorona.com\/fr\/wp-json\/wp\/v2\/categories?post=10269"},{"taxonomy":"post_tag","embeddable":true,"href":"https:\/\/www.galleriamarcacorona.com\/fr\/wp-json\/wp\/v2\/tags?post=10269"}],"curies":[{"name":"wp","href":"https:\/\/api.w.org\/{rel}","templated":true}]}}