{"id":11415,"date":"2025-09-08T10:45:41","date_gmt":"2025-09-08T10:45:41","guid":{"rendered":"https:\/\/www.galleriamarcacorona.com\/con-festival-filosofia-2025-inizia-la-nuova-mostra-di-andrea-mastrovito-al-palazzo-ducale-di-sassuolo\/"},"modified":"2025-10-08T12:15:43","modified_gmt":"2025-10-08T12:15:43","slug":"la-nouvelle-exposition-dandrea-mastrovito-au-palais-ducal-de-sassuolo-ouvre-ses-portes-en-concomitance-avec-le-festival-filosofia-2025","status":"publish","type":"post","link":"https:\/\/www.galleriamarcacorona.com\/fr\/la-nouvelle-exposition-dandrea-mastrovito-au-palais-ducal-de-sassuolo-ouvre-ses-portes-en-concomitance-avec-le-festival-filosofia-2025\/","title":{"rendered":"La nouvelle exposition d\u2019Andrea Mastrovito au Palais Ducal de Sassuolo ouvre ses portes en concomitance avec le Festival Filosofia 2025"},"content":{"rendered":"\t\t<div data-elementor-type=\"wp-post\" data-elementor-id=\"11415\" class=\"elementor elementor-11415 elementor-10890\" data-elementor-post-type=\"post\">\n\t\t\t\t\t\t\t<div class=\"elementor-element elementor-element-1da08c9 e-flex e-con-boxed e-con\" data-id=\"1da08c9\" data-element_type=\"container\" data-settings=\"{&quot;content_width&quot;:&quot;boxed&quot;}\">\n\t\t\t\t\t<div class=\"e-con-inner\">\n\t\t\t\t<div class=\"elementor-element elementor-element-d4af86b elementor-widget elementor-widget-text-editor\" data-id=\"d4af86b\" data-element_type=\"widget\" data-widget_type=\"text-editor.default\">\n\t\t\t\t<div class=\"elementor-widget-container\">\n\t\t\t<style>\/*! elementor - v3.14.0 - 26-06-2023 *\/\n.elementor-widget-text-editor.elementor-drop-cap-view-stacked .elementor-drop-cap{background-color:#69727d;color:#fff}.elementor-widget-text-editor.elementor-drop-cap-view-framed .elementor-drop-cap{color:#69727d;border:3px solid;background-color:transparent}.elementor-widget-text-editor:not(.elementor-drop-cap-view-default) .elementor-drop-cap{margin-top:8px}.elementor-widget-text-editor:not(.elementor-drop-cap-view-default) .elementor-drop-cap-letter{width:1em;height:1em}.elementor-widget-text-editor .elementor-drop-cap{float:left;text-align:center;line-height:1;font-size:50px}.elementor-widget-text-editor .elementor-drop-cap-letter{display:inline-block}<\/style>\t\t\t\t<p>L\u2019<b>exposition consacr\u00e9e aux \u0153uvres d\u2019Andrea Mastrovito,\u00a0<i>Sette Stanze<\/i><\/b>, sera inaugur\u00e9e le 1<sup>er<\/sup>\u00a0jour du Festival Filosofia 2025 au Palais Ducal de Sassuolo.<\/p><p>Cette exposition d\u2019\u0153uvres personnelles \u2013\u00a0propos\u00e9e par Francesca Disconzi et parrain\u00e9e par Marca Corona<b>\u00a0<\/b>en association avec Gallerie Estensi\u00a0\u2013 pr\u00e9sentera\u00a0<b>diverses cr\u00e9ations qui ont jalonn\u00e9 le parcours de l\u2019artiste au fil des ans<\/b>\u00a0:<\/p><ul><li>de l\u2019<b><i>Enciclopedia dei fiori da giardino<\/i><\/b><i>\u00a0<\/i>propos\u00e9e avec des am\u00e9nagements in\u00e9dits<\/li><li>\u00e0 la\u00a0<b>grande mosa\u00efque sur panneau\u00a0<\/b><b><i>MCm &#8211; Minimo Comune multiplo<\/i><\/b>,<b><i>\u00a0<\/i><\/b>une \u0153uvre in\u00e9dite du projet\u00a0<u><a href=\"https:\/\/www.galleriamarcacorona.com\/fr\/marca-corona-pour-lart\/\" rel=\"noopener\"><b>Marca Corona per l\u2019Arte<\/b><\/a><\/u>\u00a0<\/li><li>jusqu\u2019aux\u00a0<b>nouvelles compositions r\u00e9alis\u00e9es sp\u00e9cifiquement pour l\u2019exposition<\/b>\u00a0au Palais Ducal et inspir\u00e9es des \u00e9l\u00e9ments du ciel et de l\u2019eau.<\/li><\/ul><p><b>Ouverte \u00e0 partir du 19\u00a0septembre, avec entr\u00e9e gratuite m\u00eame le samedi 20 et le dimanche 21\u00a0septembre<\/b>, l\u2019exposition fait partie du programme\u00a0<i>Off<\/i>\u00a0du Festival Filosofia 2025, l\u2019\u00e9v\u00e9nement d\u00e9di\u00e9 \u00e0 la diffusion de la connaissance et du savoir philosophique qui, cette ann\u00e9e encore, compte sur des\u00a0<b>partenaires culturels<\/b>\u00a0comme des mus\u00e9es, des galeries et d\u2019autres lieux artistiques et historiques.<\/p><p><b>D\u00e9couvrons plus en d\u00e9tails l\u2019initiative propos\u00e9e au Palais Ducal, les \u0153uvres qu\u2019il accueillera et l\u2019art d\u2019<\/b><a href=\"https:\/\/www.galleriamarcacorona.com\/fr\/andrea-mastrovito-lunion-creative-entre-art-et-entreprise-dans-le-projet-avec-marca-corona-per-larte\/\" rel=\"noopener\"><b>Andrea Mastrovito<\/b><\/a>, qui a r\u00e9cemment remport\u00e9 le concours pour la r\u00e9alisation de l\u2019<i>Agneau de Dieu (Agnus Dei)\u00a0<\/i>de la croix qui couronne la Tour de J\u00e9sus de la Sagrada Familia de Barcelone.<\/p>\t\t\t\t\t\t<\/div>\n\t\t\t\t<\/div>\n\t\t\t\t\t<\/div>\n\t\t\t\t<\/div>\n\t\t<div class=\"elementor-element elementor-element-12e4f94 e-flex e-con-boxed e-con\" data-id=\"12e4f94\" data-element_type=\"container\" data-settings=\"{&quot;content_width&quot;:&quot;boxed&quot;}\">\n\t\t\t\t\t<div class=\"e-con-inner\">\n\t\t\t\t<div class=\"elementor-element elementor-element-fcb5b8c elementor-widget elementor-widget-heading\" data-id=\"fcb5b8c\" data-element_type=\"widget\" data-widget_type=\"heading.default\">\n\t\t\t\t<div class=\"elementor-widget-container\">\n\t\t\t<style>\/*! elementor - v3.14.0 - 26-06-2023 *\/\n.elementor-heading-title{padding:0;margin:0;line-height:1}.elementor-widget-heading .elementor-heading-title[class*=elementor-size-]>a{color:inherit;font-size:inherit;line-height:inherit}.elementor-widget-heading .elementor-heading-title.elementor-size-small{font-size:15px}.elementor-widget-heading .elementor-heading-title.elementor-size-medium{font-size:19px}.elementor-widget-heading .elementor-heading-title.elementor-size-large{font-size:29px}.elementor-widget-heading .elementor-heading-title.elementor-size-xl{font-size:39px}.elementor-widget-heading .elementor-heading-title.elementor-size-xxl{font-size:59px}<\/style><h2 class=\"elementor-heading-title elementor-size-default\">Les \u0153uvres personnelles et in\u00e9dites de l\u2019artiste Andrea Mastrovito dans une exposition exclusive au Palais Ducal de Sassuolo<\/h2>\t\t<\/div>\n\t\t\t\t<\/div>\n\t\t\t\t<div class=\"elementor-element elementor-element-3bb49ba elementor-widget elementor-widget-text-editor\" data-id=\"3bb49ba\" data-element_type=\"widget\" data-widget_type=\"text-editor.default\">\n\t\t\t\t<div class=\"elementor-widget-container\">\n\t\t\t\t\t\t\t<p>L<b>\u2019inauguration qui aura lieu le vendredi 19\u00a0septembre<\/b>\u00a0marque le d\u00e9but de\u00a0<i>Sette Stanze,\u00a0<\/i>l\u2019exposition de l\u2019artiste Andrea Mastrovito au Palais Ducal de Sassuolo.<\/p><p>En plus des\u00a0<b>\u0153uvres personnelles et in\u00e9dites de l\u2019auteur (certaines cr\u00e9\u00e9es \u00e0 l\u2019occasion de l\u2019exposition et donc visibles en avant-premi\u00e8re uniquement ici)<\/b>, les visiteurs seront \u00e9galement surpris par l\u2019<b>am\u00e9nagement unique<\/b>\u00a0pr\u00e9vu pour cette exposition exclusive.<\/p><p>Au\u00a0<b>rez-de-chauss\u00e9e<\/b>, il sera possible d\u2019admirer\u00a0<a href=\"https:\/\/www.galleriamarcacorona.com\/fr\/andrea-mastrovito-minimo-comune-multiplo\/\" rel=\"noopener\"><i>MCm &#8211; Minimo Comune multiplo<\/i><\/a>, le grand tableau r\u00e9alis\u00e9 au pastel qui a donn\u00e9 son nom \u00e0 une exposition et qui\u00a0<b>ouvre d\u00e9sormais l\u2019exp\u00e9rience au Palais Ducal<\/b>.<\/p><p>L\u2019\u0153uvre est install\u00e9e dans la salle d\u00e9di\u00e9e \u00e0 l\u2019exposition \u00ab\u00a0Tra Corte e Fabbrica\u00a0\u00bb, o\u00f9 sont pr\u00e9sent\u00e9es plusieurs pi\u00e8ces c\u00e9ramiques uniques qui, le long d\u2019un parcours id\u00e9al entre le Palais Ducal et le mus\u00e9e historique d\u2019entreprise\u00a0<a href=\"https:\/\/galleriamarcacorona.com\/fr\/\" rel=\"noopener\">Galleria Marca Corona<\/a>, offrent une vue compl\u00e8te de l\u2019<a href=\"https:\/\/www.marcacorona.it\/fr\/entreprise\/histoire\/\" target=\"_blank\" rel=\"noopener\">histoire de la c\u00e9ramique de Sassuolo.<\/a><\/p><p>L\u2019\u0153uvre<i>\u00a0MCm &#8211; Minimo Comune multiplo<\/i>\u00a0est une v\u00e9ritable\u00a0<b>mosa\u00efque de tesselles en papier<\/b>\u00a0qui reproduit une photo historique repr\u00e9sentant les employ\u00e9s de Marca Corona ainsi que toute l\u2019\u00e9quipe apr\u00e8s la Seconde Guerre mondiale.\u00a0<\/p><p>Le tableau est caract\u00e9ris\u00e9 par l\u2019<b>utilisation d\u2019une seule teinte bleue<\/b>, choisie pour sa puissance \u00e9vocatrice. Une\u00a0<b>couleur qui rappelle les fa\u00efences<\/b>\u00a0\u2013\u00a0\u00e9galement pr\u00e9sentes dans les chemins du Palais Ducal\u00a0\u2013 et la<b>\u00a0tradition historique et culturelle\u00a0<\/b>du Duch\u00e9 de Mod\u00e8ne, berceau de la c\u00e9ramique de Sassuolo \u00e0 partir de 1741.<\/p><p>L\u2019artiste a ins\u00e9r\u00e9 sur l\u2019image une s\u00e9rie de frottages d\u2019objets du quotidien, dessin\u00e9s par les employ\u00e9s actuels de l\u2019entreprise dans le cadre du\u00a0<b>projet d\u2019art collectif et participatif<\/b>\u00a0de\u00a0<a href=\"https:\/\/www.marcacorona.it\/fr\/news-trends\/art\/andrea-mastrovito-lunion-creative-entre-art-et-entreprise-dans-le-projet-avec-marca-corona-per-larte\/\" target=\"_blank\" rel=\"noopener\">Marca Corona per l\u2019Arte<\/a>.<\/p><p>L\u2019exposition se poursuit au\u00a0<b>1<sup>er<\/sup><\/b><b>\u00a0<\/b><b>\u00e9tage<\/b>, dans les pi\u00e8ces de l\u2019appartement baroque, o\u00f9 les \u0153uvres de\u00a0<b>Mastrovito instaurent un dialogue direct avec les monochromes de la Collection Panza.<\/b><\/p><p>Les\u00a0<b>chefs d\u2019\u0153uvre de Sims, Spalletti, Simpson, Roeth, Litzmann et Appleby<\/b>\u00a0deviennent ainsi des passerelles sur lesquelles se penche l\u2019artiste pour saisir des couleurs et des structures, des traces \u00ab\u00a0<i>d\u2019infini qui se mat\u00e9rialise, un coin de ciel qui tombe sur la terre\u00a0\u00bb<\/i>, pour paraphraser Giuseppe Panza.<\/p><p>\u00c0 travers des\u00a0<b>am\u00e9nagements in\u00e9dits compos\u00e9s sp\u00e9cifiquement pour le site<\/b>, Mastrovito utilise des volumes illustr\u00e9s de diff\u00e9rentes natures et, en leur retirant leur aspect bidimensionnel, compose\u00a0<b>des parterres, des ciels et des mers en papier, en harmonie avec les formes des sols et les couleurs des grandes toiles suspendues aux parois<\/b>, simplement en r\u00e9p\u00e9tant le geste de d\u00e9couper et de plier des pages des centaines de fois.<\/p><p>Ici, l\u2019atout majeur est l\u2019\u0153uvre imposante<b>\u00a0<\/b><b><i>Enciclopedia dei fiori da giardino<\/i><\/b><i>,<\/i><b><i>\u00a0<\/i>accompagn\u00e9e de nouvelles compositions in\u00e9dites qui seront d\u00e9voil\u00e9es pendant l\u2019exposition.<\/b>\u00a0<\/p>\t\t\t\t\t\t<\/div>\n\t\t\t\t<\/div>\n\t\t\t\t\t<\/div>\n\t\t\t\t<\/div>\n\t\t<div class=\"elementor-element elementor-element-27f788c e-flex e-con-boxed e-con\" data-id=\"27f788c\" data-element_type=\"container\" data-settings=\"{&quot;content_width&quot;:&quot;boxed&quot;}\">\n\t\t\t\t\t<div class=\"e-con-inner\">\n\t\t\t\t<div class=\"elementor-element elementor-element-39f420e elementor-widget elementor-widget-heading\" data-id=\"39f420e\" data-element_type=\"widget\" data-widget_type=\"heading.default\">\n\t\t\t\t<div class=\"elementor-widget-container\">\n\t\t\t<h2 class=\"elementor-heading-title elementor-size-default\">Comment visiter l\u2019exposition d\u2019Andrea Mastrovito pendant le Festival Filosofia 2025<\/h2>\t\t<\/div>\n\t\t\t\t<\/div>\n\t\t\t\t<div class=\"elementor-element elementor-element-2a82666 elementor-widget elementor-widget-text-editor\" data-id=\"2a82666\" data-element_type=\"widget\" data-widget_type=\"text-editor.default\">\n\t\t\t\t<div class=\"elementor-widget-container\">\n\t\t\t\t\t\t\t<p><b>L\u2019exposition\u00a0<i>Sette Stanze\u00a0<\/i>d\u2019Andrea Mastrovito sera inaugur\u00e9e le vendredi 19\u00a0septembre<\/b>\u00a0\u00e0 l\u2019occasion du d\u00e9but du week-end du Festival Filosofia 2025. L\u2019<b>entr\u00e9e \u00e0 l\u2019\u00e9v\u00e9nement est gratuite<\/b>\u00a0et inclut \u00e9galement l\u2019acc\u00e8s au Palais Ducal de Sassuolo.<\/p><p><b>La visite de l\u2019exposition est gratuite m\u00eame le samedi 20 et le dimanche 21\u00a0septembre.<\/b><\/p><p><b>Le samedi 20\u00a0septembre, Andrea Mastrovito sera pr\u00e9sent \u00e0 l\u2019exposition et, \u00e0 16h00<\/b>, il proposera une rencontre sp\u00e9ciale avec les visiteurs au cours de laquelle il racontera ses \u0153uvres et son parcours, accompagn\u00e9 de la commissaire de l\u2019exposition Francesca Disconzi.<\/p><p>Une occasion unique de d\u00e9couvrir le\u00a0<b>talent et la vision innovante de cet artiste<\/b>, connu pour ses travaux extr\u00eamement visuels, qui vont de la peinture au cin\u00e9ma, dans lesquels les\u00a0<b>techniques cr\u00e9atives<\/b>\u00a0traditionnelles \u2013\u00a0dessin, collage, marqueterie, animation vid\u00e9o\u00a0\u2013\u00a0<b>sont r\u00e9invent\u00e9es<\/b>\u00a0pour exprimer des concepts complexes li\u00e9s \u00e0 la condition humaine, en racontant des\u00a0<b>histoires qui invitent le spectateur \u00e0 interagir pour cr\u00e9er une exp\u00e9rience captivante et dynamique<\/b>.<\/p><p>Rendez-vous donc au Palais Ducal selon les jours et horaires d\u2019ouverture au public\u00a0:<\/p><ul><li><b>Vendredi 19 septembre<\/b><br \/><b>10h00 &#8211; 22h00 (derni\u00e8re entr\u00e9e 21h00)<\/b><br \/>\u00a0<\/li><li><b>Samedi 20 septembre<\/b><br \/><b>10h00 &#8211; 22h00 (derni\u00e8re entr\u00e9e 21h00) et rencontre avec l\u2019artiste Andrea Mastrovito \u00e0 partir de 16h00<\/b><br \/>\u00a0<\/li><li><b>Dimanche 21 septembre<\/b><br \/><b>10h00 &#8211; 18h00 (derni\u00e8re entr\u00e9e 17h00)<\/b><\/li><\/ul><p>Lieu\u00a0:<br \/><b>Palais Ducal de Sassuolo<\/b><br \/>Piazzale della Rosa, 10<br \/>Sassuolo (Province de Mod\u00e8ne, Italie)<\/p><p><b>Apr\u00e8s le Festival Filosofia, l\u2019exposition se poursuivra jusqu\u2019au 31\u00a0d\u00e9cembre\u00a02025\u00a0; l\u2019entr\u00e9e est incluse dans le billet d\u2019entr\u00e9e au Palais Ducal.<\/b><\/p><p>Vous avez des questions, vous souhaitez plus d\u2019informations sur l\u2019avant-premi\u00e8re de l\u2019exposition ou vous souhaitez prendre part \u00e0 une visite guid\u00e9e\u00a0?<\/p>\t\t\t\t\t\t<\/div>\n\t\t\t\t<\/div>\n\t\t\t\t\t<\/div>\n\t\t\t\t<\/div>\n\t\t<div class=\"elementor-element elementor-element-53fa3bb e-con-full e-flex e-con\" data-id=\"53fa3bb\" data-element_type=\"container\" data-settings=\"{&quot;content_width&quot;:&quot;full&quot;}\">\n\t\t\t\t<div class=\"elementor-element elementor-element-665a806 elementor-widget elementor-widget-spacer\" data-id=\"665a806\" data-element_type=\"widget\" data-widget_type=\"spacer.default\">\n\t\t\t\t<div class=\"elementor-widget-container\">\n\t\t\t<style>\/*! elementor - v3.14.0 - 26-06-2023 *\/\n.elementor-column .elementor-spacer-inner{height:var(--spacer-size)}.e-con{--container-widget-width:100%}.e-con-inner>.elementor-widget-spacer,.e-con>.elementor-widget-spacer{width:var(--container-widget-width,var(--spacer-size));--align-self:var(--container-widget-align-self,initial);--flex-shrink:0}.e-con-inner>.elementor-widget-spacer>.elementor-widget-container,.e-con-inner>.elementor-widget-spacer>.elementor-widget-container>.elementor-spacer,.e-con>.elementor-widget-spacer>.elementor-widget-container,.e-con>.elementor-widget-spacer>.elementor-widget-container>.elementor-spacer{height:100%}.e-con-inner>.elementor-widget-spacer>.elementor-widget-container>.elementor-spacer>.elementor-spacer-inner,.e-con>.elementor-widget-spacer>.elementor-widget-container>.elementor-spacer>.elementor-spacer-inner{height:var(--container-widget-height,var(--spacer-size))}<\/style>\t\t<div class=\"elementor-spacer\">\n\t\t\t<div class=\"elementor-spacer-inner\"><\/div>\n\t\t<\/div>\n\t\t\t\t<\/div>\n\t\t\t\t<\/div>\n\t\t\t\t<div class=\"elementor-element elementor-element-df223fd elementor-widget__width-inherit elementor-widget elementor-widget-image\" data-id=\"df223fd\" data-element_type=\"widget\" data-widget_type=\"image.default\">\n\t\t\t\t<div class=\"elementor-widget-container\">\n\t\t\t<style>\/*! elementor - v3.14.0 - 26-06-2023 *\/\n.elementor-widget-image{text-align:center}.elementor-widget-image a{display:inline-block}.elementor-widget-image a img[src$=\".svg\"]{width:48px}.elementor-widget-image img{vertical-align:middle;display:inline-block}<\/style>\t\t\t\t\t\t\t\t\t\t\t\t<img decoding=\"async\" width=\"1300\" height=\"231\" src=\"https:\/\/www.galleriamarcacorona.com\/wp-content\/uploads\/2025\/09\/loghi.jpg\" class=\"attachment-full size-full wp-image-10898\" alt=\"\" loading=\"lazy\" srcset=\"https:\/\/www.galleriamarcacorona.com\/wp-content\/uploads\/2025\/09\/loghi.jpg 1300w, https:\/\/www.galleriamarcacorona.com\/wp-content\/uploads\/2025\/09\/loghi-300x53.jpg 300w, https:\/\/www.galleriamarcacorona.com\/wp-content\/uploads\/2025\/09\/loghi-1024x182.jpg 1024w, https:\/\/www.galleriamarcacorona.com\/wp-content\/uploads\/2025\/09\/loghi-768x136.jpg 768w\" sizes=\"(max-width: 1300px) 100vw, 1300px\" \/>\t\t\t\t\t\t\t\t\t\t\t\t\t\t\t<\/div>\n\t\t\t\t<\/div>\n\t\t\t\t<\/div>\n\t\t<div class=\"elementor-element elementor-element-9cf43f8 e-flex e-con-boxed e-con\" data-id=\"9cf43f8\" data-element_type=\"container\" data-settings=\"{&quot;content_width&quot;:&quot;boxed&quot;}\">\n\t\t\t\t\t<div class=\"e-con-inner\">\n\t\t\t\t<div class=\"elementor-element elementor-element-b38e6a1 elementor-align-center elementor-widget elementor-widget-button\" data-id=\"b38e6a1\" data-element_type=\"widget\" data-widget_type=\"button.default\">\n\t\t\t\t<div class=\"elementor-widget-container\">\n\t\t\t\t\t<div class=\"elementor-button-wrapper\">\n\t\t\t<a class=\"elementor-button elementor-button-link elementor-size-sm\" href=\"\/fr\/visitez-gallerie\/\">\n\t\t\t\t\t\t<span class=\"elementor-button-content-wrapper\">\n\t\t\t\t\t\t<span class=\"elementor-button-text\">CONTACTEZ-NOUS POUR TOUTE INFORMATION<\/span>\n\t\t<\/span>\n\t\t\t\t\t<\/a>\n\t\t<\/div>\n\t\t\t\t<\/div>\n\t\t\t\t<\/div>\n\t\t\t\t\t<\/div>\n\t\t\t\t<\/div>\n\t\t<div class=\"elementor-element elementor-element-8ec5f85 e-flex e-con-boxed e-con\" data-id=\"8ec5f85\" data-element_type=\"container\" data-settings=\"{&quot;content_width&quot;:&quot;boxed&quot;}\">\n\t\t\t\t\t<div class=\"e-con-inner\">\n\t\t<div class=\"elementor-element elementor-element-f800567 e-flex e-con-boxed e-con\" data-id=\"f800567\" data-element_type=\"container\" data-settings=\"{&quot;background_background&quot;:&quot;classic&quot;,&quot;content_width&quot;:&quot;boxed&quot;}\">\n\t\t\t\t\t<div class=\"e-con-inner\">\n\t\t<div class=\"elementor-element elementor-element-eb877f3 e-flex e-con-boxed e-con\" data-id=\"eb877f3\" data-element_type=\"container\" data-settings=\"{&quot;content_width&quot;:&quot;boxed&quot;}\">\n\t\t\t\t\t<div class=\"e-con-inner\">\n\t\t<div class=\"elementor-element elementor-element-81418d2 e-flex e-con-boxed e-con\" data-id=\"81418d2\" data-element_type=\"container\" data-settings=\"{&quot;content_width&quot;:&quot;boxed&quot;}\">\n\t\t\t\t\t<div class=\"e-con-inner\">\n\t\t\t\t<div class=\"elementor-element elementor-element-1492eae elementor-widget elementor-widget-gallery\" data-id=\"1492eae\" data-element_type=\"widget\" data-settings=\"{&quot;columns&quot;:9,&quot;lazyload&quot;:&quot;yes&quot;,&quot;gallery_layout&quot;:&quot;grid&quot;,&quot;columns_tablet&quot;:2,&quot;columns_mobile&quot;:1,&quot;gap&quot;:{&quot;unit&quot;:&quot;px&quot;,&quot;size&quot;:10,&quot;sizes&quot;:[]},&quot;gap_tablet&quot;:{&quot;unit&quot;:&quot;px&quot;,&quot;size&quot;:10,&quot;sizes&quot;:[]},&quot;gap_mobile&quot;:{&quot;unit&quot;:&quot;px&quot;,&quot;size&quot;:10,&quot;sizes&quot;:[]},&quot;link_to&quot;:&quot;file&quot;,&quot;aspect_ratio&quot;:&quot;3:2&quot;,&quot;overlay_background&quot;:&quot;yes&quot;,&quot;content_hover_animation&quot;:&quot;fade-in&quot;}\" data-widget_type=\"gallery.default\">\n\t\t\t\t<div class=\"elementor-widget-container\">\n\t\t\t<style>\/*! elementor-pro - v3.14.0 - 26-06-2023 *\/\n.elementor-gallery__container{min-height:1px}.elementor-gallery-item{position:relative;overflow:hidden;display:block;text-decoration:none;border:solid var(--image-border-width) var(--image-border-color);border-radius:var(--image-border-radius)}.elementor-gallery-item__content,.elementor-gallery-item__overlay{height:100%;width:100%;position:absolute;top:0;left:0}.elementor-gallery-item__overlay{mix-blend-mode:var(--overlay-mix-blend-mode);transition-duration:var(--overlay-transition-duration);transition-property:mix-blend-mode,transform,opacity,background-color}.elementor-gallery-item__image.e-gallery-image{transition-duration:var(--image-transition-duration);transition-property:filter,transform}.elementor-gallery-item__content{display:flex;flex-direction:column;justify-content:var(--content-justify-content,center);align-items:center;text-align:var(--content-text-align);padding:var(--content-padding)}.elementor-gallery-item__content>div{transition-duration:var(--content-transition-duration)}.elementor-gallery-item__content.elementor-gallery--sequenced-animation>div:nth-child(2){transition-delay:calc(var(--content-transition-delay) \/ 3)}.elementor-gallery-item__content.elementor-gallery--sequenced-animation>div:nth-child(3){transition-delay:calc(var(--content-transition-delay) \/ 3 * 2)}.elementor-gallery-item__content.elementor-gallery--sequenced-animation>div:nth-child(4){transition-delay:calc(var(--content-transition-delay) \/ 3 * 3)}.elementor-gallery-item__description{color:var(--description-text-color,#fff);width:100%}.elementor-gallery-item__title{color:var(--title-text-color,#fff);font-weight:700;width:100%}.elementor-gallery__titles-container{display:flex;flex-wrap:wrap;justify-content:var(--titles-container-justify-content,center);margin-bottom:20px}.elementor-gallery__titles-container:not(.e--pointer-framed) .elementor-item:after,.elementor-gallery__titles-container:not(.e--pointer-framed) .elementor-item:before{background-color:var(--galleries-pointer-bg-color-hover)}.elementor-gallery__titles-container:not(.e--pointer-framed) .elementor-item.elementor-item-active:after,.elementor-gallery__titles-container:not(.e--pointer-framed) .elementor-item.elementor-item-active:before{background-color:var(--galleries-pointer-bg-color-active)}.elementor-gallery__titles-container.e--pointer-framed .elementor-item:before{border-color:var(--galleries-pointer-bg-color-hover);border-width:var(--galleries-pointer-border-width)}.elementor-gallery__titles-container.e--pointer-framed .elementor-item:after{border-color:var(--galleries-pointer-bg-color-hover)}.elementor-gallery__titles-container.e--pointer-framed .elementor-item.elementor-item-active:after,.elementor-gallery__titles-container.e--pointer-framed .elementor-item.elementor-item-active:before{border-color:var(--galleries-pointer-bg-color-active)}.elementor-gallery__titles-container.e--pointer-framed.e--animation-draw .elementor-item:before{border-left-width:var(--galleries-pointer-border-width);border-bottom-width:var(--galleries-pointer-border-width);border-right-width:0;border-top-width:0}.elementor-gallery__titles-container.e--pointer-framed.e--animation-draw .elementor-item:after{border-left-width:0;border-bottom-width:0;border-right-width:var(--galleries-pointer-border-width);border-top-width:var(--galleries-pointer-border-width)}.elementor-gallery__titles-container.e--pointer-framed.e--animation-corners .elementor-item:before{border-left-width:var(--galleries-pointer-border-width);border-bottom-width:0;border-right-width:0;border-top-width:var(--galleries-pointer-border-width)}.elementor-gallery__titles-container.e--pointer-framed.e--animation-corners .elementor-item:after{border-left-width:0;border-bottom-width:var(--galleries-pointer-border-width);border-right-width:var(--galleries-pointer-border-width);border-top-width:0}.elementor-gallery__titles-container .e--pointer-double-line .elementor-item:after,.elementor-gallery__titles-container .e--pointer-double-line .elementor-item:before,.elementor-gallery__titles-container .e--pointer-overline .elementor-item:before,.elementor-gallery__titles-container .e--pointer-underline .elementor-item:after{height:var(--galleries-pointer-border-width)}.elementor-gallery-title{--space-between:10px;cursor:pointer;color:#6d7882;font-weight:500;position:relative;padding:7px 14px;transition:all .3s}.elementor-gallery-title--active{color:#495157}.elementor-gallery-title:not(:last-child){margin-right:var(--space-between)}.elementor-gallery-item__title+.elementor-gallery-item__description{margin-top:var(--description-margin-top)}.e-gallery-item.elementor-gallery-item{transition-property:all}.e-gallery-item.elementor-animated-content .elementor-animated-item--enter-from-bottom,.e-gallery-item.elementor-animated-content .elementor-animated-item--enter-from-left,.e-gallery-item.elementor-animated-content .elementor-animated-item--enter-from-right,.e-gallery-item.elementor-animated-content .elementor-animated-item--enter-from-top,.e-gallery-item:focus .elementor-gallery__item-overlay-bg,.e-gallery-item:focus .elementor-gallery__item-overlay-content,.e-gallery-item:focus .elementor-gallery__item-overlay-content__description,.e-gallery-item:focus .elementor-gallery__item-overlay-content__title,.e-gallery-item:hover .elementor-gallery__item-overlay-bg,.e-gallery-item:hover .elementor-gallery__item-overlay-content,.e-gallery-item:hover .elementor-gallery__item-overlay-content__description,.e-gallery-item:hover .elementor-gallery__item-overlay-content__title{opacity:1}a.elementor-item.elementor-gallery-title{color:var(--galleries-title-color-normal)}a.elementor-item.elementor-gallery-title.elementor-item-active,a.elementor-item.elementor-gallery-title.highlighted,a.elementor-item.elementor-gallery-title:focus,a.elementor-item.elementor-gallery-title:hover{color:var(--galleries-title-color-hover)}a.elementor-item.elementor-gallery-title.elementor-item-active{color:var(--gallery-title-color-active)}.e-con-inner>.elementor-widget-gallery,.e-con>.elementor-widget-gallery{width:var(--container-widget-width);--flex-grow:var(--container-widget-flex-grow)}<\/style>\t\t<div class=\"elementor-gallery__container\">\n\t\t\t\t\t\t\t<a class=\"e-gallery-item elementor-gallery-item elementor-animated-content\" href=\"https:\/\/www.galleriamarcacorona.com\/wp-content\/uploads\/2025\/10\/F.Fioramonti080-1.jpg\" data-elementor-open-lightbox=\"yes\" data-elementor-lightbox-slideshow=\"1492eae\" data-elementor-lightbox-title=\"F.Fioramonti080.jpg\" data-e-action-hash=\"#elementor-action%3Aaction%3Dlightbox%26settings%3DeyJpZCI6MTIyMjEsInVybCI6Imh0dHBzOlwvXC93d3cuZ2FsbGVyaWFtYXJjYWNvcm9uYS5jb21cL3dwLWNvbnRlbnRcL3VwbG9hZHNcLzIwMjVcLzEwXC9GLkZpb3JhbW9udGkwODAtMS5qcGciLCJzbGlkZXNob3ciOiIxNDkyZWFlIn0%3D\">\n\t\t\t\t\t<div class=\"e-gallery-image elementor-gallery-item__image\" data-thumbnail=\"https:\/\/www.galleriamarcacorona.com\/wp-content\/uploads\/2025\/10\/F.Fioramonti080-1-300x200.jpg\" data-width=\"300\" data-height=\"200\" aria-label=\"\" role=\"img\" ><\/div>\n\t\t\t\t\t\t\t\t\t\t\t<div class=\"elementor-gallery-item__overlay\"><\/div>\n\t\t\t\t\t\t\t\t\t\t\t\t\t\t<\/a>\n\t\t\t\t\t\t\t<a class=\"e-gallery-item elementor-gallery-item elementor-animated-content\" href=\"https:\/\/www.galleriamarcacorona.com\/wp-content\/uploads\/2025\/10\/F.Fioramonti111-1.jpg\" data-elementor-open-lightbox=\"yes\" data-elementor-lightbox-slideshow=\"1492eae\" data-elementor-lightbox-title=\"F.Fioramonti111.jpg\" data-e-action-hash=\"#elementor-action%3Aaction%3Dlightbox%26settings%3DeyJpZCI6MTIyMjcsInVybCI6Imh0dHBzOlwvXC93d3cuZ2FsbGVyaWFtYXJjYWNvcm9uYS5jb21cL3dwLWNvbnRlbnRcL3VwbG9hZHNcLzIwMjVcLzEwXC9GLkZpb3JhbW9udGkxMTEtMS5qcGciLCJzbGlkZXNob3ciOiIxNDkyZWFlIn0%3D\">\n\t\t\t\t\t<div class=\"e-gallery-image elementor-gallery-item__image\" data-thumbnail=\"https:\/\/www.galleriamarcacorona.com\/wp-content\/uploads\/2025\/10\/F.Fioramonti111-1-300x200.jpg\" data-width=\"300\" data-height=\"200\" aria-label=\"\" role=\"img\" ><\/div>\n\t\t\t\t\t\t\t\t\t\t\t<div class=\"elementor-gallery-item__overlay\"><\/div>\n\t\t\t\t\t\t\t\t\t\t\t\t\t\t<\/a>\n\t\t\t\t\t\t\t<a class=\"e-gallery-item elementor-gallery-item elementor-animated-content\" href=\"https:\/\/www.galleriamarcacorona.com\/wp-content\/uploads\/2025\/10\/F.Fioramonti123-1.jpg\" data-elementor-open-lightbox=\"yes\" data-elementor-lightbox-slideshow=\"1492eae\" data-elementor-lightbox-title=\"F.Fioramonti123.jpg\" data-e-action-hash=\"#elementor-action%3Aaction%3Dlightbox%26settings%3DeyJpZCI6MTIyMzMsInVybCI6Imh0dHBzOlwvXC93d3cuZ2FsbGVyaWFtYXJjYWNvcm9uYS5jb21cL3dwLWNvbnRlbnRcL3VwbG9hZHNcLzIwMjVcLzEwXC9GLkZpb3JhbW9udGkxMjMtMS5qcGciLCJzbGlkZXNob3ciOiIxNDkyZWFlIn0%3D\">\n\t\t\t\t\t<div class=\"e-gallery-image elementor-gallery-item__image\" data-thumbnail=\"https:\/\/www.galleriamarcacorona.com\/wp-content\/uploads\/2025\/10\/F.Fioramonti123-1-300x200.jpg\" data-width=\"300\" data-height=\"200\" aria-label=\"\" role=\"img\" ><\/div>\n\t\t\t\t\t\t\t\t\t\t\t<div class=\"elementor-gallery-item__overlay\"><\/div>\n\t\t\t\t\t\t\t\t\t\t\t\t\t\t<\/a>\n\t\t\t\t\t\t\t<a class=\"e-gallery-item elementor-gallery-item elementor-animated-content\" href=\"https:\/\/www.galleriamarcacorona.com\/wp-content\/uploads\/2025\/10\/F.Fioramonti135-1.jpg\" data-elementor-open-lightbox=\"yes\" data-elementor-lightbox-slideshow=\"1492eae\" data-elementor-lightbox-title=\"F.Fioramonti135.jpg\" data-e-action-hash=\"#elementor-action%3Aaction%3Dlightbox%26settings%3DeyJpZCI6MTIyMzksInVybCI6Imh0dHBzOlwvXC93d3cuZ2FsbGVyaWFtYXJjYWNvcm9uYS5jb21cL3dwLWNvbnRlbnRcL3VwbG9hZHNcLzIwMjVcLzEwXC9GLkZpb3JhbW9udGkxMzUtMS5qcGciLCJzbGlkZXNob3ciOiIxNDkyZWFlIn0%3D\">\n\t\t\t\t\t<div class=\"e-gallery-image elementor-gallery-item__image\" data-thumbnail=\"https:\/\/www.galleriamarcacorona.com\/wp-content\/uploads\/2025\/10\/F.Fioramonti135-1-300x200.jpg\" data-width=\"300\" data-height=\"200\" aria-label=\"\" role=\"img\" ><\/div>\n\t\t\t\t\t\t\t\t\t\t\t<div class=\"elementor-gallery-item__overlay\"><\/div>\n\t\t\t\t\t\t\t\t\t\t\t\t\t\t<\/a>\n\t\t\t\t\t\t\t<a class=\"e-gallery-item elementor-gallery-item elementor-animated-content\" href=\"https:\/\/www.galleriamarcacorona.com\/wp-content\/uploads\/2025\/10\/F.Fioramonti153-1.jpg\" data-elementor-open-lightbox=\"yes\" data-elementor-lightbox-slideshow=\"1492eae\" data-elementor-lightbox-title=\"F.Fioramonti153.jpg\" data-e-action-hash=\"#elementor-action%3Aaction%3Dlightbox%26settings%3DeyJpZCI6MTIyNDUsInVybCI6Imh0dHBzOlwvXC93d3cuZ2FsbGVyaWFtYXJjYWNvcm9uYS5jb21cL3dwLWNvbnRlbnRcL3VwbG9hZHNcLzIwMjVcLzEwXC9GLkZpb3JhbW9udGkxNTMtMS5qcGciLCJzbGlkZXNob3ciOiIxNDkyZWFlIn0%3D\">\n\t\t\t\t\t<div class=\"e-gallery-image elementor-gallery-item__image\" data-thumbnail=\"https:\/\/www.galleriamarcacorona.com\/wp-content\/uploads\/2025\/10\/F.Fioramonti153-1-200x300.jpg\" data-width=\"200\" data-height=\"300\" aria-label=\"\" role=\"img\" ><\/div>\n\t\t\t\t\t\t\t\t\t\t\t<div class=\"elementor-gallery-item__overlay\"><\/div>\n\t\t\t\t\t\t\t\t\t\t\t\t\t\t<\/a>\n\t\t\t\t\t\t\t<a class=\"e-gallery-item elementor-gallery-item elementor-animated-content\" href=\"https:\/\/www.galleriamarcacorona.com\/wp-content\/uploads\/2025\/10\/F.Fioramonti154-1.jpg\" data-elementor-open-lightbox=\"yes\" data-elementor-lightbox-slideshow=\"1492eae\" data-elementor-lightbox-title=\"F.Fioramonti154.jpg\" data-e-action-hash=\"#elementor-action%3Aaction%3Dlightbox%26settings%3DeyJpZCI6MTIyNTEsInVybCI6Imh0dHBzOlwvXC93d3cuZ2FsbGVyaWFtYXJjYWNvcm9uYS5jb21cL3dwLWNvbnRlbnRcL3VwbG9hZHNcLzIwMjVcLzEwXC9GLkZpb3JhbW9udGkxNTQtMS5qcGciLCJzbGlkZXNob3ciOiIxNDkyZWFlIn0%3D\">\n\t\t\t\t\t<div class=\"e-gallery-image elementor-gallery-item__image\" data-thumbnail=\"https:\/\/www.galleriamarcacorona.com\/wp-content\/uploads\/2025\/10\/F.Fioramonti154-1-300x200.jpg\" data-width=\"300\" data-height=\"200\" aria-label=\"\" role=\"img\" ><\/div>\n\t\t\t\t\t\t\t\t\t\t\t<div class=\"elementor-gallery-item__overlay\"><\/div>\n\t\t\t\t\t\t\t\t\t\t\t\t\t\t<\/a>\n\t\t\t\t\t\t\t<a class=\"e-gallery-item elementor-gallery-item elementor-animated-content\" href=\"https:\/\/www.galleriamarcacorona.com\/wp-content\/uploads\/2025\/10\/F.Fioramonti168-1.jpg\" data-elementor-open-lightbox=\"yes\" data-elementor-lightbox-slideshow=\"1492eae\" data-elementor-lightbox-title=\"F.Fioramonti168.jpg\" data-e-action-hash=\"#elementor-action%3Aaction%3Dlightbox%26settings%3DeyJpZCI6MTIyNTksInVybCI6Imh0dHBzOlwvXC93d3cuZ2FsbGVyaWFtYXJjYWNvcm9uYS5jb21cL3dwLWNvbnRlbnRcL3VwbG9hZHNcLzIwMjVcLzEwXC9GLkZpb3JhbW9udGkxNjgtMS5qcGciLCJzbGlkZXNob3ciOiIxNDkyZWFlIn0%3D\">\n\t\t\t\t\t<div class=\"e-gallery-image elementor-gallery-item__image\" data-thumbnail=\"https:\/\/www.galleriamarcacorona.com\/wp-content\/uploads\/2025\/10\/F.Fioramonti168-1-300x200.jpg\" data-width=\"300\" data-height=\"200\" aria-label=\"\" role=\"img\" ><\/div>\n\t\t\t\t\t\t\t\t\t\t\t<div class=\"elementor-gallery-item__overlay\"><\/div>\n\t\t\t\t\t\t\t\t\t\t\t\t\t\t<\/a>\n\t\t\t\t\t\t\t<a class=\"e-gallery-item elementor-gallery-item elementor-animated-content\" href=\"https:\/\/www.galleriamarcacorona.com\/wp-content\/uploads\/2025\/10\/F.Fioramonti172-1.jpg\" data-elementor-open-lightbox=\"yes\" data-elementor-lightbox-slideshow=\"1492eae\" data-elementor-lightbox-title=\"F.Fioramonti172.jpg\" data-e-action-hash=\"#elementor-action%3Aaction%3Dlightbox%26settings%3DeyJpZCI6MTIyNzMsInVybCI6Imh0dHBzOlwvXC93d3cuZ2FsbGVyaWFtYXJjYWNvcm9uYS5jb21cL3dwLWNvbnRlbnRcL3VwbG9hZHNcLzIwMjVcLzEwXC9GLkZpb3JhbW9udGkxNzItMS5qcGciLCJzbGlkZXNob3ciOiIxNDkyZWFlIn0%3D\">\n\t\t\t\t\t<div class=\"e-gallery-image elementor-gallery-item__image\" data-thumbnail=\"https:\/\/www.galleriamarcacorona.com\/wp-content\/uploads\/2025\/10\/F.Fioramonti172-1-300x200.jpg\" data-width=\"300\" data-height=\"200\" aria-label=\"\" role=\"img\" ><\/div>\n\t\t\t\t\t\t\t\t\t\t\t<div class=\"elementor-gallery-item__overlay\"><\/div>\n\t\t\t\t\t\t\t\t\t\t\t\t\t\t<\/a>\n\t\t\t\t\t\t\t<a class=\"e-gallery-item elementor-gallery-item elementor-animated-content\" href=\"https:\/\/www.galleriamarcacorona.com\/wp-content\/uploads\/2025\/10\/MCArte_Andrea-Mastrovito_Sette-Stanze_01-1.jpg\" data-elementor-open-lightbox=\"yes\" data-elementor-lightbox-slideshow=\"1492eae\" data-elementor-lightbox-title=\"MCArte_Andrea-Mastrovito_Sette-Stanze_01.jpg\" data-e-action-hash=\"#elementor-action%3Aaction%3Dlightbox%26settings%3DeyJpZCI6MTIyODUsInVybCI6Imh0dHBzOlwvXC93d3cuZ2FsbGVyaWFtYXJjYWNvcm9uYS5jb21cL3dwLWNvbnRlbnRcL3VwbG9hZHNcLzIwMjVcLzEwXC9NQ0FydGVfQW5kcmVhLU1hc3Ryb3ZpdG9fU2V0dGUtU3RhbnplXzAxLTEuanBnIiwic2xpZGVzaG93IjoiMTQ5MmVhZSJ9\">\n\t\t\t\t\t<div class=\"e-gallery-image elementor-gallery-item__image\" data-thumbnail=\"https:\/\/www.galleriamarcacorona.com\/wp-content\/uploads\/2025\/10\/MCArte_Andrea-Mastrovito_Sette-Stanze_01-1-300x200.jpg\" data-width=\"300\" data-height=\"200\" aria-label=\"\" role=\"img\" ><\/div>\n\t\t\t\t\t\t\t\t\t\t\t<div class=\"elementor-gallery-item__overlay\"><\/div>\n\t\t\t\t\t\t\t\t\t\t\t\t\t\t<\/a>\n\t\t\t\t\t\t\t<a class=\"e-gallery-item elementor-gallery-item elementor-animated-content\" href=\"https:\/\/www.galleriamarcacorona.com\/wp-content\/uploads\/2025\/10\/MCArte_Andrea-Mastrovito_Sette-Stanze_02-1.jpg\" data-elementor-open-lightbox=\"yes\" data-elementor-lightbox-slideshow=\"1492eae\" data-elementor-lightbox-title=\"MCArte_Andrea-Mastrovito_Sette-Stanze_02.jpg\" data-e-action-hash=\"#elementor-action%3Aaction%3Dlightbox%26settings%3DeyJpZCI6MTIyOTMsInVybCI6Imh0dHBzOlwvXC93d3cuZ2FsbGVyaWFtYXJjYWNvcm9uYS5jb21cL3dwLWNvbnRlbnRcL3VwbG9hZHNcLzIwMjVcLzEwXC9NQ0FydGVfQW5kcmVhLU1hc3Ryb3ZpdG9fU2V0dGUtU3RhbnplXzAyLTEuanBnIiwic2xpZGVzaG93IjoiMTQ5MmVhZSJ9\">\n\t\t\t\t\t<div class=\"e-gallery-image elementor-gallery-item__image\" data-thumbnail=\"https:\/\/www.galleriamarcacorona.com\/wp-content\/uploads\/2025\/10\/MCArte_Andrea-Mastrovito_Sette-Stanze_02-1-300x200.jpg\" data-width=\"300\" data-height=\"200\" aria-label=\"\" role=\"img\" ><\/div>\n\t\t\t\t\t\t\t\t\t\t\t<div class=\"elementor-gallery-item__overlay\"><\/div>\n\t\t\t\t\t\t\t\t\t\t\t\t\t\t<\/a>\n\t\t\t\t\t\t\t<a class=\"e-gallery-item elementor-gallery-item elementor-animated-content\" href=\"https:\/\/www.galleriamarcacorona.com\/wp-content\/uploads\/2025\/10\/MCArte_Andrea-Mastrovito_Sette-Stanze_03-1.jpg\" data-elementor-open-lightbox=\"yes\" data-elementor-lightbox-slideshow=\"1492eae\" data-elementor-lightbox-title=\"MCArte_Andrea-Mastrovito_Sette-Stanze_03.jpg\" data-e-action-hash=\"#elementor-action%3Aaction%3Dlightbox%26settings%3DeyJpZCI6MTIzMDUsInVybCI6Imh0dHBzOlwvXC93d3cuZ2FsbGVyaWFtYXJjYWNvcm9uYS5jb21cL3dwLWNvbnRlbnRcL3VwbG9hZHNcLzIwMjVcLzEwXC9NQ0FydGVfQW5kcmVhLU1hc3Ryb3ZpdG9fU2V0dGUtU3RhbnplXzAzLTEuanBnIiwic2xpZGVzaG93IjoiMTQ5MmVhZSJ9\">\n\t\t\t\t\t<div class=\"e-gallery-image elementor-gallery-item__image\" data-thumbnail=\"https:\/\/www.galleriamarcacorona.com\/wp-content\/uploads\/2025\/10\/MCArte_Andrea-Mastrovito_Sette-Stanze_03-1-300x200.jpg\" data-width=\"300\" data-height=\"200\" aria-label=\"\" role=\"img\" ><\/div>\n\t\t\t\t\t\t\t\t\t\t\t<div class=\"elementor-gallery-item__overlay\"><\/div>\n\t\t\t\t\t\t\t\t\t\t\t\t\t\t<\/a>\n\t\t\t\t\t\t\t<a class=\"e-gallery-item elementor-gallery-item elementor-animated-content\" href=\"https:\/\/www.galleriamarcacorona.com\/wp-content\/uploads\/2025\/10\/MCArte_Andrea-Mastrovito_Sette-Stanze_04-2.jpg\" data-elementor-open-lightbox=\"yes\" data-elementor-lightbox-slideshow=\"1492eae\" data-elementor-lightbox-title=\"MCArte_Andrea-Mastrovito_Sette-Stanze_04.jpg\" data-e-action-hash=\"#elementor-action%3Aaction%3Dlightbox%26settings%3DeyJpZCI6MTIzMjUsInVybCI6Imh0dHBzOlwvXC93d3cuZ2FsbGVyaWFtYXJjYWNvcm9uYS5jb21cL3dwLWNvbnRlbnRcL3VwbG9hZHNcLzIwMjVcLzEwXC9NQ0FydGVfQW5kcmVhLU1hc3Ryb3ZpdG9fU2V0dGUtU3RhbnplXzA0LTIuanBnIiwic2xpZGVzaG93IjoiMTQ5MmVhZSJ9\">\n\t\t\t\t\t<div class=\"e-gallery-image elementor-gallery-item__image\" data-thumbnail=\"https:\/\/www.galleriamarcacorona.com\/wp-content\/uploads\/2025\/10\/MCArte_Andrea-Mastrovito_Sette-Stanze_04-2-300x200.jpg\" data-width=\"300\" data-height=\"200\" aria-label=\"\" role=\"img\" ><\/div>\n\t\t\t\t\t\t\t\t\t\t\t<div class=\"elementor-gallery-item__overlay\"><\/div>\n\t\t\t\t\t\t\t\t\t\t\t\t\t\t<\/a>\n\t\t\t\t\t\t\t<a class=\"e-gallery-item elementor-gallery-item elementor-animated-content\" href=\"https:\/\/www.galleriamarcacorona.com\/wp-content\/uploads\/2025\/10\/MCArte_Andrea-Mastrovito_Sette-Stanze_05-2.jpg\" data-elementor-open-lightbox=\"yes\" data-elementor-lightbox-slideshow=\"1492eae\" data-elementor-lightbox-title=\"MCArte_Andrea-Mastrovito_Sette-Stanze_05.jpg\" data-e-action-hash=\"#elementor-action%3Aaction%3Dlightbox%26settings%3DeyJpZCI6MTIzNDQsInVybCI6Imh0dHBzOlwvXC93d3cuZ2FsbGVyaWFtYXJjYWNvcm9uYS5jb21cL3dwLWNvbnRlbnRcL3VwbG9hZHNcLzIwMjVcLzEwXC9NQ0FydGVfQW5kcmVhLU1hc3Ryb3ZpdG9fU2V0dGUtU3RhbnplXzA1LTIuanBnIiwic2xpZGVzaG93IjoiMTQ5MmVhZSJ9\">\n\t\t\t\t\t<div class=\"e-gallery-image elementor-gallery-item__image\" data-thumbnail=\"https:\/\/www.galleriamarcacorona.com\/wp-content\/uploads\/2025\/10\/MCArte_Andrea-Mastrovito_Sette-Stanze_05-2-300x200.jpg\" data-width=\"300\" data-height=\"200\" aria-label=\"\" role=\"img\" ><\/div>\n\t\t\t\t\t\t\t\t\t\t\t<div class=\"elementor-gallery-item__overlay\"><\/div>\n\t\t\t\t\t\t\t\t\t\t\t\t\t\t<\/a>\n\t\t\t\t\t\t\t<a class=\"e-gallery-item elementor-gallery-item elementor-animated-content\" href=\"https:\/\/www.galleriamarcacorona.com\/wp-content\/uploads\/2025\/10\/MCArte_Andrea-Mastrovito_Sette-Stanze_06-1.jpg\" data-elementor-open-lightbox=\"yes\" data-elementor-lightbox-slideshow=\"1492eae\" data-elementor-lightbox-title=\"MCArte_Andrea-Mastrovito_Sette-Stanze_06.jpg\" data-e-action-hash=\"#elementor-action%3Aaction%3Dlightbox%26settings%3DeyJpZCI6MTIzNTksInVybCI6Imh0dHBzOlwvXC93d3cuZ2FsbGVyaWFtYXJjYWNvcm9uYS5jb21cL3dwLWNvbnRlbnRcL3VwbG9hZHNcLzIwMjVcLzEwXC9NQ0FydGVfQW5kcmVhLU1hc3Ryb3ZpdG9fU2V0dGUtU3RhbnplXzA2LTEuanBnIiwic2xpZGVzaG93IjoiMTQ5MmVhZSJ9\">\n\t\t\t\t\t<div class=\"e-gallery-image elementor-gallery-item__image\" data-thumbnail=\"https:\/\/www.galleriamarcacorona.com\/wp-content\/uploads\/2025\/10\/MCArte_Andrea-Mastrovito_Sette-Stanze_06-1-300x200.jpg\" data-width=\"300\" data-height=\"200\" aria-label=\"\" role=\"img\" ><\/div>\n\t\t\t\t\t\t\t\t\t\t\t<div class=\"elementor-gallery-item__overlay\"><\/div>\n\t\t\t\t\t\t\t\t\t\t\t\t\t\t<\/a>\n\t\t\t\t\t\t\t<a class=\"e-gallery-item elementor-gallery-item elementor-animated-content\" href=\"https:\/\/www.galleriamarcacorona.com\/wp-content\/uploads\/2025\/10\/MCArte_Andrea-Mastrovito_Sette-Stanze_07-1.jpg\" data-elementor-open-lightbox=\"yes\" data-elementor-lightbox-slideshow=\"1492eae\" data-elementor-lightbox-title=\"MCArte_Andrea-Mastrovito_Sette-Stanze_07.jpg\" data-e-action-hash=\"#elementor-action%3Aaction%3Dlightbox%26settings%3DeyJpZCI6MTIzNzcsInVybCI6Imh0dHBzOlwvXC93d3cuZ2FsbGVyaWFtYXJjYWNvcm9uYS5jb21cL3dwLWNvbnRlbnRcL3VwbG9hZHNcLzIwMjVcLzEwXC9NQ0FydGVfQW5kcmVhLU1hc3Ryb3ZpdG9fU2V0dGUtU3RhbnplXzA3LTEuanBnIiwic2xpZGVzaG93IjoiMTQ5MmVhZSJ9\">\n\t\t\t\t\t<div class=\"e-gallery-image elementor-gallery-item__image\" data-thumbnail=\"https:\/\/www.galleriamarcacorona.com\/wp-content\/uploads\/2025\/10\/MCArte_Andrea-Mastrovito_Sette-Stanze_07-1-300x200.jpg\" data-width=\"300\" data-height=\"200\" aria-label=\"\" role=\"img\" ><\/div>\n\t\t\t\t\t\t\t\t\t\t\t<div class=\"elementor-gallery-item__overlay\"><\/div>\n\t\t\t\t\t\t\t\t\t\t\t\t\t\t<\/a>\n\t\t\t\t\t\t\t<a class=\"e-gallery-item elementor-gallery-item elementor-animated-content\" href=\"https:\/\/www.galleriamarcacorona.com\/wp-content\/uploads\/2025\/10\/MCArte_Andrea-Mastrovito_Sette-Stanze_08-1.jpg\" data-elementor-open-lightbox=\"yes\" data-elementor-lightbox-slideshow=\"1492eae\" data-elementor-lightbox-title=\"MCArte_Andrea-Mastrovito_Sette-Stanze_08.jpg\" data-e-action-hash=\"#elementor-action%3Aaction%3Dlightbox%26settings%3DeyJpZCI6MTIzOTUsInVybCI6Imh0dHBzOlwvXC93d3cuZ2FsbGVyaWFtYXJjYWNvcm9uYS5jb21cL3dwLWNvbnRlbnRcL3VwbG9hZHNcLzIwMjVcLzEwXC9NQ0FydGVfQW5kcmVhLU1hc3Ryb3ZpdG9fU2V0dGUtU3RhbnplXzA4LTEuanBnIiwic2xpZGVzaG93IjoiMTQ5MmVhZSJ9\">\n\t\t\t\t\t<div class=\"e-gallery-image elementor-gallery-item__image\" data-thumbnail=\"https:\/\/www.galleriamarcacorona.com\/wp-content\/uploads\/2025\/10\/MCArte_Andrea-Mastrovito_Sette-Stanze_08-1-300x200.jpg\" data-width=\"300\" data-height=\"200\" aria-label=\"\" role=\"img\" ><\/div>\n\t\t\t\t\t\t\t\t\t\t\t<div class=\"elementor-gallery-item__overlay\"><\/div>\n\t\t\t\t\t\t\t\t\t\t\t\t\t\t<\/a>\n\t\t\t\t\t\t\t<a class=\"e-gallery-item elementor-gallery-item elementor-animated-content\" href=\"https:\/\/www.galleriamarcacorona.com\/wp-content\/uploads\/2025\/10\/MCArte_Andrea-Mastrovito_Sette-Stanze_09-1.jpg\" data-elementor-open-lightbox=\"yes\" data-elementor-lightbox-slideshow=\"1492eae\" data-elementor-lightbox-title=\"MCArte_Andrea-Mastrovito_Sette-Stanze_09.jpg\" data-e-action-hash=\"#elementor-action%3Aaction%3Dlightbox%26settings%3DeyJpZCI6MTI0MTMsInVybCI6Imh0dHBzOlwvXC93d3cuZ2FsbGVyaWFtYXJjYWNvcm9uYS5jb21cL3dwLWNvbnRlbnRcL3VwbG9hZHNcLzIwMjVcLzEwXC9NQ0FydGVfQW5kcmVhLU1hc3Ryb3ZpdG9fU2V0dGUtU3RhbnplXzA5LTEuanBnIiwic2xpZGVzaG93IjoiMTQ5MmVhZSJ9\">\n\t\t\t\t\t<div class=\"e-gallery-image elementor-gallery-item__image\" data-thumbnail=\"https:\/\/www.galleriamarcacorona.com\/wp-content\/uploads\/2025\/10\/MCArte_Andrea-Mastrovito_Sette-Stanze_09-1-300x200.jpg\" data-width=\"300\" data-height=\"200\" aria-label=\"\" role=\"img\" ><\/div>\n\t\t\t\t\t\t\t\t\t\t\t<div class=\"elementor-gallery-item__overlay\"><\/div>\n\t\t\t\t\t\t\t\t\t\t\t\t\t\t<\/a>\n\t\t\t\t\t\t\t<a class=\"e-gallery-item elementor-gallery-item elementor-animated-content\" href=\"https:\/\/www.galleriamarcacorona.com\/wp-content\/uploads\/2025\/10\/MCArte_Andrea-Mastrovito_Sette-Stanze_10-1.jpg\" data-elementor-open-lightbox=\"yes\" data-elementor-lightbox-slideshow=\"1492eae\" data-elementor-lightbox-title=\"MCArte_Andrea-Mastrovito_Sette-Stanze_10.jpg\" data-e-action-hash=\"#elementor-action%3Aaction%3Dlightbox%26settings%3DeyJpZCI6MTI0MzcsInVybCI6Imh0dHBzOlwvXC93d3cuZ2FsbGVyaWFtYXJjYWNvcm9uYS5jb21cL3dwLWNvbnRlbnRcL3VwbG9hZHNcLzIwMjVcLzEwXC9NQ0FydGVfQW5kcmVhLU1hc3Ryb3ZpdG9fU2V0dGUtU3RhbnplXzEwLTEuanBnIiwic2xpZGVzaG93IjoiMTQ5MmVhZSJ9\">\n\t\t\t\t\t<div class=\"e-gallery-image elementor-gallery-item__image\" data-thumbnail=\"https:\/\/www.galleriamarcacorona.com\/wp-content\/uploads\/2025\/10\/MCArte_Andrea-Mastrovito_Sette-Stanze_10-1-300x200.jpg\" data-width=\"300\" data-height=\"200\" aria-label=\"\" role=\"img\" ><\/div>\n\t\t\t\t\t\t\t\t\t\t\t<div class=\"elementor-gallery-item__overlay\"><\/div>\n\t\t\t\t\t\t\t\t\t\t\t\t\t\t<\/a>\n\t\t\t\t\t\t\t<a class=\"e-gallery-item elementor-gallery-item elementor-animated-content\" href=\"https:\/\/www.galleriamarcacorona.com\/wp-content\/uploads\/2025\/10\/MCArte_Andrea-Mastrovito_Sette-Stanze_11-1.jpg\" data-elementor-open-lightbox=\"yes\" data-elementor-lightbox-slideshow=\"1492eae\" data-elementor-lightbox-title=\"MCArte_Andrea-Mastrovito_Sette-Stanze_11.jpg\" data-e-action-hash=\"#elementor-action%3Aaction%3Dlightbox%26settings%3DeyJpZCI6MTI0NTUsInVybCI6Imh0dHBzOlwvXC93d3cuZ2FsbGVyaWFtYXJjYWNvcm9uYS5jb21cL3dwLWNvbnRlbnRcL3VwbG9hZHNcLzIwMjVcLzEwXC9NQ0FydGVfQW5kcmVhLU1hc3Ryb3ZpdG9fU2V0dGUtU3RhbnplXzExLTEuanBnIiwic2xpZGVzaG93IjoiMTQ5MmVhZSJ9\">\n\t\t\t\t\t<div class=\"e-gallery-image elementor-gallery-item__image\" data-thumbnail=\"https:\/\/www.galleriamarcacorona.com\/wp-content\/uploads\/2025\/10\/MCArte_Andrea-Mastrovito_Sette-Stanze_11-1-200x300.jpg\" data-width=\"200\" data-height=\"300\" aria-label=\"\" role=\"img\" ><\/div>\n\t\t\t\t\t\t\t\t\t\t\t<div class=\"elementor-gallery-item__overlay\"><\/div>\n\t\t\t\t\t\t\t\t\t\t\t\t\t\t<\/a>\n\t\t\t\t\t\t\t<a class=\"e-gallery-item elementor-gallery-item elementor-animated-content\" href=\"https:\/\/www.galleriamarcacorona.com\/wp-content\/uploads\/2025\/10\/MCArte_Andrea-Mastrovito_Sette-Stanze_12-1.jpg\" data-elementor-open-lightbox=\"yes\" data-elementor-lightbox-slideshow=\"1492eae\" data-elementor-lightbox-title=\"MCArte_Andrea-Mastrovito_Sette-Stanze_12.jpg\" data-e-action-hash=\"#elementor-action%3Aaction%3Dlightbox%26settings%3DeyJpZCI6MTI0NzksInVybCI6Imh0dHBzOlwvXC93d3cuZ2FsbGVyaWFtYXJjYWNvcm9uYS5jb21cL3dwLWNvbnRlbnRcL3VwbG9hZHNcLzIwMjVcLzEwXC9NQ0FydGVfQW5kcmVhLU1hc3Ryb3ZpdG9fU2V0dGUtU3RhbnplXzEyLTEuanBnIiwic2xpZGVzaG93IjoiMTQ5MmVhZSJ9\">\n\t\t\t\t\t<div class=\"e-gallery-image elementor-gallery-item__image\" data-thumbnail=\"https:\/\/www.galleriamarcacorona.com\/wp-content\/uploads\/2025\/10\/MCArte_Andrea-Mastrovito_Sette-Stanze_12-1-200x300.jpg\" data-width=\"200\" data-height=\"300\" aria-label=\"\" role=\"img\" ><\/div>\n\t\t\t\t\t\t\t\t\t\t\t<div class=\"elementor-gallery-item__overlay\"><\/div>\n\t\t\t\t\t\t\t\t\t\t\t\t\t\t<\/a>\n\t\t\t\t\t<\/div>\n\t\t\t<\/div>\n\t\t\t\t<\/div>\n\t\t\t\t\t<\/div>\n\t\t\t\t<\/div>\n\t\t\t\t\t<\/div>\n\t\t\t\t<\/div>\n\t\t\t\t\t<\/div>\n\t\t\t\t<\/div>\n\t\t\t\t\t<\/div>\n\t\t\t\t<\/div>\n\t\t\t\t\t\t\t<\/div>\n\t\t","protected":false},"excerpt":{"rendered":"<p>Artiste et peintre de renomm\u00e9e mondiale, Andrea Mastrovito a \u00e9t\u00e9 choisi pour r\u00e9aliser l\u2019Agnus Dei de la Sagrada Familia de Barcelone. \u00c0 partir du 19 septembre, venez d\u00e9couvrir les \u0153uvres de cet auteur, expos\u00e9es au Palais Ducal de Sassuolo.<\/p>\n","protected":false},"author":1,"featured_media":10894,"comment_status":"open","ping_status":"open","sticky":false,"template":"","format":"standard","meta":{"site-sidebar-layout":"default","site-content-layout":"default","ast-global-header-display":"","ast-main-header-display":"","ast-hfb-above-header-display":"","ast-hfb-below-header-display":"","ast-hfb-mobile-header-display":"","site-post-title":"","ast-breadcrumbs-content":"","ast-featured-img":"","footer-sml-layout":"","theme-transparent-header-meta":"","adv-header-id-meta":"","stick-header-meta":"","header-above-stick-meta":"","header-main-stick-meta":"","header-below-stick-meta":""},"categories":[11],"tags":[],"acf":[],"yoast_head":"<!-- This site is optimized with the Yoast SEO plugin v20.12 - https:\/\/yoast.com\/wordpress\/plugins\/seo\/ -->\n<title>La nouvelle exposition d\u2019Andrea Mastrovito au Palais Ducal de Sassuolo ouvre ses portes en concomitance avec le Festival Filosofia 2025 - Galleria Marca Corona<\/title>\n<meta name=\"description\" content=\"Du 19 au 21\/9, pour le Festival Filosofia 2025, visitez gratuitement la nouvelle expo d\u2019Andrea Mastrovito au Palais Ducal de Sassuolo. Plus d\u2019infos\" \/>\n<meta name=\"robots\" content=\"index, follow, max-snippet:-1, max-image-preview:large, max-video-preview:-1\" \/>\n<link rel=\"canonical\" href=\"https:\/\/www.galleriamarcacorona.com\/fr\/la-nouvelle-exposition-dandrea-mastrovito-au-palais-ducal-de-sassuolo-ouvre-ses-portes-en-concomitance-avec-le-festival-filosofia-2025\/\" \/>\n<meta property=\"og:locale\" content=\"fr_FR\" \/>\n<meta property=\"og:type\" content=\"article\" \/>\n<meta property=\"og:title\" content=\"La nouvelle exposition d\u2019Andrea Mastrovito au Palais Ducal de Sassuolo ouvre ses portes en concomitance avec le Festival Filosofia 2025 - Galleria Marca Corona\" \/>\n<meta property=\"og:description\" content=\"Du 19 au 21\/9, pour le Festival Filosofia 2025, visitez gratuitement la nouvelle expo d\u2019Andrea Mastrovito au Palais Ducal de Sassuolo. Plus d\u2019infos\" \/>\n<meta property=\"og:url\" content=\"https:\/\/www.galleriamarcacorona.com\/fr\/la-nouvelle-exposition-dandrea-mastrovito-au-palais-ducal-de-sassuolo-ouvre-ses-portes-en-concomitance-avec-le-festival-filosofia-2025\/\" \/>\n<meta property=\"og:site_name\" content=\"Galleria Marca Corona\" \/>\n<meta property=\"article:published_time\" content=\"2025-09-08T10:45:41+00:00\" \/>\n<meta property=\"article:modified_time\" content=\"2025-10-08T12:15:43+00:00\" \/>\n<meta property=\"og:image\" content=\"https:\/\/www.galleriamarcacorona.com\/wp-content\/uploads\/2025\/09\/MCARTE_MASTROVITO_MOSTRA_BANNER_1300X800.jpg\" \/>\n\t<meta property=\"og:image:width\" content=\"1300\" \/>\n\t<meta property=\"og:image:height\" content=\"800\" \/>\n\t<meta property=\"og:image:type\" content=\"image\/jpeg\" \/>\n<meta name=\"author\" content=\"admin\" \/>\n<meta name=\"twitter:card\" content=\"summary_large_image\" \/>\n<meta name=\"twitter:label1\" content=\"\u00c9crit par\" \/>\n\t<meta name=\"twitter:data1\" content=\"admin\" \/>\n\t<meta name=\"twitter:label2\" content=\"Dur\u00e9e de lecture estim\u00e9e\" \/>\n\t<meta name=\"twitter:data2\" content=\"5 minutes\" \/>\n<script type=\"application\/ld+json\" class=\"yoast-schema-graph\">{\"@context\":\"https:\/\/schema.org\",\"@graph\":[{\"@type\":\"Article\",\"@id\":\"https:\/\/www.galleriamarcacorona.com\/fr\/la-nouvelle-exposition-dandrea-mastrovito-au-palais-ducal-de-sassuolo-ouvre-ses-portes-en-concomitance-avec-le-festival-filosofia-2025\/#article\",\"isPartOf\":{\"@id\":\"https:\/\/www.galleriamarcacorona.com\/fr\/la-nouvelle-exposition-dandrea-mastrovito-au-palais-ducal-de-sassuolo-ouvre-ses-portes-en-concomitance-avec-le-festival-filosofia-2025\/\"},\"author\":{\"name\":\"admin\",\"@id\":\"https:\/\/www.galleriamarcacorona.com\/fr\/#\/schema\/person\/9854f3650eab7e4334e66d22de09296a\"},\"headline\":\"La nouvelle exposition d\u2019Andrea Mastrovito au Palais Ducal de Sassuolo ouvre ses portes en concomitance avec le Festival Filosofia 2025\",\"datePublished\":\"2025-09-08T10:45:41+00:00\",\"dateModified\":\"2025-10-08T12:15:43+00:00\",\"mainEntityOfPage\":{\"@id\":\"https:\/\/www.galleriamarcacorona.com\/fr\/la-nouvelle-exposition-dandrea-mastrovito-au-palais-ducal-de-sassuolo-ouvre-ses-portes-en-concomitance-avec-le-festival-filosofia-2025\/\"},\"wordCount\":1090,\"commentCount\":0,\"publisher\":{\"@id\":\"https:\/\/www.galleriamarcacorona.com\/fr\/#organization\"},\"articleSection\":[\"Non classifi\u00e9(e)\"],\"inLanguage\":\"fr-FR\",\"potentialAction\":[{\"@type\":\"CommentAction\",\"name\":\"Comment\",\"target\":[\"https:\/\/www.galleriamarcacorona.com\/fr\/la-nouvelle-exposition-dandrea-mastrovito-au-palais-ducal-de-sassuolo-ouvre-ses-portes-en-concomitance-avec-le-festival-filosofia-2025\/#respond\"]}]},{\"@type\":\"WebPage\",\"@id\":\"https:\/\/www.galleriamarcacorona.com\/fr\/la-nouvelle-exposition-dandrea-mastrovito-au-palais-ducal-de-sassuolo-ouvre-ses-portes-en-concomitance-avec-le-festival-filosofia-2025\/\",\"url\":\"https:\/\/www.galleriamarcacorona.com\/fr\/la-nouvelle-exposition-dandrea-mastrovito-au-palais-ducal-de-sassuolo-ouvre-ses-portes-en-concomitance-avec-le-festival-filosofia-2025\/\",\"name\":\"La nouvelle exposition d\u2019Andrea Mastrovito au Palais Ducal de Sassuolo ouvre ses portes en concomitance avec le Festival Filosofia 2025 - Galleria Marca Corona\",\"isPartOf\":{\"@id\":\"https:\/\/www.galleriamarcacorona.com\/fr\/#website\"},\"datePublished\":\"2025-09-08T10:45:41+00:00\",\"dateModified\":\"2025-10-08T12:15:43+00:00\",\"description\":\"Du 19 au 21\/9, pour le Festival Filosofia 2025, visitez gratuitement la nouvelle expo d\u2019Andrea Mastrovito au Palais Ducal de Sassuolo. Plus d\u2019infos\",\"breadcrumb\":{\"@id\":\"https:\/\/www.galleriamarcacorona.com\/fr\/la-nouvelle-exposition-dandrea-mastrovito-au-palais-ducal-de-sassuolo-ouvre-ses-portes-en-concomitance-avec-le-festival-filosofia-2025\/#breadcrumb\"},\"inLanguage\":\"fr-FR\",\"potentialAction\":[{\"@type\":\"ReadAction\",\"target\":[\"https:\/\/www.galleriamarcacorona.com\/fr\/la-nouvelle-exposition-dandrea-mastrovito-au-palais-ducal-de-sassuolo-ouvre-ses-portes-en-concomitance-avec-le-festival-filosofia-2025\/\"]}]},{\"@type\":\"BreadcrumbList\",\"@id\":\"https:\/\/www.galleriamarcacorona.com\/fr\/la-nouvelle-exposition-dandrea-mastrovito-au-palais-ducal-de-sassuolo-ouvre-ses-portes-en-concomitance-avec-le-festival-filosofia-2025\/#breadcrumb\",\"itemListElement\":[{\"@type\":\"ListItem\",\"position\":1,\"name\":\"Home\",\"item\":\"https:\/\/www.galleriamarcacorona.com\/fr\/\"},{\"@type\":\"ListItem\",\"position\":2,\"name\":\"La nouvelle exposition d\u2019Andrea Mastrovito au Palais Ducal de Sassuolo ouvre ses portes en concomitance avec le Festival Filosofia 2025\"}]},{\"@type\":\"WebSite\",\"@id\":\"https:\/\/www.galleriamarcacorona.com\/fr\/#website\",\"url\":\"https:\/\/www.galleriamarcacorona.com\/fr\/\",\"name\":\"Galleria Marca Corona\",\"description\":\"\",\"publisher\":{\"@id\":\"https:\/\/www.galleriamarcacorona.com\/fr\/#organization\"},\"potentialAction\":[{\"@type\":\"SearchAction\",\"target\":{\"@type\":\"EntryPoint\",\"urlTemplate\":\"https:\/\/www.galleriamarcacorona.com\/fr\/?s={search_term_string}\"},\"query-input\":\"required name=search_term_string\"}],\"inLanguage\":\"fr-FR\"},{\"@type\":\"Organization\",\"@id\":\"https:\/\/www.galleriamarcacorona.com\/fr\/#organization\",\"name\":\"Galleria Marca Corona\",\"url\":\"https:\/\/www.galleriamarcacorona.com\/fr\/\",\"logo\":{\"@type\":\"ImageObject\",\"inLanguage\":\"fr-FR\",\"@id\":\"https:\/\/www.galleriamarcacorona.com\/fr\/#\/schema\/logo\/image\/\",\"url\":\"https:\/\/www.galleriamarcacorona.com\/wp-content\/uploads\/2023\/05\/mc-galleria-logo-rgb-3200px.png\",\"contentUrl\":\"https:\/\/www.galleriamarcacorona.com\/wp-content\/uploads\/2023\/05\/mc-galleria-logo-rgb-3200px.png\",\"width\":3200,\"height\":1112,\"caption\":\"Galleria Marca Corona\"},\"image\":{\"@id\":\"https:\/\/www.galleriamarcacorona.com\/fr\/#\/schema\/logo\/image\/\"}},{\"@type\":\"Person\",\"@id\":\"https:\/\/www.galleriamarcacorona.com\/fr\/#\/schema\/person\/9854f3650eab7e4334e66d22de09296a\",\"name\":\"admin\",\"image\":{\"@type\":\"ImageObject\",\"inLanguage\":\"fr-FR\",\"@id\":\"https:\/\/www.galleriamarcacorona.com\/fr\/#\/schema\/person\/image\/\",\"url\":\"https:\/\/secure.gravatar.com\/avatar\/45e04a838bba17ec5b51186bc6740fa4?s=96&d=mm&r=g\",\"contentUrl\":\"https:\/\/secure.gravatar.com\/avatar\/45e04a838bba17ec5b51186bc6740fa4?s=96&d=mm&r=g\",\"caption\":\"admin\"},\"sameAs\":[\"http:\/\/www.galleriamarcacorona.com\"],\"url\":\"https:\/\/www.galleriamarcacorona.com\/fr\/author\/admin\/\"}]}<\/script>\n<!-- \/ Yoast SEO plugin. -->","yoast_head_json":{"title":"La nouvelle exposition d\u2019Andrea Mastrovito au Palais Ducal de Sassuolo ouvre ses portes en concomitance avec le Festival Filosofia 2025 - Galleria Marca Corona","description":"Du 19 au 21\/9, pour le Festival Filosofia 2025, visitez gratuitement la nouvelle expo d\u2019Andrea Mastrovito au Palais Ducal de Sassuolo. Plus d\u2019infos","robots":{"index":"index","follow":"follow","max-snippet":"max-snippet:-1","max-image-preview":"max-image-preview:large","max-video-preview":"max-video-preview:-1"},"canonical":"https:\/\/www.galleriamarcacorona.com\/fr\/la-nouvelle-exposition-dandrea-mastrovito-au-palais-ducal-de-sassuolo-ouvre-ses-portes-en-concomitance-avec-le-festival-filosofia-2025\/","og_locale":"fr_FR","og_type":"article","og_title":"La nouvelle exposition d\u2019Andrea Mastrovito au Palais Ducal de Sassuolo ouvre ses portes en concomitance avec le Festival Filosofia 2025 - Galleria Marca Corona","og_description":"Du 19 au 21\/9, pour le Festival Filosofia 2025, visitez gratuitement la nouvelle expo d\u2019Andrea Mastrovito au Palais Ducal de Sassuolo. Plus d\u2019infos","og_url":"https:\/\/www.galleriamarcacorona.com\/fr\/la-nouvelle-exposition-dandrea-mastrovito-au-palais-ducal-de-sassuolo-ouvre-ses-portes-en-concomitance-avec-le-festival-filosofia-2025\/","og_site_name":"Galleria Marca Corona","article_published_time":"2025-09-08T10:45:41+00:00","article_modified_time":"2025-10-08T12:15:43+00:00","og_image":[{"width":1300,"height":800,"url":"https:\/\/www.galleriamarcacorona.com\/wp-content\/uploads\/2025\/09\/MCARTE_MASTROVITO_MOSTRA_BANNER_1300X800.jpg","type":"image\/jpeg"}],"author":"admin","twitter_card":"summary_large_image","twitter_misc":{"\u00c9crit par":"admin","Dur\u00e9e de lecture estim\u00e9e":"5 minutes"},"schema":{"@context":"https:\/\/schema.org","@graph":[{"@type":"Article","@id":"https:\/\/www.galleriamarcacorona.com\/fr\/la-nouvelle-exposition-dandrea-mastrovito-au-palais-ducal-de-sassuolo-ouvre-ses-portes-en-concomitance-avec-le-festival-filosofia-2025\/#article","isPartOf":{"@id":"https:\/\/www.galleriamarcacorona.com\/fr\/la-nouvelle-exposition-dandrea-mastrovito-au-palais-ducal-de-sassuolo-ouvre-ses-portes-en-concomitance-avec-le-festival-filosofia-2025\/"},"author":{"name":"admin","@id":"https:\/\/www.galleriamarcacorona.com\/fr\/#\/schema\/person\/9854f3650eab7e4334e66d22de09296a"},"headline":"La nouvelle exposition d\u2019Andrea Mastrovito au Palais Ducal de Sassuolo ouvre ses portes en concomitance avec le Festival Filosofia 2025","datePublished":"2025-09-08T10:45:41+00:00","dateModified":"2025-10-08T12:15:43+00:00","mainEntityOfPage":{"@id":"https:\/\/www.galleriamarcacorona.com\/fr\/la-nouvelle-exposition-dandrea-mastrovito-au-palais-ducal-de-sassuolo-ouvre-ses-portes-en-concomitance-avec-le-festival-filosofia-2025\/"},"wordCount":1090,"commentCount":0,"publisher":{"@id":"https:\/\/www.galleriamarcacorona.com\/fr\/#organization"},"articleSection":["Non classifi\u00e9(e)"],"inLanguage":"fr-FR","potentialAction":[{"@type":"CommentAction","name":"Comment","target":["https:\/\/www.galleriamarcacorona.com\/fr\/la-nouvelle-exposition-dandrea-mastrovito-au-palais-ducal-de-sassuolo-ouvre-ses-portes-en-concomitance-avec-le-festival-filosofia-2025\/#respond"]}]},{"@type":"WebPage","@id":"https:\/\/www.galleriamarcacorona.com\/fr\/la-nouvelle-exposition-dandrea-mastrovito-au-palais-ducal-de-sassuolo-ouvre-ses-portes-en-concomitance-avec-le-festival-filosofia-2025\/","url":"https:\/\/www.galleriamarcacorona.com\/fr\/la-nouvelle-exposition-dandrea-mastrovito-au-palais-ducal-de-sassuolo-ouvre-ses-portes-en-concomitance-avec-le-festival-filosofia-2025\/","name":"La nouvelle exposition d\u2019Andrea Mastrovito au Palais Ducal de Sassuolo ouvre ses portes en concomitance avec le Festival Filosofia 2025 - Galleria Marca Corona","isPartOf":{"@id":"https:\/\/www.galleriamarcacorona.com\/fr\/#website"},"datePublished":"2025-09-08T10:45:41+00:00","dateModified":"2025-10-08T12:15:43+00:00","description":"Du 19 au 21\/9, pour le Festival Filosofia 2025, visitez gratuitement la nouvelle expo d\u2019Andrea Mastrovito au Palais Ducal de Sassuolo. Plus d\u2019infos","breadcrumb":{"@id":"https:\/\/www.galleriamarcacorona.com\/fr\/la-nouvelle-exposition-dandrea-mastrovito-au-palais-ducal-de-sassuolo-ouvre-ses-portes-en-concomitance-avec-le-festival-filosofia-2025\/#breadcrumb"},"inLanguage":"fr-FR","potentialAction":[{"@type":"ReadAction","target":["https:\/\/www.galleriamarcacorona.com\/fr\/la-nouvelle-exposition-dandrea-mastrovito-au-palais-ducal-de-sassuolo-ouvre-ses-portes-en-concomitance-avec-le-festival-filosofia-2025\/"]}]},{"@type":"BreadcrumbList","@id":"https:\/\/www.galleriamarcacorona.com\/fr\/la-nouvelle-exposition-dandrea-mastrovito-au-palais-ducal-de-sassuolo-ouvre-ses-portes-en-concomitance-avec-le-festival-filosofia-2025\/#breadcrumb","itemListElement":[{"@type":"ListItem","position":1,"name":"Home","item":"https:\/\/www.galleriamarcacorona.com\/fr\/"},{"@type":"ListItem","position":2,"name":"La nouvelle exposition d\u2019Andrea Mastrovito au Palais Ducal de Sassuolo ouvre ses portes en concomitance avec le Festival Filosofia 2025"}]},{"@type":"WebSite","@id":"https:\/\/www.galleriamarcacorona.com\/fr\/#website","url":"https:\/\/www.galleriamarcacorona.com\/fr\/","name":"Galleria Marca Corona","description":"","publisher":{"@id":"https:\/\/www.galleriamarcacorona.com\/fr\/#organization"},"potentialAction":[{"@type":"SearchAction","target":{"@type":"EntryPoint","urlTemplate":"https:\/\/www.galleriamarcacorona.com\/fr\/?s={search_term_string}"},"query-input":"required name=search_term_string"}],"inLanguage":"fr-FR"},{"@type":"Organization","@id":"https:\/\/www.galleriamarcacorona.com\/fr\/#organization","name":"Galleria Marca Corona","url":"https:\/\/www.galleriamarcacorona.com\/fr\/","logo":{"@type":"ImageObject","inLanguage":"fr-FR","@id":"https:\/\/www.galleriamarcacorona.com\/fr\/#\/schema\/logo\/image\/","url":"https:\/\/www.galleriamarcacorona.com\/wp-content\/uploads\/2023\/05\/mc-galleria-logo-rgb-3200px.png","contentUrl":"https:\/\/www.galleriamarcacorona.com\/wp-content\/uploads\/2023\/05\/mc-galleria-logo-rgb-3200px.png","width":3200,"height":1112,"caption":"Galleria Marca Corona"},"image":{"@id":"https:\/\/www.galleriamarcacorona.com\/fr\/#\/schema\/logo\/image\/"}},{"@type":"Person","@id":"https:\/\/www.galleriamarcacorona.com\/fr\/#\/schema\/person\/9854f3650eab7e4334e66d22de09296a","name":"admin","image":{"@type":"ImageObject","inLanguage":"fr-FR","@id":"https:\/\/www.galleriamarcacorona.com\/fr\/#\/schema\/person\/image\/","url":"https:\/\/secure.gravatar.com\/avatar\/45e04a838bba17ec5b51186bc6740fa4?s=96&d=mm&r=g","contentUrl":"https:\/\/secure.gravatar.com\/avatar\/45e04a838bba17ec5b51186bc6740fa4?s=96&d=mm&r=g","caption":"admin"},"sameAs":["http:\/\/www.galleriamarcacorona.com"],"url":"https:\/\/www.galleriamarcacorona.com\/fr\/author\/admin\/"}]}},"_links":{"self":[{"href":"https:\/\/www.galleriamarcacorona.com\/fr\/wp-json\/wp\/v2\/posts\/11415"}],"collection":[{"href":"https:\/\/www.galleriamarcacorona.com\/fr\/wp-json\/wp\/v2\/posts"}],"about":[{"href":"https:\/\/www.galleriamarcacorona.com\/fr\/wp-json\/wp\/v2\/types\/post"}],"author":[{"embeddable":true,"href":"https:\/\/www.galleriamarcacorona.com\/fr\/wp-json\/wp\/v2\/users\/1"}],"replies":[{"embeddable":true,"href":"https:\/\/www.galleriamarcacorona.com\/fr\/wp-json\/wp\/v2\/comments?post=11415"}],"version-history":[{"count":8,"href":"https:\/\/www.galleriamarcacorona.com\/fr\/wp-json\/wp\/v2\/posts\/11415\/revisions"}],"predecessor-version":[{"id":12514,"href":"https:\/\/www.galleriamarcacorona.com\/fr\/wp-json\/wp\/v2\/posts\/11415\/revisions\/12514"}],"wp:featuredmedia":[{"embeddable":true,"href":"https:\/\/www.galleriamarcacorona.com\/fr\/wp-json\/wp\/v2\/media\/10894"}],"wp:attachment":[{"href":"https:\/\/www.galleriamarcacorona.com\/fr\/wp-json\/wp\/v2\/media?parent=11415"}],"wp:term":[{"taxonomy":"category","embeddable":true,"href":"https:\/\/www.galleriamarcacorona.com\/fr\/wp-json\/wp\/v2\/categories?post=11415"},{"taxonomy":"post_tag","embeddable":true,"href":"https:\/\/www.galleriamarcacorona.com\/fr\/wp-json\/wp\/v2\/tags?post=11415"}],"curies":[{"name":"wp","href":"https:\/\/api.w.org\/{rel}","templated":true}]}}