{"id":2578,"date":"2023-06-15T14:07:43","date_gmt":"2023-06-15T14:07:43","guid":{"rendered":"https:\/\/galleria-mc.k8s.live.devhoop.com\/marca-corona-art-city-bologna\/"},"modified":"2023-07-19T08:30:59","modified_gmt":"2023-07-19T08:30:59","slug":"marca-corona-art-city-bologna","status":"publish","type":"post","link":"https:\/\/www.galleriamarcacorona.com\/fr\/marca-corona-art-city-bologna\/","title":{"rendered":"Marca Corona @ Art City Bologna"},"content":{"rendered":"\t\t<div data-elementor-type=\"wp-post\" data-elementor-id=\"2578\" class=\"elementor elementor-2578 elementor-1139\" data-elementor-post-type=\"post\">\n\t\t\t\t\t\t\t\t\t<section class=\"elementor-section elementor-top-section elementor-element elementor-element-715e6136 elementor-section-boxed elementor-section-height-default elementor-section-height-default\" data-id=\"715e6136\" data-element_type=\"section\">\n\t\t\t\t\t\t<div class=\"elementor-container elementor-column-gap-default\">\n\t\t\t\t\t<div class=\"elementor-column elementor-col-100 elementor-top-column elementor-element elementor-element-7ebb653a\" data-id=\"7ebb653a\" data-element_type=\"column\">\n\t\t\t<div class=\"elementor-widget-wrap elementor-element-populated\">\n\t\t\t\t\t\t\t\t<div class=\"elementor-element elementor-element-47ffdeb6 elementor-widget elementor-widget-text-editor\" data-id=\"47ffdeb6\" data-element_type=\"widget\" data-widget_type=\"text-editor.default\">\n\t\t\t\t<div class=\"elementor-widget-container\">\n\t\t\t<style>\/*! elementor - v3.14.0 - 26-06-2023 *\/\n.elementor-widget-text-editor.elementor-drop-cap-view-stacked .elementor-drop-cap{background-color:#69727d;color:#fff}.elementor-widget-text-editor.elementor-drop-cap-view-framed .elementor-drop-cap{color:#69727d;border:3px solid;background-color:transparent}.elementor-widget-text-editor:not(.elementor-drop-cap-view-default) .elementor-drop-cap{margin-top:8px}.elementor-widget-text-editor:not(.elementor-drop-cap-view-default) .elementor-drop-cap-letter{width:1em;height:1em}.elementor-widget-text-editor .elementor-drop-cap{float:left;text-align:center;line-height:1;font-size:50px}.elementor-widget-text-editor .elementor-drop-cap-letter{display:inline-block}<\/style>\t\t\t\t<p>Du 27 janvier au 5 f\u00e9vrier 2023, tous les projecteurs seront \u00e0 nouveau point\u00e9s sur ART CITY Bologna, le programme d\u2019expositions, \u00e9v\u00e9nements et initiatives soutenu par la Ville de Bologne \u00e0 l\u2019occasion d\u2019<strong><a href=\"https:\/\/www.artefiera.it\/en\/home\/776.html\" target=\"_blank\" rel=\"noopener\">Arte Fiera<\/a><\/strong>, le plus ancien salon d\u2019art moderne et contemporain d\u2019Italie.<\/p>\t\t\t\t\t\t<\/div>\n\t\t\t\t<\/div>\n\t\t\t\t\t<\/div>\n\t\t<\/div>\n\t\t\t\t\t\t\t<\/div>\n\t\t<\/section>\n\t\t<div class=\"elementor-element elementor-element-0e9badf e-flex e-con-boxed e-con\" data-id=\"0e9badf\" data-element_type=\"container\" data-settings=\"{&quot;content_width&quot;:&quot;boxed&quot;}\">\n\t\t\t\t\t<div class=\"e-con-inner\">\n\t\t\t\t<div class=\"elementor-element elementor-element-fb28aa6 elementor-widget elementor-widget-text-editor\" data-id=\"fb28aa6\" data-element_type=\"widget\" data-widget_type=\"text-editor.default\">\n\t\t\t\t<div class=\"elementor-widget-container\">\n\t\t\t\t\t\t\t<p>\u00c0 cette occasion, le samedi 4 f\u00e9vrier, la ville accueillera l\u2019<strong>Art City White Night<\/strong>, avec l\u2019ouverture jusqu\u2019\u00e0 minuit de galeries, d\u2019expositions, d\u2019espaces d\u2019exposition, de palais historiques et de boutiques, en plus de nombreux \u00e9v\u00e9nements sp\u00e9ciaux pour promouvoir l\u2019art sous toutes ses formes. La\u00a0<em>Bologna Art Week<\/em>\u00a0est une opportunit\u00e9 \u00e0 ne pas manquer pour conna\u00eetre de jeunes artistes de renomm\u00e9e internationale, assister \u00e0 des spectacles\u00a0<em>live<\/em>\u00a0et admirer des \u0153uvres provenant du monde entier.<\/p><p>Parmi ses principaux objectifs, ART CITY Bologna a toujours souhait\u00e9\u00a0<strong>d<\/strong><strong>\u00e9tourner l<\/strong><strong>\u2019attention du public vers des lieux artistiques non conventionnels<\/strong>\u00a0: entre autres, l\u2019ancienne \u00e9glise-th\u00e9\u00e2tre San Leonardo, situ\u00e9e dans un ancien monast\u00e8re au c\u0153ur du centre historique de Bologne, o\u00f9 se tient d\u00e9j\u00e0 le Festival Internazionale di Musica de l\u2019association AngelicA, et cadre id\u00e9al pour accueillir divers \u00e9v\u00e9nements en collaboration qui explorent le concept d\u2019art \u00e0 360\u00b0.<\/p>\t\t\t\t\t\t<\/div>\n\t\t\t\t<\/div>\n\t\t\t\t\t<\/div>\n\t\t\t\t<\/div>\n\t\t<div class=\"elementor-element elementor-element-ce564cf e-flex e-con-boxed e-con\" data-id=\"ce564cf\" data-element_type=\"container\" data-settings=\"{&quot;content_width&quot;:&quot;boxed&quot;}\">\n\t\t\t\t\t<div class=\"e-con-inner\">\n\t\t<div class=\"elementor-element elementor-element-87f6dee e-con-full e-flex e-con\" data-id=\"87f6dee\" data-element_type=\"container\" data-settings=\"{&quot;content_width&quot;:&quot;full&quot;}\">\n\t\t\t\t<div class=\"elementor-element elementor-element-7a5c2d8 elementor-widget elementor-widget-heading\" data-id=\"7a5c2d8\" data-element_type=\"widget\" data-widget_type=\"heading.default\">\n\t\t\t\t<div class=\"elementor-widget-container\">\n\t\t\t<style>\/*! elementor - v3.14.0 - 26-06-2023 *\/\n.elementor-heading-title{padding:0;margin:0;line-height:1}.elementor-widget-heading .elementor-heading-title[class*=elementor-size-]>a{color:inherit;font-size:inherit;line-height:inherit}.elementor-widget-heading .elementor-heading-title.elementor-size-small{font-size:15px}.elementor-widget-heading .elementor-heading-title.elementor-size-medium{font-size:19px}.elementor-widget-heading .elementor-heading-title.elementor-size-large{font-size:29px}.elementor-widget-heading .elementor-heading-title.elementor-size-xl{font-size:39px}.elementor-widget-heading .elementor-heading-title.elementor-size-xxl{font-size:59px}<\/style><h3 class=\"elementor-heading-title elementor-size-default\">Marca Corona pour l\u2019art : les rendez-vous incontournables<\/h3>\t\t<\/div>\n\t\t\t\t<\/div>\n\t\t\t\t<div class=\"elementor-element elementor-element-5317759 elementor-widget elementor-widget-text-editor\" data-id=\"5317759\" data-element_type=\"widget\" data-widget_type=\"text-editor.default\">\n\t\t\t\t<div class=\"elementor-widget-container\">\n\t\t\t\t\t\t\t<p>Avec Art City White Night, Marca Corona poursuit son parcours de rapprochement avec l\u2019art contemporain et de mise en lumi\u00e8re de jeunes artistes \u00e9mergeants commenc\u00e9 en octobre dernier avec l\u2019inauguration de l\u2019exposition\u00a0<strong><em><a href=\"https:\/\/www.marcacorona.it\/fr\/news-trends\/design-trends\/nel-blu-dipinto-la-galerie-marca-corona-accueille-les-uvres-de-giuseppe-stampone\/\" target=\"_blank\" rel=\"noopener\">Nel Blu Dipinto<\/a><\/em><\/strong>\u00a0de Giuseppe Stampone, artiste italo-fran\u00e7ais qui a choisi de rendre hommage \u00e0 la longue histoire de Marca Corona \u00e0 travers une s\u00e9rie d\u2019\u0153uvres dans le cadre du projet\u00a0<em>Global Education<\/em>\u00a0: un grand ab\u00e9c\u00e9daire compos\u00e9 de 21\u00a0tableaux et 21\u00a0images, \u00e0 travers lesquels se d\u00e9veloppe le r\u00e9cit de l\u2019entreprise et des personnes qui la construisent.<\/p>\t\t\t\t\t\t<\/div>\n\t\t\t\t<\/div>\n\t\t\t\t<div class=\"elementor-element elementor-element-c6a144e elementor-widget elementor-widget-text-editor\" data-id=\"c6a144e\" data-element_type=\"widget\" data-widget_type=\"text-editor.default\">\n\t\t\t\t<div class=\"elementor-widget-container\">\n\t\t\t\t\t\t\t<p>Les \u0153uvres de Giuseppe Stampone seront pr\u00e9sent\u00e9es lors d\u2019un \u00e9v\u00e9nement soutenu par Marca Corona et l\u2019association AngelicA justement \u00e0 l\u2019int\u00e9rieur du Th\u00e9\u00e2tre San Leonardo, associant ainsi l\u2019art visuel et le langage de la musique dans sa forme la plus innovante et artistique.<\/p>\t\t\t\t\t\t<\/div>\n\t\t\t\t<\/div>\n\t\t\t\t<\/div>\n\t\t<div class=\"elementor-element elementor-element-fafb796 e-con-full e-flex e-con\" data-id=\"fafb796\" data-element_type=\"container\" data-settings=\"{&quot;content_width&quot;:&quot;full&quot;}\">\n\t\t\t\t<div class=\"elementor-element elementor-element-5091698 elementor-widget elementor-widget-image\" data-id=\"5091698\" data-element_type=\"widget\" data-widget_type=\"image.default\">\n\t\t\t\t<div class=\"elementor-widget-container\">\n\t\t\t<style>\/*! elementor - v3.14.0 - 26-06-2023 *\/\n.elementor-widget-image{text-align:center}.elementor-widget-image a{display:inline-block}.elementor-widget-image a img[src$=\".svg\"]{width:48px}.elementor-widget-image img{vertical-align:middle;display:inline-block}<\/style>\t\t\t\t\t\t\t\t\t\t\t\t<img decoding=\"async\" width=\"1024\" height=\"630\" src=\"https:\/\/www.galleriamarcacorona.com\/wp-content\/uploads\/2023\/06\/art_city_appuntamenti-1024x630.jpg\" class=\"attachment-large size-large wp-image-1160\" alt=\"\" loading=\"lazy\" srcset=\"https:\/\/www.galleriamarcacorona.com\/wp-content\/uploads\/2023\/06\/art_city_appuntamenti-1024x630.jpg 1024w, https:\/\/www.galleriamarcacorona.com\/wp-content\/uploads\/2023\/06\/art_city_appuntamenti-300x185.jpg 300w, https:\/\/www.galleriamarcacorona.com\/wp-content\/uploads\/2023\/06\/art_city_appuntamenti-768x473.jpg 768w, https:\/\/www.galleriamarcacorona.com\/wp-content\/uploads\/2023\/06\/art_city_appuntamenti.jpg 1300w\" sizes=\"(max-width: 1024px) 100vw, 1024px\" \/>\t\t\t\t\t\t\t\t\t\t\t\t\t\t\t<\/div>\n\t\t\t\t<\/div>\n\t\t\t\t<div class=\"elementor-element elementor-element-813c589 elementor-widget elementor-widget-text-editor\" data-id=\"813c589\" data-element_type=\"widget\" data-widget_type=\"text-editor.default\">\n\t\t\t\t<div class=\"elementor-widget-container\">\n\t\t\t\t\t\t\t<p><em>Villa Ada Roma incontra il mondo &#8211; Estate 2017<\/em><\/p>\n\t\t\t\t\t\t<\/div>\n\t\t\t\t<\/div>\n\t\t\t\t<\/div>\n\t\t\t\t\t<\/div>\n\t\t\t\t<\/div>\n\t\t<div class=\"elementor-element elementor-element-9f5f617 e-flex e-con-boxed e-con\" data-id=\"9f5f617\" data-element_type=\"container\" data-settings=\"{&quot;background_background&quot;:&quot;classic&quot;,&quot;content_width&quot;:&quot;boxed&quot;}\">\n\t\t\t\t\t<div class=\"e-con-inner\">\n\t\t<div class=\"elementor-element elementor-element-9355d8b e-flex e-con-boxed e-con\" data-id=\"9355d8b\" data-element_type=\"container\" data-settings=\"{&quot;content_width&quot;:&quot;boxed&quot;}\">\n\t\t\t\t\t<div class=\"e-con-inner\">\n\t\t<div class=\"elementor-element elementor-element-9353953 e-flex e-con-boxed e-con\" data-id=\"9353953\" data-element_type=\"container\" data-settings=\"{&quot;content_width&quot;:&quot;boxed&quot;}\">\n\t\t\t\t\t<div class=\"e-con-inner\">\n\t\t\t\t<div class=\"elementor-element elementor-element-d554bbc elementor-widget elementor-widget-text-editor\" data-id=\"d554bbc\" data-element_type=\"widget\" data-widget_type=\"text-editor.default\">\n\t\t\t\t<div class=\"elementor-widget-container\">\n\t\t\t\t\t\t\t<p><strong>Voici le programme dans le d\u00e9tail* :<\/strong><\/p><ul><li>Samedi 4 f\u00e9vrier de 10h00 \u00e0 minuit et dimanche 5 f\u00e9vrier de 10h00 \u00e0 20h00<br \/><em>Exposition\u00a0<\/em><em>\u2018Abecedario d<\/em><em>\u2019Artista<\/em><em>\u2019 et vid<\/em><em>\u00e9o d<\/em><em>\u2019installation du projet\u00a0<\/em><em>\u2018Global Education<\/em><em>\u2019 de\u00a0<\/em><strong><a href=\"https:\/\/www.marcacorona.it\/fr\/news-trends\/design-trends\/nel-blu-dipinto-la-galerie-marca-corona-accueille-les-uvres-de-giuseppe-stampone\/\" target=\"_blank\" rel=\"noopener\"><em>Giuseppe Stampone<\/em><\/a><\/strong><br \/>\u00a0<\/li><li>Samedi 4 f\u00e9vrier \u00e0 19h00 et 21h30<br \/><em>Concert en avant-premi<\/em><em>\u00e8re absolue\u00a0<\/em><em>\u00ab\u00a0COSMOGONIE<\/em><em>\u00a0\u00bb de\u00a0<\/em><strong><a href=\"https:\/\/www.okapi.it\/bio\/\" target=\"_blank\" rel=\"noopener\"><em>\u00d8<\/em><em>kapi<\/em><\/a><\/strong>, plagiaire et collagiste musical italien, magicien de l\u2019\u00e9chantillonnage sonore et d\u00e9fenseur du\u00a0<em>plunderphonics<\/em>, un genre musical dont les arrangements reposent sur l\u2019\u00e9chantillonnage d\u2019\u0153uvres musicales reconnaissables.<\/li><\/ul><p><em><sub>*Tous les \u00e9v\u00e9nements sont \u00e0 entr\u00e9e libre, sans r\u00e9servation.<br \/><\/sub><\/em><\/p><p>Deux rendez-vous \u00e0 ne pas manquer pour tous ceux qui aiment l\u2019art sous toutes ses formes et qui recherchent de nouvelles sensations pour enrichir et accro\u00eetre leurs connaissances.<\/p>\t\t\t\t\t\t<\/div>\n\t\t\t\t<\/div>\n\t\t\t\t\t<\/div>\n\t\t\t\t<\/div>\n\t\t\t\t\t<\/div>\n\t\t\t\t<\/div>\n\t\t\t\t\t<\/div>\n\t\t\t\t<\/div>\n\t\t\t\t\t\t\t<\/div>\n\t\t","protected":false},"excerpt":{"rendered":"<p>D\u00e9couvrez tous les \u00e9v\u00e9nements au programme du 27 janvier au 5 f\u00e9vrier 2023.<\/p>\n","protected":false},"author":1,"featured_media":1998,"comment_status":"closed","ping_status":"closed","sticky":false,"template":"","format":"standard","meta":{"site-sidebar-layout":"default","site-content-layout":"default","ast-global-header-display":"","ast-main-header-display":"","ast-hfb-above-header-display":"","ast-hfb-below-header-display":"","ast-hfb-mobile-header-display":"","site-post-title":"","ast-breadcrumbs-content":"","ast-featured-img":"","footer-sml-layout":"","theme-transparent-header-meta":"","adv-header-id-meta":"","stick-header-meta":"","header-above-stick-meta":"","header-main-stick-meta":"","header-below-stick-meta":""},"categories":[11],"tags":[],"acf":[],"yoast_head":"<!-- This site is optimized with the Yoast SEO plugin v20.12 - https:\/\/yoast.com\/wordpress\/plugins\/seo\/ -->\n<title>Marca Corona @ Art City Bologna - Galleria Marca Corona<\/title>\n<meta name=\"description\" content=\"Du 27 janvier au 5 f\u00e9vrier 2023, tous les projecteurs seront \u00e0 nouveau point\u00e9s sur ART CITY Bologna.\" \/>\n<meta name=\"robots\" content=\"noindex, nofollow\" \/>\n<meta property=\"og:locale\" content=\"fr_FR\" \/>\n<meta property=\"og:type\" content=\"article\" \/>\n<meta property=\"og:title\" content=\"Marca Corona @ Art City Bologna - Galleria Marca Corona\" \/>\n<meta property=\"og:description\" content=\"Du 27 janvier au 5 f\u00e9vrier 2023, tous les projecteurs seront \u00e0 nouveau point\u00e9s sur ART CITY Bologna.\" \/>\n<meta property=\"og:url\" content=\"https:\/\/www.galleriamarcacorona.com\/fr\/marca-corona-art-city-bologna\/\" \/>\n<meta property=\"og:site_name\" content=\"Galleria Marca Corona\" \/>\n<meta property=\"article:published_time\" content=\"2023-06-15T14:07:43+00:00\" \/>\n<meta property=\"article:modified_time\" content=\"2023-07-19T08:30:59+00:00\" \/>\n<meta property=\"og:image\" content=\"https:\/\/www.galleriamarcacorona.com\/wp-content\/uploads\/2023\/06\/abecedario_artista.jpg\" \/>\n\t<meta property=\"og:image:width\" content=\"1300\" \/>\n\t<meta property=\"og:image:height\" content=\"800\" \/>\n\t<meta property=\"og:image:type\" content=\"image\/jpeg\" \/>\n<meta name=\"author\" content=\"admin\" \/>\n<meta name=\"twitter:card\" content=\"summary_large_image\" \/>\n<meta name=\"twitter:label1\" content=\"\u00c9crit par\" \/>\n\t<meta name=\"twitter:data1\" content=\"admin\" \/>\n\t<meta name=\"twitter:label2\" content=\"Dur\u00e9e de lecture estim\u00e9e\" \/>\n\t<meta name=\"twitter:data2\" content=\"3 minutes\" \/>\n<script type=\"application\/ld+json\" class=\"yoast-schema-graph\">{\"@context\":\"https:\/\/schema.org\",\"@graph\":[{\"@type\":\"Article\",\"@id\":\"https:\/\/www.galleriamarcacorona.com\/fr\/marca-corona-art-city-bologna\/#article\",\"isPartOf\":{\"@id\":\"https:\/\/www.galleriamarcacorona.com\/fr\/marca-corona-art-city-bologna\/\"},\"author\":{\"name\":\"admin\",\"@id\":\"https:\/\/www.galleriamarcacorona.com\/fr\/#\/schema\/person\/9854f3650eab7e4334e66d22de09296a\"},\"headline\":\"Marca Corona @ Art City Bologna\",\"datePublished\":\"2023-06-15T14:07:43+00:00\",\"dateModified\":\"2023-07-19T08:30:59+00:00\",\"mainEntityOfPage\":{\"@id\":\"https:\/\/www.galleriamarcacorona.com\/fr\/marca-corona-art-city-bologna\/\"},\"wordCount\":490,\"publisher\":{\"@id\":\"https:\/\/www.galleriamarcacorona.com\/fr\/#organization\"},\"articleSection\":[\"Non classifi\u00e9(e)\"],\"inLanguage\":\"fr-FR\"},{\"@type\":\"WebPage\",\"@id\":\"https:\/\/www.galleriamarcacorona.com\/fr\/marca-corona-art-city-bologna\/\",\"url\":\"https:\/\/www.galleriamarcacorona.com\/fr\/marca-corona-art-city-bologna\/\",\"name\":\"Marca Corona @ Art City Bologna - Galleria Marca Corona\",\"isPartOf\":{\"@id\":\"https:\/\/www.galleriamarcacorona.com\/fr\/#website\"},\"datePublished\":\"2023-06-15T14:07:43+00:00\",\"dateModified\":\"2023-07-19T08:30:59+00:00\",\"description\":\"Du 27 janvier au 5 f\u00e9vrier 2023, tous les projecteurs seront \u00e0 nouveau point\u00e9s sur ART CITY Bologna.\",\"breadcrumb\":{\"@id\":\"https:\/\/www.galleriamarcacorona.com\/fr\/marca-corona-art-city-bologna\/#breadcrumb\"},\"inLanguage\":\"fr-FR\",\"potentialAction\":[{\"@type\":\"ReadAction\",\"target\":[\"https:\/\/www.galleriamarcacorona.com\/fr\/marca-corona-art-city-bologna\/\"]}]},{\"@type\":\"BreadcrumbList\",\"@id\":\"https:\/\/www.galleriamarcacorona.com\/fr\/marca-corona-art-city-bologna\/#breadcrumb\",\"itemListElement\":[{\"@type\":\"ListItem\",\"position\":1,\"name\":\"Home\",\"item\":\"https:\/\/www.galleriamarcacorona.com\/fr\/\"},{\"@type\":\"ListItem\",\"position\":2,\"name\":\"Marca Corona @ Art City Bologna\"}]},{\"@type\":\"WebSite\",\"@id\":\"https:\/\/www.galleriamarcacorona.com\/fr\/#website\",\"url\":\"https:\/\/www.galleriamarcacorona.com\/fr\/\",\"name\":\"Galleria Marca Corona\",\"description\":\"\",\"publisher\":{\"@id\":\"https:\/\/www.galleriamarcacorona.com\/fr\/#organization\"},\"potentialAction\":[{\"@type\":\"SearchAction\",\"target\":{\"@type\":\"EntryPoint\",\"urlTemplate\":\"https:\/\/www.galleriamarcacorona.com\/fr\/?s={search_term_string}\"},\"query-input\":\"required name=search_term_string\"}],\"inLanguage\":\"fr-FR\"},{\"@type\":\"Organization\",\"@id\":\"https:\/\/www.galleriamarcacorona.com\/fr\/#organization\",\"name\":\"Galleria Marca Corona\",\"url\":\"https:\/\/www.galleriamarcacorona.com\/fr\/\",\"logo\":{\"@type\":\"ImageObject\",\"inLanguage\":\"fr-FR\",\"@id\":\"https:\/\/www.galleriamarcacorona.com\/fr\/#\/schema\/logo\/image\/\",\"url\":\"https:\/\/www.galleriamarcacorona.com\/wp-content\/uploads\/2023\/05\/mc-galleria-logo-rgb-3200px.png\",\"contentUrl\":\"https:\/\/www.galleriamarcacorona.com\/wp-content\/uploads\/2023\/05\/mc-galleria-logo-rgb-3200px.png\",\"width\":3200,\"height\":1112,\"caption\":\"Galleria Marca Corona\"},\"image\":{\"@id\":\"https:\/\/www.galleriamarcacorona.com\/fr\/#\/schema\/logo\/image\/\"}},{\"@type\":\"Person\",\"@id\":\"https:\/\/www.galleriamarcacorona.com\/fr\/#\/schema\/person\/9854f3650eab7e4334e66d22de09296a\",\"name\":\"admin\",\"image\":{\"@type\":\"ImageObject\",\"inLanguage\":\"fr-FR\",\"@id\":\"https:\/\/www.galleriamarcacorona.com\/fr\/#\/schema\/person\/image\/\",\"url\":\"https:\/\/secure.gravatar.com\/avatar\/45e04a838bba17ec5b51186bc6740fa4?s=96&d=mm&r=g\",\"contentUrl\":\"https:\/\/secure.gravatar.com\/avatar\/45e04a838bba17ec5b51186bc6740fa4?s=96&d=mm&r=g\",\"caption\":\"admin\"},\"sameAs\":[\"http:\/\/www.galleriamarcacorona.com\"],\"url\":\"https:\/\/www.galleriamarcacorona.com\/fr\/author\/admin\/\"}]}<\/script>\n<!-- \/ Yoast SEO plugin. -->","yoast_head_json":{"title":"Marca Corona @ Art City Bologna - Galleria Marca Corona","description":"Du 27 janvier au 5 f\u00e9vrier 2023, tous les projecteurs seront \u00e0 nouveau point\u00e9s sur ART CITY Bologna.","robots":{"index":"noindex","follow":"nofollow"},"og_locale":"fr_FR","og_type":"article","og_title":"Marca Corona @ Art City Bologna - Galleria Marca Corona","og_description":"Du 27 janvier au 5 f\u00e9vrier 2023, tous les projecteurs seront \u00e0 nouveau point\u00e9s sur ART CITY Bologna.","og_url":"https:\/\/www.galleriamarcacorona.com\/fr\/marca-corona-art-city-bologna\/","og_site_name":"Galleria Marca Corona","article_published_time":"2023-06-15T14:07:43+00:00","article_modified_time":"2023-07-19T08:30:59+00:00","og_image":[{"width":1300,"height":800,"url":"https:\/\/www.galleriamarcacorona.com\/wp-content\/uploads\/2023\/06\/abecedario_artista.jpg","type":"image\/jpeg"}],"author":"admin","twitter_card":"summary_large_image","twitter_misc":{"\u00c9crit par":"admin","Dur\u00e9e de lecture estim\u00e9e":"3 minutes"},"schema":{"@context":"https:\/\/schema.org","@graph":[{"@type":"Article","@id":"https:\/\/www.galleriamarcacorona.com\/fr\/marca-corona-art-city-bologna\/#article","isPartOf":{"@id":"https:\/\/www.galleriamarcacorona.com\/fr\/marca-corona-art-city-bologna\/"},"author":{"name":"admin","@id":"https:\/\/www.galleriamarcacorona.com\/fr\/#\/schema\/person\/9854f3650eab7e4334e66d22de09296a"},"headline":"Marca Corona @ Art City Bologna","datePublished":"2023-06-15T14:07:43+00:00","dateModified":"2023-07-19T08:30:59+00:00","mainEntityOfPage":{"@id":"https:\/\/www.galleriamarcacorona.com\/fr\/marca-corona-art-city-bologna\/"},"wordCount":490,"publisher":{"@id":"https:\/\/www.galleriamarcacorona.com\/fr\/#organization"},"articleSection":["Non classifi\u00e9(e)"],"inLanguage":"fr-FR"},{"@type":"WebPage","@id":"https:\/\/www.galleriamarcacorona.com\/fr\/marca-corona-art-city-bologna\/","url":"https:\/\/www.galleriamarcacorona.com\/fr\/marca-corona-art-city-bologna\/","name":"Marca Corona @ Art City Bologna - Galleria Marca Corona","isPartOf":{"@id":"https:\/\/www.galleriamarcacorona.com\/fr\/#website"},"datePublished":"2023-06-15T14:07:43+00:00","dateModified":"2023-07-19T08:30:59+00:00","description":"Du 27 janvier au 5 f\u00e9vrier 2023, tous les projecteurs seront \u00e0 nouveau point\u00e9s sur ART CITY Bologna.","breadcrumb":{"@id":"https:\/\/www.galleriamarcacorona.com\/fr\/marca-corona-art-city-bologna\/#breadcrumb"},"inLanguage":"fr-FR","potentialAction":[{"@type":"ReadAction","target":["https:\/\/www.galleriamarcacorona.com\/fr\/marca-corona-art-city-bologna\/"]}]},{"@type":"BreadcrumbList","@id":"https:\/\/www.galleriamarcacorona.com\/fr\/marca-corona-art-city-bologna\/#breadcrumb","itemListElement":[{"@type":"ListItem","position":1,"name":"Home","item":"https:\/\/www.galleriamarcacorona.com\/fr\/"},{"@type":"ListItem","position":2,"name":"Marca Corona @ Art City Bologna"}]},{"@type":"WebSite","@id":"https:\/\/www.galleriamarcacorona.com\/fr\/#website","url":"https:\/\/www.galleriamarcacorona.com\/fr\/","name":"Galleria Marca Corona","description":"","publisher":{"@id":"https:\/\/www.galleriamarcacorona.com\/fr\/#organization"},"potentialAction":[{"@type":"SearchAction","target":{"@type":"EntryPoint","urlTemplate":"https:\/\/www.galleriamarcacorona.com\/fr\/?s={search_term_string}"},"query-input":"required name=search_term_string"}],"inLanguage":"fr-FR"},{"@type":"Organization","@id":"https:\/\/www.galleriamarcacorona.com\/fr\/#organization","name":"Galleria Marca Corona","url":"https:\/\/www.galleriamarcacorona.com\/fr\/","logo":{"@type":"ImageObject","inLanguage":"fr-FR","@id":"https:\/\/www.galleriamarcacorona.com\/fr\/#\/schema\/logo\/image\/","url":"https:\/\/www.galleriamarcacorona.com\/wp-content\/uploads\/2023\/05\/mc-galleria-logo-rgb-3200px.png","contentUrl":"https:\/\/www.galleriamarcacorona.com\/wp-content\/uploads\/2023\/05\/mc-galleria-logo-rgb-3200px.png","width":3200,"height":1112,"caption":"Galleria Marca Corona"},"image":{"@id":"https:\/\/www.galleriamarcacorona.com\/fr\/#\/schema\/logo\/image\/"}},{"@type":"Person","@id":"https:\/\/www.galleriamarcacorona.com\/fr\/#\/schema\/person\/9854f3650eab7e4334e66d22de09296a","name":"admin","image":{"@type":"ImageObject","inLanguage":"fr-FR","@id":"https:\/\/www.galleriamarcacorona.com\/fr\/#\/schema\/person\/image\/","url":"https:\/\/secure.gravatar.com\/avatar\/45e04a838bba17ec5b51186bc6740fa4?s=96&d=mm&r=g","contentUrl":"https:\/\/secure.gravatar.com\/avatar\/45e04a838bba17ec5b51186bc6740fa4?s=96&d=mm&r=g","caption":"admin"},"sameAs":["http:\/\/www.galleriamarcacorona.com"],"url":"https:\/\/www.galleriamarcacorona.com\/fr\/author\/admin\/"}]}},"_links":{"self":[{"href":"https:\/\/www.galleriamarcacorona.com\/fr\/wp-json\/wp\/v2\/posts\/2578"}],"collection":[{"href":"https:\/\/www.galleriamarcacorona.com\/fr\/wp-json\/wp\/v2\/posts"}],"about":[{"href":"https:\/\/www.galleriamarcacorona.com\/fr\/wp-json\/wp\/v2\/types\/post"}],"author":[{"embeddable":true,"href":"https:\/\/www.galleriamarcacorona.com\/fr\/wp-json\/wp\/v2\/users\/1"}],"replies":[{"embeddable":true,"href":"https:\/\/www.galleriamarcacorona.com\/fr\/wp-json\/wp\/v2\/comments?post=2578"}],"version-history":[{"count":5,"href":"https:\/\/www.galleriamarcacorona.com\/fr\/wp-json\/wp\/v2\/posts\/2578\/revisions"}],"predecessor-version":[{"id":2731,"href":"https:\/\/www.galleriamarcacorona.com\/fr\/wp-json\/wp\/v2\/posts\/2578\/revisions\/2731"}],"wp:featuredmedia":[{"embeddable":true,"href":"https:\/\/www.galleriamarcacorona.com\/fr\/wp-json\/wp\/v2\/media\/1998"}],"wp:attachment":[{"href":"https:\/\/www.galleriamarcacorona.com\/fr\/wp-json\/wp\/v2\/media?parent=2578"}],"wp:term":[{"taxonomy":"category","embeddable":true,"href":"https:\/\/www.galleriamarcacorona.com\/fr\/wp-json\/wp\/v2\/categories?post=2578"},{"taxonomy":"post_tag","embeddable":true,"href":"https:\/\/www.galleriamarcacorona.com\/fr\/wp-json\/wp\/v2\/tags?post=2578"}],"curies":[{"name":"wp","href":"https:\/\/api.w.org\/{rel}","templated":true}]}}