{"id":7474,"date":"2024-02-08T07:55:51","date_gmt":"2024-02-08T07:55:51","guid":{"rendered":"https:\/\/www.galleriamarcacorona.com\/?p=7474"},"modified":"2024-02-08T08:26:32","modified_gmt":"2024-02-08T08:26:32","slug":"a-la-decouverte-du-week-end-art-city-bologna-2024-avec-les-evenements-marca-corona-per-larte","status":"publish","type":"post","link":"https:\/\/www.galleriamarcacorona.com\/fr\/a-la-decouverte-du-week-end-art-city-bologna-2024-avec-les-evenements-marca-corona-per-larte\/","title":{"rendered":"\u00c0 la d\u00e9couverte du week-end Art City Bologna 2024 avec les \u00e9v\u00e9nements Marca Corona per l\u2019Arte"},"content":{"rendered":"\t\t<div data-elementor-type=\"wp-post\" data-elementor-id=\"7474\" class=\"elementor elementor-7474 elementor-7264\" data-elementor-post-type=\"post\">\n\t\t\t\t\t\t\t\t\t<section class=\"elementor-section elementor-top-section elementor-element elementor-element-176111a elementor-section-boxed elementor-section-height-default elementor-section-height-default\" data-id=\"176111a\" data-element_type=\"section\">\n\t\t\t\t\t\t<div class=\"elementor-container elementor-column-gap-default\">\n\t\t\t\t\t<div class=\"elementor-column elementor-col-100 elementor-top-column elementor-element elementor-element-3fb8606\" data-id=\"3fb8606\" data-element_type=\"column\">\n\t\t\t<div class=\"elementor-widget-wrap elementor-element-populated\">\n\t\t\t\t\t\t\t\t<div class=\"elementor-element elementor-element-419dcc5 elementor-widget elementor-widget-video\" data-id=\"419dcc5\" data-element_type=\"widget\" data-settings=\"{&quot;youtube_url&quot;:&quot;https:\\\/\\\/www.youtube.com\\\/watch?v=uy5nMojfd_8&quot;,&quot;yt_privacy&quot;:&quot;yes&quot;,&quot;video_type&quot;:&quot;youtube&quot;}\" data-widget_type=\"video.default\">\n\t\t\t\t<div class=\"elementor-widget-container\">\n\t\t\t<style>\/*! elementor - v3.14.0 - 26-06-2023 *\/\n.elementor-widget-video .elementor-widget-container{overflow:hidden;transform:translateZ(0)}.elementor-widget-video .elementor-wrapper{aspect-ratio:var(--video-aspect-ratio)}.elementor-widget-video .elementor-wrapper iframe,.elementor-widget-video .elementor-wrapper video{height:100%;width:100%;display:flex;border:none;background-color:#000}@supports not (aspect-ratio:1\/1){.elementor-widget-video .elementor-wrapper{position:relative;overflow:hidden;height:0;padding-bottom:calc(100% \/ var(--video-aspect-ratio))}.elementor-widget-video .elementor-wrapper iframe,.elementor-widget-video .elementor-wrapper video{position:absolute;top:0;right:0;bottom:0;left:0}}.elementor-widget-video .elementor-open-inline .elementor-custom-embed-image-overlay{position:absolute;top:0;left:0;width:100%;height:100%;background-size:cover;background-position:50%}.elementor-widget-video .elementor-custom-embed-image-overlay{cursor:pointer;text-align:center}.elementor-widget-video .elementor-custom-embed-image-overlay:hover .elementor-custom-embed-play i{opacity:1}.elementor-widget-video .elementor-custom-embed-image-overlay img{display:block;width:100%}.elementor-widget-video .e-hosted-video .elementor-video{-o-object-fit:cover;object-fit:cover}.e-con-inner>.elementor-widget-video,.e-con>.elementor-widget-video{width:var(--container-widget-width);--flex-grow:var(--container-widget-flex-grow)}<\/style>\t\t<div class=\"elementor-wrapper elementor-open-inline\">\n\t\t\t<div class=\"elementor-video\"><\/div>\t\t<\/div>\n\t\t\t\t<\/div>\n\t\t\t\t<\/div>\n\t\t\t\t\t<\/div>\n\t\t<\/div>\n\t\t\t\t\t\t\t<\/div>\n\t\t<\/section>\n\t\t\t\t<section class=\"elementor-section elementor-top-section elementor-element elementor-element-fb8ce32 elementor-section-boxed elementor-section-height-default elementor-section-height-default\" data-id=\"fb8ce32\" data-element_type=\"section\">\n\t\t\t\t\t\t<div class=\"elementor-container elementor-column-gap-default\">\n\t\t\t\t\t<div class=\"elementor-column elementor-col-100 elementor-top-column elementor-element elementor-element-bdc9066\" data-id=\"bdc9066\" data-element_type=\"column\">\n\t\t\t<div class=\"elementor-widget-wrap elementor-element-populated\">\n\t\t\t\t\t\t\t\t<div class=\"elementor-element elementor-element-4d47821 elementor-widget elementor-widget-text-editor\" data-id=\"4d47821\" data-element_type=\"widget\" data-widget_type=\"text-editor.default\">\n\t\t\t\t<div class=\"elementor-widget-container\">\n\t\t\t<style>\/*! elementor - v3.14.0 - 26-06-2023 *\/\n.elementor-widget-text-editor.elementor-drop-cap-view-stacked .elementor-drop-cap{background-color:#69727d;color:#fff}.elementor-widget-text-editor.elementor-drop-cap-view-framed .elementor-drop-cap{color:#69727d;border:3px solid;background-color:transparent}.elementor-widget-text-editor:not(.elementor-drop-cap-view-default) .elementor-drop-cap{margin-top:8px}.elementor-widget-text-editor:not(.elementor-drop-cap-view-default) .elementor-drop-cap-letter{width:1em;height:1em}.elementor-widget-text-editor .elementor-drop-cap{float:left;text-align:center;line-height:1;font-size:50px}.elementor-widget-text-editor .elementor-drop-cap-letter{display:inline-block}<\/style>\t\t\t\t<p><b>Du 2 au 4\u00a0f\u00e9vrier<\/b>\u00a0compris, le programme de\u00a0<a href=\"https:\/\/www.marcacorona.it\/fr\/news-trends\/news\/marca-corona-art-city-bologna\/\" target=\"_blank\" rel=\"noopener\">Marca Corona @ Art City Bologna<\/a>\u00a0s\u2019est donc d\u00e9velopp\u00e9 autour d\u2019axes entre\u00a0<b>architecture, design et art,\u00a0<\/b>avec un fort lien avec\u00a0:<\/p><ul><li>les innovations de notre temps, comme l\u2019<b>intelligence artificielle<\/b><\/li><li>les\u00a0<b>nouvelles propositions des jeunes artistes de moins de 35\u00a0ans<\/b><\/li><li>le\u00a0<b>rapport entre culture, syst\u00e8me d\u2019entreprise et soci\u00e9t\u00e9,<\/b>\u00a0repr\u00e9sent\u00e9 ici par les \u0153uvres chorales de Stefano Arienti, ma\u00eetre de l\u2019Arte Povera et de la trans-avant-garde internationale.\u00a0<\/li><\/ul><p>Beaucoup d\u2019<b>\u00e9motions<\/b>\u00a0ont \u00e9t\u00e9 exprim\u00e9es pendant ces journ\u00e9es, impliquant les nombreux participants aux<b>\u00a0rendez-vous de vendredi, samedi et dimanche<\/b>.<\/p><p>D\u00e9couvrons ensemble ce\u00a0<b>parcours<\/b>, qui unit \u00e0 la beaut\u00e9 et \u00e0 la surprise de l\u2019art sous toutes ses formes la\u00a0<b>rencontre<\/b>, le\u00a0<b>dialogue<\/b>\u00a0et l\u2019<b>exp\u00e9rience<\/b>\u00a0d\u2019un lieu extraordinaire tel que le\u00a0<b>Th\u00e9\u00e2tre San Leonardo\u00a0<\/b>de Via San Vitale 63, \u00e0 Bologne.<\/p>\t\t\t\t\t\t<\/div>\n\t\t\t\t<\/div>\n\t\t\t\t<div class=\"elementor-element elementor-element-0735363 elementor-widget elementor-widget-heading\" data-id=\"0735363\" data-element_type=\"widget\" data-widget_type=\"heading.default\">\n\t\t\t\t<div class=\"elementor-widget-container\">\n\t\t\t<style>\/*! elementor - v3.14.0 - 26-06-2023 *\/\n.elementor-heading-title{padding:0;margin:0;line-height:1}.elementor-widget-heading .elementor-heading-title[class*=elementor-size-]>a{color:inherit;font-size:inherit;line-height:inherit}.elementor-widget-heading .elementor-heading-title.elementor-size-small{font-size:15px}.elementor-widget-heading .elementor-heading-title.elementor-size-medium{font-size:19px}.elementor-widget-heading .elementor-heading-title.elementor-size-large{font-size:29px}.elementor-widget-heading .elementor-heading-title.elementor-size-xl{font-size:39px}.elementor-widget-heading .elementor-heading-title.elementor-size-xxl{font-size:59px}<\/style><h2 class=\"elementor-heading-title elementor-size-default\">Art, architecture et intelligence artificielle au c\u0153ur de la 1re journ\u00e9e de Art City 2024<\/h2>\t\t<\/div>\n\t\t\t\t<\/div>\n\t\t\t\t\t<\/div>\n\t\t<\/div>\n\t\t\t\t\t\t\t<\/div>\n\t\t<\/section>\n\t\t<div class=\"elementor-element elementor-element-b405d2f e-flex e-con-boxed e-con\" data-id=\"b405d2f\" data-element_type=\"container\" data-settings=\"{&quot;background_background&quot;:&quot;classic&quot;,&quot;content_width&quot;:&quot;boxed&quot;}\">\n\t\t\t\t\t<div class=\"e-con-inner\">\n\t\t<div class=\"elementor-element elementor-element-3cf07c5 e-flex e-con-boxed e-con\" data-id=\"3cf07c5\" data-element_type=\"container\" data-settings=\"{&quot;content_width&quot;:&quot;boxed&quot;}\">\n\t\t\t\t\t<div class=\"e-con-inner\">\n\t\t<div class=\"elementor-element elementor-element-aaecce4 e-flex e-con-boxed e-con\" data-id=\"aaecce4\" data-element_type=\"container\" data-settings=\"{&quot;content_width&quot;:&quot;boxed&quot;}\">\n\t\t\t\t\t<div class=\"e-con-inner\">\n\t\t\t\t<div class=\"elementor-element elementor-element-074a4de elementor-widget elementor-widget-text-editor\" data-id=\"074a4de\" data-element_type=\"widget\" data-widget_type=\"text-editor.default\">\n\t\t\t\t<div class=\"elementor-widget-container\">\n\t\t\t\t\t\t\t<p>Notre r\u00e9cit de Art City 2024 Bologna commence par la 1<sup>re<\/sup>\u00a0journ\u00e9e de\u00a0<b>vendredi 2\u00a0f\u00e9vrier<\/b>\u00a0et le congr\u00e8s \u00ab Arte, Architettura e Intelligenza Artificiale, frontiere e limiti della rivoluzione digitale in atto (Art, Architecture et Intelligence artificielle, fronti\u00e8res et limites de la r\u00e9volution num\u00e9rique en cours) \u00bb.<br \/><br \/>En collaboration avec l\u2019ordre des architectes de Bologne, l\u2019\u00e9v\u00e9nement a fait \u00e9merger la\u00a0<b>port\u00e9e fracassante de la \u00ab\u00a0r\u00e9volution IA\u00a0\u00bb<\/b>\u00a0sur diff\u00e9rentes typologies de secteurs, notamment celles de l\u2019<b>architecture<\/b>\u00a0et de l\u2019<b>art<\/b>.<br \/><br \/>Partant de l\u2019actualit\u00e9 et du futur proche, la rencontre a \u00e9t\u00e9 une exploration approfondie du\u00a0<b>r\u00f4le transformateur que l\u2019IA joue et jouera dans le fa\u00e7onnement des contextes artistiques, architecturaux et de design<\/b>, avec la possibilit\u00e9 que de\u00a0<b>nouvelles formes de cr\u00e9ativit\u00e9<\/b>\u00a0et que l\u2019intersection entre technologie et innovation puissent d\u00e9couler de cette dynamique.<\/p><p>En outre, une\u00a0<b>r\u00e9flexion sur les applications de l\u2019IA dans les disciplines li\u00e9es \u00e0 l\u2019art et \u00e0 l&#8217;architecture<\/b>\u00a0a \u00e9t\u00e9 men\u00e9e, avec une analyse des diverses cons\u00e9quences \u00e9thiques, sociales et \u00e9conomiques qui peuvent d\u00e9couler de son utilisation.<\/p>\t\t\t\t\t\t<\/div>\n\t\t\t\t<\/div>\n\t\t\t\t\t<\/div>\n\t\t\t\t<\/div>\n\t\t\t\t\t<\/div>\n\t\t\t\t<\/div>\n\t\t<div class=\"elementor-element elementor-element-c394573 elementor-hidden-mobile e-flex e-con-boxed e-con\" data-id=\"c394573\" data-element_type=\"container\" data-settings=\"{&quot;content_width&quot;:&quot;boxed&quot;}\">\n\t\t\t\t\t<div class=\"e-con-inner\">\n\t\t\t\t<div class=\"elementor-element elementor-element-8c511e9 elementor-hidden-mobile elementor-widget elementor-widget-image\" data-id=\"8c511e9\" data-element_type=\"widget\" data-widget_type=\"image.default\">\n\t\t\t\t<div class=\"elementor-widget-container\">\n\t\t\t<style>\/*! elementor - v3.14.0 - 26-06-2023 *\/\n.elementor-widget-image{text-align:center}.elementor-widget-image a{display:inline-block}.elementor-widget-image a img[src$=\".svg\"]{width:48px}.elementor-widget-image img{vertical-align:middle;display:inline-block}<\/style>\t\t\t\t\t\t\t\t\t\t\t\t<img decoding=\"async\" width=\"1300\" height=\"800\" src=\"https:\/\/www.galleriamarcacorona.com\/wp-content\/uploads\/2024\/02\/1_cNv4GVI.jpg\" class=\"attachment-full size-full wp-image-7272\" alt=\"\" loading=\"lazy\" srcset=\"https:\/\/www.galleriamarcacorona.com\/wp-content\/uploads\/2024\/02\/1_cNv4GVI.jpg 1300w, https:\/\/www.galleriamarcacorona.com\/wp-content\/uploads\/2024\/02\/1_cNv4GVI-300x185.jpg 300w, https:\/\/www.galleriamarcacorona.com\/wp-content\/uploads\/2024\/02\/1_cNv4GVI-1024x630.jpg 1024w, https:\/\/www.galleriamarcacorona.com\/wp-content\/uploads\/2024\/02\/1_cNv4GVI-768x473.jpg 768w\" sizes=\"(max-width: 1300px) 100vw, 1300px\" \/>\t\t\t\t\t\t\t\t\t\t\t\t\t\t\t<\/div>\n\t\t\t\t<\/div>\n\t\t\t\t\t<\/div>\n\t\t\t\t<\/div>\n\t\t\t\t\t<\/div>\n\t\t\t\t<\/div>\n\t\t\t\t<section class=\"elementor-section elementor-top-section elementor-element elementor-element-81df530 elementor-section-boxed elementor-section-height-default elementor-section-height-default\" data-id=\"81df530\" data-element_type=\"section\">\n\t\t\t\t\t\t<div class=\"elementor-container elementor-column-gap-default\">\n\t\t\t\t\t<div class=\"elementor-column elementor-col-100 elementor-top-column elementor-element elementor-element-4349685\" data-id=\"4349685\" data-element_type=\"column\">\n\t\t\t<div class=\"elementor-widget-wrap elementor-element-populated\">\n\t\t\t\t\t\t\t\t<div class=\"elementor-element elementor-element-e9cb325 elementor-widget elementor-widget-text-editor\" data-id=\"e9cb325\" data-element_type=\"widget\" data-widget_type=\"text-editor.default\">\n\t\t\t\t<div class=\"elementor-widget-container\">\n\t\t\t\t\t\t\t<p>Parmi les intervenants de ce s\u00e9minaire r\u00e9serv\u00e9 aux professionnels et aux passionn\u00e9s\u00a0:<\/p><ul><li><b>Luca Molinari\u00a0<\/b>&#8211; architecte, critique et conservateur<\/li><li><b>Stefano Arienti<\/b>\u00a0&#8211; artiste international<\/li><li><b>Walter Nicolino<\/b>\u00a0&#8211; professeur au D\u00e9partement d\u2019architecture et design du Polytechnique de Turin et \u00e0 l\u2019Institut d\u2019art appliqu\u00e9 et de design (IAAD), fondateur de WNA | Walter Nicolino Architects<\/li><li><b>Mario Coppola<\/b>\u00a0&#8211; architecte et enseignant en conception architecturale et urbaine \u00e0 l\u2019Universit\u00e9 Fr\u00e9d\u00e9ric\u00a0II de Naples<\/li><li><b>Valerio Barberis<\/b>\u00a0&#8211; architecte et adjoint \u00e0 l\u2019urbanisme de la mairie de Prato<\/li><li><b>Giulia De Appolonia<\/b>\u00a0&#8211; architecte<\/li><\/ul><p>M\u00e9diateurs et coordinateurs de la journ\u00e9e\u00a0:<\/p><ul><li><b>Fabrizio Storchi<\/b>, directeur marketing de Marca Corona<\/li><li><b>Marco Filippucci<\/b>, pr\u00e9sident de l\u2019ordre des architectes de Bologne<\/li><\/ul><p>Puis, la visite collective \u00e0\u00a0<a href=\"https:\/\/www.artefiera.it\/en\/home\/776.html\" target=\"_blank\" rel=\"noopener\">Arte Fiera<\/a>, en attendant le\u00a0<b>finissage de l\u2019exposition \u00ab\u00a0Opera Aperta\u00a0\u00bb<\/b>\u00a0et la soir\u00e9e de remise des prix\u00a0<b>\u00ab\u00a0Prix Marca Corona 2024\u00a0\u00bb\u00a0<\/b>pour les artistes de moins de 35\u00a0ans.\u00a0<\/p>\t\t\t\t\t\t<\/div>\n\t\t\t\t<\/div>\n\t\t\t\t\t<\/div>\n\t\t<\/div>\n\t\t\t\t\t\t\t<\/div>\n\t\t<\/section>\n\t\t\t\t<section class=\"elementor-section elementor-top-section elementor-element elementor-element-66be3fe elementor-section-boxed elementor-section-height-default elementor-section-height-default\" data-id=\"66be3fe\" data-element_type=\"section\">\n\t\t\t\t\t\t<div class=\"elementor-container elementor-column-gap-default\">\n\t\t\t\t\t<div class=\"elementor-column elementor-col-100 elementor-top-column elementor-element elementor-element-740f01b\" data-id=\"740f01b\" data-element_type=\"column\">\n\t\t\t<div class=\"elementor-widget-wrap elementor-element-populated\">\n\t\t\t\t\t\t\t\t<div class=\"elementor-element elementor-element-adc2157 elementor-widget elementor-widget-image\" data-id=\"adc2157\" data-element_type=\"widget\" data-widget_type=\"image.default\">\n\t\t\t\t<div class=\"elementor-widget-container\">\n\t\t\t\t\t\t\t\t\t\t\t\t\t\t\t<img decoding=\"async\" width=\"1300\" height=\"800\" src=\"https:\/\/www.galleriamarcacorona.com\/wp-content\/uploads\/2024\/02\/2_CHc8Bgj.jpg\" class=\"attachment-full size-full wp-image-7278\" alt=\"\" loading=\"lazy\" srcset=\"https:\/\/www.galleriamarcacorona.com\/wp-content\/uploads\/2024\/02\/2_CHc8Bgj.jpg 1300w, https:\/\/www.galleriamarcacorona.com\/wp-content\/uploads\/2024\/02\/2_CHc8Bgj-300x185.jpg 300w, https:\/\/www.galleriamarcacorona.com\/wp-content\/uploads\/2024\/02\/2_CHc8Bgj-1024x630.jpg 1024w, https:\/\/www.galleriamarcacorona.com\/wp-content\/uploads\/2024\/02\/2_CHc8Bgj-768x473.jpg 768w\" sizes=\"(max-width: 1300px) 100vw, 1300px\" \/>\t\t\t\t\t\t\t\t\t\t\t\t\t\t\t<\/div>\n\t\t\t\t<\/div>\n\t\t\t\t\t<\/div>\n\t\t<\/div>\n\t\t\t\t\t\t\t<\/div>\n\t\t<\/section>\n\t\t\t\t<section class=\"elementor-section elementor-top-section elementor-element elementor-element-e16b27d elementor-section-boxed elementor-section-height-default elementor-section-height-default\" data-id=\"e16b27d\" data-element_type=\"section\">\n\t\t\t\t\t\t<div class=\"elementor-container elementor-column-gap-default\">\n\t\t\t\t\t<div class=\"elementor-column elementor-col-100 elementor-top-column elementor-element elementor-element-ed2e40f\" data-id=\"ed2e40f\" data-element_type=\"column\">\n\t\t\t<div class=\"elementor-widget-wrap elementor-element-populated\">\n\t\t\t\t\t\t\t\t<div class=\"elementor-element elementor-element-a061665 elementor-widget elementor-widget-heading\" data-id=\"a061665\" data-element_type=\"widget\" data-widget_type=\"heading.default\">\n\t\t\t\t<div class=\"elementor-widget-container\">\n\t\t\t<h2 class=\"elementor-heading-title elementor-size-default\">Art City Bologna 2024 : nouveaux langages et nouvelles influences artistiques avec le concours pour jeunes talents<\/h2>\t\t<\/div>\n\t\t\t\t<\/div>\n\t\t\t\t<div class=\"elementor-element elementor-element-ed19fbc elementor-widget elementor-widget-text-editor\" data-id=\"ed19fbc\" data-element_type=\"widget\" data-widget_type=\"text-editor.default\">\n\t\t\t\t<div class=\"elementor-widget-container\">\n\t\t\t\t\t\t\t<p>\u00c0 l\u2019ann\u00e9e o\u00f9\u00a0<b>Arte Fiera<\/b>\u00a0&#8211; la c\u00e9l\u00e8bre exposition qui met au centre tout le meilleur de l&#8217;<b>art moderne et contemporain mondial<\/b>\u00a0&#8211; f\u00eate ses\u00a0<b>50\u00a0ans<\/b>\u00a0d\u2019activit\u00e9, Art City Bologna 2024 confirme \u00e0 nouveau la renaissance de\u00a0<b>nouveaux langages et nouvelles influences artistiques\u00a0<\/b>gr\u00e2ce aux initiatives qui encouragent le\u00a0<b>talent des prochaines g\u00e9n\u00e9rations d\u2019artistes<\/b>, comme le\u00a0<a href=\"https:\/\/www.galleriamarcacorona.com\/fr\/prix-marca-corona-2024-opera-aperta-entre-contingence-et-emerveillement\/\" target=\"_blank\" rel=\"noopener\">Prix Marca Corona 2024<\/a>.<\/p><p>Le\u00a0<b>th\u00e8me du concours \u00ab\u00a0\u0152uvre ouverte\u00a0: entre contingence et \u00e9merveillement\u00a0\u00bb<\/b>\u00a0reprend le\u00a0<i>trait d\u2019union<\/i>\u00a0introduit par Stefano Arienti dans l\u2019exposition \u00ab\u00a0Opera Aperta\u00a0\u00bb, o\u00f9 l\u2019\u00e9lan de l\u2019art participatif fait na\u00eetre une\u00a0<b>cr\u00e9ation qui repr\u00e9sente un dialogue entre les mat\u00e9riaux les plus communs, au premier regard \u00e9loign\u00e9s du monde artistique comme on l\u2019entend souvent.<\/b><\/p><p>Dans la pens\u00e9e d\u2019Umberto Eco \u00e9galement,\u00a0<b><i>\u00ab\u00a0l\u2019art vit dans le souffle du public\u00a0\u00bb\u00a0<\/i><\/b>et c\u2019est ainsi que, se laissant guider par la contingence,\u00a0<b>des \u0153uvres apparemment \u00ab\u00a0simples\u00a0\u00bb se chargent d\u2019\u00e9merveillement<\/b>, dans une conversation constante avec le public. Le concept d\u2019\u00ab\u00a0\u0153uvre ouverte\u00a0\u00bb (Opera Aperta) r\u00e9side justement dans cet \u00e9change.<\/p>\t\t\t\t\t\t<\/div>\n\t\t\t\t<\/div>\n\t\t\t\t\t<\/div>\n\t\t<\/div>\n\t\t\t\t\t\t\t<\/div>\n\t\t<\/section>\n\t\t\t\t<section class=\"elementor-section elementor-top-section elementor-element elementor-element-7856774 elementor-section-boxed elementor-section-height-default elementor-section-height-default\" data-id=\"7856774\" data-element_type=\"section\">\n\t\t\t\t\t\t<div class=\"elementor-container elementor-column-gap-default\">\n\t\t\t\t\t<div class=\"elementor-column elementor-col-100 elementor-top-column elementor-element elementor-element-d883997\" data-id=\"d883997\" data-element_type=\"column\">\n\t\t\t<div class=\"elementor-widget-wrap elementor-element-populated\">\n\t\t\t\t\t\t\t\t<div class=\"elementor-element elementor-element-9e662a7 elementor-widget elementor-widget-image\" data-id=\"9e662a7\" data-element_type=\"widget\" data-widget_type=\"image.default\">\n\t\t\t\t<div class=\"elementor-widget-container\">\n\t\t\t\t\t\t\t\t\t\t\t\t\t\t\t<img decoding=\"async\" width=\"1300\" height=\"800\" src=\"https:\/\/www.galleriamarcacorona.com\/wp-content\/uploads\/2024\/02\/2_dnTlHwp.jpg\" class=\"attachment-full size-full wp-image-7284\" alt=\"\" loading=\"lazy\" srcset=\"https:\/\/www.galleriamarcacorona.com\/wp-content\/uploads\/2024\/02\/2_dnTlHwp.jpg 1300w, https:\/\/www.galleriamarcacorona.com\/wp-content\/uploads\/2024\/02\/2_dnTlHwp-300x185.jpg 300w, https:\/\/www.galleriamarcacorona.com\/wp-content\/uploads\/2024\/02\/2_dnTlHwp-1024x630.jpg 1024w, https:\/\/www.galleriamarcacorona.com\/wp-content\/uploads\/2024\/02\/2_dnTlHwp-768x473.jpg 768w\" sizes=\"(max-width: 1300px) 100vw, 1300px\" \/>\t\t\t\t\t\t\t\t\t\t\t\t\t\t\t<\/div>\n\t\t\t\t<\/div>\n\t\t\t\t\t<\/div>\n\t\t<\/div>\n\t\t\t\t\t\t\t<\/div>\n\t\t<\/section>\n\t\t\t\t<section class=\"elementor-section elementor-top-section elementor-element elementor-element-1ddaf40 elementor-section-boxed elementor-section-height-default elementor-section-height-default\" data-id=\"1ddaf40\" data-element_type=\"section\">\n\t\t\t\t\t\t<div class=\"elementor-container elementor-column-gap-default\">\n\t\t\t\t\t<div class=\"elementor-column elementor-col-100 elementor-top-column elementor-element elementor-element-d5b3a03\" data-id=\"d5b3a03\" data-element_type=\"column\">\n\t\t\t<div class=\"elementor-widget-wrap elementor-element-populated\">\n\t\t\t\t\t\t\t\t<div class=\"elementor-element elementor-element-51ef0f3 elementor-widget elementor-widget-text-editor\" data-id=\"51ef0f3\" data-element_type=\"widget\" data-widget_type=\"text-editor.default\">\n\t\t\t\t<div class=\"elementor-widget-container\">\n\t\t\t\t\t\t\t<p>Lors de la soir\u00e9e du 2\u00a0f\u00e9vrier, Art City Bologna 2024 a donc vu \u00e9merger les\u00a0<b>nouveaux acteurs du monde de l\u2019art,\u00a0<\/b>avec des performances de danse en direct et la remise du prix \u00e0 la\u00a0<b>gagnante<\/b>\u00a0du concours jeunes artistes,\u00a0<b>Camilla Alberti,\u00a0<\/b>qui a racont\u00e9 ainsi son \u0153uvre\u00a0<b>\u00ab\u00a0L\u2019alliance entre habitants et constructeurs\u00a0\u00bb<\/b><\/p><p><i>\u00ab Je r\u00e9dige cette proposition alors que je suis \u00e0 Graz, en Autriche, o\u00f9 je fais mes \u00e9tudes\u2026 Deux organismes distincts s\u2019allient pour cr\u00e9er une entit\u00e9 plus complexe fond\u00e9e sur l\u2019\u00e9quilibre et l\u2019\u00e9change.<\/i><\/p><p><i>\u2026 J\u2019ai alors d\u00e9cid\u00e9 de construire une image qui suivait cette logique du corps multiple\u2026<\/i><\/p><p><i>Pour construire l\u2019image, j\u2019ai suivi la m\u00e9thode de conception des d\u00e9corations de carreaux, c\u2019est-\u00e0-dire en rendant l\u2019image modulaire et joignable avec des artefacts de la m\u00eame d\u00e9coration.<\/i><\/p><p><i>\u2026 J\u2019ai pens\u00e9 \u00e0 utiliser la couleur bleue du logo de Marca Corona pour le design interne dans lequel est trac\u00e9, dans un sch\u00e9ma de lignes, le syst\u00e8me complexe organique\/machines qui, ann\u00e9e apr\u00e8s ann\u00e9e, a permis et continue de permettre \u00e0 l\u2019usine de grandir.<\/i><\/p><p>Mention sp\u00e9ciale pour les autres finalistes du concours\u00a0:<\/p><ul><li><b>Alessandro D\u2019aquila<\/b>\u00a0avec l\u2019\u0153uvre \u00ab\u00a0Tavole ottometriche poetiche &#8211; Tableaux optom\u00e9triques po\u00e9tiques\u00a0\u00bb<\/li><li><b>Lorenza Iacobini<\/b>\u00a0avec le projet \u00ab\u00a0Grotesque Wireframe\u00a0\u00bb<\/li><\/ul><p>Le jury du concours \u00e9tait compos\u00e9 de professionnels et de personnalit\u00e9s d\u2019excellence appartenant au monde des arts visuels, tels que\u00a0:<\/p><ul><li><b>Stefano Arienti<\/b>\u00a0&#8211; artiste, pr\u00e9sident du jury<\/li><li><b>Maria Vittoria Baravelli<\/b>\u00a0&#8211; conservatrice<\/li><li><b>Stefania Spaggiari<\/b>\u00a0&#8211; directrice du mus\u00e9e de la c\u00e9ramique de Fiorano<\/li><li><b>Luca Molinari<\/b>\u00a0&#8211; architecte<\/li><li><b>Federico Palumbo<\/b>\u00a0&#8211; Osservatorio Futura<\/li><li><b>Giovanni Scarzella<\/b>\u00a0&#8211; collectionneur<\/li><li><b>Sara Zambon<\/b>\u00a0&#8211; PDG\u00a0<a href=\"https:\/\/rp4art.com\/en\/\" target=\"_blank\" rel=\"noopener\">R&amp;P Contemporary Art<\/a><\/li><li><b>Luca Fiandri<\/b>\u00a0&#8211; responsable R&amp;D Marca Corona<\/li><li><b>Mariachiara Russo<\/b>\u00a0&#8211; product manager Marca Corona<\/li><\/ul>\t\t\t\t\t\t<\/div>\n\t\t\t\t<\/div>\n\t\t\t\t\t<\/div>\n\t\t<\/div>\n\t\t\t\t\t\t\t<\/div>\n\t\t<\/section>\n\t\t\t\t<section class=\"elementor-section elementor-top-section elementor-element elementor-element-e14449f elementor-section-boxed elementor-section-height-default elementor-section-height-default\" data-id=\"e14449f\" data-element_type=\"section\">\n\t\t\t\t\t\t<div class=\"elementor-container elementor-column-gap-default\">\n\t\t\t\t\t<div class=\"elementor-column elementor-col-100 elementor-top-column elementor-element elementor-element-2cf5e3c\" data-id=\"2cf5e3c\" data-element_type=\"column\">\n\t\t\t<div class=\"elementor-widget-wrap elementor-element-populated\">\n\t\t\t\t\t\t\t\t<div class=\"elementor-element elementor-element-120fb9b elementor-widget elementor-widget-image\" data-id=\"120fb9b\" data-element_type=\"widget\" data-widget_type=\"image.default\">\n\t\t\t\t<div class=\"elementor-widget-container\">\n\t\t\t\t\t\t\t\t\t\t\t\t\t\t\t<img decoding=\"async\" width=\"1300\" height=\"800\" src=\"https:\/\/www.galleriamarcacorona.com\/wp-content\/uploads\/2024\/02\/9_a7WugDv.jpg\" class=\"attachment-full size-full wp-image-7290\" alt=\"\" loading=\"lazy\" srcset=\"https:\/\/www.galleriamarcacorona.com\/wp-content\/uploads\/2024\/02\/9_a7WugDv.jpg 1300w, https:\/\/www.galleriamarcacorona.com\/wp-content\/uploads\/2024\/02\/9_a7WugDv-300x185.jpg 300w, https:\/\/www.galleriamarcacorona.com\/wp-content\/uploads\/2024\/02\/9_a7WugDv-1024x630.jpg 1024w, https:\/\/www.galleriamarcacorona.com\/wp-content\/uploads\/2024\/02\/9_a7WugDv-768x473.jpg 768w\" sizes=\"(max-width: 1300px) 100vw, 1300px\" \/>\t\t\t\t\t\t\t\t\t\t\t\t\t\t\t<\/div>\n\t\t\t\t<\/div>\n\t\t\t\t\t<\/div>\n\t\t<\/div>\n\t\t\t\t\t\t\t<\/div>\n\t\t<\/section>\n\t\t\t\t<section class=\"elementor-section elementor-top-section elementor-element elementor-element-77976eb elementor-section-boxed elementor-section-height-default elementor-section-height-default\" data-id=\"77976eb\" data-element_type=\"section\">\n\t\t\t\t\t\t<div class=\"elementor-container elementor-column-gap-default\">\n\t\t\t\t\t<div class=\"elementor-column elementor-col-100 elementor-top-column elementor-element elementor-element-c51cccb\" data-id=\"c51cccb\" data-element_type=\"column\">\n\t\t\t<div class=\"elementor-widget-wrap elementor-element-populated\">\n\t\t\t\t\t\t\t\t<div class=\"elementor-element elementor-element-f225748 elementor-widget elementor-widget-text-editor\" data-id=\"f225748\" data-element_type=\"widget\" data-widget_type=\"text-editor.default\">\n\t\t\t\t<div class=\"elementor-widget-container\">\n\t\t\t\t\t\t\t<p>Le Prix Marca Corona a depuis toujours pour but de\u00a0<b>promouvoir l\u2019art \u00e9mergent et l\u2019affirmation de jeunes talents<\/b>, \u00e0 travers la valorisation de\u00a0<b>projets originaux en mesure de raconter des histoires et de susciter des \u00e9motions<\/b>.<\/p><p>Dans cette deuxi\u00e8me \u00e9dition de l\u2019initiative, le<b>\u00a0lien \u00e9troit avec le monde de l\u2019art<\/b>\u00a0a \u00e9t\u00e9 affirm\u00e9, ainsi que la volont\u00e9 concr\u00e8te d\u2019une collaboration bidirectionnelle qui s\u2019inscrit dans le but de d\u00e9velopper de nouvelles alliances r\u00e9ciproques entre art et monde de l\u2019entreprise.<\/p><p>La gagnante\u00a0<b>Camilla Alberti\u00a0<\/b>re\u00e7oit la r\u00e9compense en esp\u00e8ces, la\u00a0<b>r\u00e9sidence d\u2019artiste<\/b>\u00a0chez\u00a0<a href=\"https:\/\/www.marcacorona.it\/fr\/entreprise\/qui-sommes-nous\/\" target=\"_blank\" rel=\"noopener\">Ceramiche Marca Corona<\/a>\u00a0avec la\u00a0<b>r\u00e9alisation de l\u2019\u0153uvre propos\u00e9e<\/b>\u00a0sur support c\u00e9ramique et l\u2019entr\u00e9e de droit dans le\u00a0<b>collectif d\u2019artistes qui collaborent activement avec l\u2019entreprise<\/b>, inaugurant de nouvelles p\u00e9riodes stylistiques et d\u00e9veloppant une cr\u00e9ativit\u00e9 in\u00e9dite \u00e0 travers la mati\u00e8re et les couleurs.<\/p>\t\t\t\t\t\t<\/div>\n\t\t\t\t<\/div>\n\t\t\t\t<div class=\"elementor-element elementor-element-97bbc1a elementor-widget elementor-widget-heading\" data-id=\"97bbc1a\" data-element_type=\"widget\" data-widget_type=\"heading.default\">\n\t\t\t\t<div class=\"elementor-widget-container\">\n\t\t\t<h2 class=\"elementor-heading-title elementor-size-default\">La soir\u00e9e de Art City White Night 2024 devient \u00ab Opera Aperta \u00bb avec l\u2019exposition de Stefano Arienti pour Marca Corona per l\u2019Arte<\/h2>\t\t<\/div>\n\t\t\t\t<\/div>\n\t\t\t\t<div class=\"elementor-element elementor-element-cf456af elementor-widget elementor-widget-text-editor\" data-id=\"cf456af\" data-element_type=\"widget\" data-widget_type=\"text-editor.default\">\n\t\t\t\t<div class=\"elementor-widget-container\">\n\t\t\t\t\t\t\t<p>Au\u00a0<b>Th\u00e9\u00e2tre San Leonardo<\/b>, l\u2019exposition \u00ab\u00a0Opera Aperta\u00a0\u00bb de\u00a0<a href=\"https:\/\/www.galleriamarcacorona.com\/fr\/stefano-arienti-arte-povera-et-culture-entreprise\/\" rel=\"noopener\">Stefano Arienti<\/a>\u00a0a trouv\u00e9 un\u00a0<b>lieu exclusif<\/b>\u00a0pour rencontrer le nombreux public de la\u00a0<b>Art City White Night 2024<\/b>\u00a0et le dimanche suivant de<b>\u00a0Art City Bologna 2024<\/b>.<\/p><p>Ainsi, les journ\u00e9es des<b>\u00a03 et 4\u00a0f\u00e9vrier<\/b>\u00a0ont \u00e9t\u00e9 anim\u00e9es par la stupeur suscit\u00e9e par les toiles de cet artiste international, connu pour sa technique unique qui sait donner vie \u00e0 un\u00a0<b>parcours narratif d\u2019exp\u00e9rimentations sur des mat\u00e9riaux<\/b>\u00a0<b>et ambiances apparemment \u00e9loign\u00e9s.\u00a0<\/b><\/p>\t\t\t\t\t\t<\/div>\n\t\t\t\t<\/div>\n\t\t\t\t\t<\/div>\n\t\t<\/div>\n\t\t\t\t\t\t\t<\/div>\n\t\t<\/section>\n\t\t<div class=\"elementor-element elementor-element-1df684f e-flex e-con-boxed e-con\" data-id=\"1df684f\" data-element_type=\"container\" data-settings=\"{&quot;background_background&quot;:&quot;classic&quot;,&quot;content_width&quot;:&quot;boxed&quot;}\">\n\t\t\t\t\t<div class=\"e-con-inner\">\n\t\t<div class=\"elementor-element elementor-element-c2230fd e-flex e-con-boxed e-con\" data-id=\"c2230fd\" data-element_type=\"container\" data-settings=\"{&quot;content_width&quot;:&quot;boxed&quot;}\">\n\t\t\t\t\t<div class=\"e-con-inner\">\n\t\t<div class=\"elementor-element elementor-element-01236fb e-flex e-con-boxed e-con\" data-id=\"01236fb\" data-element_type=\"container\" data-settings=\"{&quot;content_width&quot;:&quot;boxed&quot;}\">\n\t\t\t\t\t<div class=\"e-con-inner\">\n\t\t\t\t<div class=\"elementor-element elementor-element-bdd574f elementor-widget elementor-widget-text-editor\" data-id=\"bdd574f\" data-element_type=\"widget\" data-widget_type=\"text-editor.default\">\n\t\t\t\t<div class=\"elementor-widget-container\">\n\t\t\t\t\t\t\t<p>Stefano Arienti est en effet un des principaux repr\u00e9sentants de l\u2019<b>Arte Povera<\/b>\u00a0et de la\u00a0<b>trans-avant-garde<\/b>, avec des travaux expos\u00e9s dans les principaux mus\u00e9es et institutions d\u2019art italiens et \u00e9trangers, comme le Museo MAXXI de Rome, le Palazzo Ducale de Mantoue et l\u2019Isabella Stewart Gardner Museum \u00e0 Boston.<br \/><br \/>Avec cette\u00a0<b>exposition &#8211; organis\u00e9e par Maria Vittoria Baravelli\u00a0<\/b>&#8211; l\u2019artiste a partag\u00e9 le\u00a0<b>parcours in\u00e9dit de cette derni\u00e8re ann\u00e9e de production artistique<\/b>, caract\u00e9ris\u00e9e par l\u2019importance encore plus capitale de la\u00a0<b>collectivit\u00e9<\/b>\u00a0et du rapport entre\u00a0<b>culture<\/b>\u00a0et\u00a0<b>syst\u00e8me d\u2019entreprise<\/b>.<br \/><br \/>En ce sens<b>, \u00ab\u00a0Opera Aperta\u00a0\u00bb<\/b>\u00a0repr\u00e9sente un\u00a0<b>dialogue choral\u00a0<\/b>qui raconte la longue<b>\u00a0<\/b><a href=\"https:\/\/www.marcacorona.it\/fr\/entreprise\/histoire\/\" target=\"_blank\" rel=\"noopener\">histoire<\/a><b>\u00a0<\/b>d\u2019<b>excellence, tradition et valeurs\u00a0<\/b>qui entoure la communaut\u00e9 de Marca Corona.<\/p><p>En effet, les travaux sont le fruit des\u00a0<b>conversations, anecdotes et rencontres<\/b>\u00a0avec les salari\u00e9s de l\u2019entreprise, dont l\u2019artiste s\u2019est inspir\u00e9 pour unir et transmettre \u00e0 l\u2019ext\u00e9rieur les diff\u00e9rentes<b>\u00a0dimensions \u00ab\u00a0lointaines mais proches\u00a0\u00bb\u00a0<\/b>de la perception humaine.\u00a0<\/p>\t\t\t\t\t\t<\/div>\n\t\t\t\t<\/div>\n\t\t\t\t\t<\/div>\n\t\t\t\t<\/div>\n\t\t\t\t\t<\/div>\n\t\t\t\t<\/div>\n\t\t<div class=\"elementor-element elementor-element-d50bd0d elementor-hidden-mobile e-flex e-con-boxed e-con\" data-id=\"d50bd0d\" data-element_type=\"container\" data-settings=\"{&quot;content_width&quot;:&quot;boxed&quot;}\">\n\t\t\t\t\t<div class=\"e-con-inner\">\n\t\t\t\t<div class=\"elementor-element elementor-element-bcbfd7a elementor-hidden-mobile elementor-widget elementor-widget-image\" data-id=\"bcbfd7a\" data-element_type=\"widget\" data-widget_type=\"image.default\">\n\t\t\t\t<div class=\"elementor-widget-container\">\n\t\t\t\t\t\t\t\t\t\t\t\t\t\t\t<img decoding=\"async\" width=\"1300\" height=\"800\" src=\"https:\/\/www.galleriamarcacorona.com\/wp-content\/uploads\/2024\/02\/4_1oYKMF3.jpg\" class=\"attachment-full size-full wp-image-7296\" alt=\"\" loading=\"lazy\" srcset=\"https:\/\/www.galleriamarcacorona.com\/wp-content\/uploads\/2024\/02\/4_1oYKMF3.jpg 1300w, https:\/\/www.galleriamarcacorona.com\/wp-content\/uploads\/2024\/02\/4_1oYKMF3-300x185.jpg 300w, https:\/\/www.galleriamarcacorona.com\/wp-content\/uploads\/2024\/02\/4_1oYKMF3-1024x630.jpg 1024w, https:\/\/www.galleriamarcacorona.com\/wp-content\/uploads\/2024\/02\/4_1oYKMF3-768x473.jpg 768w\" sizes=\"(max-width: 1300px) 100vw, 1300px\" \/>\t\t\t\t\t\t\t\t\t\t\t\t\t\t\t<\/div>\n\t\t\t\t<\/div>\n\t\t\t\t\t<\/div>\n\t\t\t\t<\/div>\n\t\t\t\t\t<\/div>\n\t\t\t\t<\/div>\n\t\t\t\t<section class=\"elementor-section elementor-top-section elementor-element elementor-element-4fd6f0c elementor-section-boxed elementor-section-height-default elementor-section-height-default\" data-id=\"4fd6f0c\" data-element_type=\"section\">\n\t\t\t\t\t\t<div class=\"elementor-container elementor-column-gap-default\">\n\t\t\t\t\t<div class=\"elementor-column elementor-col-100 elementor-top-column elementor-element elementor-element-3511752\" data-id=\"3511752\" data-element_type=\"column\">\n\t\t\t<div class=\"elementor-widget-wrap elementor-element-populated\">\n\t\t\t\t\t\t\t\t<div class=\"elementor-element elementor-element-222852b elementor-widget elementor-widget-text-editor\" data-id=\"222852b\" data-element_type=\"widget\" data-widget_type=\"text-editor.default\">\n\t\t\t\t<div class=\"elementor-widget-container\">\n\t\t\t\t\t\t\t<p>C\u2019est ainsi que naissent sur de grandes b\u00e2ches antipoussi\u00e8re des \u0153uvres comme\u00a0<b><i>Ceramiche in Giardino (C\u00e9ramique au jardin), Carrello elevatore (Chariot \u00e9l\u00e9vateur), Ruspa (Pelleteuse)<\/i><\/b><i>\u00a0<\/i>unies dans l\u2019exposition au Th\u00e9\u00e2tre San Leonardo \u00e0 une s\u00e9lection d\u2019objets historiques racontant l\u2019\u00e9volution de la r\u00e9gion de la c\u00e9ramique de Sassuolo, partie int\u00e9grante du patrimoine culturel abrit\u00e9 par la\u00a0<a href=\"https:\/\/www.galleriamarcacorona.com\/fr\/galerie\/\" rel=\"noopener\">Galerie Marca Corona<\/a>.<\/p>\t\t\t\t\t\t<\/div>\n\t\t\t\t<\/div>\n\t\t\t\t\t<\/div>\n\t\t<\/div>\n\t\t\t\t\t\t\t<\/div>\n\t\t<\/section>\n\t\t\t\t<section class=\"elementor-section elementor-top-section elementor-element elementor-element-dd40d00 elementor-section-boxed elementor-section-height-default elementor-section-height-default\" data-id=\"dd40d00\" data-element_type=\"section\">\n\t\t\t\t\t\t<div class=\"elementor-container elementor-column-gap-default\">\n\t\t\t\t\t<div class=\"elementor-column elementor-col-100 elementor-top-column elementor-element elementor-element-188acaf\" data-id=\"188acaf\" data-element_type=\"column\">\n\t\t\t<div class=\"elementor-widget-wrap elementor-element-populated\">\n\t\t\t\t\t\t\t\t<div class=\"elementor-element elementor-element-4af7291 elementor-widget elementor-widget-image\" data-id=\"4af7291\" data-element_type=\"widget\" data-widget_type=\"image.default\">\n\t\t\t\t<div class=\"elementor-widget-container\">\n\t\t\t\t\t\t\t\t\t\t\t\t\t\t\t<img decoding=\"async\" width=\"1300\" height=\"800\" src=\"https:\/\/www.galleriamarcacorona.com\/wp-content\/uploads\/2024\/02\/5_xMmrFCg.jpg\" class=\"attachment-full size-full wp-image-7302\" alt=\"\" loading=\"lazy\" srcset=\"https:\/\/www.galleriamarcacorona.com\/wp-content\/uploads\/2024\/02\/5_xMmrFCg.jpg 1300w, https:\/\/www.galleriamarcacorona.com\/wp-content\/uploads\/2024\/02\/5_xMmrFCg-300x185.jpg 300w, https:\/\/www.galleriamarcacorona.com\/wp-content\/uploads\/2024\/02\/5_xMmrFCg-1024x630.jpg 1024w, https:\/\/www.galleriamarcacorona.com\/wp-content\/uploads\/2024\/02\/5_xMmrFCg-768x473.jpg 768w\" sizes=\"(max-width: 1300px) 100vw, 1300px\" \/>\t\t\t\t\t\t\t\t\t\t\t\t\t\t\t<\/div>\n\t\t\t\t<\/div>\n\t\t\t\t\t<\/div>\n\t\t<\/div>\n\t\t\t\t\t\t\t<\/div>\n\t\t<\/section>\n\t\t\t\t<section class=\"elementor-section elementor-top-section elementor-element elementor-element-149d1e6 elementor-section-boxed elementor-section-height-default elementor-section-height-default\" data-id=\"149d1e6\" data-element_type=\"section\">\n\t\t\t\t\t\t<div class=\"elementor-container elementor-column-gap-default\">\n\t\t\t\t\t<div class=\"elementor-column elementor-col-100 elementor-top-column elementor-element elementor-element-a5ba036\" data-id=\"a5ba036\" data-element_type=\"column\">\n\t\t\t<div class=\"elementor-widget-wrap elementor-element-populated\">\n\t\t\t\t\t\t\t\t<div class=\"elementor-element elementor-element-cbd49af elementor-widget elementor-widget-text-editor\" data-id=\"cbd49af\" data-element_type=\"widget\" data-widget_type=\"text-editor.default\">\n\t\t\t\t<div class=\"elementor-widget-container\">\n\t\t\t\t\t\t\t<p>Ce qui rappelle \u00e0 nouveau les mots d\u2019Umberto Eco &#8211; dont l\u2019exposition \u00ab\u00a0Opera Aperta\u00a0\u00bb est un hommage \u00e9vident\u00a0:<\/p><p><i>De m\u00eame qu\u2019un livre existe si quelqu\u2019un le lit, une \u0153uvre d\u2019art est telle, ou plut\u00f4t commence \u00e0 \u00eatre telle, lorsque quelqu\u2019un la regarde, la d\u00e9sire ou, comme un coquillage rare trouv\u00e9 sur la plage, la consid\u00e8re comme quelque chose de pr\u00e9cieux, de myst\u00e9rieux et de magique.<\/i><\/p><p>Gr\u00e2ce \u00e0 cette occasion de Art City White Night 2024 et Art City Bologna 2024,\u00a0<b>l\u2019\u0153uvre-culture prend forme \u00e0 travers les \u00e9motions de celui qui la vit et l\u2019interpr\u00e8te<\/b>, avec un \u00e9change direct entre sujet, narration d\u2019exposition et exp\u00e9rimentation artistique.<\/p><p><b>Dans une \u00e9poque o\u00f9 l\u2019art est en tension constante vers le futur<\/b>, Stefano Arienti<br \/>a \u00e9tonn\u00e9 les visiteurs du week-end de Art City Bologna 2024 avec sa magistrale capacit\u00e9 \u00e0\u00a0<b>\u00e9lever les fragments du pass\u00e9 et du pr\u00e9sent qui m\u00e8nent \u00e0 la complexit\u00e9 de la m\u00e9moire et de l\u2019identit\u00e9<\/b>.<\/p><p>En effet, son travail invite toujours l\u2019observateur \u00e0 trouver l\u2019extraordinaire dans l\u2019ordinaire et \u00e0 explorer des mondes apparemment \u00e9loign\u00e9s mais reli\u00e9s entre eux.<\/p>\t\t\t\t\t\t<\/div>\n\t\t\t\t<\/div>\n\t\t\t\t\t<\/div>\n\t\t<\/div>\n\t\t\t\t\t\t\t<\/div>\n\t\t<\/section>\n\t\t\t\t<section class=\"elementor-section elementor-top-section elementor-element elementor-element-53e1d24 elementor-section-boxed elementor-section-height-default elementor-section-height-default\" data-id=\"53e1d24\" data-element_type=\"section\">\n\t\t\t\t\t\t<div class=\"elementor-container elementor-column-gap-default\">\n\t\t\t\t\t<div class=\"elementor-column elementor-col-100 elementor-top-column elementor-element elementor-element-f072aa9\" data-id=\"f072aa9\" data-element_type=\"column\">\n\t\t\t<div class=\"elementor-widget-wrap elementor-element-populated\">\n\t\t\t\t\t\t\t\t<div class=\"elementor-element elementor-element-2d95111 elementor-widget elementor-widget-text-editor\" data-id=\"2d95111\" data-element_type=\"widget\" data-widget_type=\"text-editor.default\">\n\t\t\t\t<div class=\"elementor-widget-container\">\n\t\t\t\t\t\t\t<h4>D\u00e9couvrez l&#8217;histoire de la c\u00e9ramique dans toutes ses \u00e9tapes<\/h4>\t\t\t\t\t\t<\/div>\n\t\t\t\t<\/div>\n\t\t\t\t<div class=\"elementor-element elementor-element-4d6fbb2 elementor-align-center elementor-widget elementor-widget-button\" data-id=\"4d6fbb2\" data-element_type=\"widget\" data-widget_type=\"button.default\">\n\t\t\t\t<div class=\"elementor-widget-container\">\n\t\t\t\t\t<div class=\"elementor-button-wrapper\">\n\t\t\t<a class=\"elementor-button elementor-button-link elementor-size-sm\" href=\"https:\/\/www.galleriamarcacorona.com\/fr\/reserver-une-visite\/\">\n\t\t\t\t\t\t<span class=\"elementor-button-content-wrapper\">\n\t\t\t\t\t\t<span class=\"elementor-button-text\">VISITEZ LA GALERIE MARCA CORONA<\/span>\n\t\t<\/span>\n\t\t\t\t\t<\/a>\n\t\t<\/div>\n\t\t\t\t<\/div>\n\t\t\t\t<\/div>\n\t\t\t\t\t<\/div>\n\t\t<\/div>\n\t\t\t\t\t\t\t<\/div>\n\t\t<\/section>\n\t\t<div class=\"elementor-element elementor-element-3470803 e-flex e-con-boxed e-con\" data-id=\"3470803\" data-element_type=\"container\" data-settings=\"{&quot;content_width&quot;:&quot;boxed&quot;}\">\n\t\t\t\t\t<div class=\"e-con-inner\">\n\t\t<div class=\"elementor-element elementor-element-41b97fd e-flex e-con-boxed e-con\" data-id=\"41b97fd\" data-element_type=\"container\" data-settings=\"{&quot;background_background&quot;:&quot;classic&quot;,&quot;content_width&quot;:&quot;boxed&quot;}\">\n\t\t\t\t\t<div class=\"e-con-inner\">\n\t\t<div class=\"elementor-element elementor-element-954035c e-flex e-con-boxed e-con\" data-id=\"954035c\" data-element_type=\"container\" data-settings=\"{&quot;content_width&quot;:&quot;boxed&quot;}\">\n\t\t\t\t\t<div class=\"e-con-inner\">\n\t\t<div class=\"elementor-element elementor-element-84806ca e-flex e-con-boxed e-con\" data-id=\"84806ca\" data-element_type=\"container\" data-settings=\"{&quot;content_width&quot;:&quot;boxed&quot;}\">\n\t\t\t\t\t<div class=\"e-con-inner\">\n\t\t\t\t<div class=\"elementor-element elementor-element-0db8483 elementor-widget elementor-widget-gallery\" data-id=\"0db8483\" data-element_type=\"widget\" data-settings=\"{&quot;columns&quot;:9,&quot;lazyload&quot;:&quot;yes&quot;,&quot;gallery_layout&quot;:&quot;grid&quot;,&quot;columns_tablet&quot;:2,&quot;columns_mobile&quot;:1,&quot;gap&quot;:{&quot;unit&quot;:&quot;px&quot;,&quot;size&quot;:10,&quot;sizes&quot;:[]},&quot;gap_tablet&quot;:{&quot;unit&quot;:&quot;px&quot;,&quot;size&quot;:10,&quot;sizes&quot;:[]},&quot;gap_mobile&quot;:{&quot;unit&quot;:&quot;px&quot;,&quot;size&quot;:10,&quot;sizes&quot;:[]},&quot;link_to&quot;:&quot;file&quot;,&quot;aspect_ratio&quot;:&quot;3:2&quot;,&quot;overlay_background&quot;:&quot;yes&quot;,&quot;content_hover_animation&quot;:&quot;fade-in&quot;}\" data-widget_type=\"gallery.default\">\n\t\t\t\t<div class=\"elementor-widget-container\">\n\t\t\t<style>\/*! elementor-pro - v3.14.0 - 26-06-2023 *\/\n.elementor-gallery__container{min-height:1px}.elementor-gallery-item{position:relative;overflow:hidden;display:block;text-decoration:none;border:solid var(--image-border-width) var(--image-border-color);border-radius:var(--image-border-radius)}.elementor-gallery-item__content,.elementor-gallery-item__overlay{height:100%;width:100%;position:absolute;top:0;left:0}.elementor-gallery-item__overlay{mix-blend-mode:var(--overlay-mix-blend-mode);transition-duration:var(--overlay-transition-duration);transition-property:mix-blend-mode,transform,opacity,background-color}.elementor-gallery-item__image.e-gallery-image{transition-duration:var(--image-transition-duration);transition-property:filter,transform}.elementor-gallery-item__content{display:flex;flex-direction:column;justify-content:var(--content-justify-content,center);align-items:center;text-align:var(--content-text-align);padding:var(--content-padding)}.elementor-gallery-item__content>div{transition-duration:var(--content-transition-duration)}.elementor-gallery-item__content.elementor-gallery--sequenced-animation>div:nth-child(2){transition-delay:calc(var(--content-transition-delay) \/ 3)}.elementor-gallery-item__content.elementor-gallery--sequenced-animation>div:nth-child(3){transition-delay:calc(var(--content-transition-delay) \/ 3 * 2)}.elementor-gallery-item__content.elementor-gallery--sequenced-animation>div:nth-child(4){transition-delay:calc(var(--content-transition-delay) \/ 3 * 3)}.elementor-gallery-item__description{color:var(--description-text-color,#fff);width:100%}.elementor-gallery-item__title{color:var(--title-text-color,#fff);font-weight:700;width:100%}.elementor-gallery__titles-container{display:flex;flex-wrap:wrap;justify-content:var(--titles-container-justify-content,center);margin-bottom:20px}.elementor-gallery__titles-container:not(.e--pointer-framed) .elementor-item:after,.elementor-gallery__titles-container:not(.e--pointer-framed) .elementor-item:before{background-color:var(--galleries-pointer-bg-color-hover)}.elementor-gallery__titles-container:not(.e--pointer-framed) .elementor-item.elementor-item-active:after,.elementor-gallery__titles-container:not(.e--pointer-framed) .elementor-item.elementor-item-active:before{background-color:var(--galleries-pointer-bg-color-active)}.elementor-gallery__titles-container.e--pointer-framed .elementor-item:before{border-color:var(--galleries-pointer-bg-color-hover);border-width:var(--galleries-pointer-border-width)}.elementor-gallery__titles-container.e--pointer-framed .elementor-item:after{border-color:var(--galleries-pointer-bg-color-hover)}.elementor-gallery__titles-container.e--pointer-framed .elementor-item.elementor-item-active:after,.elementor-gallery__titles-container.e--pointer-framed .elementor-item.elementor-item-active:before{border-color:var(--galleries-pointer-bg-color-active)}.elementor-gallery__titles-container.e--pointer-framed.e--animation-draw .elementor-item:before{border-left-width:var(--galleries-pointer-border-width);border-bottom-width:var(--galleries-pointer-border-width);border-right-width:0;border-top-width:0}.elementor-gallery__titles-container.e--pointer-framed.e--animation-draw .elementor-item:after{border-left-width:0;border-bottom-width:0;border-right-width:var(--galleries-pointer-border-width);border-top-width:var(--galleries-pointer-border-width)}.elementor-gallery__titles-container.e--pointer-framed.e--animation-corners .elementor-item:before{border-left-width:var(--galleries-pointer-border-width);border-bottom-width:0;border-right-width:0;border-top-width:var(--galleries-pointer-border-width)}.elementor-gallery__titles-container.e--pointer-framed.e--animation-corners .elementor-item:after{border-left-width:0;border-bottom-width:var(--galleries-pointer-border-width);border-right-width:var(--galleries-pointer-border-width);border-top-width:0}.elementor-gallery__titles-container .e--pointer-double-line .elementor-item:after,.elementor-gallery__titles-container .e--pointer-double-line .elementor-item:before,.elementor-gallery__titles-container .e--pointer-overline .elementor-item:before,.elementor-gallery__titles-container .e--pointer-underline .elementor-item:after{height:var(--galleries-pointer-border-width)}.elementor-gallery-title{--space-between:10px;cursor:pointer;color:#6d7882;font-weight:500;position:relative;padding:7px 14px;transition:all .3s}.elementor-gallery-title--active{color:#495157}.elementor-gallery-title:not(:last-child){margin-right:var(--space-between)}.elementor-gallery-item__title+.elementor-gallery-item__description{margin-top:var(--description-margin-top)}.e-gallery-item.elementor-gallery-item{transition-property:all}.e-gallery-item.elementor-animated-content .elementor-animated-item--enter-from-bottom,.e-gallery-item.elementor-animated-content .elementor-animated-item--enter-from-left,.e-gallery-item.elementor-animated-content .elementor-animated-item--enter-from-right,.e-gallery-item.elementor-animated-content .elementor-animated-item--enter-from-top,.e-gallery-item:focus .elementor-gallery__item-overlay-bg,.e-gallery-item:focus .elementor-gallery__item-overlay-content,.e-gallery-item:focus .elementor-gallery__item-overlay-content__description,.e-gallery-item:focus .elementor-gallery__item-overlay-content__title,.e-gallery-item:hover .elementor-gallery__item-overlay-bg,.e-gallery-item:hover .elementor-gallery__item-overlay-content,.e-gallery-item:hover .elementor-gallery__item-overlay-content__description,.e-gallery-item:hover .elementor-gallery__item-overlay-content__title{opacity:1}a.elementor-item.elementor-gallery-title{color:var(--galleries-title-color-normal)}a.elementor-item.elementor-gallery-title.elementor-item-active,a.elementor-item.elementor-gallery-title.highlighted,a.elementor-item.elementor-gallery-title:focus,a.elementor-item.elementor-gallery-title:hover{color:var(--galleries-title-color-hover)}a.elementor-item.elementor-gallery-title.elementor-item-active{color:var(--gallery-title-color-active)}.e-con-inner>.elementor-widget-gallery,.e-con>.elementor-widget-gallery{width:var(--container-widget-width);--flex-grow:var(--container-widget-flex-grow)}<\/style>\t\t<div class=\"elementor-gallery__container\">\n\t\t\t\t\t\t\t<a class=\"e-gallery-item elementor-gallery-item elementor-animated-content\" href=\"https:\/\/www.galleriamarcacorona.com\/wp-content\/uploads\/2024\/02\/MCArte_Convegno-Finissage_2024_003.jpg\" data-elementor-open-lightbox=\"yes\" data-elementor-lightbox-slideshow=\"0db8483\" data-elementor-lightbox-title=\"MCArte_Convegno-Finissage_2024_003\" data-e-action-hash=\"#elementor-action%3Aaction%3Dlightbox%26settings%3DeyJpZCI6NzMwOCwidXJsIjoiaHR0cHM6XC9cL3d3dy5nYWxsZXJpYW1hcmNhY29yb25hLmNvbVwvd3AtY29udGVudFwvdXBsb2Fkc1wvMjAyNFwvMDJcL01DQXJ0ZV9Db252ZWduby1GaW5pc3NhZ2VfMjAyNF8wMDMuanBnIiwic2xpZGVzaG93IjoiMGRiODQ4MyJ9\">\n\t\t\t\t\t<div class=\"e-gallery-image elementor-gallery-item__image\" data-thumbnail=\"https:\/\/www.galleriamarcacorona.com\/wp-content\/uploads\/2024\/02\/MCArte_Convegno-Finissage_2024_003-300x200.jpg\" data-width=\"300\" data-height=\"200\" aria-label=\"\" role=\"img\" ><\/div>\n\t\t\t\t\t\t\t\t\t\t\t<div class=\"elementor-gallery-item__overlay\"><\/div>\n\t\t\t\t\t\t\t\t\t\t\t\t\t\t<\/a>\n\t\t\t\t\t\t\t<a class=\"e-gallery-item elementor-gallery-item elementor-animated-content\" href=\"https:\/\/www.galleriamarcacorona.com\/wp-content\/uploads\/2024\/02\/MCArte_Convegno-Finissage_2024_042.jpg\" data-elementor-open-lightbox=\"yes\" data-elementor-lightbox-slideshow=\"0db8483\" data-elementor-lightbox-title=\"MCArte_Convegno-Finissage_2024_042\" data-e-action-hash=\"#elementor-action%3Aaction%3Dlightbox%26settings%3DeyJpZCI6NzMxNCwidXJsIjoiaHR0cHM6XC9cL3d3dy5nYWxsZXJpYW1hcmNhY29yb25hLmNvbVwvd3AtY29udGVudFwvdXBsb2Fkc1wvMjAyNFwvMDJcL01DQXJ0ZV9Db252ZWduby1GaW5pc3NhZ2VfMjAyNF8wNDIuanBnIiwic2xpZGVzaG93IjoiMGRiODQ4MyJ9\">\n\t\t\t\t\t<div class=\"e-gallery-image elementor-gallery-item__image\" data-thumbnail=\"https:\/\/www.galleriamarcacorona.com\/wp-content\/uploads\/2024\/02\/MCArte_Convegno-Finissage_2024_042-200x300.jpg\" data-width=\"200\" data-height=\"300\" aria-label=\"\" role=\"img\" ><\/div>\n\t\t\t\t\t\t\t\t\t\t\t<div class=\"elementor-gallery-item__overlay\"><\/div>\n\t\t\t\t\t\t\t\t\t\t\t\t\t\t<\/a>\n\t\t\t\t\t\t\t<a class=\"e-gallery-item elementor-gallery-item elementor-animated-content\" href=\"https:\/\/www.galleriamarcacorona.com\/wp-content\/uploads\/2024\/02\/MCArte_Convegno-Finissage_2024_049.jpg\" data-elementor-open-lightbox=\"yes\" data-elementor-lightbox-slideshow=\"0db8483\" data-elementor-lightbox-title=\"MCArte_Convegno-Finissage_2024_049\" data-e-action-hash=\"#elementor-action%3Aaction%3Dlightbox%26settings%3DeyJpZCI6NzMyMCwidXJsIjoiaHR0cHM6XC9cL3d3dy5nYWxsZXJpYW1hcmNhY29yb25hLmNvbVwvd3AtY29udGVudFwvdXBsb2Fkc1wvMjAyNFwvMDJcL01DQXJ0ZV9Db252ZWduby1GaW5pc3NhZ2VfMjAyNF8wNDkuanBnIiwic2xpZGVzaG93IjoiMGRiODQ4MyJ9\">\n\t\t\t\t\t<div class=\"e-gallery-image elementor-gallery-item__image\" data-thumbnail=\"https:\/\/www.galleriamarcacorona.com\/wp-content\/uploads\/2024\/02\/MCArte_Convegno-Finissage_2024_049-200x300.jpg\" data-width=\"200\" data-height=\"300\" aria-label=\"\" role=\"img\" ><\/div>\n\t\t\t\t\t\t\t\t\t\t\t<div class=\"elementor-gallery-item__overlay\"><\/div>\n\t\t\t\t\t\t\t\t\t\t\t\t\t\t<\/a>\n\t\t\t\t\t\t\t<a class=\"e-gallery-item elementor-gallery-item elementor-animated-content\" href=\"https:\/\/www.galleriamarcacorona.com\/wp-content\/uploads\/2024\/02\/MCArte_Convegno-Finissage_2024_052.jpg\" data-elementor-open-lightbox=\"yes\" data-elementor-lightbox-slideshow=\"0db8483\" data-elementor-lightbox-title=\"MCArte_Convegno-Finissage_2024_052\" data-e-action-hash=\"#elementor-action%3Aaction%3Dlightbox%26settings%3DeyJpZCI6NzMyNiwidXJsIjoiaHR0cHM6XC9cL3d3dy5nYWxsZXJpYW1hcmNhY29yb25hLmNvbVwvd3AtY29udGVudFwvdXBsb2Fkc1wvMjAyNFwvMDJcL01DQXJ0ZV9Db252ZWduby1GaW5pc3NhZ2VfMjAyNF8wNTIuanBnIiwic2xpZGVzaG93IjoiMGRiODQ4MyJ9\">\n\t\t\t\t\t<div class=\"e-gallery-image elementor-gallery-item__image\" data-thumbnail=\"https:\/\/www.galleriamarcacorona.com\/wp-content\/uploads\/2024\/02\/MCArte_Convegno-Finissage_2024_052-200x300.jpg\" data-width=\"200\" data-height=\"300\" aria-label=\"\" role=\"img\" ><\/div>\n\t\t\t\t\t\t\t\t\t\t\t<div class=\"elementor-gallery-item__overlay\"><\/div>\n\t\t\t\t\t\t\t\t\t\t\t\t\t\t<\/a>\n\t\t\t\t\t\t\t<a class=\"e-gallery-item elementor-gallery-item elementor-animated-content\" href=\"https:\/\/www.galleriamarcacorona.com\/wp-content\/uploads\/2024\/02\/MCArte_Convegno-Finissage_2024_055.jpg\" data-elementor-open-lightbox=\"yes\" data-elementor-lightbox-slideshow=\"0db8483\" data-elementor-lightbox-title=\"MCArte_Convegno-Finissage_2024_055\" data-e-action-hash=\"#elementor-action%3Aaction%3Dlightbox%26settings%3DeyJpZCI6NzMzMiwidXJsIjoiaHR0cHM6XC9cL3d3dy5nYWxsZXJpYW1hcmNhY29yb25hLmNvbVwvd3AtY29udGVudFwvdXBsb2Fkc1wvMjAyNFwvMDJcL01DQXJ0ZV9Db252ZWduby1GaW5pc3NhZ2VfMjAyNF8wNTUuanBnIiwic2xpZGVzaG93IjoiMGRiODQ4MyJ9\">\n\t\t\t\t\t<div class=\"e-gallery-image elementor-gallery-item__image\" data-thumbnail=\"https:\/\/www.galleriamarcacorona.com\/wp-content\/uploads\/2024\/02\/MCArte_Convegno-Finissage_2024_055-200x300.jpg\" data-width=\"200\" data-height=\"300\" aria-label=\"\" role=\"img\" ><\/div>\n\t\t\t\t\t\t\t\t\t\t\t<div class=\"elementor-gallery-item__overlay\"><\/div>\n\t\t\t\t\t\t\t\t\t\t\t\t\t\t<\/a>\n\t\t\t\t\t\t\t<a class=\"e-gallery-item elementor-gallery-item elementor-animated-content\" href=\"https:\/\/www.galleriamarcacorona.com\/wp-content\/uploads\/2024\/02\/MCArte_Convegno-Finissage_2024_057.jpg\" data-elementor-open-lightbox=\"yes\" data-elementor-lightbox-slideshow=\"0db8483\" data-elementor-lightbox-title=\"MCArte_Convegno-Finissage_2024_057\" data-e-action-hash=\"#elementor-action%3Aaction%3Dlightbox%26settings%3DeyJpZCI6NzMzOCwidXJsIjoiaHR0cHM6XC9cL3d3dy5nYWxsZXJpYW1hcmNhY29yb25hLmNvbVwvd3AtY29udGVudFwvdXBsb2Fkc1wvMjAyNFwvMDJcL01DQXJ0ZV9Db252ZWduby1GaW5pc3NhZ2VfMjAyNF8wNTcuanBnIiwic2xpZGVzaG93IjoiMGRiODQ4MyJ9\">\n\t\t\t\t\t<div class=\"e-gallery-image elementor-gallery-item__image\" data-thumbnail=\"https:\/\/www.galleriamarcacorona.com\/wp-content\/uploads\/2024\/02\/MCArte_Convegno-Finissage_2024_057-300x200.jpg\" data-width=\"300\" data-height=\"200\" aria-label=\"\" role=\"img\" ><\/div>\n\t\t\t\t\t\t\t\t\t\t\t<div class=\"elementor-gallery-item__overlay\"><\/div>\n\t\t\t\t\t\t\t\t\t\t\t\t\t\t<\/a>\n\t\t\t\t\t\t\t<a class=\"e-gallery-item elementor-gallery-item elementor-animated-content\" href=\"https:\/\/www.galleriamarcacorona.com\/wp-content\/uploads\/2024\/02\/MCArte_Convegno-Finissage_2024_059.jpg\" data-elementor-open-lightbox=\"yes\" data-elementor-lightbox-slideshow=\"0db8483\" data-elementor-lightbox-title=\"MCArte_Convegno-Finissage_2024_059\" data-e-action-hash=\"#elementor-action%3Aaction%3Dlightbox%26settings%3DeyJpZCI6NzM0NCwidXJsIjoiaHR0cHM6XC9cL3d3dy5nYWxsZXJpYW1hcmNhY29yb25hLmNvbVwvd3AtY29udGVudFwvdXBsb2Fkc1wvMjAyNFwvMDJcL01DQXJ0ZV9Db252ZWduby1GaW5pc3NhZ2VfMjAyNF8wNTkuanBnIiwic2xpZGVzaG93IjoiMGRiODQ4MyJ9\">\n\t\t\t\t\t<div class=\"e-gallery-image elementor-gallery-item__image\" data-thumbnail=\"https:\/\/www.galleriamarcacorona.com\/wp-content\/uploads\/2024\/02\/MCArte_Convegno-Finissage_2024_059-300x200.jpg\" data-width=\"300\" data-height=\"200\" aria-label=\"\" role=\"img\" ><\/div>\n\t\t\t\t\t\t\t\t\t\t\t<div class=\"elementor-gallery-item__overlay\"><\/div>\n\t\t\t\t\t\t\t\t\t\t\t\t\t\t<\/a>\n\t\t\t\t\t\t\t<a class=\"e-gallery-item elementor-gallery-item elementor-animated-content\" href=\"https:\/\/www.galleriamarcacorona.com\/wp-content\/uploads\/2024\/02\/MCArte_Convegno-Finissage_2024_060.jpg\" data-elementor-open-lightbox=\"yes\" data-elementor-lightbox-slideshow=\"0db8483\" data-elementor-lightbox-title=\"MCArte_Convegno-Finissage_2024_060\" data-e-action-hash=\"#elementor-action%3Aaction%3Dlightbox%26settings%3DeyJpZCI6NzM1MCwidXJsIjoiaHR0cHM6XC9cL3d3dy5nYWxsZXJpYW1hcmNhY29yb25hLmNvbVwvd3AtY29udGVudFwvdXBsb2Fkc1wvMjAyNFwvMDJcL01DQXJ0ZV9Db252ZWduby1GaW5pc3NhZ2VfMjAyNF8wNjAuanBnIiwic2xpZGVzaG93IjoiMGRiODQ4MyJ9\">\n\t\t\t\t\t<div class=\"e-gallery-image elementor-gallery-item__image\" data-thumbnail=\"https:\/\/www.galleriamarcacorona.com\/wp-content\/uploads\/2024\/02\/MCArte_Convegno-Finissage_2024_060-200x300.jpg\" data-width=\"200\" data-height=\"300\" aria-label=\"\" role=\"img\" ><\/div>\n\t\t\t\t\t\t\t\t\t\t\t<div class=\"elementor-gallery-item__overlay\"><\/div>\n\t\t\t\t\t\t\t\t\t\t\t\t\t\t<\/a>\n\t\t\t\t\t\t\t<a class=\"e-gallery-item elementor-gallery-item elementor-animated-content\" href=\"https:\/\/www.galleriamarcacorona.com\/wp-content\/uploads\/2024\/02\/MCArte_Convegno-Finissage_2024_064.jpg\" data-elementor-open-lightbox=\"yes\" data-elementor-lightbox-slideshow=\"0db8483\" data-elementor-lightbox-title=\"MCArte_Convegno-Finissage_2024_064\" data-e-action-hash=\"#elementor-action%3Aaction%3Dlightbox%26settings%3DeyJpZCI6NzM1NiwidXJsIjoiaHR0cHM6XC9cL3d3dy5nYWxsZXJpYW1hcmNhY29yb25hLmNvbVwvd3AtY29udGVudFwvdXBsb2Fkc1wvMjAyNFwvMDJcL01DQXJ0ZV9Db252ZWduby1GaW5pc3NhZ2VfMjAyNF8wNjQuanBnIiwic2xpZGVzaG93IjoiMGRiODQ4MyJ9\">\n\t\t\t\t\t<div class=\"e-gallery-image elementor-gallery-item__image\" data-thumbnail=\"https:\/\/www.galleriamarcacorona.com\/wp-content\/uploads\/2024\/02\/MCArte_Convegno-Finissage_2024_064-300x200.jpg\" data-width=\"300\" data-height=\"200\" aria-label=\"\" role=\"img\" ><\/div>\n\t\t\t\t\t\t\t\t\t\t\t<div class=\"elementor-gallery-item__overlay\"><\/div>\n\t\t\t\t\t\t\t\t\t\t\t\t\t\t<\/a>\n\t\t\t\t\t\t\t<a class=\"e-gallery-item elementor-gallery-item elementor-animated-content\" href=\"https:\/\/www.galleriamarcacorona.com\/wp-content\/uploads\/2024\/02\/MCArte_Convegno-Finissage_2024_066-scaled.jpg\" data-elementor-open-lightbox=\"yes\" data-elementor-lightbox-slideshow=\"0db8483\" data-elementor-lightbox-title=\"MCArte_Convegno-Finissage_2024_066\" data-e-action-hash=\"#elementor-action%3Aaction%3Dlightbox%26settings%3DeyJpZCI6NzM2MiwidXJsIjoiaHR0cHM6XC9cL3d3dy5nYWxsZXJpYW1hcmNhY29yb25hLmNvbVwvd3AtY29udGVudFwvdXBsb2Fkc1wvMjAyNFwvMDJcL01DQXJ0ZV9Db252ZWduby1GaW5pc3NhZ2VfMjAyNF8wNjYtc2NhbGVkLmpwZyIsInNsaWRlc2hvdyI6IjBkYjg0ODMifQ%3D%3D\">\n\t\t\t\t\t<div class=\"e-gallery-image elementor-gallery-item__image\" data-thumbnail=\"https:\/\/www.galleriamarcacorona.com\/wp-content\/uploads\/2024\/02\/MCArte_Convegno-Finissage_2024_066-300x200.jpg\" data-width=\"300\" data-height=\"200\" aria-label=\"\" role=\"img\" ><\/div>\n\t\t\t\t\t\t\t\t\t\t\t<div class=\"elementor-gallery-item__overlay\"><\/div>\n\t\t\t\t\t\t\t\t\t\t\t\t\t\t<\/a>\n\t\t\t\t\t\t\t<a class=\"e-gallery-item elementor-gallery-item elementor-animated-content\" href=\"https:\/\/www.galleriamarcacorona.com\/wp-content\/uploads\/2024\/02\/MCArte_Convegno-Finissage_2024_068.jpg\" data-elementor-open-lightbox=\"yes\" data-elementor-lightbox-slideshow=\"0db8483\" data-elementor-lightbox-title=\"MCArte_Convegno-Finissage_2024_068\" data-e-action-hash=\"#elementor-action%3Aaction%3Dlightbox%26settings%3DeyJpZCI6NzM2OCwidXJsIjoiaHR0cHM6XC9cL3d3dy5nYWxsZXJpYW1hcmNhY29yb25hLmNvbVwvd3AtY29udGVudFwvdXBsb2Fkc1wvMjAyNFwvMDJcL01DQXJ0ZV9Db252ZWduby1GaW5pc3NhZ2VfMjAyNF8wNjguanBnIiwic2xpZGVzaG93IjoiMGRiODQ4MyJ9\">\n\t\t\t\t\t<div class=\"e-gallery-image elementor-gallery-item__image\" data-thumbnail=\"https:\/\/www.galleriamarcacorona.com\/wp-content\/uploads\/2024\/02\/MCArte_Convegno-Finissage_2024_068-200x300.jpg\" data-width=\"200\" data-height=\"300\" aria-label=\"\" role=\"img\" ><\/div>\n\t\t\t\t\t\t\t\t\t\t\t<div class=\"elementor-gallery-item__overlay\"><\/div>\n\t\t\t\t\t\t\t\t\t\t\t\t\t\t<\/a>\n\t\t\t\t\t\t\t<a class=\"e-gallery-item elementor-gallery-item elementor-animated-content\" href=\"https:\/\/www.galleriamarcacorona.com\/wp-content\/uploads\/2024\/02\/MCArte_Convegno-Finissage_2024_082.jpg\" data-elementor-open-lightbox=\"yes\" data-elementor-lightbox-slideshow=\"0db8483\" data-elementor-lightbox-title=\"MCArte_Convegno-Finissage_2024_082\" data-e-action-hash=\"#elementor-action%3Aaction%3Dlightbox%26settings%3DeyJpZCI6NzM3NCwidXJsIjoiaHR0cHM6XC9cL3d3dy5nYWxsZXJpYW1hcmNhY29yb25hLmNvbVwvd3AtY29udGVudFwvdXBsb2Fkc1wvMjAyNFwvMDJcL01DQXJ0ZV9Db252ZWduby1GaW5pc3NhZ2VfMjAyNF8wODIuanBnIiwic2xpZGVzaG93IjoiMGRiODQ4MyJ9\">\n\t\t\t\t\t<div class=\"e-gallery-image elementor-gallery-item__image\" data-thumbnail=\"https:\/\/www.galleriamarcacorona.com\/wp-content\/uploads\/2024\/02\/MCArte_Convegno-Finissage_2024_082-200x300.jpg\" data-width=\"200\" data-height=\"300\" aria-label=\"\" role=\"img\" ><\/div>\n\t\t\t\t\t\t\t\t\t\t\t<div class=\"elementor-gallery-item__overlay\"><\/div>\n\t\t\t\t\t\t\t\t\t\t\t\t\t\t<\/a>\n\t\t\t\t\t\t\t<a class=\"e-gallery-item elementor-gallery-item elementor-animated-content\" href=\"https:\/\/www.galleriamarcacorona.com\/wp-content\/uploads\/2024\/02\/MCArte_Convegno-Finissage_2024_085.jpg\" data-elementor-open-lightbox=\"yes\" data-elementor-lightbox-slideshow=\"0db8483\" data-elementor-lightbox-title=\"MCArte_Convegno-Finissage_2024_085\" data-e-action-hash=\"#elementor-action%3Aaction%3Dlightbox%26settings%3DeyJpZCI6NzM4MCwidXJsIjoiaHR0cHM6XC9cL3d3dy5nYWxsZXJpYW1hcmNhY29yb25hLmNvbVwvd3AtY29udGVudFwvdXBsb2Fkc1wvMjAyNFwvMDJcL01DQXJ0ZV9Db252ZWduby1GaW5pc3NhZ2VfMjAyNF8wODUuanBnIiwic2xpZGVzaG93IjoiMGRiODQ4MyJ9\">\n\t\t\t\t\t<div class=\"e-gallery-image elementor-gallery-item__image\" data-thumbnail=\"https:\/\/www.galleriamarcacorona.com\/wp-content\/uploads\/2024\/02\/MCArte_Convegno-Finissage_2024_085-200x300.jpg\" data-width=\"200\" data-height=\"300\" aria-label=\"\" role=\"img\" ><\/div>\n\t\t\t\t\t\t\t\t\t\t\t<div class=\"elementor-gallery-item__overlay\"><\/div>\n\t\t\t\t\t\t\t\t\t\t\t\t\t\t<\/a>\n\t\t\t\t\t\t\t<a class=\"e-gallery-item elementor-gallery-item elementor-animated-content\" href=\"https:\/\/www.galleriamarcacorona.com\/wp-content\/uploads\/2024\/02\/MCArte_Convegno-Finissage_2024_091-scaled.jpg\" data-elementor-open-lightbox=\"yes\" data-elementor-lightbox-slideshow=\"0db8483\" data-elementor-lightbox-title=\"MCArte_Convegno-Finissage_2024_091\" data-e-action-hash=\"#elementor-action%3Aaction%3Dlightbox%26settings%3DeyJpZCI6NzM4NiwidXJsIjoiaHR0cHM6XC9cL3d3dy5nYWxsZXJpYW1hcmNhY29yb25hLmNvbVwvd3AtY29udGVudFwvdXBsb2Fkc1wvMjAyNFwvMDJcL01DQXJ0ZV9Db252ZWduby1GaW5pc3NhZ2VfMjAyNF8wOTEtc2NhbGVkLmpwZyIsInNsaWRlc2hvdyI6IjBkYjg0ODMifQ%3D%3D\">\n\t\t\t\t\t<div class=\"e-gallery-image elementor-gallery-item__image\" data-thumbnail=\"https:\/\/www.galleriamarcacorona.com\/wp-content\/uploads\/2024\/02\/MCArte_Convegno-Finissage_2024_091-200x300.jpg\" data-width=\"200\" data-height=\"300\" aria-label=\"\" role=\"img\" ><\/div>\n\t\t\t\t\t\t\t\t\t\t\t<div class=\"elementor-gallery-item__overlay\"><\/div>\n\t\t\t\t\t\t\t\t\t\t\t\t\t\t<\/a>\n\t\t\t\t\t\t\t<a class=\"e-gallery-item elementor-gallery-item elementor-animated-content\" href=\"https:\/\/www.galleriamarcacorona.com\/wp-content\/uploads\/2024\/02\/MCArte_Convegno-Finissage_2024_092.jpg\" data-elementor-open-lightbox=\"yes\" data-elementor-lightbox-slideshow=\"0db8483\" data-elementor-lightbox-title=\"MCArte_Convegno-Finissage_2024_092\" data-e-action-hash=\"#elementor-action%3Aaction%3Dlightbox%26settings%3DeyJpZCI6NzM5MiwidXJsIjoiaHR0cHM6XC9cL3d3dy5nYWxsZXJpYW1hcmNhY29yb25hLmNvbVwvd3AtY29udGVudFwvdXBsb2Fkc1wvMjAyNFwvMDJcL01DQXJ0ZV9Db252ZWduby1GaW5pc3NhZ2VfMjAyNF8wOTIuanBnIiwic2xpZGVzaG93IjoiMGRiODQ4MyJ9\">\n\t\t\t\t\t<div class=\"e-gallery-image elementor-gallery-item__image\" data-thumbnail=\"https:\/\/www.galleriamarcacorona.com\/wp-content\/uploads\/2024\/02\/MCArte_Convegno-Finissage_2024_092-200x300.jpg\" data-width=\"200\" data-height=\"300\" aria-label=\"\" role=\"img\" ><\/div>\n\t\t\t\t\t\t\t\t\t\t\t<div class=\"elementor-gallery-item__overlay\"><\/div>\n\t\t\t\t\t\t\t\t\t\t\t\t\t\t<\/a>\n\t\t\t\t\t\t\t<a class=\"e-gallery-item elementor-gallery-item elementor-animated-content\" href=\"https:\/\/www.galleriamarcacorona.com\/wp-content\/uploads\/2024\/02\/MCArte_Convegno-Finissage_2024_101.jpg\" data-elementor-open-lightbox=\"yes\" data-elementor-lightbox-slideshow=\"0db8483\" data-elementor-lightbox-title=\"MCArte_Convegno-Finissage_2024_101\" data-e-action-hash=\"#elementor-action%3Aaction%3Dlightbox%26settings%3DeyJpZCI6NzM5OCwidXJsIjoiaHR0cHM6XC9cL3d3dy5nYWxsZXJpYW1hcmNhY29yb25hLmNvbVwvd3AtY29udGVudFwvdXBsb2Fkc1wvMjAyNFwvMDJcL01DQXJ0ZV9Db252ZWduby1GaW5pc3NhZ2VfMjAyNF8xMDEuanBnIiwic2xpZGVzaG93IjoiMGRiODQ4MyJ9\">\n\t\t\t\t\t<div class=\"e-gallery-image elementor-gallery-item__image\" data-thumbnail=\"https:\/\/www.galleriamarcacorona.com\/wp-content\/uploads\/2024\/02\/MCArte_Convegno-Finissage_2024_101-300x200.jpg\" data-width=\"300\" data-height=\"200\" aria-label=\"\" role=\"img\" ><\/div>\n\t\t\t\t\t\t\t\t\t\t\t<div class=\"elementor-gallery-item__overlay\"><\/div>\n\t\t\t\t\t\t\t\t\t\t\t\t\t\t<\/a>\n\t\t\t\t\t\t\t<a class=\"e-gallery-item elementor-gallery-item elementor-animated-content\" href=\"https:\/\/www.galleriamarcacorona.com\/wp-content\/uploads\/2024\/02\/MCArte_Convegno-Finissage_2024_103.jpg\" data-elementor-open-lightbox=\"yes\" data-elementor-lightbox-slideshow=\"0db8483\" data-elementor-lightbox-title=\"MCArte_Convegno-Finissage_2024_103\" data-e-action-hash=\"#elementor-action%3Aaction%3Dlightbox%26settings%3DeyJpZCI6NzQwNCwidXJsIjoiaHR0cHM6XC9cL3d3dy5nYWxsZXJpYW1hcmNhY29yb25hLmNvbVwvd3AtY29udGVudFwvdXBsb2Fkc1wvMjAyNFwvMDJcL01DQXJ0ZV9Db252ZWduby1GaW5pc3NhZ2VfMjAyNF8xMDMuanBnIiwic2xpZGVzaG93IjoiMGRiODQ4MyJ9\">\n\t\t\t\t\t<div class=\"e-gallery-image elementor-gallery-item__image\" data-thumbnail=\"https:\/\/www.galleriamarcacorona.com\/wp-content\/uploads\/2024\/02\/MCArte_Convegno-Finissage_2024_103-300x200.jpg\" data-width=\"300\" data-height=\"200\" aria-label=\"\" role=\"img\" ><\/div>\n\t\t\t\t\t\t\t\t\t\t\t<div class=\"elementor-gallery-item__overlay\"><\/div>\n\t\t\t\t\t\t\t\t\t\t\t\t\t\t<\/a>\n\t\t\t\t\t\t\t<a class=\"e-gallery-item elementor-gallery-item elementor-animated-content\" href=\"https:\/\/www.galleriamarcacorona.com\/wp-content\/uploads\/2024\/02\/MCArte_Convegno-Finissage_2024_105.jpg\" data-elementor-open-lightbox=\"yes\" data-elementor-lightbox-slideshow=\"0db8483\" data-elementor-lightbox-title=\"MCArte_Convegno-Finissage_2024_105\" data-e-action-hash=\"#elementor-action%3Aaction%3Dlightbox%26settings%3DeyJpZCI6NzQxMCwidXJsIjoiaHR0cHM6XC9cL3d3dy5nYWxsZXJpYW1hcmNhY29yb25hLmNvbVwvd3AtY29udGVudFwvdXBsb2Fkc1wvMjAyNFwvMDJcL01DQXJ0ZV9Db252ZWduby1GaW5pc3NhZ2VfMjAyNF8xMDUuanBnIiwic2xpZGVzaG93IjoiMGRiODQ4MyJ9\">\n\t\t\t\t\t<div class=\"e-gallery-image elementor-gallery-item__image\" data-thumbnail=\"https:\/\/www.galleriamarcacorona.com\/wp-content\/uploads\/2024\/02\/MCArte_Convegno-Finissage_2024_105-300x200.jpg\" data-width=\"300\" data-height=\"200\" aria-label=\"\" role=\"img\" ><\/div>\n\t\t\t\t\t\t\t\t\t\t\t<div class=\"elementor-gallery-item__overlay\"><\/div>\n\t\t\t\t\t\t\t\t\t\t\t\t\t\t<\/a>\n\t\t\t\t\t\t\t<a class=\"e-gallery-item elementor-gallery-item elementor-animated-content\" href=\"https:\/\/www.galleriamarcacorona.com\/wp-content\/uploads\/2024\/02\/MCArte_Convegno-Finissage_2024_111.jpg\" data-elementor-open-lightbox=\"yes\" data-elementor-lightbox-slideshow=\"0db8483\" data-elementor-lightbox-title=\"MCArte_Convegno-Finissage_2024_111\" data-e-action-hash=\"#elementor-action%3Aaction%3Dlightbox%26settings%3DeyJpZCI6NzQxNiwidXJsIjoiaHR0cHM6XC9cL3d3dy5nYWxsZXJpYW1hcmNhY29yb25hLmNvbVwvd3AtY29udGVudFwvdXBsb2Fkc1wvMjAyNFwvMDJcL01DQXJ0ZV9Db252ZWduby1GaW5pc3NhZ2VfMjAyNF8xMTEuanBnIiwic2xpZGVzaG93IjoiMGRiODQ4MyJ9\">\n\t\t\t\t\t<div class=\"e-gallery-image elementor-gallery-item__image\" data-thumbnail=\"https:\/\/www.galleriamarcacorona.com\/wp-content\/uploads\/2024\/02\/MCArte_Convegno-Finissage_2024_111-300x200.jpg\" data-width=\"300\" data-height=\"200\" aria-label=\"\" role=\"img\" ><\/div>\n\t\t\t\t\t\t\t\t\t\t\t<div class=\"elementor-gallery-item__overlay\"><\/div>\n\t\t\t\t\t\t\t\t\t\t\t\t\t\t<\/a>\n\t\t\t\t\t\t\t<a class=\"e-gallery-item elementor-gallery-item elementor-animated-content\" href=\"https:\/\/www.galleriamarcacorona.com\/wp-content\/uploads\/2024\/02\/MCArte_Convegno-Finissage_2024_113.jpg\" data-elementor-open-lightbox=\"yes\" data-elementor-lightbox-slideshow=\"0db8483\" data-elementor-lightbox-title=\"MCArte_Convegno-Finissage_2024_113\" data-e-action-hash=\"#elementor-action%3Aaction%3Dlightbox%26settings%3DeyJpZCI6NzQyMiwidXJsIjoiaHR0cHM6XC9cL3d3dy5nYWxsZXJpYW1hcmNhY29yb25hLmNvbVwvd3AtY29udGVudFwvdXBsb2Fkc1wvMjAyNFwvMDJcL01DQXJ0ZV9Db252ZWduby1GaW5pc3NhZ2VfMjAyNF8xMTMuanBnIiwic2xpZGVzaG93IjoiMGRiODQ4MyJ9\">\n\t\t\t\t\t<div class=\"e-gallery-image elementor-gallery-item__image\" data-thumbnail=\"https:\/\/www.galleriamarcacorona.com\/wp-content\/uploads\/2024\/02\/MCArte_Convegno-Finissage_2024_113-200x300.jpg\" data-width=\"200\" data-height=\"300\" aria-label=\"\" role=\"img\" ><\/div>\n\t\t\t\t\t\t\t\t\t\t\t<div class=\"elementor-gallery-item__overlay\"><\/div>\n\t\t\t\t\t\t\t\t\t\t\t\t\t\t<\/a>\n\t\t\t\t\t\t\t<a class=\"e-gallery-item elementor-gallery-item elementor-animated-content\" href=\"https:\/\/www.galleriamarcacorona.com\/wp-content\/uploads\/2024\/02\/MCArte_Convegno-Finissage_2024_114.jpg\" data-elementor-open-lightbox=\"yes\" data-elementor-lightbox-slideshow=\"0db8483\" data-elementor-lightbox-title=\"MCArte_Convegno-Finissage_2024_114\" data-e-action-hash=\"#elementor-action%3Aaction%3Dlightbox%26settings%3DeyJpZCI6NzQyOCwidXJsIjoiaHR0cHM6XC9cL3d3dy5nYWxsZXJpYW1hcmNhY29yb25hLmNvbVwvd3AtY29udGVudFwvdXBsb2Fkc1wvMjAyNFwvMDJcL01DQXJ0ZV9Db252ZWduby1GaW5pc3NhZ2VfMjAyNF8xMTQuanBnIiwic2xpZGVzaG93IjoiMGRiODQ4MyJ9\">\n\t\t\t\t\t<div class=\"e-gallery-image elementor-gallery-item__image\" data-thumbnail=\"https:\/\/www.galleriamarcacorona.com\/wp-content\/uploads\/2024\/02\/MCArte_Convegno-Finissage_2024_114-200x300.jpg\" data-width=\"200\" data-height=\"300\" aria-label=\"\" role=\"img\" ><\/div>\n\t\t\t\t\t\t\t\t\t\t\t<div class=\"elementor-gallery-item__overlay\"><\/div>\n\t\t\t\t\t\t\t\t\t\t\t\t\t\t<\/a>\n\t\t\t\t\t\t\t<a class=\"e-gallery-item elementor-gallery-item elementor-animated-content\" href=\"https:\/\/www.galleriamarcacorona.com\/wp-content\/uploads\/2024\/02\/MCArte_Convegno-Finissage_2024_115.jpg\" data-elementor-open-lightbox=\"yes\" data-elementor-lightbox-slideshow=\"0db8483\" data-elementor-lightbox-title=\"MCArte_Convegno-Finissage_2024_115\" data-e-action-hash=\"#elementor-action%3Aaction%3Dlightbox%26settings%3DeyJpZCI6NzQzNCwidXJsIjoiaHR0cHM6XC9cL3d3dy5nYWxsZXJpYW1hcmNhY29yb25hLmNvbVwvd3AtY29udGVudFwvdXBsb2Fkc1wvMjAyNFwvMDJcL01DQXJ0ZV9Db252ZWduby1GaW5pc3NhZ2VfMjAyNF8xMTUuanBnIiwic2xpZGVzaG93IjoiMGRiODQ4MyJ9\">\n\t\t\t\t\t<div class=\"e-gallery-image elementor-gallery-item__image\" data-thumbnail=\"https:\/\/www.galleriamarcacorona.com\/wp-content\/uploads\/2024\/02\/MCArte_Convegno-Finissage_2024_115-200x300.jpg\" data-width=\"200\" data-height=\"300\" aria-label=\"\" role=\"img\" ><\/div>\n\t\t\t\t\t\t\t\t\t\t\t<div class=\"elementor-gallery-item__overlay\"><\/div>\n\t\t\t\t\t\t\t\t\t\t\t\t\t\t<\/a>\n\t\t\t\t\t\t\t<a class=\"e-gallery-item elementor-gallery-item elementor-animated-content\" href=\"https:\/\/www.galleriamarcacorona.com\/wp-content\/uploads\/2024\/02\/MCArte_Convegno-Finissage_2024_117.jpg\" data-elementor-open-lightbox=\"yes\" data-elementor-lightbox-slideshow=\"0db8483\" data-elementor-lightbox-title=\"MCArte_Convegno-Finissage_2024_117\" data-e-action-hash=\"#elementor-action%3Aaction%3Dlightbox%26settings%3DeyJpZCI6NzQ0MCwidXJsIjoiaHR0cHM6XC9cL3d3dy5nYWxsZXJpYW1hcmNhY29yb25hLmNvbVwvd3AtY29udGVudFwvdXBsb2Fkc1wvMjAyNFwvMDJcL01DQXJ0ZV9Db252ZWduby1GaW5pc3NhZ2VfMjAyNF8xMTcuanBnIiwic2xpZGVzaG93IjoiMGRiODQ4MyJ9\">\n\t\t\t\t\t<div class=\"e-gallery-image elementor-gallery-item__image\" data-thumbnail=\"https:\/\/www.galleriamarcacorona.com\/wp-content\/uploads\/2024\/02\/MCArte_Convegno-Finissage_2024_117-300x200.jpg\" data-width=\"300\" data-height=\"200\" aria-label=\"\" role=\"img\" ><\/div>\n\t\t\t\t\t\t\t\t\t\t\t<div class=\"elementor-gallery-item__overlay\"><\/div>\n\t\t\t\t\t\t\t\t\t\t\t\t\t\t<\/a>\n\t\t\t\t\t\t\t<a class=\"e-gallery-item elementor-gallery-item elementor-animated-content\" href=\"https:\/\/www.galleriamarcacorona.com\/wp-content\/uploads\/2024\/02\/MCArte_Convegno-Finissage_2024_118.jpg\" data-elementor-open-lightbox=\"yes\" data-elementor-lightbox-slideshow=\"0db8483\" data-elementor-lightbox-title=\"MCArte_Convegno-Finissage_2024_118\" data-e-action-hash=\"#elementor-action%3Aaction%3Dlightbox%26settings%3DeyJpZCI6NzQ0NiwidXJsIjoiaHR0cHM6XC9cL3d3dy5nYWxsZXJpYW1hcmNhY29yb25hLmNvbVwvd3AtY29udGVudFwvdXBsb2Fkc1wvMjAyNFwvMDJcL01DQXJ0ZV9Db252ZWduby1GaW5pc3NhZ2VfMjAyNF8xMTguanBnIiwic2xpZGVzaG93IjoiMGRiODQ4MyJ9\">\n\t\t\t\t\t<div class=\"e-gallery-image elementor-gallery-item__image\" data-thumbnail=\"https:\/\/www.galleriamarcacorona.com\/wp-content\/uploads\/2024\/02\/MCArte_Convegno-Finissage_2024_118-300x200.jpg\" data-width=\"300\" data-height=\"200\" aria-label=\"\" role=\"img\" ><\/div>\n\t\t\t\t\t\t\t\t\t\t\t<div class=\"elementor-gallery-item__overlay\"><\/div>\n\t\t\t\t\t\t\t\t\t\t\t\t\t\t<\/a>\n\t\t\t\t\t\t\t<a class=\"e-gallery-item elementor-gallery-item elementor-animated-content\" href=\"https:\/\/www.galleriamarcacorona.com\/wp-content\/uploads\/2024\/02\/MCArte_Convegno-Finissage_2024_119.jpg\" data-elementor-open-lightbox=\"yes\" data-elementor-lightbox-slideshow=\"0db8483\" data-elementor-lightbox-title=\"MCArte_Convegno-Finissage_2024_119\" data-e-action-hash=\"#elementor-action%3Aaction%3Dlightbox%26settings%3DeyJpZCI6NzQ1MiwidXJsIjoiaHR0cHM6XC9cL3d3dy5nYWxsZXJpYW1hcmNhY29yb25hLmNvbVwvd3AtY29udGVudFwvdXBsb2Fkc1wvMjAyNFwvMDJcL01DQXJ0ZV9Db252ZWduby1GaW5pc3NhZ2VfMjAyNF8xMTkuanBnIiwic2xpZGVzaG93IjoiMGRiODQ4MyJ9\">\n\t\t\t\t\t<div class=\"e-gallery-image elementor-gallery-item__image\" data-thumbnail=\"https:\/\/www.galleriamarcacorona.com\/wp-content\/uploads\/2024\/02\/MCArte_Convegno-Finissage_2024_119-300x200.jpg\" data-width=\"300\" data-height=\"200\" aria-label=\"\" role=\"img\" ><\/div>\n\t\t\t\t\t\t\t\t\t\t\t<div class=\"elementor-gallery-item__overlay\"><\/div>\n\t\t\t\t\t\t\t\t\t\t\t\t\t\t<\/a>\n\t\t\t\t\t\t\t<a class=\"e-gallery-item elementor-gallery-item elementor-animated-content\" href=\"https:\/\/www.galleriamarcacorona.com\/wp-content\/uploads\/2024\/02\/MCArte_Convegno-Finissage_2024_124.jpg\" data-elementor-open-lightbox=\"yes\" data-elementor-lightbox-slideshow=\"0db8483\" data-elementor-lightbox-title=\"MCArte_Convegno-Finissage_2024_124\" data-e-action-hash=\"#elementor-action%3Aaction%3Dlightbox%26settings%3DeyJpZCI6NzQ1OCwidXJsIjoiaHR0cHM6XC9cL3d3dy5nYWxsZXJpYW1hcmNhY29yb25hLmNvbVwvd3AtY29udGVudFwvdXBsb2Fkc1wvMjAyNFwvMDJcL01DQXJ0ZV9Db252ZWduby1GaW5pc3NhZ2VfMjAyNF8xMjQuanBnIiwic2xpZGVzaG93IjoiMGRiODQ4MyJ9\">\n\t\t\t\t\t<div class=\"e-gallery-image elementor-gallery-item__image\" data-thumbnail=\"https:\/\/www.galleriamarcacorona.com\/wp-content\/uploads\/2024\/02\/MCArte_Convegno-Finissage_2024_124-300x200.jpg\" data-width=\"300\" data-height=\"200\" aria-label=\"\" role=\"img\" ><\/div>\n\t\t\t\t\t\t\t\t\t\t\t<div class=\"elementor-gallery-item__overlay\"><\/div>\n\t\t\t\t\t\t\t\t\t\t\t\t\t\t<\/a>\n\t\t\t\t\t<\/div>\n\t\t\t<\/div>\n\t\t\t\t<\/div>\n\t\t\t\t\t<\/div>\n\t\t\t\t<\/div>\n\t\t\t\t\t<\/div>\n\t\t\t\t<\/div>\n\t\t\t\t\t<\/div>\n\t\t\t\t<\/div>\n\t\t\t\t\t<\/div>\n\t\t\t\t<\/div>\n\t\t\t\t\t\t\t<\/div>\n\t\t","protected":false},"excerpt":{"rendered":"<p>Pour la 2e ann\u00e9e cons\u00e9cutive, Marca Corona per l\u2019Arte a pris part au programme d\u2019\u00e9v\u00e9nements dans le cadre de Art City Bologna 2024, \u00e0 l\u2019occasion de Arte Fiera.<\/p>\n","protected":false},"author":1,"featured_media":7267,"comment_status":"open","ping_status":"open","sticky":false,"template":"","format":"standard","meta":{"site-sidebar-layout":"default","site-content-layout":"default","ast-global-header-display":"","ast-main-header-display":"","ast-hfb-above-header-display":"","ast-hfb-below-header-display":"","ast-hfb-mobile-header-display":"","site-post-title":"","ast-breadcrumbs-content":"","ast-featured-img":"","footer-sml-layout":"","theme-transparent-header-meta":"","adv-header-id-meta":"","stick-header-meta":"","header-above-stick-meta":"","header-main-stick-meta":"","header-below-stick-meta":""},"categories":[11],"tags":[],"acf":[],"yoast_head":"<!-- This site is optimized with the Yoast SEO plugin v20.12 - https:\/\/yoast.com\/wordpress\/plugins\/seo\/ -->\n<title>\u00c0 la d\u00e9couverte du week-end Art City Bologna 2024 avec les \u00e9v\u00e9nements Marca Corona per l\u2019Arte - Galleria Marca Corona<\/title>\n<meta name=\"description\" content=\"Le r\u00e9cit de cette 2e \u00e9dition de Art City Bologna 2024 et Art City White Night 2024. D\u00e9couvrez les \u00e9motions et les moments forts du week-end.\" \/>\n<meta name=\"robots\" content=\"index, follow, max-snippet:-1, max-image-preview:large, max-video-preview:-1\" \/>\n<link rel=\"canonical\" href=\"https:\/\/www.galleriamarcacorona.com\/fr\/a-la-decouverte-du-week-end-art-city-bologna-2024-avec-les-evenements-marca-corona-per-larte\/\" \/>\n<meta property=\"og:locale\" content=\"fr_FR\" \/>\n<meta property=\"og:type\" content=\"article\" \/>\n<meta property=\"og:title\" content=\"\u00c0 la d\u00e9couverte du week-end Art City Bologna 2024 avec les \u00e9v\u00e9nements Marca Corona per l\u2019Arte - Galleria Marca Corona\" \/>\n<meta property=\"og:description\" content=\"Le r\u00e9cit de cette 2e \u00e9dition de Art City Bologna 2024 et Art City White Night 2024. D\u00e9couvrez les \u00e9motions et les moments forts du week-end.\" \/>\n<meta property=\"og:url\" content=\"https:\/\/www.galleriamarcacorona.com\/fr\/a-la-decouverte-du-week-end-art-city-bologna-2024-avec-les-evenements-marca-corona-per-larte\/\" \/>\n<meta property=\"og:site_name\" content=\"Galleria Marca Corona\" \/>\n<meta property=\"article:published_time\" content=\"2024-02-08T07:55:51+00:00\" \/>\n<meta property=\"article:modified_time\" content=\"2024-02-08T08:26:32+00:00\" \/>\n<meta property=\"og:image\" content=\"https:\/\/www.galleriamarcacorona.com\/wp-content\/uploads\/2024\/02\/Alla-scoperta-del-weekend-di-Art-City-Bologna-2024-con-gli-eventi-di-Marca-Corona-per-Arte-banner.jpg\" \/>\n\t<meta property=\"og:image:width\" content=\"1300\" \/>\n\t<meta property=\"og:image:height\" content=\"800\" \/>\n\t<meta property=\"og:image:type\" content=\"image\/jpeg\" \/>\n<meta name=\"author\" content=\"admin\" \/>\n<meta name=\"twitter:card\" content=\"summary_large_image\" \/>\n<meta name=\"twitter:label1\" content=\"\u00c9crit par\" \/>\n\t<meta name=\"twitter:data1\" content=\"admin\" \/>\n\t<meta name=\"twitter:label2\" content=\"Dur\u00e9e de lecture estim\u00e9e\" \/>\n\t<meta name=\"twitter:data2\" content=\"10 minutes\" \/>\n<script type=\"application\/ld+json\" class=\"yoast-schema-graph\">{\"@context\":\"https:\/\/schema.org\",\"@graph\":[{\"@type\":\"Article\",\"@id\":\"https:\/\/www.galleriamarcacorona.com\/fr\/a-la-decouverte-du-week-end-art-city-bologna-2024-avec-les-evenements-marca-corona-per-larte\/#article\",\"isPartOf\":{\"@id\":\"https:\/\/www.galleriamarcacorona.com\/fr\/a-la-decouverte-du-week-end-art-city-bologna-2024-avec-les-evenements-marca-corona-per-larte\/\"},\"author\":{\"name\":\"admin\",\"@id\":\"https:\/\/www.galleriamarcacorona.com\/fr\/#\/schema\/person\/9854f3650eab7e4334e66d22de09296a\"},\"headline\":\"\u00c0 la d\u00e9couverte du week-end Art City Bologna 2024 avec les \u00e9v\u00e9nements Marca Corona per l\u2019Arte\",\"datePublished\":\"2024-02-08T07:55:51+00:00\",\"dateModified\":\"2024-02-08T08:26:32+00:00\",\"mainEntityOfPage\":{\"@id\":\"https:\/\/www.galleriamarcacorona.com\/fr\/a-la-decouverte-du-week-end-art-city-bologna-2024-avec-les-evenements-marca-corona-per-larte\/\"},\"wordCount\":1764,\"commentCount\":0,\"publisher\":{\"@id\":\"https:\/\/www.galleriamarcacorona.com\/fr\/#organization\"},\"articleSection\":[\"Non classifi\u00e9(e)\"],\"inLanguage\":\"fr-FR\",\"potentialAction\":[{\"@type\":\"CommentAction\",\"name\":\"Comment\",\"target\":[\"https:\/\/www.galleriamarcacorona.com\/fr\/a-la-decouverte-du-week-end-art-city-bologna-2024-avec-les-evenements-marca-corona-per-larte\/#respond\"]}]},{\"@type\":\"WebPage\",\"@id\":\"https:\/\/www.galleriamarcacorona.com\/fr\/a-la-decouverte-du-week-end-art-city-bologna-2024-avec-les-evenements-marca-corona-per-larte\/\",\"url\":\"https:\/\/www.galleriamarcacorona.com\/fr\/a-la-decouverte-du-week-end-art-city-bologna-2024-avec-les-evenements-marca-corona-per-larte\/\",\"name\":\"\u00c0 la d\u00e9couverte du week-end Art City Bologna 2024 avec les \u00e9v\u00e9nements Marca Corona per l\u2019Arte - Galleria Marca Corona\",\"isPartOf\":{\"@id\":\"https:\/\/www.galleriamarcacorona.com\/fr\/#website\"},\"datePublished\":\"2024-02-08T07:55:51+00:00\",\"dateModified\":\"2024-02-08T08:26:32+00:00\",\"description\":\"Le r\u00e9cit de cette 2e \u00e9dition de Art City Bologna 2024 et Art City White Night 2024. D\u00e9couvrez les \u00e9motions et les moments forts du week-end.\",\"breadcrumb\":{\"@id\":\"https:\/\/www.galleriamarcacorona.com\/fr\/a-la-decouverte-du-week-end-art-city-bologna-2024-avec-les-evenements-marca-corona-per-larte\/#breadcrumb\"},\"inLanguage\":\"fr-FR\",\"potentialAction\":[{\"@type\":\"ReadAction\",\"target\":[\"https:\/\/www.galleriamarcacorona.com\/fr\/a-la-decouverte-du-week-end-art-city-bologna-2024-avec-les-evenements-marca-corona-per-larte\/\"]}]},{\"@type\":\"BreadcrumbList\",\"@id\":\"https:\/\/www.galleriamarcacorona.com\/fr\/a-la-decouverte-du-week-end-art-city-bologna-2024-avec-les-evenements-marca-corona-per-larte\/#breadcrumb\",\"itemListElement\":[{\"@type\":\"ListItem\",\"position\":1,\"name\":\"Home\",\"item\":\"https:\/\/www.galleriamarcacorona.com\/fr\/\"},{\"@type\":\"ListItem\",\"position\":2,\"name\":\"\u00c0 la d\u00e9couverte du week-end Art City Bologna 2024 avec les \u00e9v\u00e9nements Marca Corona per l\u2019Arte\"}]},{\"@type\":\"WebSite\",\"@id\":\"https:\/\/www.galleriamarcacorona.com\/fr\/#website\",\"url\":\"https:\/\/www.galleriamarcacorona.com\/fr\/\",\"name\":\"Galleria Marca Corona\",\"description\":\"\",\"publisher\":{\"@id\":\"https:\/\/www.galleriamarcacorona.com\/fr\/#organization\"},\"potentialAction\":[{\"@type\":\"SearchAction\",\"target\":{\"@type\":\"EntryPoint\",\"urlTemplate\":\"https:\/\/www.galleriamarcacorona.com\/fr\/?s={search_term_string}\"},\"query-input\":\"required name=search_term_string\"}],\"inLanguage\":\"fr-FR\"},{\"@type\":\"Organization\",\"@id\":\"https:\/\/www.galleriamarcacorona.com\/fr\/#organization\",\"name\":\"Galleria Marca Corona\",\"url\":\"https:\/\/www.galleriamarcacorona.com\/fr\/\",\"logo\":{\"@type\":\"ImageObject\",\"inLanguage\":\"fr-FR\",\"@id\":\"https:\/\/www.galleriamarcacorona.com\/fr\/#\/schema\/logo\/image\/\",\"url\":\"https:\/\/www.galleriamarcacorona.com\/wp-content\/uploads\/2023\/05\/mc-galleria-logo-rgb-3200px.png\",\"contentUrl\":\"https:\/\/www.galleriamarcacorona.com\/wp-content\/uploads\/2023\/05\/mc-galleria-logo-rgb-3200px.png\",\"width\":3200,\"height\":1112,\"caption\":\"Galleria Marca Corona\"},\"image\":{\"@id\":\"https:\/\/www.galleriamarcacorona.com\/fr\/#\/schema\/logo\/image\/\"}},{\"@type\":\"Person\",\"@id\":\"https:\/\/www.galleriamarcacorona.com\/fr\/#\/schema\/person\/9854f3650eab7e4334e66d22de09296a\",\"name\":\"admin\",\"image\":{\"@type\":\"ImageObject\",\"inLanguage\":\"fr-FR\",\"@id\":\"https:\/\/www.galleriamarcacorona.com\/fr\/#\/schema\/person\/image\/\",\"url\":\"https:\/\/secure.gravatar.com\/avatar\/45e04a838bba17ec5b51186bc6740fa4?s=96&d=mm&r=g\",\"contentUrl\":\"https:\/\/secure.gravatar.com\/avatar\/45e04a838bba17ec5b51186bc6740fa4?s=96&d=mm&r=g\",\"caption\":\"admin\"},\"sameAs\":[\"http:\/\/www.galleriamarcacorona.com\"],\"url\":\"https:\/\/www.galleriamarcacorona.com\/fr\/author\/admin\/\"}]}<\/script>\n<!-- \/ Yoast SEO plugin. -->","yoast_head_json":{"title":"\u00c0 la d\u00e9couverte du week-end Art City Bologna 2024 avec les \u00e9v\u00e9nements Marca Corona per l\u2019Arte - Galleria Marca Corona","description":"Le r\u00e9cit de cette 2e \u00e9dition de Art City Bologna 2024 et Art City White Night 2024. D\u00e9couvrez les \u00e9motions et les moments forts du week-end.","robots":{"index":"index","follow":"follow","max-snippet":"max-snippet:-1","max-image-preview":"max-image-preview:large","max-video-preview":"max-video-preview:-1"},"canonical":"https:\/\/www.galleriamarcacorona.com\/fr\/a-la-decouverte-du-week-end-art-city-bologna-2024-avec-les-evenements-marca-corona-per-larte\/","og_locale":"fr_FR","og_type":"article","og_title":"\u00c0 la d\u00e9couverte du week-end Art City Bologna 2024 avec les \u00e9v\u00e9nements Marca Corona per l\u2019Arte - Galleria Marca Corona","og_description":"Le r\u00e9cit de cette 2e \u00e9dition de Art City Bologna 2024 et Art City White Night 2024. D\u00e9couvrez les \u00e9motions et les moments forts du week-end.","og_url":"https:\/\/www.galleriamarcacorona.com\/fr\/a-la-decouverte-du-week-end-art-city-bologna-2024-avec-les-evenements-marca-corona-per-larte\/","og_site_name":"Galleria Marca Corona","article_published_time":"2024-02-08T07:55:51+00:00","article_modified_time":"2024-02-08T08:26:32+00:00","og_image":[{"width":1300,"height":800,"url":"https:\/\/www.galleriamarcacorona.com\/wp-content\/uploads\/2024\/02\/Alla-scoperta-del-weekend-di-Art-City-Bologna-2024-con-gli-eventi-di-Marca-Corona-per-Arte-banner.jpg","type":"image\/jpeg"}],"author":"admin","twitter_card":"summary_large_image","twitter_misc":{"\u00c9crit par":"admin","Dur\u00e9e de lecture estim\u00e9e":"10 minutes"},"schema":{"@context":"https:\/\/schema.org","@graph":[{"@type":"Article","@id":"https:\/\/www.galleriamarcacorona.com\/fr\/a-la-decouverte-du-week-end-art-city-bologna-2024-avec-les-evenements-marca-corona-per-larte\/#article","isPartOf":{"@id":"https:\/\/www.galleriamarcacorona.com\/fr\/a-la-decouverte-du-week-end-art-city-bologna-2024-avec-les-evenements-marca-corona-per-larte\/"},"author":{"name":"admin","@id":"https:\/\/www.galleriamarcacorona.com\/fr\/#\/schema\/person\/9854f3650eab7e4334e66d22de09296a"},"headline":"\u00c0 la d\u00e9couverte du week-end Art City Bologna 2024 avec les \u00e9v\u00e9nements Marca Corona per l\u2019Arte","datePublished":"2024-02-08T07:55:51+00:00","dateModified":"2024-02-08T08:26:32+00:00","mainEntityOfPage":{"@id":"https:\/\/www.galleriamarcacorona.com\/fr\/a-la-decouverte-du-week-end-art-city-bologna-2024-avec-les-evenements-marca-corona-per-larte\/"},"wordCount":1764,"commentCount":0,"publisher":{"@id":"https:\/\/www.galleriamarcacorona.com\/fr\/#organization"},"articleSection":["Non classifi\u00e9(e)"],"inLanguage":"fr-FR","potentialAction":[{"@type":"CommentAction","name":"Comment","target":["https:\/\/www.galleriamarcacorona.com\/fr\/a-la-decouverte-du-week-end-art-city-bologna-2024-avec-les-evenements-marca-corona-per-larte\/#respond"]}]},{"@type":"WebPage","@id":"https:\/\/www.galleriamarcacorona.com\/fr\/a-la-decouverte-du-week-end-art-city-bologna-2024-avec-les-evenements-marca-corona-per-larte\/","url":"https:\/\/www.galleriamarcacorona.com\/fr\/a-la-decouverte-du-week-end-art-city-bologna-2024-avec-les-evenements-marca-corona-per-larte\/","name":"\u00c0 la d\u00e9couverte du week-end Art City Bologna 2024 avec les \u00e9v\u00e9nements Marca Corona per l\u2019Arte - Galleria Marca Corona","isPartOf":{"@id":"https:\/\/www.galleriamarcacorona.com\/fr\/#website"},"datePublished":"2024-02-08T07:55:51+00:00","dateModified":"2024-02-08T08:26:32+00:00","description":"Le r\u00e9cit de cette 2e \u00e9dition de Art City Bologna 2024 et Art City White Night 2024. D\u00e9couvrez les \u00e9motions et les moments forts du week-end.","breadcrumb":{"@id":"https:\/\/www.galleriamarcacorona.com\/fr\/a-la-decouverte-du-week-end-art-city-bologna-2024-avec-les-evenements-marca-corona-per-larte\/#breadcrumb"},"inLanguage":"fr-FR","potentialAction":[{"@type":"ReadAction","target":["https:\/\/www.galleriamarcacorona.com\/fr\/a-la-decouverte-du-week-end-art-city-bologna-2024-avec-les-evenements-marca-corona-per-larte\/"]}]},{"@type":"BreadcrumbList","@id":"https:\/\/www.galleriamarcacorona.com\/fr\/a-la-decouverte-du-week-end-art-city-bologna-2024-avec-les-evenements-marca-corona-per-larte\/#breadcrumb","itemListElement":[{"@type":"ListItem","position":1,"name":"Home","item":"https:\/\/www.galleriamarcacorona.com\/fr\/"},{"@type":"ListItem","position":2,"name":"\u00c0 la d\u00e9couverte du week-end Art City Bologna 2024 avec les \u00e9v\u00e9nements Marca Corona per l\u2019Arte"}]},{"@type":"WebSite","@id":"https:\/\/www.galleriamarcacorona.com\/fr\/#website","url":"https:\/\/www.galleriamarcacorona.com\/fr\/","name":"Galleria Marca Corona","description":"","publisher":{"@id":"https:\/\/www.galleriamarcacorona.com\/fr\/#organization"},"potentialAction":[{"@type":"SearchAction","target":{"@type":"EntryPoint","urlTemplate":"https:\/\/www.galleriamarcacorona.com\/fr\/?s={search_term_string}"},"query-input":"required name=search_term_string"}],"inLanguage":"fr-FR"},{"@type":"Organization","@id":"https:\/\/www.galleriamarcacorona.com\/fr\/#organization","name":"Galleria Marca Corona","url":"https:\/\/www.galleriamarcacorona.com\/fr\/","logo":{"@type":"ImageObject","inLanguage":"fr-FR","@id":"https:\/\/www.galleriamarcacorona.com\/fr\/#\/schema\/logo\/image\/","url":"https:\/\/www.galleriamarcacorona.com\/wp-content\/uploads\/2023\/05\/mc-galleria-logo-rgb-3200px.png","contentUrl":"https:\/\/www.galleriamarcacorona.com\/wp-content\/uploads\/2023\/05\/mc-galleria-logo-rgb-3200px.png","width":3200,"height":1112,"caption":"Galleria Marca Corona"},"image":{"@id":"https:\/\/www.galleriamarcacorona.com\/fr\/#\/schema\/logo\/image\/"}},{"@type":"Person","@id":"https:\/\/www.galleriamarcacorona.com\/fr\/#\/schema\/person\/9854f3650eab7e4334e66d22de09296a","name":"admin","image":{"@type":"ImageObject","inLanguage":"fr-FR","@id":"https:\/\/www.galleriamarcacorona.com\/fr\/#\/schema\/person\/image\/","url":"https:\/\/secure.gravatar.com\/avatar\/45e04a838bba17ec5b51186bc6740fa4?s=96&d=mm&r=g","contentUrl":"https:\/\/secure.gravatar.com\/avatar\/45e04a838bba17ec5b51186bc6740fa4?s=96&d=mm&r=g","caption":"admin"},"sameAs":["http:\/\/www.galleriamarcacorona.com"],"url":"https:\/\/www.galleriamarcacorona.com\/fr\/author\/admin\/"}]}},"_links":{"self":[{"href":"https:\/\/www.galleriamarcacorona.com\/fr\/wp-json\/wp\/v2\/posts\/7474"}],"collection":[{"href":"https:\/\/www.galleriamarcacorona.com\/fr\/wp-json\/wp\/v2\/posts"}],"about":[{"href":"https:\/\/www.galleriamarcacorona.com\/fr\/wp-json\/wp\/v2\/types\/post"}],"author":[{"embeddable":true,"href":"https:\/\/www.galleriamarcacorona.com\/fr\/wp-json\/wp\/v2\/users\/1"}],"replies":[{"embeddable":true,"href":"https:\/\/www.galleriamarcacorona.com\/fr\/wp-json\/wp\/v2\/comments?post=7474"}],"version-history":[{"count":14,"href":"https:\/\/www.galleriamarcacorona.com\/fr\/wp-json\/wp\/v2\/posts\/7474\/revisions"}],"predecessor-version":[{"id":7547,"href":"https:\/\/www.galleriamarcacorona.com\/fr\/wp-json\/wp\/v2\/posts\/7474\/revisions\/7547"}],"wp:featuredmedia":[{"embeddable":true,"href":"https:\/\/www.galleriamarcacorona.com\/fr\/wp-json\/wp\/v2\/media\/7267"}],"wp:attachment":[{"href":"https:\/\/www.galleriamarcacorona.com\/fr\/wp-json\/wp\/v2\/media?parent=7474"}],"wp:term":[{"taxonomy":"category","embeddable":true,"href":"https:\/\/www.galleriamarcacorona.com\/fr\/wp-json\/wp\/v2\/categories?post=7474"},{"taxonomy":"post_tag","embeddable":true,"href":"https:\/\/www.galleriamarcacorona.com\/fr\/wp-json\/wp\/v2\/tags?post=7474"}],"curies":[{"name":"wp","href":"https:\/\/api.w.org\/{rel}","templated":true}]}}